{"id":215809,"date":"2026-02-18T09:39:26","date_gmt":"2026-02-18T12:39:26","guid":{"rendered":"https:\/\/portaltela.pt\/noticias\/2026\/02\/18\/ricardo-azedo-comenta-relacao-entre-mariana-monteiro-e-bruno-goncalves\/"},"modified":"2026-02-18T09:39:26","modified_gmt":"2026-02-18T12:39:26","slug":"ricardo-azedo-comenta-relacao-entre-mariana-monteiro-e-bruno-goncalves","status":"publish","type":"post","link":"https:\/\/portaltela.pt\/noticias\/2026\/02\/18\/ricardo-azedo-comenta-relacao-entre-mariana-monteiro-e-bruno-goncalves\/","title":{"rendered":"Ricardo Azedo comenta rela\u00e7\u00e3o entre Mariana Monteiro e Bruno Gon\u00e7alves"},"content":{"rendered":"<p>Ricardo Azedo, comentador do programa Noite das Estrelas, afirmou que Mariana Monteiro \u00e9 uma atriz bastante reservada, o que explica a pouca exposi\u00e7\u00e3o da sua vida pessoal e da rela\u00e7\u00e3o com o eurodeputado Bruno Gon\u00e7alves.<\/p>\n<p>Segundo o comentador, a artista tem cultivado h\u00e1 anos a privacidade sobre quest\u00f5es pessoais, sem partilhar detalhes da vida amorosa. A postura j\u00e1 \u00e9 caracterizava por manter dist\u00e2ncia da exposi\u00e7\u00e3o medi\u00e1tica.<\/p>\n<p>A an\u00e1lise surge em meio a especula\u00e7\u00f5es sobre o relacionamento entre Monteiro e Gon\u00e7alves. Azedo sublinhou que a atriz continua a valorizar a discri\u00e7\u00e3o, n\u00e3o confirmando nem negando publicamente a rela\u00e7\u00e3o.<\/p>\n<p>Refor\u00e7ou que Mariana Monteiro, ao longo da carreira, tem privilegiado a privacidade, optando por n\u00e3o abordar momentos pessoais em p\u00fablico ou em entrevistas.<\/p>\n","protected":false},"excerpt":{"rendered":"<ul>\n<li>O comentador Ricardo Azedo disse que Mariana Monteiro \u00e9 uma atriz muito cautelosa e n\u00e3o exp\u00f5e a rela\u00e7\u00e3o com Bruno Gon\u00e7alves, eurodeputado.<\/li>\n<li>Segundo Azedo, a atriz sempre foi reservada em rela\u00e7\u00e3o \u00e0 vida pessoal e evita partilhar detalhes da rela\u00e7\u00e3o.<\/li>\n<li>Ele destacou que Monteiro valoriza a privacidade e n\u00e3o costuma falar publicamente sobre a sua vida amorosa.<\/li>\n<li>A rela\u00e7\u00e3o entre Monteiro e o eurodeputado tem sido alvo de especula\u00e7\u00f5es, mas a atriz mant\u00e9m a sua vida pessoal longe dos holofotes.<\/li>\n<\/ul>\n","protected":false},"author":2,"featured_media":215812,"comment_status":"closed","ping_status":"closed","sticky":false,"template":"","format":"standard","meta":{"footnotes":""},"categories":[12,1],"tags":[762,3259,76,879,5661,3562],"class_list":["post-215809","post","type-post","status-publish","format-standard","has-post-thumbnail","hentry","category-entretenimento","category-noticias","tag-artistas","tag-celebidades","tag-celebridades","tag-noite-das-estrelas","tag-pessoas-publicas","tag-privacidade"],"yoast_head":"<!-- This site is optimized with the Yoast SEO plugin v27.2 - https:\/\/yoast.com\/product\/yoast-seo-wordpress\/ -->\n<title>Ricardo Azedo comenta rela\u00e7\u00e3o entre Mariana Monteiro e Bruno Gon\u00e7alves - Portal Tela Portugal<\/title>\n<meta name=\"robots\" content=\"index, follow, max-snippet:-1, max-image-preview:large, max-video-preview:-1\" \/>\n<meta property=\"og:locale\" content=\"pt_PT\" \/>\n<meta property=\"og:type\" content=\"article\" \/>\n<meta property=\"og:title\" content=\"Ricardo Azedo comenta rela\u00e7\u00e3o entre Mariana Monteiro e Bruno Gon\u00e7alves - Portal Tela Portugal\" \/>\n<meta property=\"og:description\" content=\"O comentador Ricardo Azedo disse que Mariana Monteiro \u00e9 uma atriz muito cautelosa e n\u00e3o exp\u00f5e a rela\u00e7\u00e3o com Bruno Gon\u00e7alves, eurodeputado. Segundo Azedo, a atriz sempre foi reservada em rela\u00e7\u00e3o \u00e0 vida pessoal e evita partilhar detalhes da rela\u00e7\u00e3o. Ele destacou que Monteiro valoriza a privacidade e n\u00e3o costuma falar publicamente sobre a sua vida amorosa. A rela\u00e7\u00e3o entre Monteiro e o eurodeputado tem sido alvo de especula\u00e7\u00f5es, mas a atriz mant\u00e9m a sua vida pessoal longe dos holofotes.\" \/>\n<meta property=\"og:url\" content=\"https:\/\/portaltela.pt\/noticias\/2026\/02\/18\/ricardo-azedo-comenta-relacao-entre-mariana-monteiro-e-bruno-goncalves\/\" \/>\n<meta property=\"og:site_name\" content=\"Portal Tela Portugal\" \/>\n<meta property=\"article:published_time\" content=\"2026-02-18T12:39:26+00:00\" \/>\n<meta name=\"author\" content=\"Telinha\" \/>\n<meta name=\"twitter:card\" content=\"summary_large_image\" \/>\n<meta name=\"twitter:label1\" content=\"Escrito por\" \/>\n\t<meta name=\"twitter:data1\" content=\"Telinha\" \/>\n\t<meta name=\"twitter:label2\" content=\"Tempo estimado de leitura\" \/>\n\t<meta name=\"twitter:data2\" content=\"1 minuto\" \/>\n<script type=\"application\/ld+json\" class=\"yoast-schema-graph\">{\"@context\":\"https:\/\/schema.org\",\"@graph\":[{\"@type\":\"Article\",\"@id\":\"https:\/\/portaltela.pt\/noticias\/2026\/02\/18\/ricardo-azedo-comenta-relacao-entre-mariana-monteiro-e-bruno-goncalves\/#article\",\"isPartOf\":{\"@id\":\"https:\/\/portaltela.pt\/noticias\/2026\/02\/18\/ricardo-azedo-comenta-relacao-entre-mariana-monteiro-e-bruno-goncalves\/\"},\"author\":{\"name\":\"Telinha\",\"@id\":\"https:\/\/portaltela.pt\/#\/schema\/person\/c4278d4a6028830caff9ee44b42d32ed\"},\"headline\":\"Ricardo Azedo comenta rela\u00e7\u00e3o entre Mariana Monteiro e Bruno Gon\u00e7alves\",\"datePublished\":\"2026-02-18T12:39:26+00:00\",\"mainEntityOfPage\":{\"@id\":\"https:\/\/portaltela.pt\/noticias\/2026\/02\/18\/ricardo-azedo-comenta-relacao-entre-mariana-monteiro-e-bruno-goncalves\/\"},\"wordCount\":146,\"image\":{\"@id\":\"https:\/\/portaltela.pt\/noticias\/2026\/02\/18\/ricardo-azedo-comenta-relacao-entre-mariana-monteiro-e-bruno-goncalves\/#primaryimage\"},\"thumbnailUrl\":\"https:\/\/portaltela.pt\/s.01k8rhncp4jt1\/2026\/02\/img_1280x722uu2026-02-18-12-26-45-2267526.jpg\",\"keywords\":[\"artistas\",\"celebidades\",\"celebridades\",\"Noite das Estrelas\",\"pessoas p\u00fablicas\",\"privacidade\"],\"articleSection\":[\"Entretenimento\",\"Not\u00edcias\"],\"inLanguage\":\"pt-PT\"},{\"@type\":\"WebPage\",\"@id\":\"https:\/\/portaltela.pt\/noticias\/2026\/02\/18\/ricardo-azedo-comenta-relacao-entre-mariana-monteiro-e-bruno-goncalves\/\",\"url\":\"https:\/\/portaltela.pt\/noticias\/2026\/02\/18\/ricardo-azedo-comenta-relacao-entre-mariana-monteiro-e-bruno-goncalves\/\",\"name\":\"Ricardo Azedo comenta rela\u00e7\u00e3o entre Mariana Monteiro e Bruno Gon\u00e7alves - Portal Tela Portugal\",\"isPartOf\":{\"@id\":\"https:\/\/portaltela.pt\/#website\"},\"primaryImageOfPage\":{\"@id\":\"https:\/\/portaltela.pt\/noticias\/2026\/02\/18\/ricardo-azedo-comenta-relacao-entre-mariana-monteiro-e-bruno-goncalves\/#primaryimage\"},\"image\":{\"@id\":\"https:\/\/portaltela.pt\/noticias\/2026\/02\/18\/ricardo-azedo-comenta-relacao-entre-mariana-monteiro-e-bruno-goncalves\/#primaryimage\"},\"thumbnailUrl\":\"https:\/\/portaltela.pt\/s.01k8rhncp4jt1\/2026\/02\/img_1280x722uu2026-02-18-12-26-45-2267526.jpg\",\"datePublished\":\"2026-02-18T12:39:26+00:00\",\"author\":{\"@id\":\"https:\/\/portaltela.pt\/#\/schema\/person\/c4278d4a6028830caff9ee44b42d32ed\"},\"breadcrumb\":{\"@id\":\"https:\/\/portaltela.pt\/noticias\/2026\/02\/18\/ricardo-azedo-comenta-relacao-entre-mariana-monteiro-e-bruno-goncalves\/#breadcrumb\"},\"inLanguage\":\"pt-PT\",\"potentialAction\":[{\"@type\":\"ReadAction\",\"target\":[\"https:\/\/portaltela.pt\/noticias\/2026\/02\/18\/ricardo-azedo-comenta-relacao-entre-mariana-monteiro-e-bruno-goncalves\/\"]}]},{\"@type\":\"ImageObject\",\"inLanguage\":\"pt-PT\",\"@id\":\"https:\/\/portaltela.pt\/noticias\/2026\/02\/18\/ricardo-azedo-comenta-relacao-entre-mariana-monteiro-e-bruno-goncalves\/#primaryimage\",\"url\":\"https:\/\/portaltela.pt\/s.01k8rhncp4jt1\/2026\/02\/img_1280x722uu2026-02-18-12-26-45-2267526.jpg\",\"contentUrl\":\"https:\/\/portaltela.pt\/s.01k8rhncp4jt1\/2026\/02\/img_1280x722uu2026-02-18-12-26-45-2267526.jpg\",\"width\":796,\"height\":448,\"caption\":\"Photo\"},{\"@type\":\"BreadcrumbList\",\"@id\":\"https:\/\/portaltela.pt\/noticias\/2026\/02\/18\/ricardo-azedo-comenta-relacao-entre-mariana-monteiro-e-bruno-goncalves\/#breadcrumb\",\"itemListElement\":[{\"@type\":\"ListItem\",\"position\":1,\"name\":\"In\u00edcio\",\"item\":\"https:\/\/portaltela.pt\/\"},{\"@type\":\"ListItem\",\"position\":2,\"name\":\"Ricardo Azedo comenta rela\u00e7\u00e3o entre Mariana Monteiro e Bruno Gon\u00e7alves\"}]},{\"@type\":\"WebSite\",\"@id\":\"https:\/\/portaltela.pt\/#website\",\"url\":\"https:\/\/portaltela.pt\/\",\"name\":\"Portal Tela Portugal\",\"description\":\"\",\"potentialAction\":[{\"@type\":\"SearchAction\",\"target\":{\"@type\":\"EntryPoint\",\"urlTemplate\":\"https:\/\/portaltela.pt\/?s={search_term_string}\"},\"query-input\":{\"@type\":\"PropertyValueSpecification\",\"valueRequired\":true,\"valueName\":\"search_term_string\"}}],\"inLanguage\":\"pt-PT\"},{\"@type\":\"Person\",\"@id\":\"https:\/\/portaltela.pt\/#\/schema\/person\/c4278d4a6028830caff9ee44b42d32ed\",\"name\":\"Telinha\",\"image\":{\"@type\":\"ImageObject\",\"inLanguage\":\"pt-PT\",\"@id\":\"https:\/\/portaltela.pt\/s.01k8rhncp4jt1\/2025\/11\/talking-bot-125x125.png\",\"url\":\"https:\/\/portaltela.pt\/s.01k8rhncp4jt1\/2025\/11\/talking-bot-125x125.png\",\"contentUrl\":\"https:\/\/portaltela.pt\/s.01k8rhncp4jt1\/2025\/11\/talking-bot-125x125.png\",\"caption\":\"Telinha\"},\"sameAs\":[\"https:\/\/portaltela.pt\/\"],\"url\":\"https:\/\/portaltela.pt\/por\/367410592786\/\"}]}<\/script>\n<!-- \/ Yoast SEO plugin. -->","yoast_head_json":{"title":"Ricardo Azedo comenta rela\u00e7\u00e3o entre Mariana Monteiro e Bruno Gon\u00e7alves - Portal Tela Portugal","robots":{"index":"index","follow":"follow","max-snippet":"max-snippet:-1","max-image-preview":"max-image-preview:large","max-video-preview":"max-video-preview:-1"},"og_locale":"pt_PT","og_type":"article","og_title":"Ricardo Azedo comenta rela\u00e7\u00e3o entre Mariana Monteiro e Bruno Gon\u00e7alves - Portal Tela Portugal","og_description":"O comentador Ricardo Azedo disse que Mariana Monteiro \u00e9 uma atriz muito cautelosa e n\u00e3o exp\u00f5e a rela\u00e7\u00e3o com Bruno Gon\u00e7alves, eurodeputado. Segundo Azedo, a atriz sempre foi reservada em rela\u00e7\u00e3o \u00e0 vida pessoal e evita partilhar detalhes da rela\u00e7\u00e3o. Ele destacou que Monteiro valoriza a privacidade e n\u00e3o costuma falar publicamente sobre a sua vida amorosa. A rela\u00e7\u00e3o entre Monteiro e o eurodeputado tem sido alvo de especula\u00e7\u00f5es, mas a atriz mant\u00e9m a sua vida pessoal longe dos holofotes.","og_url":"https:\/\/portaltela.pt\/noticias\/2026\/02\/18\/ricardo-azedo-comenta-relacao-entre-mariana-monteiro-e-bruno-goncalves\/","og_site_name":"Portal Tela Portugal","article_published_time":"2026-02-18T12:39:26+00:00","author":"Telinha","twitter_card":"summary_large_image","twitter_misc":{"Escrito por":"Telinha","Tempo estimado de leitura":"1 minuto"},"schema":{"@context":"https:\/\/schema.org","@graph":[{"@type":"Article","@id":"https:\/\/portaltela.pt\/noticias\/2026\/02\/18\/ricardo-azedo-comenta-relacao-entre-mariana-monteiro-e-bruno-goncalves\/#article","isPartOf":{"@id":"https:\/\/portaltela.pt\/noticias\/2026\/02\/18\/ricardo-azedo-comenta-relacao-entre-mariana-monteiro-e-bruno-goncalves\/"},"author":{"name":"Telinha","@id":"https:\/\/portaltela.pt\/#\/schema\/person\/c4278d4a6028830caff9ee44b42d32ed"},"headline":"Ricardo Azedo comenta rela\u00e7\u00e3o entre Mariana Monteiro e Bruno Gon\u00e7alves","datePublished":"2026-02-18T12:39:26+00:00","mainEntityOfPage":{"@id":"https:\/\/portaltela.pt\/noticias\/2026\/02\/18\/ricardo-azedo-comenta-relacao-entre-mariana-monteiro-e-bruno-goncalves\/"},"wordCount":146,"image":{"@id":"https:\/\/portaltela.pt\/noticias\/2026\/02\/18\/ricardo-azedo-comenta-relacao-entre-mariana-monteiro-e-bruno-goncalves\/#primaryimage"},"thumbnailUrl":"https:\/\/portaltela.pt\/s.01k8rhncp4jt1\/2026\/02\/img_1280x722uu2026-02-18-12-26-45-2267526.jpg","keywords":["artistas","celebidades","celebridades","Noite das Estrelas","pessoas p\u00fablicas","privacidade"],"articleSection":["Entretenimento","Not\u00edcias"],"inLanguage":"pt-PT"},{"@type":"WebPage","@id":"https:\/\/portaltela.pt\/noticias\/2026\/02\/18\/ricardo-azedo-comenta-relacao-entre-mariana-monteiro-e-bruno-goncalves\/","url":"https:\/\/portaltela.pt\/noticias\/2026\/02\/18\/ricardo-azedo-comenta-relacao-entre-mariana-monteiro-e-bruno-goncalves\/","name":"Ricardo Azedo comenta rela\u00e7\u00e3o entre Mariana Monteiro e Bruno Gon\u00e7alves - Portal Tela Portugal","isPartOf":{"@id":"https:\/\/portaltela.pt\/#website"},"primaryImageOfPage":{"@id":"https:\/\/portaltela.pt\/noticias\/2026\/02\/18\/ricardo-azedo-comenta-relacao-entre-mariana-monteiro-e-bruno-goncalves\/#primaryimage"},"image":{"@id":"https:\/\/portaltela.pt\/noticias\/2026\/02\/18\/ricardo-azedo-comenta-relacao-entre-mariana-monteiro-e-bruno-goncalves\/#primaryimage"},"thumbnailUrl":"https:\/\/portaltela.pt\/s.01k8rhncp4jt1\/2026\/02\/img_1280x722uu2026-02-18-12-26-45-2267526.jpg","datePublished":"2026-02-18T12:39:26+00:00","author":{"@id":"https:\/\/portaltela.pt\/#\/schema\/person\/c4278d4a6028830caff9ee44b42d32ed"},"breadcrumb":{"@id":"https:\/\/portaltela.pt\/noticias\/2026\/02\/18\/ricardo-azedo-comenta-relacao-entre-mariana-monteiro-e-bruno-goncalves\/#breadcrumb"},"inLanguage":"pt-PT","potentialAction":[{"@type":"ReadAction","target":["https:\/\/portaltela.pt\/noticias\/2026\/02\/18\/ricardo-azedo-comenta-relacao-entre-mariana-monteiro-e-bruno-goncalves\/"]}]},{"@type":"ImageObject","inLanguage":"pt-PT","@id":"https:\/\/portaltela.pt\/noticias\/2026\/02\/18\/ricardo-azedo-comenta-relacao-entre-mariana-monteiro-e-bruno-goncalves\/#primaryimage","url":"https:\/\/portaltela.pt\/s.01k8rhncp4jt1\/2026\/02\/img_1280x722uu2026-02-18-12-26-45-2267526.jpg","contentUrl":"https:\/\/portaltela.pt\/s.01k8rhncp4jt1\/2026\/02\/img_1280x722uu2026-02-18-12-26-45-2267526.jpg","width":796,"height":448,"caption":"Photo"},{"@type":"BreadcrumbList","@id":"https:\/\/portaltela.pt\/noticias\/2026\/02\/18\/ricardo-azedo-comenta-relacao-entre-mariana-monteiro-e-bruno-goncalves\/#breadcrumb","itemListElement":[{"@type":"ListItem","position":1,"name":"In\u00edcio","item":"https:\/\/portaltela.pt\/"},{"@type":"ListItem","position":2,"name":"Ricardo Azedo comenta rela\u00e7\u00e3o entre Mariana Monteiro e Bruno Gon\u00e7alves"}]},{"@type":"WebSite","@id":"https:\/\/portaltela.pt\/#website","url":"https:\/\/portaltela.pt\/","name":"Portal Tela Portugal","description":"","potentialAction":[{"@type":"SearchAction","target":{"@type":"EntryPoint","urlTemplate":"https:\/\/portaltela.pt\/?s={search_term_string}"},"query-input":{"@type":"PropertyValueSpecification","valueRequired":true,"valueName":"search_term_string"}}],"inLanguage":"pt-PT"},{"@type":"Person","@id":"https:\/\/portaltela.pt\/#\/schema\/person\/c4278d4a6028830caff9ee44b42d32ed","name":"Telinha","image":{"@type":"ImageObject","inLanguage":"pt-PT","@id":"https:\/\/portaltela.pt\/s.01k8rhncp4jt1\/2025\/11\/talking-bot-125x125.png","url":"https:\/\/portaltela.pt\/s.01k8rhncp4jt1\/2025\/11\/talking-bot-125x125.png","contentUrl":"https:\/\/portaltela.pt\/s.01k8rhncp4jt1\/2025\/11\/talking-bot-125x125.png","caption":"Telinha"},"sameAs":["https:\/\/portaltela.pt\/"],"url":"https:\/\/portaltela.pt\/por\/367410592786\/"}]}},"_links":{"self":[{"href":"https:\/\/portaltela.pt\/api\/wp\/v2\/posts\/215809","targetHints":{"allow":["GET"]}}],"collection":[{"href":"https:\/\/portaltela.pt\/api\/wp\/v2\/posts"}],"about":[{"href":"https:\/\/portaltela.pt\/api\/wp\/v2\/types\/post"}],"author":[{"embeddable":true,"href":"https:\/\/portaltela.pt\/api\/wp\/v2\/users\/2"}],"replies":[{"embeddable":true,"href":"https:\/\/portaltela.pt\/api\/wp\/v2\/comments?post=215809"}],"version-history":[{"count":0,"href":"https:\/\/portaltela.pt\/api\/wp\/v2\/posts\/215809\/revisions"}],"wp:featuredmedia":[{"embeddable":true,"href":"https:\/\/portaltela.pt\/api\/wp\/v2\/media\/215812"}],"wp:attachment":[{"href":"https:\/\/portaltela.pt\/api\/wp\/v2\/media?parent=215809"}],"wp:term":[{"taxonomy":"category","embeddable":true,"href":"https:\/\/portaltela.pt\/api\/wp\/v2\/categories?post=215809"},{"taxonomy":"post_tag","embeddable":true,"href":"https:\/\/portaltela.pt\/api\/wp\/v2\/tags?post=215809"}],"curies":[{"name":"wp","href":"https:\/\/api.w.org\/{rel}","templated":true}]}}