{"id":215765,"date":"2026-02-18T09:29:00","date_gmt":"2026-02-18T12:29:00","guid":{"rendered":"https:\/\/portaltela.pt\/noticias\/2026\/02\/18\/rui-costa-afirma-que-o-capitulo-perfeito-deu-o-maior-passo-e-tem-expectativas\/"},"modified":"2026-02-18T09:29:00","modified_gmt":"2026-02-18T12:29:00","slug":"rui-costa-afirma-que-o-capitulo-perfeito-deu-o-maior-passo-e-tem-expectativas","status":"publish","type":"post","link":"https:\/\/portaltela.pt\/noticias\/2026\/02\/18\/rui-costa-afirma-que-o-capitulo-perfeito-deu-o-maior-passo-e-tem-expectativas\/","title":{"rendered":"Rui Costa afirma que o Cap\u00edtulo Perfeito deu o maior passo e tem expectativas"},"content":{"rendered":"<p>O Cap\u00edtulo Perfeito anunciou a expans\u00e3o do seu evento especial de tubos para 2026, que ser\u00e1 a 12.\u00aa edi\u00e7\u00e3o. A organiza\u00e7\u00e3o afirma que o objetivo \u00e9 internacionalizar a iniciativa.<\/p>\n<p>Rui Costa, ligado ao projeto, descreveu o an\u00fancio como o \u201cmaior passo\u201d j\u00e1 dado pelo Cap\u00edtulo Perfeito, salientando que as expectativas s\u00e3o elevadas.<\/p>\n<p>A edi\u00e7\u00e3o de Portugal mant\u00e9m-se em Carcavelos, enquanto Indon\u00e9sia e Mo\u00e7ambique v\u00e3o receber eventos especiais da marca, marcando a internacionaliza\u00e7\u00e3o da iniciativa.<\/p>\n<p>O expansionismo surge com a meta de alcan\u00e7ar novos p\u00fablicos e consolidar a presen\u00e7a da marca al\u00e9m fronteiras, mantendo o formato do evento j\u00e1 conhecido pelo p\u00fablico fiel.<\/p>\n","protected":false},"excerpt":{"rendered":"<ul>\n<li>O Cap\u00edtulo Perfeito, evento especial de tubos, vai \u00e0 12.\u00aa edi\u00e7\u00e3o em 2026, ampliando a sua internacionaliza\u00e7\u00e3o.<\/li>\n<li>A edi\u00e7\u00e3o portuguesa mant\u00e9m-se em Carcavelos, nas ondas habituais.<\/li>\n<li>Indon\u00e9sia e Mo\u00e7ambique v\u00e3o receber edi\u00e7\u00f5es especiais do Cap\u00edtulo Perfeito pela primeira vez.<\/li>\n<li>Rui Costa disse que este \u00e9 o maior passo do Cap\u00edtulo Perfeito e que as expectativas s\u00e3o as maiores.<\/li>\n<\/ul>\n","protected":false},"author":2,"featured_media":215773,"comment_status":"closed","ping_status":"closed","sticky":false,"template":"","format":"standard","meta":{"footnotes":""},"categories":[1],"tags":[2652,3731,2958,81,1911,1014],"class_list":["post-215765","post","type-post","status-publish","format-standard","has-post-thumbnail","hentry","category-noticias","tag-carcavelos","tag-eventos","tag-eventos-internacionais","tag-internacionais","tag-mocambique","tag-portugal"],"yoast_head":"<!-- This site is optimized with the Yoast SEO plugin v27.2 - https:\/\/yoast.com\/product\/yoast-seo-wordpress\/ -->\n<title>Rui Costa afirma que o Cap\u00edtulo Perfeito deu o maior passo e tem expectativas - Portal Tela Portugal<\/title>\n<meta name=\"robots\" content=\"index, follow, max-snippet:-1, max-image-preview:large, max-video-preview:-1\" \/>\n<meta property=\"og:locale\" content=\"pt_PT\" \/>\n<meta property=\"og:type\" content=\"article\" \/>\n<meta property=\"og:title\" content=\"Rui Costa afirma que o Cap\u00edtulo Perfeito deu o maior passo e tem expectativas - Portal Tela Portugal\" \/>\n<meta property=\"og:description\" content=\"O Cap\u00edtulo Perfeito, evento especial de tubos, vai \u00e0 12.\u00aa edi\u00e7\u00e3o em 2026, ampliando a sua internacionaliza\u00e7\u00e3o. A edi\u00e7\u00e3o portuguesa mant\u00e9m-se em Carcavelos, nas ondas habituais. Indon\u00e9sia e Mo\u00e7ambique v\u00e3o receber edi\u00e7\u00f5es especiais do Cap\u00edtulo Perfeito pela primeira vez. Rui Costa disse que este \u00e9 o maior passo do Cap\u00edtulo Perfeito e que as expectativas s\u00e3o as maiores.\" \/>\n<meta property=\"og:url\" content=\"https:\/\/portaltela.pt\/noticias\/2026\/02\/18\/rui-costa-afirma-que-o-capitulo-perfeito-deu-o-maior-passo-e-tem-expectativas\/\" \/>\n<meta property=\"og:site_name\" content=\"Portal Tela Portugal\" \/>\n<meta property=\"article:published_time\" content=\"2026-02-18T12:29:00+00:00\" \/>\n<meta name=\"author\" content=\"Telinha\" \/>\n<meta name=\"twitter:card\" content=\"summary_large_image\" \/>\n<meta name=\"twitter:label1\" content=\"Escrito por\" \/>\n\t<meta name=\"twitter:data1\" content=\"Telinha\" \/>\n\t<meta name=\"twitter:label2\" content=\"Tempo estimado de leitura\" \/>\n\t<meta name=\"twitter:data2\" content=\"1 minuto\" \/>\n<script type=\"application\/ld+json\" class=\"yoast-schema-graph\">{\"@context\":\"https:\/\/schema.org\",\"@graph\":[{\"@type\":\"Article\",\"@id\":\"https:\/\/portaltela.pt\/noticias\/2026\/02\/18\/rui-costa-afirma-que-o-capitulo-perfeito-deu-o-maior-passo-e-tem-expectativas\/#article\",\"isPartOf\":{\"@id\":\"https:\/\/portaltela.pt\/noticias\/2026\/02\/18\/rui-costa-afirma-que-o-capitulo-perfeito-deu-o-maior-passo-e-tem-expectativas\/\"},\"author\":{\"name\":\"Telinha\",\"@id\":\"https:\/\/portaltela.pt\/#\/schema\/person\/c4278d4a6028830caff9ee44b42d32ed\"},\"headline\":\"Rui Costa afirma que o Cap\u00edtulo Perfeito deu o maior passo e tem expectativas\",\"datePublished\":\"2026-02-18T12:29:00+00:00\",\"mainEntityOfPage\":{\"@id\":\"https:\/\/portaltela.pt\/noticias\/2026\/02\/18\/rui-costa-afirma-que-o-capitulo-perfeito-deu-o-maior-passo-e-tem-expectativas\/\"},\"wordCount\":132,\"image\":{\"@id\":\"https:\/\/portaltela.pt\/noticias\/2026\/02\/18\/rui-costa-afirma-que-o-capitulo-perfeito-deu-o-maior-passo-e-tem-expectativas\/#primaryimage\"},\"thumbnailUrl\":\"https:\/\/portaltela.pt\/s.01k8rhncp4jt1\/2026\/02\/img_920x518uu2026-02-18-12-19-53-2422304.jpg\",\"keywords\":[\"Carcavelos\",\"eventos\",\"eventos internacionais\",\"internacionais\",\"Mo\u00e7ambique\",\"Portugal\"],\"articleSection\":[\"Not\u00edcias\"],\"inLanguage\":\"pt-PT\"},{\"@type\":\"WebPage\",\"@id\":\"https:\/\/portaltela.pt\/noticias\/2026\/02\/18\/rui-costa-afirma-que-o-capitulo-perfeito-deu-o-maior-passo-e-tem-expectativas\/\",\"url\":\"https:\/\/portaltela.pt\/noticias\/2026\/02\/18\/rui-costa-afirma-que-o-capitulo-perfeito-deu-o-maior-passo-e-tem-expectativas\/\",\"name\":\"Rui Costa afirma que o Cap\u00edtulo Perfeito deu o maior passo e tem expectativas - Portal Tela Portugal\",\"isPartOf\":{\"@id\":\"https:\/\/portaltela.pt\/#website\"},\"primaryImageOfPage\":{\"@id\":\"https:\/\/portaltela.pt\/noticias\/2026\/02\/18\/rui-costa-afirma-que-o-capitulo-perfeito-deu-o-maior-passo-e-tem-expectativas\/#primaryimage\"},\"image\":{\"@id\":\"https:\/\/portaltela.pt\/noticias\/2026\/02\/18\/rui-costa-afirma-que-o-capitulo-perfeito-deu-o-maior-passo-e-tem-expectativas\/#primaryimage\"},\"thumbnailUrl\":\"https:\/\/portaltela.pt\/s.01k8rhncp4jt1\/2026\/02\/img_920x518uu2026-02-18-12-19-53-2422304.jpg\",\"datePublished\":\"2026-02-18T12:29:00+00:00\",\"author\":{\"@id\":\"https:\/\/portaltela.pt\/#\/schema\/person\/c4278d4a6028830caff9ee44b42d32ed\"},\"breadcrumb\":{\"@id\":\"https:\/\/portaltela.pt\/noticias\/2026\/02\/18\/rui-costa-afirma-que-o-capitulo-perfeito-deu-o-maior-passo-e-tem-expectativas\/#breadcrumb\"},\"inLanguage\":\"pt-PT\",\"potentialAction\":[{\"@type\":\"ReadAction\",\"target\":[\"https:\/\/portaltela.pt\/noticias\/2026\/02\/18\/rui-costa-afirma-que-o-capitulo-perfeito-deu-o-maior-passo-e-tem-expectativas\/\"]}]},{\"@type\":\"ImageObject\",\"inLanguage\":\"pt-PT\",\"@id\":\"https:\/\/portaltela.pt\/noticias\/2026\/02\/18\/rui-costa-afirma-que-o-capitulo-perfeito-deu-o-maior-passo-e-tem-expectativas\/#primaryimage\",\"url\":\"https:\/\/portaltela.pt\/s.01k8rhncp4jt1\/2026\/02\/img_920x518uu2026-02-18-12-19-53-2422304.jpg\",\"contentUrl\":\"https:\/\/portaltela.pt\/s.01k8rhncp4jt1\/2026\/02\/img_920x518uu2026-02-18-12-19-53-2422304.jpg\",\"width\":796,\"height\":448,\"caption\":\"Cap\u00edtulo Perfeito\"},{\"@type\":\"BreadcrumbList\",\"@id\":\"https:\/\/portaltela.pt\/noticias\/2026\/02\/18\/rui-costa-afirma-que-o-capitulo-perfeito-deu-o-maior-passo-e-tem-expectativas\/#breadcrumb\",\"itemListElement\":[{\"@type\":\"ListItem\",\"position\":1,\"name\":\"In\u00edcio\",\"item\":\"https:\/\/portaltela.pt\/\"},{\"@type\":\"ListItem\",\"position\":2,\"name\":\"Rui Costa afirma que o Cap\u00edtulo Perfeito deu o maior passo e tem expectativas\"}]},{\"@type\":\"WebSite\",\"@id\":\"https:\/\/portaltela.pt\/#website\",\"url\":\"https:\/\/portaltela.pt\/\",\"name\":\"Portal Tela Portugal\",\"description\":\"\",\"potentialAction\":[{\"@type\":\"SearchAction\",\"target\":{\"@type\":\"EntryPoint\",\"urlTemplate\":\"https:\/\/portaltela.pt\/?s={search_term_string}\"},\"query-input\":{\"@type\":\"PropertyValueSpecification\",\"valueRequired\":true,\"valueName\":\"search_term_string\"}}],\"inLanguage\":\"pt-PT\"},{\"@type\":\"Person\",\"@id\":\"https:\/\/portaltela.pt\/#\/schema\/person\/c4278d4a6028830caff9ee44b42d32ed\",\"name\":\"Telinha\",\"image\":{\"@type\":\"ImageObject\",\"inLanguage\":\"pt-PT\",\"@id\":\"https:\/\/portaltela.pt\/s.01k8rhncp4jt1\/2025\/11\/talking-bot-125x125.png\",\"url\":\"https:\/\/portaltela.pt\/s.01k8rhncp4jt1\/2025\/11\/talking-bot-125x125.png\",\"contentUrl\":\"https:\/\/portaltela.pt\/s.01k8rhncp4jt1\/2025\/11\/talking-bot-125x125.png\",\"caption\":\"Telinha\"},\"sameAs\":[\"https:\/\/portaltela.pt\/\"],\"url\":\"https:\/\/portaltela.pt\/por\/367410592786\/\"}]}<\/script>\n<!-- \/ Yoast SEO plugin. -->","yoast_head_json":{"title":"Rui Costa afirma que o Cap\u00edtulo Perfeito deu o maior passo e tem expectativas - Portal Tela Portugal","robots":{"index":"index","follow":"follow","max-snippet":"max-snippet:-1","max-image-preview":"max-image-preview:large","max-video-preview":"max-video-preview:-1"},"og_locale":"pt_PT","og_type":"article","og_title":"Rui Costa afirma que o Cap\u00edtulo Perfeito deu o maior passo e tem expectativas - Portal Tela Portugal","og_description":"O Cap\u00edtulo Perfeito, evento especial de tubos, vai \u00e0 12.\u00aa edi\u00e7\u00e3o em 2026, ampliando a sua internacionaliza\u00e7\u00e3o. A edi\u00e7\u00e3o portuguesa mant\u00e9m-se em Carcavelos, nas ondas habituais. Indon\u00e9sia e Mo\u00e7ambique v\u00e3o receber edi\u00e7\u00f5es especiais do Cap\u00edtulo Perfeito pela primeira vez. Rui Costa disse que este \u00e9 o maior passo do Cap\u00edtulo Perfeito e que as expectativas s\u00e3o as maiores.","og_url":"https:\/\/portaltela.pt\/noticias\/2026\/02\/18\/rui-costa-afirma-que-o-capitulo-perfeito-deu-o-maior-passo-e-tem-expectativas\/","og_site_name":"Portal Tela Portugal","article_published_time":"2026-02-18T12:29:00+00:00","author":"Telinha","twitter_card":"summary_large_image","twitter_misc":{"Escrito por":"Telinha","Tempo estimado de leitura":"1 minuto"},"schema":{"@context":"https:\/\/schema.org","@graph":[{"@type":"Article","@id":"https:\/\/portaltela.pt\/noticias\/2026\/02\/18\/rui-costa-afirma-que-o-capitulo-perfeito-deu-o-maior-passo-e-tem-expectativas\/#article","isPartOf":{"@id":"https:\/\/portaltela.pt\/noticias\/2026\/02\/18\/rui-costa-afirma-que-o-capitulo-perfeito-deu-o-maior-passo-e-tem-expectativas\/"},"author":{"name":"Telinha","@id":"https:\/\/portaltela.pt\/#\/schema\/person\/c4278d4a6028830caff9ee44b42d32ed"},"headline":"Rui Costa afirma que o Cap\u00edtulo Perfeito deu o maior passo e tem expectativas","datePublished":"2026-02-18T12:29:00+00:00","mainEntityOfPage":{"@id":"https:\/\/portaltela.pt\/noticias\/2026\/02\/18\/rui-costa-afirma-que-o-capitulo-perfeito-deu-o-maior-passo-e-tem-expectativas\/"},"wordCount":132,"image":{"@id":"https:\/\/portaltela.pt\/noticias\/2026\/02\/18\/rui-costa-afirma-que-o-capitulo-perfeito-deu-o-maior-passo-e-tem-expectativas\/#primaryimage"},"thumbnailUrl":"https:\/\/portaltela.pt\/s.01k8rhncp4jt1\/2026\/02\/img_920x518uu2026-02-18-12-19-53-2422304.jpg","keywords":["Carcavelos","eventos","eventos internacionais","internacionais","Mo\u00e7ambique","Portugal"],"articleSection":["Not\u00edcias"],"inLanguage":"pt-PT"},{"@type":"WebPage","@id":"https:\/\/portaltela.pt\/noticias\/2026\/02\/18\/rui-costa-afirma-que-o-capitulo-perfeito-deu-o-maior-passo-e-tem-expectativas\/","url":"https:\/\/portaltela.pt\/noticias\/2026\/02\/18\/rui-costa-afirma-que-o-capitulo-perfeito-deu-o-maior-passo-e-tem-expectativas\/","name":"Rui Costa afirma que o Cap\u00edtulo Perfeito deu o maior passo e tem expectativas - Portal Tela Portugal","isPartOf":{"@id":"https:\/\/portaltela.pt\/#website"},"primaryImageOfPage":{"@id":"https:\/\/portaltela.pt\/noticias\/2026\/02\/18\/rui-costa-afirma-que-o-capitulo-perfeito-deu-o-maior-passo-e-tem-expectativas\/#primaryimage"},"image":{"@id":"https:\/\/portaltela.pt\/noticias\/2026\/02\/18\/rui-costa-afirma-que-o-capitulo-perfeito-deu-o-maior-passo-e-tem-expectativas\/#primaryimage"},"thumbnailUrl":"https:\/\/portaltela.pt\/s.01k8rhncp4jt1\/2026\/02\/img_920x518uu2026-02-18-12-19-53-2422304.jpg","datePublished":"2026-02-18T12:29:00+00:00","author":{"@id":"https:\/\/portaltela.pt\/#\/schema\/person\/c4278d4a6028830caff9ee44b42d32ed"},"breadcrumb":{"@id":"https:\/\/portaltela.pt\/noticias\/2026\/02\/18\/rui-costa-afirma-que-o-capitulo-perfeito-deu-o-maior-passo-e-tem-expectativas\/#breadcrumb"},"inLanguage":"pt-PT","potentialAction":[{"@type":"ReadAction","target":["https:\/\/portaltela.pt\/noticias\/2026\/02\/18\/rui-costa-afirma-que-o-capitulo-perfeito-deu-o-maior-passo-e-tem-expectativas\/"]}]},{"@type":"ImageObject","inLanguage":"pt-PT","@id":"https:\/\/portaltela.pt\/noticias\/2026\/02\/18\/rui-costa-afirma-que-o-capitulo-perfeito-deu-o-maior-passo-e-tem-expectativas\/#primaryimage","url":"https:\/\/portaltela.pt\/s.01k8rhncp4jt1\/2026\/02\/img_920x518uu2026-02-18-12-19-53-2422304.jpg","contentUrl":"https:\/\/portaltela.pt\/s.01k8rhncp4jt1\/2026\/02\/img_920x518uu2026-02-18-12-19-53-2422304.jpg","width":796,"height":448,"caption":"Cap\u00edtulo Perfeito"},{"@type":"BreadcrumbList","@id":"https:\/\/portaltela.pt\/noticias\/2026\/02\/18\/rui-costa-afirma-que-o-capitulo-perfeito-deu-o-maior-passo-e-tem-expectativas\/#breadcrumb","itemListElement":[{"@type":"ListItem","position":1,"name":"In\u00edcio","item":"https:\/\/portaltela.pt\/"},{"@type":"ListItem","position":2,"name":"Rui Costa afirma que o Cap\u00edtulo Perfeito deu o maior passo e tem expectativas"}]},{"@type":"WebSite","@id":"https:\/\/portaltela.pt\/#website","url":"https:\/\/portaltela.pt\/","name":"Portal Tela Portugal","description":"","potentialAction":[{"@type":"SearchAction","target":{"@type":"EntryPoint","urlTemplate":"https:\/\/portaltela.pt\/?s={search_term_string}"},"query-input":{"@type":"PropertyValueSpecification","valueRequired":true,"valueName":"search_term_string"}}],"inLanguage":"pt-PT"},{"@type":"Person","@id":"https:\/\/portaltela.pt\/#\/schema\/person\/c4278d4a6028830caff9ee44b42d32ed","name":"Telinha","image":{"@type":"ImageObject","inLanguage":"pt-PT","@id":"https:\/\/portaltela.pt\/s.01k8rhncp4jt1\/2025\/11\/talking-bot-125x125.png","url":"https:\/\/portaltela.pt\/s.01k8rhncp4jt1\/2025\/11\/talking-bot-125x125.png","contentUrl":"https:\/\/portaltela.pt\/s.01k8rhncp4jt1\/2025\/11\/talking-bot-125x125.png","caption":"Telinha"},"sameAs":["https:\/\/portaltela.pt\/"],"url":"https:\/\/portaltela.pt\/por\/367410592786\/"}]}},"_links":{"self":[{"href":"https:\/\/portaltela.pt\/api\/wp\/v2\/posts\/215765","targetHints":{"allow":["GET"]}}],"collection":[{"href":"https:\/\/portaltela.pt\/api\/wp\/v2\/posts"}],"about":[{"href":"https:\/\/portaltela.pt\/api\/wp\/v2\/types\/post"}],"author":[{"embeddable":true,"href":"https:\/\/portaltela.pt\/api\/wp\/v2\/users\/2"}],"replies":[{"embeddable":true,"href":"https:\/\/portaltela.pt\/api\/wp\/v2\/comments?post=215765"}],"version-history":[{"count":0,"href":"https:\/\/portaltela.pt\/api\/wp\/v2\/posts\/215765\/revisions"}],"wp:featuredmedia":[{"embeddable":true,"href":"https:\/\/portaltela.pt\/api\/wp\/v2\/media\/215773"}],"wp:attachment":[{"href":"https:\/\/portaltela.pt\/api\/wp\/v2\/media?parent=215765"}],"wp:term":[{"taxonomy":"category","embeddable":true,"href":"https:\/\/portaltela.pt\/api\/wp\/v2\/categories?post=215765"},{"taxonomy":"post_tag","embeddable":true,"href":"https:\/\/portaltela.pt\/api\/wp\/v2\/tags?post=215765"}],"curies":[{"name":"wp","href":"https:\/\/api.w.org\/{rel}","templated":true}]}}