{"id":215704,"date":"2026-02-18T08:35:55","date_gmt":"2026-02-18T11:35:55","guid":{"rendered":"https:\/\/portaltela.pt\/noticias\/2026\/02\/18\/homem-que-matou-construtor-guineense-em-loures-recusa-culpas\/"},"modified":"2026-02-18T08:35:55","modified_gmt":"2026-02-18T11:35:55","slug":"homem-que-matou-construtor-guineense-em-loures-recusa-culpas","status":"publish","type":"post","link":"https:\/\/portaltela.pt\/noticias\/2026\/02\/18\/homem-que-matou-construtor-guineense-em-loures-recusa-culpas\/","title":{"rendered":"Homem que matou construtor guineense em Loures recusa culpas"},"content":{"rendered":"<p>O homem que matou um construtor civil guineense em Loures recusou a autoria do crime, afirmando que n\u00e3o foi ele quem disparou a arma que causou a morte do trabalhador. O incidente ocorreu na manh\u00e3 de 17 de fevereiro de 2026, numa obra na zona de Loures.<\/p>\n<p>O julgamento de quatro homens e de uma mulher imputados ao crime come\u00e7a esta quarta-feira no Tribunal de Loures. Apenas um dos arguidos est\u00e1 acusado de homic\u00eddio.<\/p>\n<p>Segundo a acusa\u00e7\u00e3o, o arguido que hoje contestou a autoria \u00e9 suspeito de ter disparado a arma que vitimou o trabalhador de 36 anos, natural de Guin\u00e9-Bissau e residente em Loures, ap\u00f3s uma discuss\u00e3o.<\/p>\n<p>O homem que alegadamente efetuou o disparo foi detido pouco depois do crime e encontra-se em pris\u00e3o preventiva. O processo decorre sob segredo de justi\u00e7a.<\/p>\n<p>O julgamento deve prolongar-se por v\u00e1rios dias, no \u00e2mbito de um caso que levou \u00e0 mobiliza\u00e7\u00e3o de v\u00e1rios argu\u00eddos e \u00e0 investiga\u00e7\u00e3o policial subsequente.<\/p>\n","protected":false},"excerpt":{"rendered":"<ul>\n<li>O homem que matou um construtor civil guineense em Loures recusou a autoria do crime, alegando que n\u00e3o foi ele quem disparou.<\/li>\n<li>O julgamento, no Tribunal de Loures, envolve quatro homens e uma mulher; apenas um deles est\u00e1 acusado de homic\u00eddio.<\/li>\n<li>A defesa sustenta que o tiro foi disparado por outro arguido, tamb\u00e9m a ser julgado, com quem o atual r\u00e9u \u00e9 acusado de discutir.<\/li>\n<li>O trabalhador, de 36 anos, natural de Guin\u00e9-Bissau e residente em Loures, foi atingido na cabe\u00e7a numa obra na manh\u00e3 de 17 de fevereiro de 2026.<\/li>\n<li>O processo decorre em segredo de justi\u00e7a e deve prolongar-se por v\u00e1rios dias.<\/li>\n<\/ul>\n","protected":false},"author":2,"featured_media":215713,"comment_status":"closed","ping_status":"closed","sticky":false,"template":"","format":"standard","meta":{"footnotes":""},"categories":[1],"tags":[124,147,4601,1345,217],"class_list":["post-215704","post","type-post","status-publish","format-standard","has-post-thumbnail","hentry","category-noticias","tag-arma-de-fogo","tag-crime","tag-guine-bissau","tag-homicidio","tag-investigacao-criminal"],"yoast_head":"<!-- This site is optimized with the Yoast SEO plugin v27.2 - https:\/\/yoast.com\/product\/yoast-seo-wordpress\/ -->\n<title>Homem que matou construtor guineense em Loures recusa culpas - Portal Tela Portugal<\/title>\n<meta name=\"robots\" content=\"index, follow, max-snippet:-1, max-image-preview:large, max-video-preview:-1\" \/>\n<meta property=\"og:locale\" content=\"pt_PT\" \/>\n<meta property=\"og:type\" content=\"article\" \/>\n<meta property=\"og:title\" content=\"Homem que matou construtor guineense em Loures recusa culpas - Portal Tela Portugal\" \/>\n<meta property=\"og:description\" content=\"O homem que matou um construtor civil guineense em Loures recusou a autoria do crime, alegando que n\u00e3o foi ele quem disparou. O julgamento, no Tribunal de Loures, envolve quatro homens e uma mulher; apenas um deles est\u00e1 acusado de homic\u00eddio. A defesa sustenta que o tiro foi disparado por outro arguido, tamb\u00e9m a ser julgado, com quem o atual r\u00e9u \u00e9 acusado de discutir. O trabalhador, de 36 anos, natural de Guin\u00e9-Bissau e residente em Loures, foi atingido na cabe\u00e7a numa obra na manh\u00e3 de 17 de fevereiro de 2026. O processo decorre em segredo de justi\u00e7a e deve prolongar-se por v\u00e1rios dias.\" \/>\n<meta property=\"og:url\" content=\"https:\/\/portaltela.pt\/noticias\/2026\/02\/18\/homem-que-matou-construtor-guineense-em-loures-recusa-culpas\/\" \/>\n<meta property=\"og:site_name\" content=\"Portal Tela Portugal\" \/>\n<meta property=\"article:published_time\" content=\"2026-02-18T11:35:55+00:00\" \/>\n<meta name=\"author\" content=\"Telinha\" \/>\n<meta name=\"twitter:card\" content=\"summary_large_image\" \/>\n<meta name=\"twitter:label1\" content=\"Escrito por\" \/>\n\t<meta name=\"twitter:data1\" content=\"Telinha\" \/>\n\t<meta name=\"twitter:label2\" content=\"Tempo estimado de leitura\" \/>\n\t<meta name=\"twitter:data2\" content=\"1 minuto\" \/>\n<script type=\"application\/ld+json\" class=\"yoast-schema-graph\">{\"@context\":\"https:\/\/schema.org\",\"@graph\":[{\"@type\":\"Article\",\"@id\":\"https:\/\/portaltela.pt\/noticias\/2026\/02\/18\/homem-que-matou-construtor-guineense-em-loures-recusa-culpas\/#article\",\"isPartOf\":{\"@id\":\"https:\/\/portaltela.pt\/noticias\/2026\/02\/18\/homem-que-matou-construtor-guineense-em-loures-recusa-culpas\/\"},\"author\":{\"name\":\"Telinha\",\"@id\":\"https:\/\/portaltela.pt\/#\/schema\/person\/c4278d4a6028830caff9ee44b42d32ed\"},\"headline\":\"Homem que matou construtor guineense em Loures recusa culpas\",\"datePublished\":\"2026-02-18T11:35:55+00:00\",\"mainEntityOfPage\":{\"@id\":\"https:\/\/portaltela.pt\/noticias\/2026\/02\/18\/homem-que-matou-construtor-guineense-em-loures-recusa-culpas\/\"},\"wordCount\":174,\"image\":{\"@id\":\"https:\/\/portaltela.pt\/noticias\/2026\/02\/18\/homem-que-matou-construtor-guineense-em-loures-recusa-culpas\/#primaryimage\"},\"thumbnailUrl\":\"https:\/\/portaltela.pt\/s.01k8rhncp4jt1\/2026\/02\/img_1280x722uu2026-02-17-13-22-30-2267342-im-639069313831023749.jpg\",\"keywords\":[\"arma de fogo\",\"crime\",\"Guin\u00e9-Bissau\",\"homic\u00eddio\",\"investiga\u00e7\u00e3o criminal\"],\"articleSection\":[\"Not\u00edcias\"],\"inLanguage\":\"pt-PT\"},{\"@type\":\"WebPage\",\"@id\":\"https:\/\/portaltela.pt\/noticias\/2026\/02\/18\/homem-que-matou-construtor-guineense-em-loures-recusa-culpas\/\",\"url\":\"https:\/\/portaltela.pt\/noticias\/2026\/02\/18\/homem-que-matou-construtor-guineense-em-loures-recusa-culpas\/\",\"name\":\"Homem que matou construtor guineense em Loures recusa culpas - Portal Tela Portugal\",\"isPartOf\":{\"@id\":\"https:\/\/portaltela.pt\/#website\"},\"primaryImageOfPage\":{\"@id\":\"https:\/\/portaltela.pt\/noticias\/2026\/02\/18\/homem-que-matou-construtor-guineense-em-loures-recusa-culpas\/#primaryimage\"},\"image\":{\"@id\":\"https:\/\/portaltela.pt\/noticias\/2026\/02\/18\/homem-que-matou-construtor-guineense-em-loures-recusa-culpas\/#primaryimage\"},\"thumbnailUrl\":\"https:\/\/portaltela.pt\/s.01k8rhncp4jt1\/2026\/02\/img_1280x722uu2026-02-17-13-22-30-2267342-im-639069313831023749.jpg\",\"datePublished\":\"2026-02-18T11:35:55+00:00\",\"author\":{\"@id\":\"https:\/\/portaltela.pt\/#\/schema\/person\/c4278d4a6028830caff9ee44b42d32ed\"},\"breadcrumb\":{\"@id\":\"https:\/\/portaltela.pt\/noticias\/2026\/02\/18\/homem-que-matou-construtor-guineense-em-loures-recusa-culpas\/#breadcrumb\"},\"inLanguage\":\"pt-PT\",\"potentialAction\":[{\"@type\":\"ReadAction\",\"target\":[\"https:\/\/portaltela.pt\/noticias\/2026\/02\/18\/homem-que-matou-construtor-guineense-em-loures-recusa-culpas\/\"]}]},{\"@type\":\"ImageObject\",\"inLanguage\":\"pt-PT\",\"@id\":\"https:\/\/portaltela.pt\/noticias\/2026\/02\/18\/homem-que-matou-construtor-guineense-em-loures-recusa-culpas\/#primaryimage\",\"url\":\"https:\/\/portaltela.pt\/s.01k8rhncp4jt1\/2026\/02\/img_1280x722uu2026-02-17-13-22-30-2267342-im-639069313831023749.jpg\",\"contentUrl\":\"https:\/\/portaltela.pt\/s.01k8rhncp4jt1\/2026\/02\/img_1280x722uu2026-02-17-13-22-30-2267342-im-639069313831023749.jpg\",\"width\":796,\"height\":448,\"caption\":\"Photo\"},{\"@type\":\"BreadcrumbList\",\"@id\":\"https:\/\/portaltela.pt\/noticias\/2026\/02\/18\/homem-que-matou-construtor-guineense-em-loures-recusa-culpas\/#breadcrumb\",\"itemListElement\":[{\"@type\":\"ListItem\",\"position\":1,\"name\":\"In\u00edcio\",\"item\":\"https:\/\/portaltela.pt\/\"},{\"@type\":\"ListItem\",\"position\":2,\"name\":\"Homem que matou construtor guineense em Loures recusa culpas\"}]},{\"@type\":\"WebSite\",\"@id\":\"https:\/\/portaltela.pt\/#website\",\"url\":\"https:\/\/portaltela.pt\/\",\"name\":\"Portal Tela Portugal\",\"description\":\"\",\"potentialAction\":[{\"@type\":\"SearchAction\",\"target\":{\"@type\":\"EntryPoint\",\"urlTemplate\":\"https:\/\/portaltela.pt\/?s={search_term_string}\"},\"query-input\":{\"@type\":\"PropertyValueSpecification\",\"valueRequired\":true,\"valueName\":\"search_term_string\"}}],\"inLanguage\":\"pt-PT\"},{\"@type\":\"Person\",\"@id\":\"https:\/\/portaltela.pt\/#\/schema\/person\/c4278d4a6028830caff9ee44b42d32ed\",\"name\":\"Telinha\",\"image\":{\"@type\":\"ImageObject\",\"inLanguage\":\"pt-PT\",\"@id\":\"https:\/\/portaltela.pt\/s.01k8rhncp4jt1\/2025\/11\/talking-bot-125x125.png\",\"url\":\"https:\/\/portaltela.pt\/s.01k8rhncp4jt1\/2025\/11\/talking-bot-125x125.png\",\"contentUrl\":\"https:\/\/portaltela.pt\/s.01k8rhncp4jt1\/2025\/11\/talking-bot-125x125.png\",\"caption\":\"Telinha\"},\"sameAs\":[\"https:\/\/portaltela.pt\/\"],\"url\":\"https:\/\/portaltela.pt\/por\/367410592786\/\"}]}<\/script>\n<!-- \/ Yoast SEO plugin. -->","yoast_head_json":{"title":"Homem que matou construtor guineense em Loures recusa culpas - Portal Tela Portugal","robots":{"index":"index","follow":"follow","max-snippet":"max-snippet:-1","max-image-preview":"max-image-preview:large","max-video-preview":"max-video-preview:-1"},"og_locale":"pt_PT","og_type":"article","og_title":"Homem que matou construtor guineense em Loures recusa culpas - Portal Tela Portugal","og_description":"O homem que matou um construtor civil guineense em Loures recusou a autoria do crime, alegando que n\u00e3o foi ele quem disparou. O julgamento, no Tribunal de Loures, envolve quatro homens e uma mulher; apenas um deles est\u00e1 acusado de homic\u00eddio. A defesa sustenta que o tiro foi disparado por outro arguido, tamb\u00e9m a ser julgado, com quem o atual r\u00e9u \u00e9 acusado de discutir. O trabalhador, de 36 anos, natural de Guin\u00e9-Bissau e residente em Loures, foi atingido na cabe\u00e7a numa obra na manh\u00e3 de 17 de fevereiro de 2026. O processo decorre em segredo de justi\u00e7a e deve prolongar-se por v\u00e1rios dias.","og_url":"https:\/\/portaltela.pt\/noticias\/2026\/02\/18\/homem-que-matou-construtor-guineense-em-loures-recusa-culpas\/","og_site_name":"Portal Tela Portugal","article_published_time":"2026-02-18T11:35:55+00:00","author":"Telinha","twitter_card":"summary_large_image","twitter_misc":{"Escrito por":"Telinha","Tempo estimado de leitura":"1 minuto"},"schema":{"@context":"https:\/\/schema.org","@graph":[{"@type":"Article","@id":"https:\/\/portaltela.pt\/noticias\/2026\/02\/18\/homem-que-matou-construtor-guineense-em-loures-recusa-culpas\/#article","isPartOf":{"@id":"https:\/\/portaltela.pt\/noticias\/2026\/02\/18\/homem-que-matou-construtor-guineense-em-loures-recusa-culpas\/"},"author":{"name":"Telinha","@id":"https:\/\/portaltela.pt\/#\/schema\/person\/c4278d4a6028830caff9ee44b42d32ed"},"headline":"Homem que matou construtor guineense em Loures recusa culpas","datePublished":"2026-02-18T11:35:55+00:00","mainEntityOfPage":{"@id":"https:\/\/portaltela.pt\/noticias\/2026\/02\/18\/homem-que-matou-construtor-guineense-em-loures-recusa-culpas\/"},"wordCount":174,"image":{"@id":"https:\/\/portaltela.pt\/noticias\/2026\/02\/18\/homem-que-matou-construtor-guineense-em-loures-recusa-culpas\/#primaryimage"},"thumbnailUrl":"https:\/\/portaltela.pt\/s.01k8rhncp4jt1\/2026\/02\/img_1280x722uu2026-02-17-13-22-30-2267342-im-639069313831023749.jpg","keywords":["arma de fogo","crime","Guin\u00e9-Bissau","homic\u00eddio","investiga\u00e7\u00e3o criminal"],"articleSection":["Not\u00edcias"],"inLanguage":"pt-PT"},{"@type":"WebPage","@id":"https:\/\/portaltela.pt\/noticias\/2026\/02\/18\/homem-que-matou-construtor-guineense-em-loures-recusa-culpas\/","url":"https:\/\/portaltela.pt\/noticias\/2026\/02\/18\/homem-que-matou-construtor-guineense-em-loures-recusa-culpas\/","name":"Homem que matou construtor guineense em Loures recusa culpas - Portal Tela Portugal","isPartOf":{"@id":"https:\/\/portaltela.pt\/#website"},"primaryImageOfPage":{"@id":"https:\/\/portaltela.pt\/noticias\/2026\/02\/18\/homem-que-matou-construtor-guineense-em-loures-recusa-culpas\/#primaryimage"},"image":{"@id":"https:\/\/portaltela.pt\/noticias\/2026\/02\/18\/homem-que-matou-construtor-guineense-em-loures-recusa-culpas\/#primaryimage"},"thumbnailUrl":"https:\/\/portaltela.pt\/s.01k8rhncp4jt1\/2026\/02\/img_1280x722uu2026-02-17-13-22-30-2267342-im-639069313831023749.jpg","datePublished":"2026-02-18T11:35:55+00:00","author":{"@id":"https:\/\/portaltela.pt\/#\/schema\/person\/c4278d4a6028830caff9ee44b42d32ed"},"breadcrumb":{"@id":"https:\/\/portaltela.pt\/noticias\/2026\/02\/18\/homem-que-matou-construtor-guineense-em-loures-recusa-culpas\/#breadcrumb"},"inLanguage":"pt-PT","potentialAction":[{"@type":"ReadAction","target":["https:\/\/portaltela.pt\/noticias\/2026\/02\/18\/homem-que-matou-construtor-guineense-em-loures-recusa-culpas\/"]}]},{"@type":"ImageObject","inLanguage":"pt-PT","@id":"https:\/\/portaltela.pt\/noticias\/2026\/02\/18\/homem-que-matou-construtor-guineense-em-loures-recusa-culpas\/#primaryimage","url":"https:\/\/portaltela.pt\/s.01k8rhncp4jt1\/2026\/02\/img_1280x722uu2026-02-17-13-22-30-2267342-im-639069313831023749.jpg","contentUrl":"https:\/\/portaltela.pt\/s.01k8rhncp4jt1\/2026\/02\/img_1280x722uu2026-02-17-13-22-30-2267342-im-639069313831023749.jpg","width":796,"height":448,"caption":"Photo"},{"@type":"BreadcrumbList","@id":"https:\/\/portaltela.pt\/noticias\/2026\/02\/18\/homem-que-matou-construtor-guineense-em-loures-recusa-culpas\/#breadcrumb","itemListElement":[{"@type":"ListItem","position":1,"name":"In\u00edcio","item":"https:\/\/portaltela.pt\/"},{"@type":"ListItem","position":2,"name":"Homem que matou construtor guineense em Loures recusa culpas"}]},{"@type":"WebSite","@id":"https:\/\/portaltela.pt\/#website","url":"https:\/\/portaltela.pt\/","name":"Portal Tela Portugal","description":"","potentialAction":[{"@type":"SearchAction","target":{"@type":"EntryPoint","urlTemplate":"https:\/\/portaltela.pt\/?s={search_term_string}"},"query-input":{"@type":"PropertyValueSpecification","valueRequired":true,"valueName":"search_term_string"}}],"inLanguage":"pt-PT"},{"@type":"Person","@id":"https:\/\/portaltela.pt\/#\/schema\/person\/c4278d4a6028830caff9ee44b42d32ed","name":"Telinha","image":{"@type":"ImageObject","inLanguage":"pt-PT","@id":"https:\/\/portaltela.pt\/s.01k8rhncp4jt1\/2025\/11\/talking-bot-125x125.png","url":"https:\/\/portaltela.pt\/s.01k8rhncp4jt1\/2025\/11\/talking-bot-125x125.png","contentUrl":"https:\/\/portaltela.pt\/s.01k8rhncp4jt1\/2025\/11\/talking-bot-125x125.png","caption":"Telinha"},"sameAs":["https:\/\/portaltela.pt\/"],"url":"https:\/\/portaltela.pt\/por\/367410592786\/"}]}},"_links":{"self":[{"href":"https:\/\/portaltela.pt\/api\/wp\/v2\/posts\/215704","targetHints":{"allow":["GET"]}}],"collection":[{"href":"https:\/\/portaltela.pt\/api\/wp\/v2\/posts"}],"about":[{"href":"https:\/\/portaltela.pt\/api\/wp\/v2\/types\/post"}],"author":[{"embeddable":true,"href":"https:\/\/portaltela.pt\/api\/wp\/v2\/users\/2"}],"replies":[{"embeddable":true,"href":"https:\/\/portaltela.pt\/api\/wp\/v2\/comments?post=215704"}],"version-history":[{"count":0,"href":"https:\/\/portaltela.pt\/api\/wp\/v2\/posts\/215704\/revisions"}],"wp:featuredmedia":[{"embeddable":true,"href":"https:\/\/portaltela.pt\/api\/wp\/v2\/media\/215713"}],"wp:attachment":[{"href":"https:\/\/portaltela.pt\/api\/wp\/v2\/media?parent=215704"}],"wp:term":[{"taxonomy":"category","embeddable":true,"href":"https:\/\/portaltela.pt\/api\/wp\/v2\/categories?post=215704"},{"taxonomy":"post_tag","embeddable":true,"href":"https:\/\/portaltela.pt\/api\/wp\/v2\/tags?post=215704"}],"curies":[{"name":"wp","href":"https:\/\/api.w.org\/{rel}","templated":true}]}}