{"id":215642,"date":"2026-02-18T07:40:00","date_gmt":"2026-02-18T10:40:00","guid":{"rendered":"https:\/\/portaltela.pt\/noticias\/2026\/02\/18\/zelensky-acusa-trump-de-pressionar-a-ucrania-publicamente\/"},"modified":"2026-02-18T07:40:00","modified_gmt":"2026-02-18T10:40:00","slug":"zelensky-acusa-trump-de-pressionar-a-ucrania-publicamente","status":"publish","type":"post","link":"https:\/\/portaltela.pt\/noticias\/2026\/02\/18\/zelensky-acusa-trump-de-pressionar-a-ucrania-publicamente\/","title":{"rendered":"Zelensky acusa Trump de pressionar a Ucr\u00e2nia publicamente"},"content":{"rendered":"<p>A segunda ronda das negocia\u00e7\u00f5es trilaterais entre a Ucr\u00e2nia, a R\u00fassia e os Estados Unidos decorre em Genebra na quarta-feira, ap\u00f3s ataques russos que deixaram civis mortos e feridos na madrugada. O encontro acontece num momento de tens\u00e3o marcada pela invas\u00e3o de 2022 e por posi\u00e7\u00f5es dif\u00edceis sobre territ\u00f3rio.<\/p>\n<p>Steve Witkoff, enviado especial dos EUA, afirmou nas redes sociais que houve progressos significativos gra\u00e7as aos esfor\u00e7os de media\u00e7\u00e3o. O coment\u00e1rio surge ap\u00f3s o primeiro dia de negocia\u00e7\u00f5es, em que as partes tentaram alinhar posi\u00e7\u00f5es sobre a quest\u00e3o teritorial.<\/p>\n<p>Volodymyr Zelensky, presidente da Ucr\u00e2nia, repetiu que qualquer acordo deve incluir salvaguardas para o territ\u00f3rio e rejeitou a ideia de ceder de forma unilateral. O chefe de Estado refor\u00e7ou a exig\u00eancia de garantias de seguran\u00e7a ocidentais como condi\u00e7\u00e3o essencial para negocia\u00e7\u00f5es.<\/p>\n<p>Zelensky pediu aos EUA que n\u00e3o imponham uma solu\u00e7\u00e3o que implique a venda de uma paz que o seu povo n\u00e3o aceitaria. O presidente sublinhou que a paz duradoura n\u00e3o passa pela vit\u00f3ria de uma das partes \u00e0 for\u00e7a, mas por compromissos que preservem a soberania.<\/p>\n<p>O l\u00edder ucraniano indicou ter tentado, em Genebra, um encontro cara a cara com Vladimir Putin para avan\u00e7ar na quest\u00e3o territorial. As discuss\u00f5es p\u00fablicas sugerem a ideia de uma zona desmilitarizada em Donbass, posi\u00e7\u00e3o que a R\u00fassia tem rejeitado.<\/p>\n<p>As negocia\u00e7\u00f5es tamb\u00e9m abordam garantias de seguran\u00e7a. Zelensky destacou que estas garantias devem preceder qualquer permuta de territ\u00f3rios, numa leitura que aponta para um equil\u00edbrio entre seguran\u00e7a europeia e integridade territorial da Ucr\u00e2nia.<\/p>\n<p>Durante o fim de semana, Zelensky garantiu que os aliados sabem o que significam as garantias de seguran\u00e7a propostas pelos EUA. O Presidente explicou que a Ucr\u00e2nia pretende obter garantias claras antes de ceder territ\u00f3rio.<\/p>\n<p>Os EUA e a Ucr\u00e2nia concordaram que qualquer acordo exigir\u00e1 a aprova\u00e7\u00e3o dos ucranianos. Zelensky afirmou que a retirada de partes do Donbass sem garantias de seguran\u00e7a seria rejeitada pela popula\u00e7\u00e3o, tornando o acordo insustent\u00e1vel a n\u00edvel interno.<\/p>\n","protected":false},"excerpt":{"rendered":"<ul>\n<li>A segunda ronda de negocia\u00e7\u00f5es trilaterais entre Ucr\u00e2nia, R\u00fassia e Estados Unidos em Genebra realiza-se esta quarta-feira, ap\u00f3s ataques russos que causaram civis mortos e feridos em v\u00e1rias zonas da Ucr\u00e2nia.<\/li>\n<li>Steve Witkoff, um dos enviados de Joe Biden, afirmou no X que houve progressos significativos gra\u00e7as ao sucesso de Trump em reunir as duas partes.<\/li>\n<li>Zelensky disse \u00e0 Axios que a Ucr\u00e2nia n\u00e3o aceitar\u00e1 acordos de paz que envolvam a retirada unilateral do Donbass e pediu aos EUA para n\u00e3o pressionarem publicamente a Ucr\u00e2nia.<\/li>\n<li>O Presidente ucraniano tamb\u00e9m mencionou que procurou, em Genebra, um encontro cara a cara com Putin, e que uma zona desmilitarizada em Donetsk \u00e9 uma op\u00e7\u00e3o discutida, embora a R\u00fassia tenha recusado.<\/li>\n<li>Zelensky reiterou que as garantias de seguran\u00e7a s\u00e3o priorit\u00e1rias e que qualquer acordo deve ser referendado pelos ucranianos; uma retirada de cerca de 10% do Donbass sem garantias n\u00e3o seria aceite.<\/li>\n<\/ul>\n","protected":false},"author":2,"featured_media":215645,"comment_status":"closed","ping_status":"closed","sticky":false,"template":"","format":"standard","meta":{"footnotes":""},"categories":[1],"tags":[4953,5451,6054,2036,2540,2134],"class_list":["post-215642","post","type-post","status-publish","format-standard","has-post-thumbnail","hentry","category-noticias","tag-donald-trump","tag-donbass","tag-garantias","tag-negociacoes-internacionais","tag-territorio","tag-ucrania"],"yoast_head":"<!-- This site is optimized with the Yoast SEO plugin v27.2 - https:\/\/yoast.com\/product\/yoast-seo-wordpress\/ -->\n<title>Zelensky acusa Trump de pressionar a Ucr\u00e2nia publicamente - Portal Tela Portugal<\/title>\n<meta name=\"robots\" content=\"index, follow, max-snippet:-1, max-image-preview:large, max-video-preview:-1\" \/>\n<meta property=\"og:locale\" content=\"pt_PT\" \/>\n<meta property=\"og:type\" content=\"article\" \/>\n<meta property=\"og:title\" content=\"Zelensky acusa Trump de pressionar a Ucr\u00e2nia publicamente - Portal Tela Portugal\" \/>\n<meta property=\"og:description\" content=\"A segunda ronda de negocia\u00e7\u00f5es trilaterais entre Ucr\u00e2nia, R\u00fassia e Estados Unidos em Genebra realiza-se esta quarta-feira, ap\u00f3s ataques russos que causaram civis mortos e feridos em v\u00e1rias zonas da Ucr\u00e2nia. Steve Witkoff, um dos enviados de Joe Biden, afirmou no X que houve progressos significativos gra\u00e7as ao sucesso de Trump em reunir as duas partes. Zelensky disse \u00e0 Axios que a Ucr\u00e2nia n\u00e3o aceitar\u00e1 acordos de paz que envolvam a retirada unilateral do Donbass e pediu aos EUA para n\u00e3o pressionarem publicamente a Ucr\u00e2nia. O Presidente ucraniano tamb\u00e9m mencionou que procurou, em Genebra, um encontro cara a cara com Putin, e que uma zona desmilitarizada em Donetsk \u00e9 uma op\u00e7\u00e3o discutida, embora a R\u00fassia tenha recusado. Zelensky reiterou que as garantias de seguran\u00e7a s\u00e3o priorit\u00e1rias e que qualquer acordo deve ser referendado pelos ucranianos; uma retirada de cerca de 10% do Donbass sem garantias n\u00e3o seria aceite.\" \/>\n<meta property=\"og:url\" content=\"https:\/\/portaltela.pt\/noticias\/2026\/02\/18\/zelensky-acusa-trump-de-pressionar-a-ucrania-publicamente\/\" \/>\n<meta property=\"og:site_name\" content=\"Portal Tela Portugal\" \/>\n<meta property=\"article:published_time\" content=\"2026-02-18T10:40:00+00:00\" \/>\n<meta name=\"author\" content=\"Telinha\" \/>\n<meta name=\"twitter:card\" content=\"summary_large_image\" \/>\n<meta name=\"twitter:label1\" content=\"Escrito por\" \/>\n\t<meta name=\"twitter:data1\" content=\"Telinha\" \/>\n\t<meta name=\"twitter:label2\" content=\"Tempo estimado de leitura\" \/>\n\t<meta name=\"twitter:data2\" content=\"2 minutos\" \/>\n<script type=\"application\/ld+json\" class=\"yoast-schema-graph\">{\"@context\":\"https:\/\/schema.org\",\"@graph\":[{\"@type\":\"Article\",\"@id\":\"https:\/\/portaltela.pt\/noticias\/2026\/02\/18\/zelensky-acusa-trump-de-pressionar-a-ucrania-publicamente\/#article\",\"isPartOf\":{\"@id\":\"https:\/\/portaltela.pt\/noticias\/2026\/02\/18\/zelensky-acusa-trump-de-pressionar-a-ucrania-publicamente\/\"},\"author\":{\"name\":\"Telinha\",\"@id\":\"https:\/\/portaltela.pt\/#\/schema\/person\/c4278d4a6028830caff9ee44b42d32ed\"},\"headline\":\"Zelensky acusa Trump de pressionar a Ucr\u00e2nia publicamente\",\"datePublished\":\"2026-02-18T10:40:00+00:00\",\"mainEntityOfPage\":{\"@id\":\"https:\/\/portaltela.pt\/noticias\/2026\/02\/18\/zelensky-acusa-trump-de-pressionar-a-ucrania-publicamente\/\"},\"wordCount\":380,\"image\":{\"@id\":\"https:\/\/portaltela.pt\/noticias\/2026\/02\/18\/zelensky-acusa-trump-de-pressionar-a-ucrania-publicamente\/#primaryimage\"},\"thumbnailUrl\":\"https:\/\/portaltela.pt\/s.01k8rhncp4jt1\/2026\/02\/2067961.jpg\",\"keywords\":[\"Donald Trump\",\"Donbass\",\"garantias\",\"negocia\u00e7\u00f5es internacionais\",\"Territ\u00f3rio\",\"Ucr\u00e2nia\"],\"articleSection\":[\"Not\u00edcias\"],\"inLanguage\":\"pt-PT\"},{\"@type\":\"WebPage\",\"@id\":\"https:\/\/portaltela.pt\/noticias\/2026\/02\/18\/zelensky-acusa-trump-de-pressionar-a-ucrania-publicamente\/\",\"url\":\"https:\/\/portaltela.pt\/noticias\/2026\/02\/18\/zelensky-acusa-trump-de-pressionar-a-ucrania-publicamente\/\",\"name\":\"Zelensky acusa Trump de pressionar a Ucr\u00e2nia publicamente - Portal Tela Portugal\",\"isPartOf\":{\"@id\":\"https:\/\/portaltela.pt\/#website\"},\"primaryImageOfPage\":{\"@id\":\"https:\/\/portaltela.pt\/noticias\/2026\/02\/18\/zelensky-acusa-trump-de-pressionar-a-ucrania-publicamente\/#primaryimage\"},\"image\":{\"@id\":\"https:\/\/portaltela.pt\/noticias\/2026\/02\/18\/zelensky-acusa-trump-de-pressionar-a-ucrania-publicamente\/#primaryimage\"},\"thumbnailUrl\":\"https:\/\/portaltela.pt\/s.01k8rhncp4jt1\/2026\/02\/2067961.jpg\",\"datePublished\":\"2026-02-18T10:40:00+00:00\",\"author\":{\"@id\":\"https:\/\/portaltela.pt\/#\/schema\/person\/c4278d4a6028830caff9ee44b42d32ed\"},\"breadcrumb\":{\"@id\":\"https:\/\/portaltela.pt\/noticias\/2026\/02\/18\/zelensky-acusa-trump-de-pressionar-a-ucrania-publicamente\/#breadcrumb\"},\"inLanguage\":\"pt-PT\",\"potentialAction\":[{\"@type\":\"ReadAction\",\"target\":[\"https:\/\/portaltela.pt\/noticias\/2026\/02\/18\/zelensky-acusa-trump-de-pressionar-a-ucrania-publicamente\/\"]}]},{\"@type\":\"ImageObject\",\"inLanguage\":\"pt-PT\",\"@id\":\"https:\/\/portaltela.pt\/noticias\/2026\/02\/18\/zelensky-acusa-trump-de-pressionar-a-ucrania-publicamente\/#primaryimage\",\"url\":\"https:\/\/portaltela.pt\/s.01k8rhncp4jt1\/2026\/02\/2067961.jpg\",\"contentUrl\":\"https:\/\/portaltela.pt\/s.01k8rhncp4jt1\/2026\/02\/2067961.jpg\",\"width\":796,\"height\":448,\"caption\":\"O Presidente da Ucr\u00e2nia, Volodymyr Zelensky, durante a sua interven\u00e7\u00e3o na Confer\u00eancia de Seguran\u00e7a de Munique, no dia 14 de Fevereiro\"},{\"@type\":\"BreadcrumbList\",\"@id\":\"https:\/\/portaltela.pt\/noticias\/2026\/02\/18\/zelensky-acusa-trump-de-pressionar-a-ucrania-publicamente\/#breadcrumb\",\"itemListElement\":[{\"@type\":\"ListItem\",\"position\":1,\"name\":\"In\u00edcio\",\"item\":\"https:\/\/portaltela.pt\/\"},{\"@type\":\"ListItem\",\"position\":2,\"name\":\"Zelensky acusa Trump de pressionar a Ucr\u00e2nia publicamente\"}]},{\"@type\":\"WebSite\",\"@id\":\"https:\/\/portaltela.pt\/#website\",\"url\":\"https:\/\/portaltela.pt\/\",\"name\":\"Portal Tela Portugal\",\"description\":\"\",\"potentialAction\":[{\"@type\":\"SearchAction\",\"target\":{\"@type\":\"EntryPoint\",\"urlTemplate\":\"https:\/\/portaltela.pt\/?s={search_term_string}\"},\"query-input\":{\"@type\":\"PropertyValueSpecification\",\"valueRequired\":true,\"valueName\":\"search_term_string\"}}],\"inLanguage\":\"pt-PT\"},{\"@type\":\"Person\",\"@id\":\"https:\/\/portaltela.pt\/#\/schema\/person\/c4278d4a6028830caff9ee44b42d32ed\",\"name\":\"Telinha\",\"image\":{\"@type\":\"ImageObject\",\"inLanguage\":\"pt-PT\",\"@id\":\"https:\/\/portaltela.pt\/s.01k8rhncp4jt1\/2025\/11\/talking-bot-125x125.png\",\"url\":\"https:\/\/portaltela.pt\/s.01k8rhncp4jt1\/2025\/11\/talking-bot-125x125.png\",\"contentUrl\":\"https:\/\/portaltela.pt\/s.01k8rhncp4jt1\/2025\/11\/talking-bot-125x125.png\",\"caption\":\"Telinha\"},\"sameAs\":[\"https:\/\/portaltela.pt\/\"],\"url\":\"https:\/\/portaltela.pt\/por\/367410592786\/\"}]}<\/script>\n<!-- \/ Yoast SEO plugin. -->","yoast_head_json":{"title":"Zelensky acusa Trump de pressionar a Ucr\u00e2nia publicamente - Portal Tela Portugal","robots":{"index":"index","follow":"follow","max-snippet":"max-snippet:-1","max-image-preview":"max-image-preview:large","max-video-preview":"max-video-preview:-1"},"og_locale":"pt_PT","og_type":"article","og_title":"Zelensky acusa Trump de pressionar a Ucr\u00e2nia publicamente - Portal Tela Portugal","og_description":"A segunda ronda de negocia\u00e7\u00f5es trilaterais entre Ucr\u00e2nia, R\u00fassia e Estados Unidos em Genebra realiza-se esta quarta-feira, ap\u00f3s ataques russos que causaram civis mortos e feridos em v\u00e1rias zonas da Ucr\u00e2nia. Steve Witkoff, um dos enviados de Joe Biden, afirmou no X que houve progressos significativos gra\u00e7as ao sucesso de Trump em reunir as duas partes. Zelensky disse \u00e0 Axios que a Ucr\u00e2nia n\u00e3o aceitar\u00e1 acordos de paz que envolvam a retirada unilateral do Donbass e pediu aos EUA para n\u00e3o pressionarem publicamente a Ucr\u00e2nia. O Presidente ucraniano tamb\u00e9m mencionou que procurou, em Genebra, um encontro cara a cara com Putin, e que uma zona desmilitarizada em Donetsk \u00e9 uma op\u00e7\u00e3o discutida, embora a R\u00fassia tenha recusado. Zelensky reiterou que as garantias de seguran\u00e7a s\u00e3o priorit\u00e1rias e que qualquer acordo deve ser referendado pelos ucranianos; uma retirada de cerca de 10% do Donbass sem garantias n\u00e3o seria aceite.","og_url":"https:\/\/portaltela.pt\/noticias\/2026\/02\/18\/zelensky-acusa-trump-de-pressionar-a-ucrania-publicamente\/","og_site_name":"Portal Tela Portugal","article_published_time":"2026-02-18T10:40:00+00:00","author":"Telinha","twitter_card":"summary_large_image","twitter_misc":{"Escrito por":"Telinha","Tempo estimado de leitura":"2 minutos"},"schema":{"@context":"https:\/\/schema.org","@graph":[{"@type":"Article","@id":"https:\/\/portaltela.pt\/noticias\/2026\/02\/18\/zelensky-acusa-trump-de-pressionar-a-ucrania-publicamente\/#article","isPartOf":{"@id":"https:\/\/portaltela.pt\/noticias\/2026\/02\/18\/zelensky-acusa-trump-de-pressionar-a-ucrania-publicamente\/"},"author":{"name":"Telinha","@id":"https:\/\/portaltela.pt\/#\/schema\/person\/c4278d4a6028830caff9ee44b42d32ed"},"headline":"Zelensky acusa Trump de pressionar a Ucr\u00e2nia publicamente","datePublished":"2026-02-18T10:40:00+00:00","mainEntityOfPage":{"@id":"https:\/\/portaltela.pt\/noticias\/2026\/02\/18\/zelensky-acusa-trump-de-pressionar-a-ucrania-publicamente\/"},"wordCount":380,"image":{"@id":"https:\/\/portaltela.pt\/noticias\/2026\/02\/18\/zelensky-acusa-trump-de-pressionar-a-ucrania-publicamente\/#primaryimage"},"thumbnailUrl":"https:\/\/portaltela.pt\/s.01k8rhncp4jt1\/2026\/02\/2067961.jpg","keywords":["Donald Trump","Donbass","garantias","negocia\u00e7\u00f5es internacionais","Territ\u00f3rio","Ucr\u00e2nia"],"articleSection":["Not\u00edcias"],"inLanguage":"pt-PT"},{"@type":"WebPage","@id":"https:\/\/portaltela.pt\/noticias\/2026\/02\/18\/zelensky-acusa-trump-de-pressionar-a-ucrania-publicamente\/","url":"https:\/\/portaltela.pt\/noticias\/2026\/02\/18\/zelensky-acusa-trump-de-pressionar-a-ucrania-publicamente\/","name":"Zelensky acusa Trump de pressionar a Ucr\u00e2nia publicamente - Portal Tela Portugal","isPartOf":{"@id":"https:\/\/portaltela.pt\/#website"},"primaryImageOfPage":{"@id":"https:\/\/portaltela.pt\/noticias\/2026\/02\/18\/zelensky-acusa-trump-de-pressionar-a-ucrania-publicamente\/#primaryimage"},"image":{"@id":"https:\/\/portaltela.pt\/noticias\/2026\/02\/18\/zelensky-acusa-trump-de-pressionar-a-ucrania-publicamente\/#primaryimage"},"thumbnailUrl":"https:\/\/portaltela.pt\/s.01k8rhncp4jt1\/2026\/02\/2067961.jpg","datePublished":"2026-02-18T10:40:00+00:00","author":{"@id":"https:\/\/portaltela.pt\/#\/schema\/person\/c4278d4a6028830caff9ee44b42d32ed"},"breadcrumb":{"@id":"https:\/\/portaltela.pt\/noticias\/2026\/02\/18\/zelensky-acusa-trump-de-pressionar-a-ucrania-publicamente\/#breadcrumb"},"inLanguage":"pt-PT","potentialAction":[{"@type":"ReadAction","target":["https:\/\/portaltela.pt\/noticias\/2026\/02\/18\/zelensky-acusa-trump-de-pressionar-a-ucrania-publicamente\/"]}]},{"@type":"ImageObject","inLanguage":"pt-PT","@id":"https:\/\/portaltela.pt\/noticias\/2026\/02\/18\/zelensky-acusa-trump-de-pressionar-a-ucrania-publicamente\/#primaryimage","url":"https:\/\/portaltela.pt\/s.01k8rhncp4jt1\/2026\/02\/2067961.jpg","contentUrl":"https:\/\/portaltela.pt\/s.01k8rhncp4jt1\/2026\/02\/2067961.jpg","width":796,"height":448,"caption":"O Presidente da Ucr\u00e2nia, Volodymyr Zelensky, durante a sua interven\u00e7\u00e3o na Confer\u00eancia de Seguran\u00e7a de Munique, no dia 14 de Fevereiro"},{"@type":"BreadcrumbList","@id":"https:\/\/portaltela.pt\/noticias\/2026\/02\/18\/zelensky-acusa-trump-de-pressionar-a-ucrania-publicamente\/#breadcrumb","itemListElement":[{"@type":"ListItem","position":1,"name":"In\u00edcio","item":"https:\/\/portaltela.pt\/"},{"@type":"ListItem","position":2,"name":"Zelensky acusa Trump de pressionar a Ucr\u00e2nia publicamente"}]},{"@type":"WebSite","@id":"https:\/\/portaltela.pt\/#website","url":"https:\/\/portaltela.pt\/","name":"Portal Tela Portugal","description":"","potentialAction":[{"@type":"SearchAction","target":{"@type":"EntryPoint","urlTemplate":"https:\/\/portaltela.pt\/?s={search_term_string}"},"query-input":{"@type":"PropertyValueSpecification","valueRequired":true,"valueName":"search_term_string"}}],"inLanguage":"pt-PT"},{"@type":"Person","@id":"https:\/\/portaltela.pt\/#\/schema\/person\/c4278d4a6028830caff9ee44b42d32ed","name":"Telinha","image":{"@type":"ImageObject","inLanguage":"pt-PT","@id":"https:\/\/portaltela.pt\/s.01k8rhncp4jt1\/2025\/11\/talking-bot-125x125.png","url":"https:\/\/portaltela.pt\/s.01k8rhncp4jt1\/2025\/11\/talking-bot-125x125.png","contentUrl":"https:\/\/portaltela.pt\/s.01k8rhncp4jt1\/2025\/11\/talking-bot-125x125.png","caption":"Telinha"},"sameAs":["https:\/\/portaltela.pt\/"],"url":"https:\/\/portaltela.pt\/por\/367410592786\/"}]}},"_links":{"self":[{"href":"https:\/\/portaltela.pt\/api\/wp\/v2\/posts\/215642","targetHints":{"allow":["GET"]}}],"collection":[{"href":"https:\/\/portaltela.pt\/api\/wp\/v2\/posts"}],"about":[{"href":"https:\/\/portaltela.pt\/api\/wp\/v2\/types\/post"}],"author":[{"embeddable":true,"href":"https:\/\/portaltela.pt\/api\/wp\/v2\/users\/2"}],"replies":[{"embeddable":true,"href":"https:\/\/portaltela.pt\/api\/wp\/v2\/comments?post=215642"}],"version-history":[{"count":0,"href":"https:\/\/portaltela.pt\/api\/wp\/v2\/posts\/215642\/revisions"}],"wp:featuredmedia":[{"embeddable":true,"href":"https:\/\/portaltela.pt\/api\/wp\/v2\/media\/215645"}],"wp:attachment":[{"href":"https:\/\/portaltela.pt\/api\/wp\/v2\/media?parent=215642"}],"wp:term":[{"taxonomy":"category","embeddable":true,"href":"https:\/\/portaltela.pt\/api\/wp\/v2\/categories?post=215642"},{"taxonomy":"post_tag","embeddable":true,"href":"https:\/\/portaltela.pt\/api\/wp\/v2\/tags?post=215642"}],"curies":[{"name":"wp","href":"https:\/\/api.w.org\/{rel}","templated":true}]}}