{"id":215638,"date":"2026-02-18T07:50:00","date_gmt":"2026-02-18T10:50:00","guid":{"rendered":"https:\/\/portaltela.pt\/noticias\/2026\/02\/18\/paquistanes-burlao-detido-no-aeroporto-de-lisboa\/"},"modified":"2026-02-18T07:50:00","modified_gmt":"2026-02-18T10:50:00","slug":"paquistanes-burlao-detido-no-aeroporto-de-lisboa","status":"publish","type":"post","link":"https:\/\/portaltela.pt\/noticias\/2026\/02\/18\/paquistanes-burlao-detido-no-aeroporto-de-lisboa\/","title":{"rendered":"Paquistan\u00eas burl\u00e3o detido no aeroporto de Lisboa"},"content":{"rendered":"<p>Um paquistan\u00eas de 33 anos foi detido no Aeroporto Humberto Delgado, em Lisboa, pela PSP, por estar procurado para cumprir pena na Rom\u00e9nia. Cometeu burla, uso de documento falso e condu\u00e7\u00e3o sem carta.<\/p>\n<p>Segundo a PSP, a pena total \u00e9 de 3 anos, 6 meses e 10 dias, com mandado de deten\u00e7\u00e3o europeu. A deten\u00e7\u00e3o ocorreu durante a\u00e7\u00f5es de controlo fronteiri\u00e7o realizadas pela Divis\u00e3o de Seguran\u00e7a Aeroportu\u00e1ria e Controlo Fronteiri\u00e7o.<\/p>\n<p>A identidade do visado foi confirmada e a validade do mandado pendente foi verificada, garantem as autoridades. O detido foi apresentado ao Tribunal da Rela\u00e7\u00e3o de Lisboa na quarta-feira.<\/p>\n","protected":false},"excerpt":{"rendered":"<ul>\n<li>Um paquistan\u00eas de 33 anos foi detido pela PSP no aeroporto de Lisboa, Humberto Delgado, por cumprir um mandado de deten\u00e7\u00e3o europeu para cumprir pena na Rom\u00e9nia.<\/li>\n<li>A condena\u00e7\u00e3o \u00e9 de tr\u00eas anos, seis meses e dez dias de pris\u00e3o, pelos crimes de burla, uso de documento falso e condu\u00e7\u00e3o sem carta.<\/li>\n<li>A deten\u00e7\u00e3o ocorreu no \u00e2mbito dos controlos fronteiri\u00e7os, com a identifica\u00e7\u00e3o do visado e a confirma\u00e7\u00e3o da validade do mandado pendente.<\/li>\n<li>O detido foi apresentado ao Tribunal da Rela\u00e7\u00e3o de Lisboa na quarta-feira.<\/li>\n<\/ul>\n","protected":false},"author":2,"featured_media":215641,"comment_status":"closed","ping_status":"closed","sticky":false,"template":"","format":"standard","meta":{"footnotes":""},"categories":[1],"tags":[3302,583,4139,260,1014,1486],"class_list":["post-215638","post","type-post","status-publish","format-standard","has-post-thumbnail","hentry","category-noticias","tag-aeroportos","tag-conducao-sem-carta","tag-detencao","tag-falsificacao-de-documentos","tag-portugal","tag-romenia"],"yoast_head":"<!-- This site is optimized with the Yoast SEO plugin v27.2 - https:\/\/yoast.com\/product\/yoast-seo-wordpress\/ -->\n<title>Paquistan\u00eas burl\u00e3o detido no aeroporto de Lisboa - Portal Tela Portugal<\/title>\n<meta name=\"robots\" content=\"index, follow, max-snippet:-1, max-image-preview:large, max-video-preview:-1\" \/>\n<meta property=\"og:locale\" content=\"pt_PT\" \/>\n<meta property=\"og:type\" content=\"article\" \/>\n<meta property=\"og:title\" content=\"Paquistan\u00eas burl\u00e3o detido no aeroporto de Lisboa - Portal Tela Portugal\" \/>\n<meta property=\"og:description\" content=\"Um paquistan\u00eas de 33 anos foi detido pela PSP no aeroporto de Lisboa, Humberto Delgado, por cumprir um mandado de deten\u00e7\u00e3o europeu para cumprir pena na Rom\u00e9nia. A condena\u00e7\u00e3o \u00e9 de tr\u00eas anos, seis meses e dez dias de pris\u00e3o, pelos crimes de burla, uso de documento falso e condu\u00e7\u00e3o sem carta. A deten\u00e7\u00e3o ocorreu no \u00e2mbito dos controlos fronteiri\u00e7os, com a identifica\u00e7\u00e3o do visado e a confirma\u00e7\u00e3o da validade do mandado pendente. O detido foi apresentado ao Tribunal da Rela\u00e7\u00e3o de Lisboa na quarta-feira.\" \/>\n<meta property=\"og:url\" content=\"https:\/\/portaltela.pt\/noticias\/2026\/02\/18\/paquistanes-burlao-detido-no-aeroporto-de-lisboa\/\" \/>\n<meta property=\"og:site_name\" content=\"Portal Tela Portugal\" \/>\n<meta property=\"article:published_time\" content=\"2026-02-18T10:50:00+00:00\" \/>\n<meta name=\"author\" content=\"Telinha\" \/>\n<meta name=\"twitter:card\" content=\"summary_large_image\" \/>\n<meta name=\"twitter:label1\" content=\"Escrito por\" \/>\n\t<meta name=\"twitter:data1\" content=\"Telinha\" \/>\n\t<meta name=\"twitter:label2\" content=\"Tempo estimado de leitura\" \/>\n\t<meta name=\"twitter:data2\" content=\"1 minuto\" \/>\n<script type=\"application\/ld+json\" class=\"yoast-schema-graph\">{\"@context\":\"https:\/\/schema.org\",\"@graph\":[{\"@type\":\"Article\",\"@id\":\"https:\/\/portaltela.pt\/noticias\/2026\/02\/18\/paquistanes-burlao-detido-no-aeroporto-de-lisboa\/#article\",\"isPartOf\":{\"@id\":\"https:\/\/portaltela.pt\/noticias\/2026\/02\/18\/paquistanes-burlao-detido-no-aeroporto-de-lisboa\/\"},\"author\":{\"name\":\"Telinha\",\"@id\":\"https:\/\/portaltela.pt\/#\/schema\/person\/c4278d4a6028830caff9ee44b42d32ed\"},\"headline\":\"Paquistan\u00eas burl\u00e3o detido no aeroporto de Lisboa\",\"datePublished\":\"2026-02-18T10:50:00+00:00\",\"mainEntityOfPage\":{\"@id\":\"https:\/\/portaltela.pt\/noticias\/2026\/02\/18\/paquistanes-burlao-detido-no-aeroporto-de-lisboa\/\"},\"wordCount\":115,\"image\":{\"@id\":\"https:\/\/portaltela.pt\/noticias\/2026\/02\/18\/paquistanes-burlao-detido-no-aeroporto-de-lisboa\/#primaryimage\"},\"thumbnailUrl\":\"https:\/\/portaltela.pt\/s.01k8rhncp4jt1\/2026\/02\/img_1500x1000uu2024-05-04-21-07-27-1646139-3.jpg\",\"keywords\":[\"aeroportos\",\"condu\u00e7\u00e3o sem carta\",\"deten\u00e7\u00e3o\",\"falsifica\u00e7\u00e3o de documentos\",\"Portugal\",\"Rom\u00e9nia\"],\"articleSection\":[\"Not\u00edcias\"],\"inLanguage\":\"pt-PT\"},{\"@type\":\"WebPage\",\"@id\":\"https:\/\/portaltela.pt\/noticias\/2026\/02\/18\/paquistanes-burlao-detido-no-aeroporto-de-lisboa\/\",\"url\":\"https:\/\/portaltela.pt\/noticias\/2026\/02\/18\/paquistanes-burlao-detido-no-aeroporto-de-lisboa\/\",\"name\":\"Paquistan\u00eas burl\u00e3o detido no aeroporto de Lisboa - Portal Tela Portugal\",\"isPartOf\":{\"@id\":\"https:\/\/portaltela.pt\/#website\"},\"primaryImageOfPage\":{\"@id\":\"https:\/\/portaltela.pt\/noticias\/2026\/02\/18\/paquistanes-burlao-detido-no-aeroporto-de-lisboa\/#primaryimage\"},\"image\":{\"@id\":\"https:\/\/portaltela.pt\/noticias\/2026\/02\/18\/paquistanes-burlao-detido-no-aeroporto-de-lisboa\/#primaryimage\"},\"thumbnailUrl\":\"https:\/\/portaltela.pt\/s.01k8rhncp4jt1\/2026\/02\/img_1500x1000uu2024-05-04-21-07-27-1646139-3.jpg\",\"datePublished\":\"2026-02-18T10:50:00+00:00\",\"author\":{\"@id\":\"https:\/\/portaltela.pt\/#\/schema\/person\/c4278d4a6028830caff9ee44b42d32ed\"},\"breadcrumb\":{\"@id\":\"https:\/\/portaltela.pt\/noticias\/2026\/02\/18\/paquistanes-burlao-detido-no-aeroporto-de-lisboa\/#breadcrumb\"},\"inLanguage\":\"pt-PT\",\"potentialAction\":[{\"@type\":\"ReadAction\",\"target\":[\"https:\/\/portaltela.pt\/noticias\/2026\/02\/18\/paquistanes-burlao-detido-no-aeroporto-de-lisboa\/\"]}]},{\"@type\":\"ImageObject\",\"inLanguage\":\"pt-PT\",\"@id\":\"https:\/\/portaltela.pt\/noticias\/2026\/02\/18\/paquistanes-burlao-detido-no-aeroporto-de-lisboa\/#primaryimage\",\"url\":\"https:\/\/portaltela.pt\/s.01k8rhncp4jt1\/2026\/02\/img_1500x1000uu2024-05-04-21-07-27-1646139-3.jpg\",\"contentUrl\":\"https:\/\/portaltela.pt\/s.01k8rhncp4jt1\/2026\/02\/img_1500x1000uu2024-05-04-21-07-27-1646139-3.jpg\",\"width\":796,\"height\":448,\"caption\":\"PSP no Aeroporto\"},{\"@type\":\"BreadcrumbList\",\"@id\":\"https:\/\/portaltela.pt\/noticias\/2026\/02\/18\/paquistanes-burlao-detido-no-aeroporto-de-lisboa\/#breadcrumb\",\"itemListElement\":[{\"@type\":\"ListItem\",\"position\":1,\"name\":\"In\u00edcio\",\"item\":\"https:\/\/portaltela.pt\/\"},{\"@type\":\"ListItem\",\"position\":2,\"name\":\"Paquistan\u00eas burl\u00e3o detido no aeroporto de Lisboa\"}]},{\"@type\":\"WebSite\",\"@id\":\"https:\/\/portaltela.pt\/#website\",\"url\":\"https:\/\/portaltela.pt\/\",\"name\":\"Portal Tela Portugal\",\"description\":\"\",\"potentialAction\":[{\"@type\":\"SearchAction\",\"target\":{\"@type\":\"EntryPoint\",\"urlTemplate\":\"https:\/\/portaltela.pt\/?s={search_term_string}\"},\"query-input\":{\"@type\":\"PropertyValueSpecification\",\"valueRequired\":true,\"valueName\":\"search_term_string\"}}],\"inLanguage\":\"pt-PT\"},{\"@type\":\"Person\",\"@id\":\"https:\/\/portaltela.pt\/#\/schema\/person\/c4278d4a6028830caff9ee44b42d32ed\",\"name\":\"Telinha\",\"image\":{\"@type\":\"ImageObject\",\"inLanguage\":\"pt-PT\",\"@id\":\"https:\/\/portaltela.pt\/s.01k8rhncp4jt1\/2025\/11\/talking-bot-125x125.png\",\"url\":\"https:\/\/portaltela.pt\/s.01k8rhncp4jt1\/2025\/11\/talking-bot-125x125.png\",\"contentUrl\":\"https:\/\/portaltela.pt\/s.01k8rhncp4jt1\/2025\/11\/talking-bot-125x125.png\",\"caption\":\"Telinha\"},\"sameAs\":[\"https:\/\/portaltela.pt\/\"],\"url\":\"https:\/\/portaltela.pt\/por\/367410592786\/\"}]}<\/script>\n<!-- \/ Yoast SEO plugin. -->","yoast_head_json":{"title":"Paquistan\u00eas burl\u00e3o detido no aeroporto de Lisboa - Portal Tela Portugal","robots":{"index":"index","follow":"follow","max-snippet":"max-snippet:-1","max-image-preview":"max-image-preview:large","max-video-preview":"max-video-preview:-1"},"og_locale":"pt_PT","og_type":"article","og_title":"Paquistan\u00eas burl\u00e3o detido no aeroporto de Lisboa - Portal Tela Portugal","og_description":"Um paquistan\u00eas de 33 anos foi detido pela PSP no aeroporto de Lisboa, Humberto Delgado, por cumprir um mandado de deten\u00e7\u00e3o europeu para cumprir pena na Rom\u00e9nia. A condena\u00e7\u00e3o \u00e9 de tr\u00eas anos, seis meses e dez dias de pris\u00e3o, pelos crimes de burla, uso de documento falso e condu\u00e7\u00e3o sem carta. A deten\u00e7\u00e3o ocorreu no \u00e2mbito dos controlos fronteiri\u00e7os, com a identifica\u00e7\u00e3o do visado e a confirma\u00e7\u00e3o da validade do mandado pendente. O detido foi apresentado ao Tribunal da Rela\u00e7\u00e3o de Lisboa na quarta-feira.","og_url":"https:\/\/portaltela.pt\/noticias\/2026\/02\/18\/paquistanes-burlao-detido-no-aeroporto-de-lisboa\/","og_site_name":"Portal Tela Portugal","article_published_time":"2026-02-18T10:50:00+00:00","author":"Telinha","twitter_card":"summary_large_image","twitter_misc":{"Escrito por":"Telinha","Tempo estimado de leitura":"1 minuto"},"schema":{"@context":"https:\/\/schema.org","@graph":[{"@type":"Article","@id":"https:\/\/portaltela.pt\/noticias\/2026\/02\/18\/paquistanes-burlao-detido-no-aeroporto-de-lisboa\/#article","isPartOf":{"@id":"https:\/\/portaltela.pt\/noticias\/2026\/02\/18\/paquistanes-burlao-detido-no-aeroporto-de-lisboa\/"},"author":{"name":"Telinha","@id":"https:\/\/portaltela.pt\/#\/schema\/person\/c4278d4a6028830caff9ee44b42d32ed"},"headline":"Paquistan\u00eas burl\u00e3o detido no aeroporto de Lisboa","datePublished":"2026-02-18T10:50:00+00:00","mainEntityOfPage":{"@id":"https:\/\/portaltela.pt\/noticias\/2026\/02\/18\/paquistanes-burlao-detido-no-aeroporto-de-lisboa\/"},"wordCount":115,"image":{"@id":"https:\/\/portaltela.pt\/noticias\/2026\/02\/18\/paquistanes-burlao-detido-no-aeroporto-de-lisboa\/#primaryimage"},"thumbnailUrl":"https:\/\/portaltela.pt\/s.01k8rhncp4jt1\/2026\/02\/img_1500x1000uu2024-05-04-21-07-27-1646139-3.jpg","keywords":["aeroportos","condu\u00e7\u00e3o sem carta","deten\u00e7\u00e3o","falsifica\u00e7\u00e3o de documentos","Portugal","Rom\u00e9nia"],"articleSection":["Not\u00edcias"],"inLanguage":"pt-PT"},{"@type":"WebPage","@id":"https:\/\/portaltela.pt\/noticias\/2026\/02\/18\/paquistanes-burlao-detido-no-aeroporto-de-lisboa\/","url":"https:\/\/portaltela.pt\/noticias\/2026\/02\/18\/paquistanes-burlao-detido-no-aeroporto-de-lisboa\/","name":"Paquistan\u00eas burl\u00e3o detido no aeroporto de Lisboa - Portal Tela Portugal","isPartOf":{"@id":"https:\/\/portaltela.pt\/#website"},"primaryImageOfPage":{"@id":"https:\/\/portaltela.pt\/noticias\/2026\/02\/18\/paquistanes-burlao-detido-no-aeroporto-de-lisboa\/#primaryimage"},"image":{"@id":"https:\/\/portaltela.pt\/noticias\/2026\/02\/18\/paquistanes-burlao-detido-no-aeroporto-de-lisboa\/#primaryimage"},"thumbnailUrl":"https:\/\/portaltela.pt\/s.01k8rhncp4jt1\/2026\/02\/img_1500x1000uu2024-05-04-21-07-27-1646139-3.jpg","datePublished":"2026-02-18T10:50:00+00:00","author":{"@id":"https:\/\/portaltela.pt\/#\/schema\/person\/c4278d4a6028830caff9ee44b42d32ed"},"breadcrumb":{"@id":"https:\/\/portaltela.pt\/noticias\/2026\/02\/18\/paquistanes-burlao-detido-no-aeroporto-de-lisboa\/#breadcrumb"},"inLanguage":"pt-PT","potentialAction":[{"@type":"ReadAction","target":["https:\/\/portaltela.pt\/noticias\/2026\/02\/18\/paquistanes-burlao-detido-no-aeroporto-de-lisboa\/"]}]},{"@type":"ImageObject","inLanguage":"pt-PT","@id":"https:\/\/portaltela.pt\/noticias\/2026\/02\/18\/paquistanes-burlao-detido-no-aeroporto-de-lisboa\/#primaryimage","url":"https:\/\/portaltela.pt\/s.01k8rhncp4jt1\/2026\/02\/img_1500x1000uu2024-05-04-21-07-27-1646139-3.jpg","contentUrl":"https:\/\/portaltela.pt\/s.01k8rhncp4jt1\/2026\/02\/img_1500x1000uu2024-05-04-21-07-27-1646139-3.jpg","width":796,"height":448,"caption":"PSP no Aeroporto"},{"@type":"BreadcrumbList","@id":"https:\/\/portaltela.pt\/noticias\/2026\/02\/18\/paquistanes-burlao-detido-no-aeroporto-de-lisboa\/#breadcrumb","itemListElement":[{"@type":"ListItem","position":1,"name":"In\u00edcio","item":"https:\/\/portaltela.pt\/"},{"@type":"ListItem","position":2,"name":"Paquistan\u00eas burl\u00e3o detido no aeroporto de Lisboa"}]},{"@type":"WebSite","@id":"https:\/\/portaltela.pt\/#website","url":"https:\/\/portaltela.pt\/","name":"Portal Tela Portugal","description":"","potentialAction":[{"@type":"SearchAction","target":{"@type":"EntryPoint","urlTemplate":"https:\/\/portaltela.pt\/?s={search_term_string}"},"query-input":{"@type":"PropertyValueSpecification","valueRequired":true,"valueName":"search_term_string"}}],"inLanguage":"pt-PT"},{"@type":"Person","@id":"https:\/\/portaltela.pt\/#\/schema\/person\/c4278d4a6028830caff9ee44b42d32ed","name":"Telinha","image":{"@type":"ImageObject","inLanguage":"pt-PT","@id":"https:\/\/portaltela.pt\/s.01k8rhncp4jt1\/2025\/11\/talking-bot-125x125.png","url":"https:\/\/portaltela.pt\/s.01k8rhncp4jt1\/2025\/11\/talking-bot-125x125.png","contentUrl":"https:\/\/portaltela.pt\/s.01k8rhncp4jt1\/2025\/11\/talking-bot-125x125.png","caption":"Telinha"},"sameAs":["https:\/\/portaltela.pt\/"],"url":"https:\/\/portaltela.pt\/por\/367410592786\/"}]}},"_links":{"self":[{"href":"https:\/\/portaltela.pt\/api\/wp\/v2\/posts\/215638","targetHints":{"allow":["GET"]}}],"collection":[{"href":"https:\/\/portaltela.pt\/api\/wp\/v2\/posts"}],"about":[{"href":"https:\/\/portaltela.pt\/api\/wp\/v2\/types\/post"}],"author":[{"embeddable":true,"href":"https:\/\/portaltela.pt\/api\/wp\/v2\/users\/2"}],"replies":[{"embeddable":true,"href":"https:\/\/portaltela.pt\/api\/wp\/v2\/comments?post=215638"}],"version-history":[{"count":0,"href":"https:\/\/portaltela.pt\/api\/wp\/v2\/posts\/215638\/revisions"}],"wp:featuredmedia":[{"embeddable":true,"href":"https:\/\/portaltela.pt\/api\/wp\/v2\/media\/215641"}],"wp:attachment":[{"href":"https:\/\/portaltela.pt\/api\/wp\/v2\/media?parent=215638"}],"wp:term":[{"taxonomy":"category","embeddable":true,"href":"https:\/\/portaltela.pt\/api\/wp\/v2\/categories?post=215638"},{"taxonomy":"post_tag","embeddable":true,"href":"https:\/\/portaltela.pt\/api\/wp\/v2\/tags?post=215638"}],"curies":[{"name":"wp","href":"https:\/\/api.w.org\/{rel}","templated":true}]}}