{"id":215621,"date":"2026-02-18T07:35:00","date_gmt":"2026-02-18T10:35:00","guid":{"rendered":"https:\/\/portaltela.pt\/noticias\/2026\/02\/18\/se-de-leiria-reabre-em-celebracao-as-vitimas-do-mau-tempo\/"},"modified":"2026-02-18T07:35:00","modified_gmt":"2026-02-18T10:35:00","slug":"se-de-leiria-reabre-em-celebracao-as-vitimas-do-mau-tempo","status":"publish","type":"post","link":"https:\/\/portaltela.pt\/noticias\/2026\/02\/18\/se-de-leiria-reabre-em-celebracao-as-vitimas-do-mau-tempo\/","title":{"rendered":"S\u00e9 de Leiria reabre em celebra\u00e7\u00e3o \u00e0s v\u00edtimas do mau tempo"},"content":{"rendered":"<p>A S\u00e9 de Leiria reabre esta quarta-feira com uma celebra\u00e7\u00e3o dedicada \u00e0s v\u00edtimas do mau tempo que atingiu a Diocese de Leiria-F\u00e1tima tr\u00eas semanas atr\u00e1s, ap\u00f3s a depress\u00e3o Kristin. O evento come\u00e7a \u00e0s 21h, no Largo do Papa, e inclui uma prociss\u00e3o de velas com a imagem de Nossa Senhora da Encarna\u00e7\u00e3o.<\/p>\n<p>A imagem ser\u00e1 conduzida at\u00e9 \u00e0 S\u00e9 de Leiria, onde ficar\u00e1 entronizada na Catedral e ficar\u00e1 para venera\u00e7\u00e3o at\u00e9 regressar ao santu\u00e1rio. Seguir\u00e1 uma Eucaristia com o rito da imposi\u00e7\u00e3o das cinzas, marcando o in\u00edcio da Quaresma.<\/p>\n<p>Tradicionalmente, a Quarta-feira de Cinzas em Leiria decorre no Santu\u00e1rio de Nossa Senhora da Encarna\u00e7\u00e3o. Contudo, os danos da tempestade destru\u00edram parte daquele edif\u00edcio, levando \u00e0 transfer\u00eancia da celebra\u00e7\u00e3o para a catedral diocesana.<\/p>\n<p>A C\u00e2mara de Leiria associa-se a esta celebra\u00e7\u00e3o, em mem\u00f3ria das v\u00edtimas, reunindo a comunidade diocesana e a cidade num momento de ora\u00e7\u00e3o. A diocese mant\u00e9m o foco na recupera\u00e7\u00e3o e uni\u00e3o comunit\u00e1ria.<\/p>\n<h3>Interven\u00e7\u00e3o no Santu\u00e1rio de Encarna\u00e7\u00e3o<\/h3>\n<p>No in\u00edcio do m\u00eas, a diocese avan\u00e7ou com contactos para a recupera\u00e7\u00e3o do Santu\u00e1rio, que sofreu danos graves, incluindo o desabamento do telhado e do campan\u00e1rio. O patrim\u00f3nio encontra-se em risco devido \u00e0s pinturas e ex-votos do s\u00e9culo XVI.<\/p>\n<p>O Instituto Patrim\u00f3nio Cultural anunciou uma interven\u00e7\u00e3o de urg\u00eancia na Capela de Nossa Senhora da Encarna\u00e7\u00e3o, classificada como Monumento de Interesse P\u00fablico desde 1982. A obra de remo\u00e7\u00e3o e montagem do telhado tem prazo de 35 dias.<\/p>\n<p>O custo da interven\u00e7\u00e3o fica assegurado por meio do Fundo de Salvaguarda do Patrim\u00f3nio Cultural, com adjudica\u00e7\u00e3o de 59.452,18 euros, num procedimento de extrema urg\u00eancia. A opera\u00e7\u00e3o visa salvaguardar o patrim\u00f3nio hist\u00f3rico e art\u00edstico.<\/p>\n","protected":false},"excerpt":{"rendered":"<ul>\n<li>A S\u00e9 de Leiria reabre nesta quarta-feira com uma celebra\u00e7\u00e3o pelas v\u00edtimas do mau tempo, tr\u00eas semanas depois da depress\u00e3o Kristin atingir a Diocese de Leiria-F\u00e1tima; o in\u00edcio est\u00e1 marcado para as 21h no Largo do Papa, com uma prociss\u00e3o de velas at\u00e9 \u00e0 S\u00e9.<\/li>\n<li>A imagem de Nossa Senhora da Encarna\u00e7\u00e3o ser\u00e1 entronizada na Catedral, permanecendo para venera\u00e7\u00e3o at\u00e9 regressar ao santu\u00e1rio; depois, celebra-se a Eucaristia com o rito da imposi\u00e7\u00e3o das cinzas, a abrir a Quaresma.<\/li>\n<li>A celebra\u00e7\u00e3o substitui a tradicional Quarta-feira de Cinzas no Santu\u00e1rio, devido aos danos causados pela tempestade que destru\u00edu parte daquele edif\u00edcio; a S\u00e9 esteve encerrada.<\/li>\n<li>A C\u00e2mara de Leiria associa-se \u00e0 celebra\u00e7\u00e3o como momento de mem\u00f3ria \u00e0s v\u00edtimas, reunindo a comunidade diocesana e a cidade.<\/li>\n<li>O Santu\u00e1rio sofreu danos graves com o colapso do telhado e do campan\u00e1rio; a capela, classificada como Monumento de Interesse P\u00fablico, tem interven\u00e7\u00e3o urgente com or\u00e7amento de 59.452,18 euros, prevista para 35 dias, financiada pelo Fundo de Salvaguarda do Patrim\u00f3nio Cultural.<\/li>\n<\/ul>\n","protected":false},"author":2,"featured_media":215626,"comment_status":"closed","ping_status":"closed","sticky":false,"template":"","format":"standard","meta":{"footnotes":""},"categories":[1],"tags":[5449,5215,145,1385,1175,5285],"class_list":["post-215621","post","type-post","status-publish","format-standard","has-post-thumbnail","hentry","category-noticias","tag-camara-municipal","tag-catastrofes-naturais","tag-cultura","tag-leiria","tag-patrimonio-cultural","tag-patrimonio-cultural-instituto-publico"],"yoast_head":"<!-- This site is optimized with the Yoast SEO plugin v27.2 - https:\/\/yoast.com\/product\/yoast-seo-wordpress\/ -->\n<title>S\u00e9 de Leiria reabre em celebra\u00e7\u00e3o \u00e0s v\u00edtimas do mau tempo - Portal Tela Portugal<\/title>\n<meta name=\"robots\" content=\"index, follow, max-snippet:-1, max-image-preview:large, max-video-preview:-1\" \/>\n<meta property=\"og:locale\" content=\"pt_PT\" \/>\n<meta property=\"og:type\" content=\"article\" \/>\n<meta property=\"og:title\" content=\"S\u00e9 de Leiria reabre em celebra\u00e7\u00e3o \u00e0s v\u00edtimas do mau tempo - Portal Tela Portugal\" \/>\n<meta property=\"og:description\" content=\"A S\u00e9 de Leiria reabre nesta quarta-feira com uma celebra\u00e7\u00e3o pelas v\u00edtimas do mau tempo, tr\u00eas semanas depois da depress\u00e3o Kristin atingir a Diocese de Leiria-F\u00e1tima; o in\u00edcio est\u00e1 marcado para as 21h no Largo do Papa, com uma prociss\u00e3o de velas at\u00e9 \u00e0 S\u00e9. A imagem de Nossa Senhora da Encarna\u00e7\u00e3o ser\u00e1 entronizada na Catedral, permanecendo para venera\u00e7\u00e3o at\u00e9 regressar ao santu\u00e1rio; depois, celebra-se a Eucaristia com o rito da imposi\u00e7\u00e3o das cinzas, a abrir a Quaresma. A celebra\u00e7\u00e3o substitui a tradicional Quarta-feira de Cinzas no Santu\u00e1rio, devido aos danos causados pela tempestade que destru\u00edu parte daquele edif\u00edcio; a S\u00e9 esteve encerrada. A C\u00e2mara de Leiria associa-se \u00e0 celebra\u00e7\u00e3o como momento de mem\u00f3ria \u00e0s v\u00edtimas, reunindo a comunidade diocesana e a cidade. O Santu\u00e1rio sofreu danos graves com o colapso do telhado e do campan\u00e1rio; a capela, classificada como Monumento de Interesse P\u00fablico, tem interven\u00e7\u00e3o urgente com or\u00e7amento de 59.452,18 euros, prevista para 35 dias, financiada pelo Fundo de Salvaguarda do Patrim\u00f3nio Cultural.\" \/>\n<meta property=\"og:url\" content=\"https:\/\/portaltela.pt\/noticias\/2026\/02\/18\/se-de-leiria-reabre-em-celebracao-as-vitimas-do-mau-tempo\/\" \/>\n<meta property=\"og:site_name\" content=\"Portal Tela Portugal\" \/>\n<meta property=\"article:published_time\" content=\"2026-02-18T10:35:00+00:00\" \/>\n<meta name=\"author\" content=\"Telinha\" \/>\n<meta name=\"twitter:card\" content=\"summary_large_image\" \/>\n<meta name=\"twitter:label1\" content=\"Escrito por\" \/>\n\t<meta name=\"twitter:data1\" content=\"Telinha\" \/>\n\t<meta name=\"twitter:label2\" content=\"Tempo estimado de leitura\" \/>\n\t<meta name=\"twitter:data2\" content=\"2 minutos\" \/>\n<script type=\"application\/ld+json\" class=\"yoast-schema-graph\">{\"@context\":\"https:\/\/schema.org\",\"@graph\":[{\"@type\":\"Article\",\"@id\":\"https:\/\/portaltela.pt\/noticias\/2026\/02\/18\/se-de-leiria-reabre-em-celebracao-as-vitimas-do-mau-tempo\/#article\",\"isPartOf\":{\"@id\":\"https:\/\/portaltela.pt\/noticias\/2026\/02\/18\/se-de-leiria-reabre-em-celebracao-as-vitimas-do-mau-tempo\/\"},\"author\":{\"name\":\"Telinha\",\"@id\":\"https:\/\/portaltela.pt\/#\/schema\/person\/c4278d4a6028830caff9ee44b42d32ed\"},\"headline\":\"S\u00e9 de Leiria reabre em celebra\u00e7\u00e3o \u00e0s v\u00edtimas do mau tempo\",\"datePublished\":\"2026-02-18T10:35:00+00:00\",\"mainEntityOfPage\":{\"@id\":\"https:\/\/portaltela.pt\/noticias\/2026\/02\/18\/se-de-leiria-reabre-em-celebracao-as-vitimas-do-mau-tempo\/\"},\"wordCount\":332,\"image\":{\"@id\":\"https:\/\/portaltela.pt\/noticias\/2026\/02\/18\/se-de-leiria-reabre-em-celebracao-as-vitimas-do-mau-tempo\/#primaryimage\"},\"thumbnailUrl\":\"https:\/\/portaltela.pt\/s.01k8rhncp4jt1\/2026\/02\/image-1307.jpg\",\"keywords\":[\"C\u00e2mara Municipal\",\"cat\u00e1strofes naturais\",\"cultura\",\"Leiria\",\"Patrim\u00f3nio Cultural\",\"Patrim\u00f3nio Cultural \u2013 Instituto P\u00fablico\"],\"articleSection\":[\"Not\u00edcias\"],\"inLanguage\":\"pt-PT\"},{\"@type\":\"WebPage\",\"@id\":\"https:\/\/portaltela.pt\/noticias\/2026\/02\/18\/se-de-leiria-reabre-em-celebracao-as-vitimas-do-mau-tempo\/\",\"url\":\"https:\/\/portaltela.pt\/noticias\/2026\/02\/18\/se-de-leiria-reabre-em-celebracao-as-vitimas-do-mau-tempo\/\",\"name\":\"S\u00e9 de Leiria reabre em celebra\u00e7\u00e3o \u00e0s v\u00edtimas do mau tempo - Portal Tela Portugal\",\"isPartOf\":{\"@id\":\"https:\/\/portaltela.pt\/#website\"},\"primaryImageOfPage\":{\"@id\":\"https:\/\/portaltela.pt\/noticias\/2026\/02\/18\/se-de-leiria-reabre-em-celebracao-as-vitimas-do-mau-tempo\/#primaryimage\"},\"image\":{\"@id\":\"https:\/\/portaltela.pt\/noticias\/2026\/02\/18\/se-de-leiria-reabre-em-celebracao-as-vitimas-do-mau-tempo\/#primaryimage\"},\"thumbnailUrl\":\"https:\/\/portaltela.pt\/s.01k8rhncp4jt1\/2026\/02\/image-1307.jpg\",\"datePublished\":\"2026-02-18T10:35:00+00:00\",\"author\":{\"@id\":\"https:\/\/portaltela.pt\/#\/schema\/person\/c4278d4a6028830caff9ee44b42d32ed\"},\"breadcrumb\":{\"@id\":\"https:\/\/portaltela.pt\/noticias\/2026\/02\/18\/se-de-leiria-reabre-em-celebracao-as-vitimas-do-mau-tempo\/#breadcrumb\"},\"inLanguage\":\"pt-PT\",\"potentialAction\":[{\"@type\":\"ReadAction\",\"target\":[\"https:\/\/portaltela.pt\/noticias\/2026\/02\/18\/se-de-leiria-reabre-em-celebracao-as-vitimas-do-mau-tempo\/\"]}]},{\"@type\":\"ImageObject\",\"inLanguage\":\"pt-PT\",\"@id\":\"https:\/\/portaltela.pt\/noticias\/2026\/02\/18\/se-de-leiria-reabre-em-celebracao-as-vitimas-do-mau-tempo\/#primaryimage\",\"url\":\"https:\/\/portaltela.pt\/s.01k8rhncp4jt1\/2026\/02\/image-1307.jpg\",\"contentUrl\":\"https:\/\/portaltela.pt\/s.01k8rhncp4jt1\/2026\/02\/image-1307.jpg\",\"width\":796,\"height\":448,\"caption\":\"Eucaristia ser\u00e1 presidida pelo bispo diocesano, Jos\u00e9 Ornelas\"},{\"@type\":\"BreadcrumbList\",\"@id\":\"https:\/\/portaltela.pt\/noticias\/2026\/02\/18\/se-de-leiria-reabre-em-celebracao-as-vitimas-do-mau-tempo\/#breadcrumb\",\"itemListElement\":[{\"@type\":\"ListItem\",\"position\":1,\"name\":\"In\u00edcio\",\"item\":\"https:\/\/portaltela.pt\/\"},{\"@type\":\"ListItem\",\"position\":2,\"name\":\"S\u00e9 de Leiria reabre em celebra\u00e7\u00e3o \u00e0s v\u00edtimas do mau tempo\"}]},{\"@type\":\"WebSite\",\"@id\":\"https:\/\/portaltela.pt\/#website\",\"url\":\"https:\/\/portaltela.pt\/\",\"name\":\"Portal Tela Portugal\",\"description\":\"\",\"potentialAction\":[{\"@type\":\"SearchAction\",\"target\":{\"@type\":\"EntryPoint\",\"urlTemplate\":\"https:\/\/portaltela.pt\/?s={search_term_string}\"},\"query-input\":{\"@type\":\"PropertyValueSpecification\",\"valueRequired\":true,\"valueName\":\"search_term_string\"}}],\"inLanguage\":\"pt-PT\"},{\"@type\":\"Person\",\"@id\":\"https:\/\/portaltela.pt\/#\/schema\/person\/c4278d4a6028830caff9ee44b42d32ed\",\"name\":\"Telinha\",\"image\":{\"@type\":\"ImageObject\",\"inLanguage\":\"pt-PT\",\"@id\":\"https:\/\/portaltela.pt\/s.01k8rhncp4jt1\/2025\/11\/talking-bot-125x125.png\",\"url\":\"https:\/\/portaltela.pt\/s.01k8rhncp4jt1\/2025\/11\/talking-bot-125x125.png\",\"contentUrl\":\"https:\/\/portaltela.pt\/s.01k8rhncp4jt1\/2025\/11\/talking-bot-125x125.png\",\"caption\":\"Telinha\"},\"sameAs\":[\"https:\/\/portaltela.pt\/\"],\"url\":\"https:\/\/portaltela.pt\/por\/367410592786\/\"}]}<\/script>\n<!-- \/ Yoast SEO plugin. -->","yoast_head_json":{"title":"S\u00e9 de Leiria reabre em celebra\u00e7\u00e3o \u00e0s v\u00edtimas do mau tempo - Portal Tela Portugal","robots":{"index":"index","follow":"follow","max-snippet":"max-snippet:-1","max-image-preview":"max-image-preview:large","max-video-preview":"max-video-preview:-1"},"og_locale":"pt_PT","og_type":"article","og_title":"S\u00e9 de Leiria reabre em celebra\u00e7\u00e3o \u00e0s v\u00edtimas do mau tempo - Portal Tela Portugal","og_description":"A S\u00e9 de Leiria reabre nesta quarta-feira com uma celebra\u00e7\u00e3o pelas v\u00edtimas do mau tempo, tr\u00eas semanas depois da depress\u00e3o Kristin atingir a Diocese de Leiria-F\u00e1tima; o in\u00edcio est\u00e1 marcado para as 21h no Largo do Papa, com uma prociss\u00e3o de velas at\u00e9 \u00e0 S\u00e9. A imagem de Nossa Senhora da Encarna\u00e7\u00e3o ser\u00e1 entronizada na Catedral, permanecendo para venera\u00e7\u00e3o at\u00e9 regressar ao santu\u00e1rio; depois, celebra-se a Eucaristia com o rito da imposi\u00e7\u00e3o das cinzas, a abrir a Quaresma. A celebra\u00e7\u00e3o substitui a tradicional Quarta-feira de Cinzas no Santu\u00e1rio, devido aos danos causados pela tempestade que destru\u00edu parte daquele edif\u00edcio; a S\u00e9 esteve encerrada. A C\u00e2mara de Leiria associa-se \u00e0 celebra\u00e7\u00e3o como momento de mem\u00f3ria \u00e0s v\u00edtimas, reunindo a comunidade diocesana e a cidade. O Santu\u00e1rio sofreu danos graves com o colapso do telhado e do campan\u00e1rio; a capela, classificada como Monumento de Interesse P\u00fablico, tem interven\u00e7\u00e3o urgente com or\u00e7amento de 59.452,18 euros, prevista para 35 dias, financiada pelo Fundo de Salvaguarda do Patrim\u00f3nio Cultural.","og_url":"https:\/\/portaltela.pt\/noticias\/2026\/02\/18\/se-de-leiria-reabre-em-celebracao-as-vitimas-do-mau-tempo\/","og_site_name":"Portal Tela Portugal","article_published_time":"2026-02-18T10:35:00+00:00","author":"Telinha","twitter_card":"summary_large_image","twitter_misc":{"Escrito por":"Telinha","Tempo estimado de leitura":"2 minutos"},"schema":{"@context":"https:\/\/schema.org","@graph":[{"@type":"Article","@id":"https:\/\/portaltela.pt\/noticias\/2026\/02\/18\/se-de-leiria-reabre-em-celebracao-as-vitimas-do-mau-tempo\/#article","isPartOf":{"@id":"https:\/\/portaltela.pt\/noticias\/2026\/02\/18\/se-de-leiria-reabre-em-celebracao-as-vitimas-do-mau-tempo\/"},"author":{"name":"Telinha","@id":"https:\/\/portaltela.pt\/#\/schema\/person\/c4278d4a6028830caff9ee44b42d32ed"},"headline":"S\u00e9 de Leiria reabre em celebra\u00e7\u00e3o \u00e0s v\u00edtimas do mau tempo","datePublished":"2026-02-18T10:35:00+00:00","mainEntityOfPage":{"@id":"https:\/\/portaltela.pt\/noticias\/2026\/02\/18\/se-de-leiria-reabre-em-celebracao-as-vitimas-do-mau-tempo\/"},"wordCount":332,"image":{"@id":"https:\/\/portaltela.pt\/noticias\/2026\/02\/18\/se-de-leiria-reabre-em-celebracao-as-vitimas-do-mau-tempo\/#primaryimage"},"thumbnailUrl":"https:\/\/portaltela.pt\/s.01k8rhncp4jt1\/2026\/02\/image-1307.jpg","keywords":["C\u00e2mara Municipal","cat\u00e1strofes naturais","cultura","Leiria","Patrim\u00f3nio Cultural","Patrim\u00f3nio Cultural \u2013 Instituto P\u00fablico"],"articleSection":["Not\u00edcias"],"inLanguage":"pt-PT"},{"@type":"WebPage","@id":"https:\/\/portaltela.pt\/noticias\/2026\/02\/18\/se-de-leiria-reabre-em-celebracao-as-vitimas-do-mau-tempo\/","url":"https:\/\/portaltela.pt\/noticias\/2026\/02\/18\/se-de-leiria-reabre-em-celebracao-as-vitimas-do-mau-tempo\/","name":"S\u00e9 de Leiria reabre em celebra\u00e7\u00e3o \u00e0s v\u00edtimas do mau tempo - Portal Tela Portugal","isPartOf":{"@id":"https:\/\/portaltela.pt\/#website"},"primaryImageOfPage":{"@id":"https:\/\/portaltela.pt\/noticias\/2026\/02\/18\/se-de-leiria-reabre-em-celebracao-as-vitimas-do-mau-tempo\/#primaryimage"},"image":{"@id":"https:\/\/portaltela.pt\/noticias\/2026\/02\/18\/se-de-leiria-reabre-em-celebracao-as-vitimas-do-mau-tempo\/#primaryimage"},"thumbnailUrl":"https:\/\/portaltela.pt\/s.01k8rhncp4jt1\/2026\/02\/image-1307.jpg","datePublished":"2026-02-18T10:35:00+00:00","author":{"@id":"https:\/\/portaltela.pt\/#\/schema\/person\/c4278d4a6028830caff9ee44b42d32ed"},"breadcrumb":{"@id":"https:\/\/portaltela.pt\/noticias\/2026\/02\/18\/se-de-leiria-reabre-em-celebracao-as-vitimas-do-mau-tempo\/#breadcrumb"},"inLanguage":"pt-PT","potentialAction":[{"@type":"ReadAction","target":["https:\/\/portaltela.pt\/noticias\/2026\/02\/18\/se-de-leiria-reabre-em-celebracao-as-vitimas-do-mau-tempo\/"]}]},{"@type":"ImageObject","inLanguage":"pt-PT","@id":"https:\/\/portaltela.pt\/noticias\/2026\/02\/18\/se-de-leiria-reabre-em-celebracao-as-vitimas-do-mau-tempo\/#primaryimage","url":"https:\/\/portaltela.pt\/s.01k8rhncp4jt1\/2026\/02\/image-1307.jpg","contentUrl":"https:\/\/portaltela.pt\/s.01k8rhncp4jt1\/2026\/02\/image-1307.jpg","width":796,"height":448,"caption":"Eucaristia ser\u00e1 presidida pelo bispo diocesano, Jos\u00e9 Ornelas"},{"@type":"BreadcrumbList","@id":"https:\/\/portaltela.pt\/noticias\/2026\/02\/18\/se-de-leiria-reabre-em-celebracao-as-vitimas-do-mau-tempo\/#breadcrumb","itemListElement":[{"@type":"ListItem","position":1,"name":"In\u00edcio","item":"https:\/\/portaltela.pt\/"},{"@type":"ListItem","position":2,"name":"S\u00e9 de Leiria reabre em celebra\u00e7\u00e3o \u00e0s v\u00edtimas do mau tempo"}]},{"@type":"WebSite","@id":"https:\/\/portaltela.pt\/#website","url":"https:\/\/portaltela.pt\/","name":"Portal Tela Portugal","description":"","potentialAction":[{"@type":"SearchAction","target":{"@type":"EntryPoint","urlTemplate":"https:\/\/portaltela.pt\/?s={search_term_string}"},"query-input":{"@type":"PropertyValueSpecification","valueRequired":true,"valueName":"search_term_string"}}],"inLanguage":"pt-PT"},{"@type":"Person","@id":"https:\/\/portaltela.pt\/#\/schema\/person\/c4278d4a6028830caff9ee44b42d32ed","name":"Telinha","image":{"@type":"ImageObject","inLanguage":"pt-PT","@id":"https:\/\/portaltela.pt\/s.01k8rhncp4jt1\/2025\/11\/talking-bot-125x125.png","url":"https:\/\/portaltela.pt\/s.01k8rhncp4jt1\/2025\/11\/talking-bot-125x125.png","contentUrl":"https:\/\/portaltela.pt\/s.01k8rhncp4jt1\/2025\/11\/talking-bot-125x125.png","caption":"Telinha"},"sameAs":["https:\/\/portaltela.pt\/"],"url":"https:\/\/portaltela.pt\/por\/367410592786\/"}]}},"_links":{"self":[{"href":"https:\/\/portaltela.pt\/api\/wp\/v2\/posts\/215621","targetHints":{"allow":["GET"]}}],"collection":[{"href":"https:\/\/portaltela.pt\/api\/wp\/v2\/posts"}],"about":[{"href":"https:\/\/portaltela.pt\/api\/wp\/v2\/types\/post"}],"author":[{"embeddable":true,"href":"https:\/\/portaltela.pt\/api\/wp\/v2\/users\/2"}],"replies":[{"embeddable":true,"href":"https:\/\/portaltela.pt\/api\/wp\/v2\/comments?post=215621"}],"version-history":[{"count":0,"href":"https:\/\/portaltela.pt\/api\/wp\/v2\/posts\/215621\/revisions"}],"wp:featuredmedia":[{"embeddable":true,"href":"https:\/\/portaltela.pt\/api\/wp\/v2\/media\/215626"}],"wp:attachment":[{"href":"https:\/\/portaltela.pt\/api\/wp\/v2\/media?parent=215621"}],"wp:term":[{"taxonomy":"category","embeddable":true,"href":"https:\/\/portaltela.pt\/api\/wp\/v2\/categories?post=215621"},{"taxonomy":"post_tag","embeddable":true,"href":"https:\/\/portaltela.pt\/api\/wp\/v2\/tags?post=215621"}],"curies":[{"name":"wp","href":"https:\/\/api.w.org\/{rel}","templated":true}]}}