{"id":215615,"date":"2026-02-18T07:17:00","date_gmt":"2026-02-18T10:17:00","guid":{"rendered":"https:\/\/portaltela.pt\/noticias\/2026\/02\/18\/dois-corpos-encontrados-no-carro-do-casal-desaparecido-em-montemor-o-velho\/"},"modified":"2026-02-18T07:17:00","modified_gmt":"2026-02-18T10:17:00","slug":"dois-corpos-encontrados-no-carro-do-casal-desaparecido-em-montemor-o-velho","status":"publish","type":"post","link":"https:\/\/portaltela.pt\/noticias\/politica\/2026\/02\/18\/dois-corpos-encontrados-no-carro-do-casal-desaparecido-em-montemor-o-velho\/","title":{"rendered":"Dois corpos encontrados no carro do casal desaparecido em Montemor-o-Velho"},"content":{"rendered":"<p>Foram encontrados dois corpos dentro do carro do casal desaparecido em Montemor-o-Velho, confirmou ao P\u00fablico uma fonte do Comando Territorial de Coimbra da GNR. O ve\u00edculo foi localizados esta manh\u00e3, ap\u00f3s a descida do caudal do rio Mondego.<\/p>\n<p>A identifica\u00e7\u00e3o formal ainda n\u00e3o foi efetuada, mas tudo indica que se trate do homem de 68 anos e da mulher de 65. O alerta chegou via 112, ap\u00f3s um cidad\u00e3o reparar no tejadilho do carro no leito do Mondego, na localidade de Porto Godinho, Soure.<\/p>\n<p>O casal residia em Verride e estava desaparecido desde ter\u00e7a-feira, 10 de fevereiro, quando saiu de casa para uma consulta m\u00e9dica em Coimbra. Os familiares alertaram as autoridades pelas 19h45 de 13 de fevereiro. As buscas decorreram at\u00e9 domingo, com refor\u00e7o de meios, e foram depois reduzidas.<\/p>\n<p>Segundo o comandante dos Bombeiros Volunt\u00e1rios de Soure, as buscas estiveram dificultadas pela grande quantidade de \u00e1gua no vale do Pranto. N\u00e3o foram divulgados detalhes sobre as circunst\u00e2ncias do evento.<\/p>\n","protected":false},"excerpt":{"rendered":"<ul>\n<li>Foram encontrados dois corpos dentro do carro do casal de Montemor-o-Velho, j\u00e1 n\u00e3o identificado, com fortes indicios de serem o homem de 68 anos e a mulher de 65 que estavam desaparecidos.<\/li>\n<li>O ve\u00edculo foi encontrado pela manh\u00e3, ap\u00f3s a descida do caudal do rio Mondego, em Porto Godinho, Soure.<\/li>\n<li>O alerta foi dado ao sistema 112 por um cidad\u00e3o que viu o tejadilho do carro no rio.<\/li>\n<li>O casal, residente em Verride, desapareceu na ter\u00e7a-feira, 10 de fevereiro, depois de sa\u00edrem de casa para uma consulta m\u00e9dica em Coimbra.<\/li>\n<li>As buscas decorreram de 13 a 15 de fevereiro e foram depois reduzidas; a dificuldade deveu-se ao caudal alto no vale do Pranto.<\/li>\n<\/ul>\n","protected":false},"author":2,"featured_media":215618,"comment_status":"closed","ping_status":"closed","sticky":false,"template":"","format":"standard","meta":{"footnotes":""},"categories":[1,5],"tags":[971,1070,147,2410,4903,5775],"class_list":["post-215615","post","type-post","status-publish","format-standard","has-post-thumbnail","hentry","category-noticias","category-politica","tag-bombeiros","tag-coimbra","tag-crime","tag-mondego","tag-montemor-o-velho","tag-soure"],"yoast_head":"<!-- This site is optimized with the Yoast SEO plugin v27.2 - https:\/\/yoast.com\/product\/yoast-seo-wordpress\/ -->\n<title>Dois corpos encontrados no carro do casal desaparecido em Montemor-o-Velho - Portal Tela Portugal<\/title>\n<meta name=\"robots\" content=\"index, follow, max-snippet:-1, max-image-preview:large, max-video-preview:-1\" \/>\n<meta property=\"og:locale\" content=\"pt_PT\" \/>\n<meta property=\"og:type\" content=\"article\" \/>\n<meta property=\"og:title\" content=\"Dois corpos encontrados no carro do casal desaparecido em Montemor-o-Velho - Portal Tela Portugal\" \/>\n<meta property=\"og:description\" content=\"Foram encontrados dois corpos dentro do carro do casal de Montemor-o-Velho, j\u00e1 n\u00e3o identificado, com fortes indicios de serem o homem de 68 anos e a mulher de 65 que estavam desaparecidos. O ve\u00edculo foi encontrado pela manh\u00e3, ap\u00f3s a descida do caudal do rio Mondego, em Porto Godinho, Soure. O alerta foi dado ao sistema 112 por um cidad\u00e3o que viu o tejadilho do carro no rio. O casal, residente em Verride, desapareceu na ter\u00e7a-feira, 10 de fevereiro, depois de sa\u00edrem de casa para uma consulta m\u00e9dica em Coimbra. As buscas decorreram de 13 a 15 de fevereiro e foram depois reduzidas; a dificuldade deveu-se ao caudal alto no vale do Pranto.\" \/>\n<meta property=\"og:url\" content=\"https:\/\/portaltela.pt\/noticias\/2026\/02\/18\/dois-corpos-encontrados-no-carro-do-casal-desaparecido-em-montemor-o-velho\/\" \/>\n<meta property=\"og:site_name\" content=\"Portal Tela Portugal\" \/>\n<meta property=\"article:published_time\" content=\"2026-02-18T10:17:00+00:00\" \/>\n<meta name=\"author\" content=\"Telinha\" \/>\n<meta name=\"twitter:card\" content=\"summary_large_image\" \/>\n<meta name=\"twitter:label1\" content=\"Escrito por\" \/>\n\t<meta name=\"twitter:data1\" content=\"Telinha\" \/>\n\t<meta name=\"twitter:label2\" content=\"Tempo estimado de leitura\" \/>\n\t<meta name=\"twitter:data2\" content=\"1 minuto\" \/>\n<script type=\"application\/ld+json\" class=\"yoast-schema-graph\">{\"@context\":\"https:\/\/schema.org\",\"@graph\":[{\"@type\":\"Article\",\"@id\":\"https:\/\/portaltela.pt\/noticias\/2026\/02\/18\/dois-corpos-encontrados-no-carro-do-casal-desaparecido-em-montemor-o-velho\/#article\",\"isPartOf\":{\"@id\":\"https:\/\/portaltela.pt\/noticias\/2026\/02\/18\/dois-corpos-encontrados-no-carro-do-casal-desaparecido-em-montemor-o-velho\/\"},\"author\":{\"name\":\"Telinha\",\"@id\":\"https:\/\/portaltela.pt\/#\/schema\/person\/c4278d4a6028830caff9ee44b42d32ed\"},\"headline\":\"Dois corpos encontrados no carro do casal desaparecido em Montemor-o-Velho\",\"datePublished\":\"2026-02-18T10:17:00+00:00\",\"mainEntityOfPage\":{\"@id\":\"https:\/\/portaltela.pt\/noticias\/2026\/02\/18\/dois-corpos-encontrados-no-carro-do-casal-desaparecido-em-montemor-o-velho\/\"},\"wordCount\":179,\"image\":{\"@id\":\"https:\/\/portaltela.pt\/noticias\/2026\/02\/18\/dois-corpos-encontrados-no-carro-do-casal-desaparecido-em-montemor-o-velho\/#primaryimage\"},\"thumbnailUrl\":\"https:\/\/portaltela.pt\/s.01k8rhncp4jt1\/2026\/02\/2067960.jpg\",\"keywords\":[\"bombeiros\",\"Coimbra\",\"crime\",\"Mondego\",\"Montemor-o-Velho\",\"Soure\"],\"articleSection\":[\"Not\u00edcias\",\"Pol\u00edtica\"],\"inLanguage\":\"pt-PT\"},{\"@type\":\"WebPage\",\"@id\":\"https:\/\/portaltela.pt\/noticias\/2026\/02\/18\/dois-corpos-encontrados-no-carro-do-casal-desaparecido-em-montemor-o-velho\/\",\"url\":\"https:\/\/portaltela.pt\/noticias\/2026\/02\/18\/dois-corpos-encontrados-no-carro-do-casal-desaparecido-em-montemor-o-velho\/\",\"name\":\"Dois corpos encontrados no carro do casal desaparecido em Montemor-o-Velho - Portal Tela Portugal\",\"isPartOf\":{\"@id\":\"https:\/\/portaltela.pt\/#website\"},\"primaryImageOfPage\":{\"@id\":\"https:\/\/portaltela.pt\/noticias\/2026\/02\/18\/dois-corpos-encontrados-no-carro-do-casal-desaparecido-em-montemor-o-velho\/#primaryimage\"},\"image\":{\"@id\":\"https:\/\/portaltela.pt\/noticias\/2026\/02\/18\/dois-corpos-encontrados-no-carro-do-casal-desaparecido-em-montemor-o-velho\/#primaryimage\"},\"thumbnailUrl\":\"https:\/\/portaltela.pt\/s.01k8rhncp4jt1\/2026\/02\/2067960.jpg\",\"datePublished\":\"2026-02-18T10:17:00+00:00\",\"author\":{\"@id\":\"https:\/\/portaltela.pt\/#\/schema\/person\/c4278d4a6028830caff9ee44b42d32ed\"},\"breadcrumb\":{\"@id\":\"https:\/\/portaltela.pt\/noticias\/2026\/02\/18\/dois-corpos-encontrados-no-carro-do-casal-desaparecido-em-montemor-o-velho\/#breadcrumb\"},\"inLanguage\":\"pt-PT\",\"potentialAction\":[{\"@type\":\"ReadAction\",\"target\":[\"https:\/\/portaltela.pt\/noticias\/2026\/02\/18\/dois-corpos-encontrados-no-carro-do-casal-desaparecido-em-montemor-o-velho\/\"]}]},{\"@type\":\"ImageObject\",\"inLanguage\":\"pt-PT\",\"@id\":\"https:\/\/portaltela.pt\/noticias\/2026\/02\/18\/dois-corpos-encontrados-no-carro-do-casal-desaparecido-em-montemor-o-velho\/#primaryimage\",\"url\":\"https:\/\/portaltela.pt\/s.01k8rhncp4jt1\/2026\/02\/2067960.jpg\",\"contentUrl\":\"https:\/\/portaltela.pt\/s.01k8rhncp4jt1\/2026\/02\/2067960.jpg\",\"width\":796,\"height\":448,\"caption\":\"O casal estava desaparecido desde 10 de Fevereiro\"},{\"@type\":\"BreadcrumbList\",\"@id\":\"https:\/\/portaltela.pt\/noticias\/2026\/02\/18\/dois-corpos-encontrados-no-carro-do-casal-desaparecido-em-montemor-o-velho\/#breadcrumb\",\"itemListElement\":[{\"@type\":\"ListItem\",\"position\":1,\"name\":\"In\u00edcio\",\"item\":\"https:\/\/portaltela.pt\/\"},{\"@type\":\"ListItem\",\"position\":2,\"name\":\"Dois corpos encontrados no carro do casal desaparecido em Montemor-o-Velho\"}]},{\"@type\":\"WebSite\",\"@id\":\"https:\/\/portaltela.pt\/#website\",\"url\":\"https:\/\/portaltela.pt\/\",\"name\":\"Portal Tela Portugal\",\"description\":\"\",\"potentialAction\":[{\"@type\":\"SearchAction\",\"target\":{\"@type\":\"EntryPoint\",\"urlTemplate\":\"https:\/\/portaltela.pt\/?s={search_term_string}\"},\"query-input\":{\"@type\":\"PropertyValueSpecification\",\"valueRequired\":true,\"valueName\":\"search_term_string\"}}],\"inLanguage\":\"pt-PT\"},{\"@type\":\"Person\",\"@id\":\"https:\/\/portaltela.pt\/#\/schema\/person\/c4278d4a6028830caff9ee44b42d32ed\",\"name\":\"Telinha\",\"image\":{\"@type\":\"ImageObject\",\"inLanguage\":\"pt-PT\",\"@id\":\"https:\/\/portaltela.pt\/s.01k8rhncp4jt1\/2025\/11\/talking-bot-125x125.png\",\"url\":\"https:\/\/portaltela.pt\/s.01k8rhncp4jt1\/2025\/11\/talking-bot-125x125.png\",\"contentUrl\":\"https:\/\/portaltela.pt\/s.01k8rhncp4jt1\/2025\/11\/talking-bot-125x125.png\",\"caption\":\"Telinha\"},\"sameAs\":[\"https:\/\/portaltela.pt\/\"],\"url\":\"https:\/\/portaltela.pt\/por\/367410592786\/\"}]}<\/script>\n<!-- \/ Yoast SEO plugin. -->","yoast_head_json":{"title":"Dois corpos encontrados no carro do casal desaparecido em Montemor-o-Velho - Portal Tela Portugal","robots":{"index":"index","follow":"follow","max-snippet":"max-snippet:-1","max-image-preview":"max-image-preview:large","max-video-preview":"max-video-preview:-1"},"og_locale":"pt_PT","og_type":"article","og_title":"Dois corpos encontrados no carro do casal desaparecido em Montemor-o-Velho - Portal Tela Portugal","og_description":"Foram encontrados dois corpos dentro do carro do casal de Montemor-o-Velho, j\u00e1 n\u00e3o identificado, com fortes indicios de serem o homem de 68 anos e a mulher de 65 que estavam desaparecidos. O ve\u00edculo foi encontrado pela manh\u00e3, ap\u00f3s a descida do caudal do rio Mondego, em Porto Godinho, Soure. O alerta foi dado ao sistema 112 por um cidad\u00e3o que viu o tejadilho do carro no rio. O casal, residente em Verride, desapareceu na ter\u00e7a-feira, 10 de fevereiro, depois de sa\u00edrem de casa para uma consulta m\u00e9dica em Coimbra. As buscas decorreram de 13 a 15 de fevereiro e foram depois reduzidas; a dificuldade deveu-se ao caudal alto no vale do Pranto.","og_url":"https:\/\/portaltela.pt\/noticias\/2026\/02\/18\/dois-corpos-encontrados-no-carro-do-casal-desaparecido-em-montemor-o-velho\/","og_site_name":"Portal Tela Portugal","article_published_time":"2026-02-18T10:17:00+00:00","author":"Telinha","twitter_card":"summary_large_image","twitter_misc":{"Escrito por":"Telinha","Tempo estimado de leitura":"1 minuto"},"schema":{"@context":"https:\/\/schema.org","@graph":[{"@type":"Article","@id":"https:\/\/portaltela.pt\/noticias\/2026\/02\/18\/dois-corpos-encontrados-no-carro-do-casal-desaparecido-em-montemor-o-velho\/#article","isPartOf":{"@id":"https:\/\/portaltela.pt\/noticias\/2026\/02\/18\/dois-corpos-encontrados-no-carro-do-casal-desaparecido-em-montemor-o-velho\/"},"author":{"name":"Telinha","@id":"https:\/\/portaltela.pt\/#\/schema\/person\/c4278d4a6028830caff9ee44b42d32ed"},"headline":"Dois corpos encontrados no carro do casal desaparecido em Montemor-o-Velho","datePublished":"2026-02-18T10:17:00+00:00","mainEntityOfPage":{"@id":"https:\/\/portaltela.pt\/noticias\/2026\/02\/18\/dois-corpos-encontrados-no-carro-do-casal-desaparecido-em-montemor-o-velho\/"},"wordCount":179,"image":{"@id":"https:\/\/portaltela.pt\/noticias\/2026\/02\/18\/dois-corpos-encontrados-no-carro-do-casal-desaparecido-em-montemor-o-velho\/#primaryimage"},"thumbnailUrl":"https:\/\/portaltela.pt\/s.01k8rhncp4jt1\/2026\/02\/2067960.jpg","keywords":["bombeiros","Coimbra","crime","Mondego","Montemor-o-Velho","Soure"],"articleSection":["Not\u00edcias","Pol\u00edtica"],"inLanguage":"pt-PT"},{"@type":"WebPage","@id":"https:\/\/portaltela.pt\/noticias\/2026\/02\/18\/dois-corpos-encontrados-no-carro-do-casal-desaparecido-em-montemor-o-velho\/","url":"https:\/\/portaltela.pt\/noticias\/2026\/02\/18\/dois-corpos-encontrados-no-carro-do-casal-desaparecido-em-montemor-o-velho\/","name":"Dois corpos encontrados no carro do casal desaparecido em Montemor-o-Velho - Portal Tela Portugal","isPartOf":{"@id":"https:\/\/portaltela.pt\/#website"},"primaryImageOfPage":{"@id":"https:\/\/portaltela.pt\/noticias\/2026\/02\/18\/dois-corpos-encontrados-no-carro-do-casal-desaparecido-em-montemor-o-velho\/#primaryimage"},"image":{"@id":"https:\/\/portaltela.pt\/noticias\/2026\/02\/18\/dois-corpos-encontrados-no-carro-do-casal-desaparecido-em-montemor-o-velho\/#primaryimage"},"thumbnailUrl":"https:\/\/portaltela.pt\/s.01k8rhncp4jt1\/2026\/02\/2067960.jpg","datePublished":"2026-02-18T10:17:00+00:00","author":{"@id":"https:\/\/portaltela.pt\/#\/schema\/person\/c4278d4a6028830caff9ee44b42d32ed"},"breadcrumb":{"@id":"https:\/\/portaltela.pt\/noticias\/2026\/02\/18\/dois-corpos-encontrados-no-carro-do-casal-desaparecido-em-montemor-o-velho\/#breadcrumb"},"inLanguage":"pt-PT","potentialAction":[{"@type":"ReadAction","target":["https:\/\/portaltela.pt\/noticias\/2026\/02\/18\/dois-corpos-encontrados-no-carro-do-casal-desaparecido-em-montemor-o-velho\/"]}]},{"@type":"ImageObject","inLanguage":"pt-PT","@id":"https:\/\/portaltela.pt\/noticias\/2026\/02\/18\/dois-corpos-encontrados-no-carro-do-casal-desaparecido-em-montemor-o-velho\/#primaryimage","url":"https:\/\/portaltela.pt\/s.01k8rhncp4jt1\/2026\/02\/2067960.jpg","contentUrl":"https:\/\/portaltela.pt\/s.01k8rhncp4jt1\/2026\/02\/2067960.jpg","width":796,"height":448,"caption":"O casal estava desaparecido desde 10 de Fevereiro"},{"@type":"BreadcrumbList","@id":"https:\/\/portaltela.pt\/noticias\/2026\/02\/18\/dois-corpos-encontrados-no-carro-do-casal-desaparecido-em-montemor-o-velho\/#breadcrumb","itemListElement":[{"@type":"ListItem","position":1,"name":"In\u00edcio","item":"https:\/\/portaltela.pt\/"},{"@type":"ListItem","position":2,"name":"Dois corpos encontrados no carro do casal desaparecido em Montemor-o-Velho"}]},{"@type":"WebSite","@id":"https:\/\/portaltela.pt\/#website","url":"https:\/\/portaltela.pt\/","name":"Portal Tela Portugal","description":"","potentialAction":[{"@type":"SearchAction","target":{"@type":"EntryPoint","urlTemplate":"https:\/\/portaltela.pt\/?s={search_term_string}"},"query-input":{"@type":"PropertyValueSpecification","valueRequired":true,"valueName":"search_term_string"}}],"inLanguage":"pt-PT"},{"@type":"Person","@id":"https:\/\/portaltela.pt\/#\/schema\/person\/c4278d4a6028830caff9ee44b42d32ed","name":"Telinha","image":{"@type":"ImageObject","inLanguage":"pt-PT","@id":"https:\/\/portaltela.pt\/s.01k8rhncp4jt1\/2025\/11\/talking-bot-125x125.png","url":"https:\/\/portaltela.pt\/s.01k8rhncp4jt1\/2025\/11\/talking-bot-125x125.png","contentUrl":"https:\/\/portaltela.pt\/s.01k8rhncp4jt1\/2025\/11\/talking-bot-125x125.png","caption":"Telinha"},"sameAs":["https:\/\/portaltela.pt\/"],"url":"https:\/\/portaltela.pt\/por\/367410592786\/"}]}},"_links":{"self":[{"href":"https:\/\/portaltela.pt\/api\/wp\/v2\/posts\/215615","targetHints":{"allow":["GET"]}}],"collection":[{"href":"https:\/\/portaltela.pt\/api\/wp\/v2\/posts"}],"about":[{"href":"https:\/\/portaltela.pt\/api\/wp\/v2\/types\/post"}],"author":[{"embeddable":true,"href":"https:\/\/portaltela.pt\/api\/wp\/v2\/users\/2"}],"replies":[{"embeddable":true,"href":"https:\/\/portaltela.pt\/api\/wp\/v2\/comments?post=215615"}],"version-history":[{"count":0,"href":"https:\/\/portaltela.pt\/api\/wp\/v2\/posts\/215615\/revisions"}],"wp:featuredmedia":[{"embeddable":true,"href":"https:\/\/portaltela.pt\/api\/wp\/v2\/media\/215618"}],"wp:attachment":[{"href":"https:\/\/portaltela.pt\/api\/wp\/v2\/media?parent=215615"}],"wp:term":[{"taxonomy":"category","embeddable":true,"href":"https:\/\/portaltela.pt\/api\/wp\/v2\/categories?post=215615"},{"taxonomy":"post_tag","embeddable":true,"href":"https:\/\/portaltela.pt\/api\/wp\/v2\/tags?post=215615"}],"curies":[{"name":"wp","href":"https:\/\/api.w.org\/{rel}","templated":true}]}}