{"id":215569,"date":"2026-02-18T07:11:44","date_gmt":"2026-02-18T10:11:44","guid":{"rendered":"https:\/\/portaltela.pt\/noticias\/2026\/02\/18\/politicos-artistas-aristocratas-e-o-papa-que-ligacao-junta-estes-mundos\/"},"modified":"2026-02-18T07:11:44","modified_gmt":"2026-02-18T10:11:44","slug":"politicos-artistas-aristocratas-e-o-papa-que-ligacao-junta-estes-mundos","status":"publish","type":"post","link":"https:\/\/portaltela.pt\/noticias\/politica\/2026\/02\/18\/politicos-artistas-aristocratas-e-o-papa-que-ligacao-junta-estes-mundos\/","title":{"rendered":"Pol\u00edticos, artistas, aristocratas e o Papa: que liga\u00e7\u00e3o junta estes mundos"},"content":{"rendered":"<p>O Governo dos EUA, sob a gest\u00e3o de Donald Trump, \u00e9 acusado de criar confus\u00e3o nas investiga\u00e7\u00f5es sobre Jeffrey Epstein ao divulgar uma lista de mais de 300 nomes mencionados nos ficheiros do Departamento de Justi\u00e7a. A comunica\u00e7\u00e3o ocorreu numa carta de seis p\u00e1ginas enviada pela procuradora-geral Pam Bondi ao Congresso.<\/p>\n<p>Bondi afirmou que a lista re\u00fane pessoas que foram funcion\u00e1rias do Governo, figuras politicamente expostas ou cuja men\u00e7\u00e3o aparece nos arquivos, e que j\u00e1 foram divulgados todos os documentos exigidos pela Lei de Transpar\u00eancia.<\/p>\n<p>A carta surge num contexto de controv\u00e9rsia sobre erros de reda\u00e7\u00e3o nos documentos de Epstein, com Bondi a enfrentar cr\u00edticas por parte de legisladores e v\u00edtimas. Ela negou pedidos de desculpa \u00e0s v\u00edtimas durante uma audi\u00eancia anterior.<\/p>\n<p>Entre as personalidades citadas constam artistas, membros da realeza, magnatas da tecnologia e figuras pol\u00edticas de refer\u00eancia, incluindo Hillary Clinton, George W. Bush, Barack Obama e Joe Biden. L\u00edderes estrangeiros como Benjamin Netanyahu e Tony Blair tamb\u00e9m aparecem na lista.<\/p>\n<p>Na lista figuram ainda membros da realeza, entre eles Diana, rainha Isabel II, o pr\u00edncipe Harry e Meghan Markle, o pr\u00edncipe Philip e Margaret Thatcher. O documento tamb\u00e9m menciona influentes no mundo dos neg\u00f3cios, como Jeff Bezos, Mark Zuckerberg e Rupert Murdoch.<\/p>\n<p>Entre conservadores e democratas, nomes como Kamala Harris, Mike Pence e Fidel Castro aparecem, bem como artistas como George Clooney, Bruce Springsteen e Janet Joplin, falecida. O Papa Jo\u00e3o Paulo II \u00e9 outra refer\u00eancia na compila\u00e7\u00e3o.<\/p>\n<p>O democrata Ro Khanna, coautor de uma lei de transpar\u00eancia para os Arquivos Epstein, criticou a divulga\u00e7\u00e3o, dizendo que o DOJ pode confundir predadores com pessoas apenas mencionadas nos ficheiros. A leitura aponta para falta de clareza sobre o crit\u00e9rio de inclus\u00e3o.<\/p>\n","protected":false},"excerpt":{"rendered":"<ul>\n<li>O Governo de Donald Trump \u00e9 acusado de confundir as investiga\u00e7\u00f5es sobre Jeffrey Epstein ao divulgar uma lista com mais de tr\u00eas centenas de nomes presentes nos ficheiros do Departamento de Justi\u00e7a dos EUA.<\/li>\n<li>No fim de semana, a Procuradora-Geral Pam Bondi enviou ao Congresso uma carta de seis p\u00e1ginas com a lista de pol\u00edticos de alto escal\u00e3o, al\u00e9m de artistas, membros da realeza, magnatas da tecnologia e at\u00e9 um Papa.<\/li>\n<li>Bondi afirmou que a lista inclui pessoas que s\u00e3o ou foram funcion\u00e1rios do Governo ou \u201cpessoas expostas politicamente\u201d e que os nomes aparecem nos ficheiros pelo menos uma vez; garantiu ainda ter divulgado todos os ficheiros exigidos pela Lei de Transpar\u00eancia dos Arquivos Epstein.<\/li>\n<li>A lista inclui figuras como Elvis Presley, Diana de Gales, Margaret Thatcher e Marilyn Monroe; entre pol\u00edticos constam Hillary Clinton, George W. Bush, Barack Obama, Joe Biden, Kamala Harris e Mike Pence, al\u00e9m de l\u00edderes estrangeiros como Benjamin Netanyahu, Tony Blair, Theresa May e Fidel Castro; membros da realeza, magnatas como Jeff Bezos e Mark Zuckerberg, artistas como George Clooney, Bruce Springsteen e Janis Joplin, e o Papa Jo\u00e3o Paulo II.<\/li>\n<li>O congressista democrata Ro Khanna criticou a divulga\u00e7\u00e3o, dizendo que o Departamento de Justi\u00e7a est\u00e1 a criar confus\u00e3o entre quem era predador e quem foi mencionado, citando o caso de Janis Joplin versus Larry Nassar.<\/li>\n<\/ul>\n","protected":false},"author":2,"featured_media":215574,"comment_status":"closed","ping_status":"closed","sticky":false,"template":"","format":"standard","meta":{"footnotes":""},"categories":[1,5],"tags":[6044,6049,6048,6046,6050,5698],"class_list":["post-215569","post","type-post","status-publish","format-standard","has-post-thumbnail","hentry","category-noticias","category-politica","tag-barack-obama","tag-benjamin-netanyahu","tag-george-w-bush","tag-hillary-clinton","tag-papa-joao-paulo-ii","tag-politica-internacional"],"yoast_head":"<!-- This site is optimized with the Yoast SEO plugin v27.2 - https:\/\/yoast.com\/product\/yoast-seo-wordpress\/ -->\n<title>Pol\u00edticos, artistas, aristocratas e o Papa: que liga\u00e7\u00e3o junta estes mundos - Portal Tela Portugal<\/title>\n<meta name=\"robots\" content=\"index, follow, max-snippet:-1, max-image-preview:large, max-video-preview:-1\" \/>\n<meta property=\"og:locale\" content=\"pt_PT\" \/>\n<meta property=\"og:type\" content=\"article\" \/>\n<meta property=\"og:title\" content=\"Pol\u00edticos, artistas, aristocratas e o Papa: que liga\u00e7\u00e3o junta estes mundos - Portal Tela Portugal\" \/>\n<meta property=\"og:description\" content=\"O Governo de Donald Trump \u00e9 acusado de confundir as investiga\u00e7\u00f5es sobre Jeffrey Epstein ao divulgar uma lista com mais de tr\u00eas centenas de nomes presentes nos ficheiros do Departamento de Justi\u00e7a dos EUA. No fim de semana, a Procuradora-Geral Pam Bondi enviou ao Congresso uma carta de seis p\u00e1ginas com a lista de pol\u00edticos de alto escal\u00e3o, al\u00e9m de artistas, membros da realeza, magnatas da tecnologia e at\u00e9 um Papa. Bondi afirmou que a lista inclui pessoas que s\u00e3o ou foram funcion\u00e1rios do Governo ou \u201cpessoas expostas politicamente\u201d e que os nomes aparecem nos ficheiros pelo menos uma vez; garantiu ainda ter divulgado todos os ficheiros exigidos pela Lei de Transpar\u00eancia dos Arquivos Epstein. A lista inclui figuras como Elvis Presley, Diana de Gales, Margaret Thatcher e Marilyn Monroe; entre pol\u00edticos constam Hillary Clinton, George W. Bush, Barack Obama, Joe Biden, Kamala Harris e Mike Pence, al\u00e9m de l\u00edderes estrangeiros como Benjamin Netanyahu, Tony Blair, Theresa May e Fidel Castro; membros da realeza, magnatas como Jeff Bezos e Mark Zuckerberg, artistas como George Clooney, Bruce Springsteen e Janis Joplin, e o Papa Jo\u00e3o Paulo II. O congressista democrata Ro Khanna criticou a divulga\u00e7\u00e3o, dizendo que o Departamento de Justi\u00e7a est\u00e1 a criar confus\u00e3o entre quem era predador e quem foi mencionado, citando o caso de Janis Joplin versus Larry Nassar.\" \/>\n<meta property=\"og:url\" content=\"https:\/\/portaltela.pt\/noticias\/2026\/02\/18\/politicos-artistas-aristocratas-e-o-papa-que-ligacao-junta-estes-mundos\/\" \/>\n<meta property=\"og:site_name\" content=\"Portal Tela Portugal\" \/>\n<meta property=\"article:published_time\" content=\"2026-02-18T10:11:44+00:00\" \/>\n<meta name=\"author\" content=\"Telinha\" \/>\n<meta name=\"twitter:card\" content=\"summary_large_image\" \/>\n<meta name=\"twitter:label1\" content=\"Escrito por\" \/>\n\t<meta name=\"twitter:data1\" content=\"Telinha\" \/>\n\t<meta name=\"twitter:label2\" content=\"Tempo estimado de leitura\" \/>\n\t<meta name=\"twitter:data2\" content=\"2 minutos\" \/>\n<script type=\"application\/ld+json\" class=\"yoast-schema-graph\">{\"@context\":\"https:\/\/schema.org\",\"@graph\":[{\"@type\":\"Article\",\"@id\":\"https:\/\/portaltela.pt\/noticias\/2026\/02\/18\/politicos-artistas-aristocratas-e-o-papa-que-ligacao-junta-estes-mundos\/#article\",\"isPartOf\":{\"@id\":\"https:\/\/portaltela.pt\/noticias\/2026\/02\/18\/politicos-artistas-aristocratas-e-o-papa-que-ligacao-junta-estes-mundos\/\"},\"author\":{\"name\":\"Telinha\",\"@id\":\"https:\/\/portaltela.pt\/#\/schema\/person\/c4278d4a6028830caff9ee44b42d32ed\"},\"headline\":\"Pol\u00edticos, artistas, aristocratas e o Papa: que liga\u00e7\u00e3o junta estes mundos\",\"datePublished\":\"2026-02-18T10:11:44+00:00\",\"mainEntityOfPage\":{\"@id\":\"https:\/\/portaltela.pt\/noticias\/2026\/02\/18\/politicos-artistas-aristocratas-e-o-papa-que-ligacao-junta-estes-mundos\/\"},\"wordCount\":323,\"image\":{\"@id\":\"https:\/\/portaltela.pt\/noticias\/2026\/02\/18\/politicos-artistas-aristocratas-e-o-papa-que-ligacao-junta-estes-mundos\/#primaryimage\"},\"thumbnailUrl\":\"https:\/\/portaltela.pt\/s.01k8rhncp4jt1\/2026\/02\/img_1500x1000uu2026-02-06-15-39-21-2265260.jpg\",\"keywords\":[\"Barack Obama\",\"Benjamin Netanyahu\",\"George W. Bush\",\"Hillary Clinton\",\"Papa Jo\u00e3o Paulo II\",\"pol\u00edtica internacional\"],\"articleSection\":[\"Not\u00edcias\",\"Pol\u00edtica\"],\"inLanguage\":\"pt-PT\"},{\"@type\":\"WebPage\",\"@id\":\"https:\/\/portaltela.pt\/noticias\/2026\/02\/18\/politicos-artistas-aristocratas-e-o-papa-que-ligacao-junta-estes-mundos\/\",\"url\":\"https:\/\/portaltela.pt\/noticias\/2026\/02\/18\/politicos-artistas-aristocratas-e-o-papa-que-ligacao-junta-estes-mundos\/\",\"name\":\"Pol\u00edticos, artistas, aristocratas e o Papa: que liga\u00e7\u00e3o junta estes mundos - Portal Tela Portugal\",\"isPartOf\":{\"@id\":\"https:\/\/portaltela.pt\/#website\"},\"primaryImageOfPage\":{\"@id\":\"https:\/\/portaltela.pt\/noticias\/2026\/02\/18\/politicos-artistas-aristocratas-e-o-papa-que-ligacao-junta-estes-mundos\/#primaryimage\"},\"image\":{\"@id\":\"https:\/\/portaltela.pt\/noticias\/2026\/02\/18\/politicos-artistas-aristocratas-e-o-papa-que-ligacao-junta-estes-mundos\/#primaryimage\"},\"thumbnailUrl\":\"https:\/\/portaltela.pt\/s.01k8rhncp4jt1\/2026\/02\/img_1500x1000uu2026-02-06-15-39-21-2265260.jpg\",\"datePublished\":\"2026-02-18T10:11:44+00:00\",\"author\":{\"@id\":\"https:\/\/portaltela.pt\/#\/schema\/person\/c4278d4a6028830caff9ee44b42d32ed\"},\"breadcrumb\":{\"@id\":\"https:\/\/portaltela.pt\/noticias\/2026\/02\/18\/politicos-artistas-aristocratas-e-o-papa-que-ligacao-junta-estes-mundos\/#breadcrumb\"},\"inLanguage\":\"pt-PT\",\"potentialAction\":[{\"@type\":\"ReadAction\",\"target\":[\"https:\/\/portaltela.pt\/noticias\/2026\/02\/18\/politicos-artistas-aristocratas-e-o-papa-que-ligacao-junta-estes-mundos\/\"]}]},{\"@type\":\"ImageObject\",\"inLanguage\":\"pt-PT\",\"@id\":\"https:\/\/portaltela.pt\/noticias\/2026\/02\/18\/politicos-artistas-aristocratas-e-o-papa-que-ligacao-junta-estes-mundos\/#primaryimage\",\"url\":\"https:\/\/portaltela.pt\/s.01k8rhncp4jt1\/2026\/02\/img_1500x1000uu2026-02-06-15-39-21-2265260.jpg\",\"contentUrl\":\"https:\/\/portaltela.pt\/s.01k8rhncp4jt1\/2026\/02\/img_1500x1000uu2026-02-06-15-39-21-2265260.jpg\",\"width\":796,\"height\":448,\"caption\":\"Caso Epstein\"},{\"@type\":\"BreadcrumbList\",\"@id\":\"https:\/\/portaltela.pt\/noticias\/2026\/02\/18\/politicos-artistas-aristocratas-e-o-papa-que-ligacao-junta-estes-mundos\/#breadcrumb\",\"itemListElement\":[{\"@type\":\"ListItem\",\"position\":1,\"name\":\"In\u00edcio\",\"item\":\"https:\/\/portaltela.pt\/\"},{\"@type\":\"ListItem\",\"position\":2,\"name\":\"Pol\u00edticos, artistas, aristocratas e o Papa: que liga\u00e7\u00e3o junta estes mundos\"}]},{\"@type\":\"WebSite\",\"@id\":\"https:\/\/portaltela.pt\/#website\",\"url\":\"https:\/\/portaltela.pt\/\",\"name\":\"Portal Tela Portugal\",\"description\":\"\",\"potentialAction\":[{\"@type\":\"SearchAction\",\"target\":{\"@type\":\"EntryPoint\",\"urlTemplate\":\"https:\/\/portaltela.pt\/?s={search_term_string}\"},\"query-input\":{\"@type\":\"PropertyValueSpecification\",\"valueRequired\":true,\"valueName\":\"search_term_string\"}}],\"inLanguage\":\"pt-PT\"},{\"@type\":\"Person\",\"@id\":\"https:\/\/portaltela.pt\/#\/schema\/person\/c4278d4a6028830caff9ee44b42d32ed\",\"name\":\"Telinha\",\"image\":{\"@type\":\"ImageObject\",\"inLanguage\":\"pt-PT\",\"@id\":\"https:\/\/portaltela.pt\/s.01k8rhncp4jt1\/2025\/11\/talking-bot-125x125.png\",\"url\":\"https:\/\/portaltela.pt\/s.01k8rhncp4jt1\/2025\/11\/talking-bot-125x125.png\",\"contentUrl\":\"https:\/\/portaltela.pt\/s.01k8rhncp4jt1\/2025\/11\/talking-bot-125x125.png\",\"caption\":\"Telinha\"},\"sameAs\":[\"https:\/\/portaltela.pt\/\"],\"url\":\"https:\/\/portaltela.pt\/por\/367410592786\/\"}]}<\/script>\n<!-- \/ Yoast SEO plugin. -->","yoast_head_json":{"title":"Pol\u00edticos, artistas, aristocratas e o Papa: que liga\u00e7\u00e3o junta estes mundos - Portal Tela Portugal","robots":{"index":"index","follow":"follow","max-snippet":"max-snippet:-1","max-image-preview":"max-image-preview:large","max-video-preview":"max-video-preview:-1"},"og_locale":"pt_PT","og_type":"article","og_title":"Pol\u00edticos, artistas, aristocratas e o Papa: que liga\u00e7\u00e3o junta estes mundos - Portal Tela Portugal","og_description":"O Governo de Donald Trump \u00e9 acusado de confundir as investiga\u00e7\u00f5es sobre Jeffrey Epstein ao divulgar uma lista com mais de tr\u00eas centenas de nomes presentes nos ficheiros do Departamento de Justi\u00e7a dos EUA. No fim de semana, a Procuradora-Geral Pam Bondi enviou ao Congresso uma carta de seis p\u00e1ginas com a lista de pol\u00edticos de alto escal\u00e3o, al\u00e9m de artistas, membros da realeza, magnatas da tecnologia e at\u00e9 um Papa. Bondi afirmou que a lista inclui pessoas que s\u00e3o ou foram funcion\u00e1rios do Governo ou \u201cpessoas expostas politicamente\u201d e que os nomes aparecem nos ficheiros pelo menos uma vez; garantiu ainda ter divulgado todos os ficheiros exigidos pela Lei de Transpar\u00eancia dos Arquivos Epstein. A lista inclui figuras como Elvis Presley, Diana de Gales, Margaret Thatcher e Marilyn Monroe; entre pol\u00edticos constam Hillary Clinton, George W. Bush, Barack Obama, Joe Biden, Kamala Harris e Mike Pence, al\u00e9m de l\u00edderes estrangeiros como Benjamin Netanyahu, Tony Blair, Theresa May e Fidel Castro; membros da realeza, magnatas como Jeff Bezos e Mark Zuckerberg, artistas como George Clooney, Bruce Springsteen e Janis Joplin, e o Papa Jo\u00e3o Paulo II. O congressista democrata Ro Khanna criticou a divulga\u00e7\u00e3o, dizendo que o Departamento de Justi\u00e7a est\u00e1 a criar confus\u00e3o entre quem era predador e quem foi mencionado, citando o caso de Janis Joplin versus Larry Nassar.","og_url":"https:\/\/portaltela.pt\/noticias\/2026\/02\/18\/politicos-artistas-aristocratas-e-o-papa-que-ligacao-junta-estes-mundos\/","og_site_name":"Portal Tela Portugal","article_published_time":"2026-02-18T10:11:44+00:00","author":"Telinha","twitter_card":"summary_large_image","twitter_misc":{"Escrito por":"Telinha","Tempo estimado de leitura":"2 minutos"},"schema":{"@context":"https:\/\/schema.org","@graph":[{"@type":"Article","@id":"https:\/\/portaltela.pt\/noticias\/2026\/02\/18\/politicos-artistas-aristocratas-e-o-papa-que-ligacao-junta-estes-mundos\/#article","isPartOf":{"@id":"https:\/\/portaltela.pt\/noticias\/2026\/02\/18\/politicos-artistas-aristocratas-e-o-papa-que-ligacao-junta-estes-mundos\/"},"author":{"name":"Telinha","@id":"https:\/\/portaltela.pt\/#\/schema\/person\/c4278d4a6028830caff9ee44b42d32ed"},"headline":"Pol\u00edticos, artistas, aristocratas e o Papa: que liga\u00e7\u00e3o junta estes mundos","datePublished":"2026-02-18T10:11:44+00:00","mainEntityOfPage":{"@id":"https:\/\/portaltela.pt\/noticias\/2026\/02\/18\/politicos-artistas-aristocratas-e-o-papa-que-ligacao-junta-estes-mundos\/"},"wordCount":323,"image":{"@id":"https:\/\/portaltela.pt\/noticias\/2026\/02\/18\/politicos-artistas-aristocratas-e-o-papa-que-ligacao-junta-estes-mundos\/#primaryimage"},"thumbnailUrl":"https:\/\/portaltela.pt\/s.01k8rhncp4jt1\/2026\/02\/img_1500x1000uu2026-02-06-15-39-21-2265260.jpg","keywords":["Barack Obama","Benjamin Netanyahu","George W. Bush","Hillary Clinton","Papa Jo\u00e3o Paulo II","pol\u00edtica internacional"],"articleSection":["Not\u00edcias","Pol\u00edtica"],"inLanguage":"pt-PT"},{"@type":"WebPage","@id":"https:\/\/portaltela.pt\/noticias\/2026\/02\/18\/politicos-artistas-aristocratas-e-o-papa-que-ligacao-junta-estes-mundos\/","url":"https:\/\/portaltela.pt\/noticias\/2026\/02\/18\/politicos-artistas-aristocratas-e-o-papa-que-ligacao-junta-estes-mundos\/","name":"Pol\u00edticos, artistas, aristocratas e o Papa: que liga\u00e7\u00e3o junta estes mundos - Portal Tela Portugal","isPartOf":{"@id":"https:\/\/portaltela.pt\/#website"},"primaryImageOfPage":{"@id":"https:\/\/portaltela.pt\/noticias\/2026\/02\/18\/politicos-artistas-aristocratas-e-o-papa-que-ligacao-junta-estes-mundos\/#primaryimage"},"image":{"@id":"https:\/\/portaltela.pt\/noticias\/2026\/02\/18\/politicos-artistas-aristocratas-e-o-papa-que-ligacao-junta-estes-mundos\/#primaryimage"},"thumbnailUrl":"https:\/\/portaltela.pt\/s.01k8rhncp4jt1\/2026\/02\/img_1500x1000uu2026-02-06-15-39-21-2265260.jpg","datePublished":"2026-02-18T10:11:44+00:00","author":{"@id":"https:\/\/portaltela.pt\/#\/schema\/person\/c4278d4a6028830caff9ee44b42d32ed"},"breadcrumb":{"@id":"https:\/\/portaltela.pt\/noticias\/2026\/02\/18\/politicos-artistas-aristocratas-e-o-papa-que-ligacao-junta-estes-mundos\/#breadcrumb"},"inLanguage":"pt-PT","potentialAction":[{"@type":"ReadAction","target":["https:\/\/portaltela.pt\/noticias\/2026\/02\/18\/politicos-artistas-aristocratas-e-o-papa-que-ligacao-junta-estes-mundos\/"]}]},{"@type":"ImageObject","inLanguage":"pt-PT","@id":"https:\/\/portaltela.pt\/noticias\/2026\/02\/18\/politicos-artistas-aristocratas-e-o-papa-que-ligacao-junta-estes-mundos\/#primaryimage","url":"https:\/\/portaltela.pt\/s.01k8rhncp4jt1\/2026\/02\/img_1500x1000uu2026-02-06-15-39-21-2265260.jpg","contentUrl":"https:\/\/portaltela.pt\/s.01k8rhncp4jt1\/2026\/02\/img_1500x1000uu2026-02-06-15-39-21-2265260.jpg","width":796,"height":448,"caption":"Caso Epstein"},{"@type":"BreadcrumbList","@id":"https:\/\/portaltela.pt\/noticias\/2026\/02\/18\/politicos-artistas-aristocratas-e-o-papa-que-ligacao-junta-estes-mundos\/#breadcrumb","itemListElement":[{"@type":"ListItem","position":1,"name":"In\u00edcio","item":"https:\/\/portaltela.pt\/"},{"@type":"ListItem","position":2,"name":"Pol\u00edticos, artistas, aristocratas e o Papa: que liga\u00e7\u00e3o junta estes mundos"}]},{"@type":"WebSite","@id":"https:\/\/portaltela.pt\/#website","url":"https:\/\/portaltela.pt\/","name":"Portal Tela Portugal","description":"","potentialAction":[{"@type":"SearchAction","target":{"@type":"EntryPoint","urlTemplate":"https:\/\/portaltela.pt\/?s={search_term_string}"},"query-input":{"@type":"PropertyValueSpecification","valueRequired":true,"valueName":"search_term_string"}}],"inLanguage":"pt-PT"},{"@type":"Person","@id":"https:\/\/portaltela.pt\/#\/schema\/person\/c4278d4a6028830caff9ee44b42d32ed","name":"Telinha","image":{"@type":"ImageObject","inLanguage":"pt-PT","@id":"https:\/\/portaltela.pt\/s.01k8rhncp4jt1\/2025\/11\/talking-bot-125x125.png","url":"https:\/\/portaltela.pt\/s.01k8rhncp4jt1\/2025\/11\/talking-bot-125x125.png","contentUrl":"https:\/\/portaltela.pt\/s.01k8rhncp4jt1\/2025\/11\/talking-bot-125x125.png","caption":"Telinha"},"sameAs":["https:\/\/portaltela.pt\/"],"url":"https:\/\/portaltela.pt\/por\/367410592786\/"}]}},"_links":{"self":[{"href":"https:\/\/portaltela.pt\/api\/wp\/v2\/posts\/215569","targetHints":{"allow":["GET"]}}],"collection":[{"href":"https:\/\/portaltela.pt\/api\/wp\/v2\/posts"}],"about":[{"href":"https:\/\/portaltela.pt\/api\/wp\/v2\/types\/post"}],"author":[{"embeddable":true,"href":"https:\/\/portaltela.pt\/api\/wp\/v2\/users\/2"}],"replies":[{"embeddable":true,"href":"https:\/\/portaltela.pt\/api\/wp\/v2\/comments?post=215569"}],"version-history":[{"count":0,"href":"https:\/\/portaltela.pt\/api\/wp\/v2\/posts\/215569\/revisions"}],"wp:featuredmedia":[{"embeddable":true,"href":"https:\/\/portaltela.pt\/api\/wp\/v2\/media\/215574"}],"wp:attachment":[{"href":"https:\/\/portaltela.pt\/api\/wp\/v2\/media?parent=215569"}],"wp:term":[{"taxonomy":"category","embeddable":true,"href":"https:\/\/portaltela.pt\/api\/wp\/v2\/categories?post=215569"},{"taxonomy":"post_tag","embeddable":true,"href":"https:\/\/portaltela.pt\/api\/wp\/v2\/tags?post=215569"}],"curies":[{"name":"wp","href":"https:\/\/api.w.org\/{rel}","templated":true}]}}