{"id":215534,"date":"2026-02-18T06:14:00","date_gmt":"2026-02-18T09:14:00","guid":{"rendered":"https:\/\/portaltela.pt\/noticias\/2026\/02\/18\/totalenergies-avanca-com-acampamento-para-2-000-trabalhadores-em-mocambique\/"},"modified":"2026-02-18T06:14:00","modified_gmt":"2026-02-18T09:14:00","slug":"totalenergies-avanca-com-acampamento-para-2-000-trabalhadores-em-mocambique","status":"publish","type":"post","link":"https:\/\/portaltela.pt\/noticias\/2026\/02\/18\/totalenergies-avanca-com-acampamento-para-2-000-trabalhadores-em-mocambique\/","title":{"rendered":"TotalEnergies avan\u00e7a com acampamento para 2.000 trabalhadores em Mo\u00e7ambique"},"content":{"rendered":"<p>A TotalEnergies est\u00e1 a avan\u00e7ar com a expans\u00e3o do acampamento para 2.000 trabalhadores em Afungi, Cabo Delgado, Mo\u00e7ambique, no \u00e2mbito do megaprojeto de G\u00e1s Natural Liquefeito (GNL). O an\u00fancio surge na sequ\u00eancia da retomada plena do empreendimento.<\/p>\n<p>A decis\u00e3o foi reportada pela Lusa a partir de um concurso consultado pela ag\u00eancia. A medida visa preparar o terreno para a continuidade das obras, com foco na gest\u00e3o de m\u00e3o de obra local e de apoio log\u00edstico para o projeto.<\/p>\n<p>Contexto do projeto<\/p>\n<p>O projeto de GNL em Afungi tem sido um pilar da estrat\u00e9gia energ\u00e9tica mo\u00e7ambicana e envolve a TotalEnergies e parceiros internacionais. A expans\u00e3o do acampamento reflete a necessidade de acolher mais trabalhadores, \u00e0 medida que as obras avan\u00e7am.<\/p>\n<p>Quem est\u00e1 envolvido e o que se espera<\/p>\n<p>A TotalEnergies est\u00e1 \u00e0 frente da expans\u00e3o, em colabora\u00e7\u00e3o com fornecedores e entidades reguladoras nacionais. A perspetiva \u00e9 assegurar condi\u00e7\u00f5es adequadas de alojamento, seguran\u00e7a e mobiliza\u00e7\u00e3o de trabalhadores, contribuindo para a retoma econ\u00f3mica da regi\u00e3o.<\/p>\n","protected":false},"excerpt":{"rendered":"<ul>\n<li>A TotalEnergies est\u00e1 a expandir o acampamento para 2.000 trabalhadores em Afungi, Cabo Delgado, Mo\u00e7ambique.<\/li>\n<li>O projeto envolve o megaprojeto de G\u00e1s Natural Liquefeito (GNL) em retoma plena.<\/li>\n<li>A informa\u00e7\u00e3o foi reportada pela ag\u00eancia Lusa, com base em informa\u00e7\u00f5es do projeto.<\/li>\n<li>O movimento sinaliza a continua\u00e7\u00e3o do empreendimento ap\u00f3s a pausa anterior.<\/li>\n<\/ul>\n","protected":false},"author":2,"featured_media":215537,"comment_status":"closed","ping_status":"closed","sticky":false,"template":"","format":"standard","meta":{"footnotes":""},"categories":[1],"tags":[4923,2049,2697,174,1615,1911],"class_list":["post-215534","post","type-post","status-publish","format-standard","has-post-thumbnail","hentry","category-noticias","tag-afungi","tag-cabo-delgado","tag-empresas","tag-energia","tag-infraestrutura","tag-mocambique"],"yoast_head":"<!-- This site is optimized with the Yoast SEO plugin v27.2 - https:\/\/yoast.com\/product\/yoast-seo-wordpress\/ -->\n<title>TotalEnergies avan\u00e7a com acampamento para 2.000 trabalhadores em Mo\u00e7ambique - Portal Tela Portugal<\/title>\n<meta name=\"robots\" content=\"index, follow, max-snippet:-1, max-image-preview:large, max-video-preview:-1\" \/>\n<meta property=\"og:locale\" content=\"pt_PT\" \/>\n<meta property=\"og:type\" content=\"article\" \/>\n<meta property=\"og:title\" content=\"TotalEnergies avan\u00e7a com acampamento para 2.000 trabalhadores em Mo\u00e7ambique - Portal Tela Portugal\" \/>\n<meta property=\"og:description\" content=\"A TotalEnergies est\u00e1 a expandir o acampamento para 2.000 trabalhadores em Afungi, Cabo Delgado, Mo\u00e7ambique. O projeto envolve o megaprojeto de G\u00e1s Natural Liquefeito (GNL) em retoma plena. A informa\u00e7\u00e3o foi reportada pela ag\u00eancia Lusa, com base em informa\u00e7\u00f5es do projeto. O movimento sinaliza a continua\u00e7\u00e3o do empreendimento ap\u00f3s a pausa anterior.\" \/>\n<meta property=\"og:url\" content=\"https:\/\/portaltela.pt\/noticias\/2026\/02\/18\/totalenergies-avanca-com-acampamento-para-2-000-trabalhadores-em-mocambique\/\" \/>\n<meta property=\"og:site_name\" content=\"Portal Tela Portugal\" \/>\n<meta property=\"article:published_time\" content=\"2026-02-18T09:14:00+00:00\" \/>\n<meta name=\"author\" content=\"Telinha\" \/>\n<meta name=\"twitter:card\" content=\"summary_large_image\" \/>\n<meta name=\"twitter:label1\" content=\"Escrito por\" \/>\n\t<meta name=\"twitter:data1\" content=\"Telinha\" \/>\n\t<meta name=\"twitter:label2\" content=\"Tempo estimado de leitura\" \/>\n\t<meta name=\"twitter:data2\" content=\"1 minuto\" \/>\n<script type=\"application\/ld+json\" class=\"yoast-schema-graph\">{\"@context\":\"https:\/\/schema.org\",\"@graph\":[{\"@type\":\"Article\",\"@id\":\"https:\/\/portaltela.pt\/noticias\/2026\/02\/18\/totalenergies-avanca-com-acampamento-para-2-000-trabalhadores-em-mocambique\/#article\",\"isPartOf\":{\"@id\":\"https:\/\/portaltela.pt\/noticias\/2026\/02\/18\/totalenergies-avanca-com-acampamento-para-2-000-trabalhadores-em-mocambique\/\"},\"author\":{\"name\":\"Telinha\",\"@id\":\"https:\/\/portaltela.pt\/#\/schema\/person\/c4278d4a6028830caff9ee44b42d32ed\"},\"headline\":\"TotalEnergies avan\u00e7a com acampamento para 2.000 trabalhadores em Mo\u00e7ambique\",\"datePublished\":\"2026-02-18T09:14:00+00:00\",\"mainEntityOfPage\":{\"@id\":\"https:\/\/portaltela.pt\/noticias\/2026\/02\/18\/totalenergies-avanca-com-acampamento-para-2-000-trabalhadores-em-mocambique\/\"},\"wordCount\":191,\"image\":{\"@id\":\"https:\/\/portaltela.pt\/noticias\/2026\/02\/18\/totalenergies-avanca-com-acampamento-para-2-000-trabalhadores-em-mocambique\/#primaryimage\"},\"thumbnailUrl\":\"https:\/\/portaltela.pt\/s.01k8rhncp4jt1\/2026\/02\/CACHE_780X1200_ANALOG_WATERMARKED_39646407_227545516665077-2.jpg\",\"keywords\":[\"Afungi\",\"Cabo Delgado\",\"empresas\",\"energia\",\"infraestrutura\",\"Mo\u00e7ambique\"],\"articleSection\":[\"Not\u00edcias\"],\"inLanguage\":\"pt-PT\"},{\"@type\":\"WebPage\",\"@id\":\"https:\/\/portaltela.pt\/noticias\/2026\/02\/18\/totalenergies-avanca-com-acampamento-para-2-000-trabalhadores-em-mocambique\/\",\"url\":\"https:\/\/portaltela.pt\/noticias\/2026\/02\/18\/totalenergies-avanca-com-acampamento-para-2-000-trabalhadores-em-mocambique\/\",\"name\":\"TotalEnergies avan\u00e7a com acampamento para 2.000 trabalhadores em Mo\u00e7ambique - Portal Tela Portugal\",\"isPartOf\":{\"@id\":\"https:\/\/portaltela.pt\/#website\"},\"primaryImageOfPage\":{\"@id\":\"https:\/\/portaltela.pt\/noticias\/2026\/02\/18\/totalenergies-avanca-com-acampamento-para-2-000-trabalhadores-em-mocambique\/#primaryimage\"},\"image\":{\"@id\":\"https:\/\/portaltela.pt\/noticias\/2026\/02\/18\/totalenergies-avanca-com-acampamento-para-2-000-trabalhadores-em-mocambique\/#primaryimage\"},\"thumbnailUrl\":\"https:\/\/portaltela.pt\/s.01k8rhncp4jt1\/2026\/02\/CACHE_780X1200_ANALOG_WATERMARKED_39646407_227545516665077-2.jpg\",\"datePublished\":\"2026-02-18T09:14:00+00:00\",\"author\":{\"@id\":\"https:\/\/portaltela.pt\/#\/schema\/person\/c4278d4a6028830caff9ee44b42d32ed\"},\"breadcrumb\":{\"@id\":\"https:\/\/portaltela.pt\/noticias\/2026\/02\/18\/totalenergies-avanca-com-acampamento-para-2-000-trabalhadores-em-mocambique\/#breadcrumb\"},\"inLanguage\":\"pt-PT\",\"potentialAction\":[{\"@type\":\"ReadAction\",\"target\":[\"https:\/\/portaltela.pt\/noticias\/2026\/02\/18\/totalenergies-avanca-com-acampamento-para-2-000-trabalhadores-em-mocambique\/\"]}]},{\"@type\":\"ImageObject\",\"inLanguage\":\"pt-PT\",\"@id\":\"https:\/\/portaltela.pt\/noticias\/2026\/02\/18\/totalenergies-avanca-com-acampamento-para-2-000-trabalhadores-em-mocambique\/#primaryimage\",\"url\":\"https:\/\/portaltela.pt\/s.01k8rhncp4jt1\/2026\/02\/CACHE_780X1200_ANALOG_WATERMARKED_39646407_227545516665077-2.jpg\",\"contentUrl\":\"https:\/\/portaltela.pt\/s.01k8rhncp4jt1\/2026\/02\/CACHE_780X1200_ANALOG_WATERMARKED_39646407_227545516665077-2.jpg\",\"width\":768,\"height\":512,\"caption\":\"Photo\"},{\"@type\":\"BreadcrumbList\",\"@id\":\"https:\/\/portaltela.pt\/noticias\/2026\/02\/18\/totalenergies-avanca-com-acampamento-para-2-000-trabalhadores-em-mocambique\/#breadcrumb\",\"itemListElement\":[{\"@type\":\"ListItem\",\"position\":1,\"name\":\"In\u00edcio\",\"item\":\"https:\/\/portaltela.pt\/\"},{\"@type\":\"ListItem\",\"position\":2,\"name\":\"TotalEnergies avan\u00e7a com acampamento para 2.000 trabalhadores em Mo\u00e7ambique\"}]},{\"@type\":\"WebSite\",\"@id\":\"https:\/\/portaltela.pt\/#website\",\"url\":\"https:\/\/portaltela.pt\/\",\"name\":\"Portal Tela Portugal\",\"description\":\"\",\"potentialAction\":[{\"@type\":\"SearchAction\",\"target\":{\"@type\":\"EntryPoint\",\"urlTemplate\":\"https:\/\/portaltela.pt\/?s={search_term_string}\"},\"query-input\":{\"@type\":\"PropertyValueSpecification\",\"valueRequired\":true,\"valueName\":\"search_term_string\"}}],\"inLanguage\":\"pt-PT\"},{\"@type\":\"Person\",\"@id\":\"https:\/\/portaltela.pt\/#\/schema\/person\/c4278d4a6028830caff9ee44b42d32ed\",\"name\":\"Telinha\",\"image\":{\"@type\":\"ImageObject\",\"inLanguage\":\"pt-PT\",\"@id\":\"https:\/\/portaltela.pt\/s.01k8rhncp4jt1\/2025\/11\/talking-bot-125x125.png\",\"url\":\"https:\/\/portaltela.pt\/s.01k8rhncp4jt1\/2025\/11\/talking-bot-125x125.png\",\"contentUrl\":\"https:\/\/portaltela.pt\/s.01k8rhncp4jt1\/2025\/11\/talking-bot-125x125.png\",\"caption\":\"Telinha\"},\"sameAs\":[\"https:\/\/portaltela.pt\/\"],\"url\":\"https:\/\/portaltela.pt\/por\/367410592786\/\"}]}<\/script>\n<!-- \/ Yoast SEO plugin. -->","yoast_head_json":{"title":"TotalEnergies avan\u00e7a com acampamento para 2.000 trabalhadores em Mo\u00e7ambique - Portal Tela Portugal","robots":{"index":"index","follow":"follow","max-snippet":"max-snippet:-1","max-image-preview":"max-image-preview:large","max-video-preview":"max-video-preview:-1"},"og_locale":"pt_PT","og_type":"article","og_title":"TotalEnergies avan\u00e7a com acampamento para 2.000 trabalhadores em Mo\u00e7ambique - Portal Tela Portugal","og_description":"A TotalEnergies est\u00e1 a expandir o acampamento para 2.000 trabalhadores em Afungi, Cabo Delgado, Mo\u00e7ambique. O projeto envolve o megaprojeto de G\u00e1s Natural Liquefeito (GNL) em retoma plena. A informa\u00e7\u00e3o foi reportada pela ag\u00eancia Lusa, com base em informa\u00e7\u00f5es do projeto. O movimento sinaliza a continua\u00e7\u00e3o do empreendimento ap\u00f3s a pausa anterior.","og_url":"https:\/\/portaltela.pt\/noticias\/2026\/02\/18\/totalenergies-avanca-com-acampamento-para-2-000-trabalhadores-em-mocambique\/","og_site_name":"Portal Tela Portugal","article_published_time":"2026-02-18T09:14:00+00:00","author":"Telinha","twitter_card":"summary_large_image","twitter_misc":{"Escrito por":"Telinha","Tempo estimado de leitura":"1 minuto"},"schema":{"@context":"https:\/\/schema.org","@graph":[{"@type":"Article","@id":"https:\/\/portaltela.pt\/noticias\/2026\/02\/18\/totalenergies-avanca-com-acampamento-para-2-000-trabalhadores-em-mocambique\/#article","isPartOf":{"@id":"https:\/\/portaltela.pt\/noticias\/2026\/02\/18\/totalenergies-avanca-com-acampamento-para-2-000-trabalhadores-em-mocambique\/"},"author":{"name":"Telinha","@id":"https:\/\/portaltela.pt\/#\/schema\/person\/c4278d4a6028830caff9ee44b42d32ed"},"headline":"TotalEnergies avan\u00e7a com acampamento para 2.000 trabalhadores em Mo\u00e7ambique","datePublished":"2026-02-18T09:14:00+00:00","mainEntityOfPage":{"@id":"https:\/\/portaltela.pt\/noticias\/2026\/02\/18\/totalenergies-avanca-com-acampamento-para-2-000-trabalhadores-em-mocambique\/"},"wordCount":191,"image":{"@id":"https:\/\/portaltela.pt\/noticias\/2026\/02\/18\/totalenergies-avanca-com-acampamento-para-2-000-trabalhadores-em-mocambique\/#primaryimage"},"thumbnailUrl":"https:\/\/portaltela.pt\/s.01k8rhncp4jt1\/2026\/02\/CACHE_780X1200_ANALOG_WATERMARKED_39646407_227545516665077-2.jpg","keywords":["Afungi","Cabo Delgado","empresas","energia","infraestrutura","Mo\u00e7ambique"],"articleSection":["Not\u00edcias"],"inLanguage":"pt-PT"},{"@type":"WebPage","@id":"https:\/\/portaltela.pt\/noticias\/2026\/02\/18\/totalenergies-avanca-com-acampamento-para-2-000-trabalhadores-em-mocambique\/","url":"https:\/\/portaltela.pt\/noticias\/2026\/02\/18\/totalenergies-avanca-com-acampamento-para-2-000-trabalhadores-em-mocambique\/","name":"TotalEnergies avan\u00e7a com acampamento para 2.000 trabalhadores em Mo\u00e7ambique - Portal Tela Portugal","isPartOf":{"@id":"https:\/\/portaltela.pt\/#website"},"primaryImageOfPage":{"@id":"https:\/\/portaltela.pt\/noticias\/2026\/02\/18\/totalenergies-avanca-com-acampamento-para-2-000-trabalhadores-em-mocambique\/#primaryimage"},"image":{"@id":"https:\/\/portaltela.pt\/noticias\/2026\/02\/18\/totalenergies-avanca-com-acampamento-para-2-000-trabalhadores-em-mocambique\/#primaryimage"},"thumbnailUrl":"https:\/\/portaltela.pt\/s.01k8rhncp4jt1\/2026\/02\/CACHE_780X1200_ANALOG_WATERMARKED_39646407_227545516665077-2.jpg","datePublished":"2026-02-18T09:14:00+00:00","author":{"@id":"https:\/\/portaltela.pt\/#\/schema\/person\/c4278d4a6028830caff9ee44b42d32ed"},"breadcrumb":{"@id":"https:\/\/portaltela.pt\/noticias\/2026\/02\/18\/totalenergies-avanca-com-acampamento-para-2-000-trabalhadores-em-mocambique\/#breadcrumb"},"inLanguage":"pt-PT","potentialAction":[{"@type":"ReadAction","target":["https:\/\/portaltela.pt\/noticias\/2026\/02\/18\/totalenergies-avanca-com-acampamento-para-2-000-trabalhadores-em-mocambique\/"]}]},{"@type":"ImageObject","inLanguage":"pt-PT","@id":"https:\/\/portaltela.pt\/noticias\/2026\/02\/18\/totalenergies-avanca-com-acampamento-para-2-000-trabalhadores-em-mocambique\/#primaryimage","url":"https:\/\/portaltela.pt\/s.01k8rhncp4jt1\/2026\/02\/CACHE_780X1200_ANALOG_WATERMARKED_39646407_227545516665077-2.jpg","contentUrl":"https:\/\/portaltela.pt\/s.01k8rhncp4jt1\/2026\/02\/CACHE_780X1200_ANALOG_WATERMARKED_39646407_227545516665077-2.jpg","width":768,"height":512,"caption":"Photo"},{"@type":"BreadcrumbList","@id":"https:\/\/portaltela.pt\/noticias\/2026\/02\/18\/totalenergies-avanca-com-acampamento-para-2-000-trabalhadores-em-mocambique\/#breadcrumb","itemListElement":[{"@type":"ListItem","position":1,"name":"In\u00edcio","item":"https:\/\/portaltela.pt\/"},{"@type":"ListItem","position":2,"name":"TotalEnergies avan\u00e7a com acampamento para 2.000 trabalhadores em Mo\u00e7ambique"}]},{"@type":"WebSite","@id":"https:\/\/portaltela.pt\/#website","url":"https:\/\/portaltela.pt\/","name":"Portal Tela Portugal","description":"","potentialAction":[{"@type":"SearchAction","target":{"@type":"EntryPoint","urlTemplate":"https:\/\/portaltela.pt\/?s={search_term_string}"},"query-input":{"@type":"PropertyValueSpecification","valueRequired":true,"valueName":"search_term_string"}}],"inLanguage":"pt-PT"},{"@type":"Person","@id":"https:\/\/portaltela.pt\/#\/schema\/person\/c4278d4a6028830caff9ee44b42d32ed","name":"Telinha","image":{"@type":"ImageObject","inLanguage":"pt-PT","@id":"https:\/\/portaltela.pt\/s.01k8rhncp4jt1\/2025\/11\/talking-bot-125x125.png","url":"https:\/\/portaltela.pt\/s.01k8rhncp4jt1\/2025\/11\/talking-bot-125x125.png","contentUrl":"https:\/\/portaltela.pt\/s.01k8rhncp4jt1\/2025\/11\/talking-bot-125x125.png","caption":"Telinha"},"sameAs":["https:\/\/portaltela.pt\/"],"url":"https:\/\/portaltela.pt\/por\/367410592786\/"}]}},"_links":{"self":[{"href":"https:\/\/portaltela.pt\/api\/wp\/v2\/posts\/215534","targetHints":{"allow":["GET"]}}],"collection":[{"href":"https:\/\/portaltela.pt\/api\/wp\/v2\/posts"}],"about":[{"href":"https:\/\/portaltela.pt\/api\/wp\/v2\/types\/post"}],"author":[{"embeddable":true,"href":"https:\/\/portaltela.pt\/api\/wp\/v2\/users\/2"}],"replies":[{"embeddable":true,"href":"https:\/\/portaltela.pt\/api\/wp\/v2\/comments?post=215534"}],"version-history":[{"count":0,"href":"https:\/\/portaltela.pt\/api\/wp\/v2\/posts\/215534\/revisions"}],"wp:featuredmedia":[{"embeddable":true,"href":"https:\/\/portaltela.pt\/api\/wp\/v2\/media\/215537"}],"wp:attachment":[{"href":"https:\/\/portaltela.pt\/api\/wp\/v2\/media?parent=215534"}],"wp:term":[{"taxonomy":"category","embeddable":true,"href":"https:\/\/portaltela.pt\/api\/wp\/v2\/categories?post=215534"},{"taxonomy":"post_tag","embeddable":true,"href":"https:\/\/portaltela.pt\/api\/wp\/v2\/tags?post=215534"}],"curies":[{"name":"wp","href":"https:\/\/api.w.org\/{rel}","templated":true}]}}