{"id":215523,"date":"2026-02-18T06:33:00","date_gmt":"2026-02-18T09:33:00","guid":{"rendered":"https:\/\/portaltela.pt\/noticias\/2026\/02\/18\/carro-do-casal-de-idosos-desaparecido-e-encontrado-em-montemor-o-velho\/"},"modified":"2026-02-18T06:33:00","modified_gmt":"2026-02-18T09:33:00","slug":"carro-do-casal-de-idosos-desaparecido-e-encontrado-em-montemor-o-velho","status":"publish","type":"post","link":"https:\/\/portaltela.pt\/noticias\/2026\/02\/18\/carro-do-casal-de-idosos-desaparecido-e-encontrado-em-montemor-o-velho\/","title":{"rendered":"Carro do casal de idosos desaparecido \u00e9 encontrado em Montemor-o-Velho"},"content":{"rendered":"<p>Foi encontrado o carro do casal de idosos desaparecido em Montemor-o-Velho. A viatura foi localizada perto da Quinta do Semin\u00e1rio durante a madrugada desta quarta-feira, ap\u00f3s a descida de \u00e1gua de 20 cent\u00edmetros.<\/p>\n<p>Ven\u00e2ncio, de 68 anos, e F\u00e1tima, de 65, residentes em Verride, n\u00e3o regresaram ap\u00f3s sa\u00edrem de casa no dia 10. O alerta foi dado pelos familiares \u00e0s 19h45 de dia 13.<\/p>\n<p>As autoridades seguem a caminho para avaliar os procedimentos de remo\u00e7\u00e3o do ve\u00edculo da \u00e1rea alagada e confirmar as circunst\u00e2ncias do desaparecimento do casal. O CM confirmou a opera\u00e7\u00e3o em curso.<\/p>\n","protected":false},"excerpt":{"rendered":"<ul>\n<li>Carro do casal de idosos desaparecidos em Montemor-o-Velho foi encontrado perto da Quinta do Semin\u00e1rio, na madrugada desta quarta-feira.<\/li>\n<li>A viatura ficou localizada ap\u00f3s a \u00e1gua descer vinte cent\u00edmetros.<\/li>\n<li>Autoridades seguem a caminho do local para avaliar os procedimentos de remo\u00e7\u00e3o do ve\u00edculo da \u00e1gua.<\/li>\n<li>Ven\u00e2ncio, 68 anos, e F\u00e1tima, 65 anos, residentes em Verride, sa\u00edram de casa no dia dez e n\u00e3o retornaram; fam\u00edlia fez o alerta \u00e0s 19h45 do dia treze.<\/li>\n<li>Em atualiza\u00e7\u00e3o.<\/li>\n<\/ul>\n","protected":false},"author":2,"featured_media":215527,"comment_status":"closed","ping_status":"closed","sticky":false,"template":"","format":"standard","meta":{"footnotes":""},"categories":[1],"tags":[1331,3812,1309,217,320,250],"class_list":["post-215523","post","type-post","status-publish","format-standard","has-post-thumbnail","hentry","category-noticias","tag-alagamento","tag-alagamentos","tag-centro","tag-investigacao-criminal","tag-protecao-civil","tag-seguranca-publica"],"yoast_head":"<!-- This site is optimized with the Yoast SEO plugin v27.2 - https:\/\/yoast.com\/product\/yoast-seo-wordpress\/ -->\n<title>Carro do casal de idosos desaparecido \u00e9 encontrado em Montemor-o-Velho - Portal Tela Portugal<\/title>\n<meta name=\"robots\" content=\"index, follow, max-snippet:-1, max-image-preview:large, max-video-preview:-1\" \/>\n<meta property=\"og:locale\" content=\"pt_PT\" \/>\n<meta property=\"og:type\" content=\"article\" \/>\n<meta property=\"og:title\" content=\"Carro do casal de idosos desaparecido \u00e9 encontrado em Montemor-o-Velho - Portal Tela Portugal\" \/>\n<meta property=\"og:description\" content=\"Carro do casal de idosos desaparecidos em Montemor-o-Velho foi encontrado perto da Quinta do Semin\u00e1rio, na madrugada desta quarta-feira. A viatura ficou localizada ap\u00f3s a \u00e1gua descer vinte cent\u00edmetros. Autoridades seguem a caminho do local para avaliar os procedimentos de remo\u00e7\u00e3o do ve\u00edculo da \u00e1gua. Ven\u00e2ncio, 68 anos, e F\u00e1tima, 65 anos, residentes em Verride, sa\u00edram de casa no dia dez e n\u00e3o retornaram; fam\u00edlia fez o alerta \u00e0s 19h45 do dia treze. Em atualiza\u00e7\u00e3o.\" \/>\n<meta property=\"og:url\" content=\"https:\/\/portaltela.pt\/noticias\/2026\/02\/18\/carro-do-casal-de-idosos-desaparecido-e-encontrado-em-montemor-o-velho\/\" \/>\n<meta property=\"og:site_name\" content=\"Portal Tela Portugal\" \/>\n<meta property=\"article:published_time\" content=\"2026-02-18T09:33:00+00:00\" \/>\n<meta name=\"author\" content=\"Telinha\" \/>\n<meta name=\"twitter:card\" content=\"summary_large_image\" \/>\n<meta name=\"twitter:label1\" content=\"Escrito por\" \/>\n\t<meta name=\"twitter:data1\" content=\"Telinha\" \/>\n\t<meta name=\"twitter:label2\" content=\"Tempo estimado de leitura\" \/>\n\t<meta name=\"twitter:data2\" content=\"1 minuto\" \/>\n<script type=\"application\/ld+json\" class=\"yoast-schema-graph\">{\"@context\":\"https:\/\/schema.org\",\"@graph\":[{\"@type\":\"Article\",\"@id\":\"https:\/\/portaltela.pt\/noticias\/2026\/02\/18\/carro-do-casal-de-idosos-desaparecido-e-encontrado-em-montemor-o-velho\/#article\",\"isPartOf\":{\"@id\":\"https:\/\/portaltela.pt\/noticias\/2026\/02\/18\/carro-do-casal-de-idosos-desaparecido-e-encontrado-em-montemor-o-velho\/\"},\"author\":{\"name\":\"Telinha\",\"@id\":\"https:\/\/portaltela.pt\/#\/schema\/person\/c4278d4a6028830caff9ee44b42d32ed\"},\"headline\":\"Carro do casal de idosos desaparecido \u00e9 encontrado em Montemor-o-Velho\",\"datePublished\":\"2026-02-18T09:33:00+00:00\",\"mainEntityOfPage\":{\"@id\":\"https:\/\/portaltela.pt\/noticias\/2026\/02\/18\/carro-do-casal-de-idosos-desaparecido-e-encontrado-em-montemor-o-velho\/\"},\"wordCount\":111,\"image\":{\"@id\":\"https:\/\/portaltela.pt\/noticias\/2026\/02\/18\/carro-do-casal-de-idosos-desaparecido-e-encontrado-em-montemor-o-velho\/#primaryimage\"},\"thumbnailUrl\":\"https:\/\/portaltela.pt\/s.01k8rhncp4jt1\/2026\/02\/img_1500x1000uu2026-02-14-15-17-17-2266869-3.jpg\",\"keywords\":[\"alagamento\",\"alagamentos\",\"Centro\",\"investiga\u00e7\u00e3o criminal\",\"prote\u00e7\u00e3o civil\",\"seguran\u00e7a p\u00fablica\"],\"articleSection\":[\"Not\u00edcias\"],\"inLanguage\":\"pt-PT\"},{\"@type\":\"WebPage\",\"@id\":\"https:\/\/portaltela.pt\/noticias\/2026\/02\/18\/carro-do-casal-de-idosos-desaparecido-e-encontrado-em-montemor-o-velho\/\",\"url\":\"https:\/\/portaltela.pt\/noticias\/2026\/02\/18\/carro-do-casal-de-idosos-desaparecido-e-encontrado-em-montemor-o-velho\/\",\"name\":\"Carro do casal de idosos desaparecido \u00e9 encontrado em Montemor-o-Velho - Portal Tela Portugal\",\"isPartOf\":{\"@id\":\"https:\/\/portaltela.pt\/#website\"},\"primaryImageOfPage\":{\"@id\":\"https:\/\/portaltela.pt\/noticias\/2026\/02\/18\/carro-do-casal-de-idosos-desaparecido-e-encontrado-em-montemor-o-velho\/#primaryimage\"},\"image\":{\"@id\":\"https:\/\/portaltela.pt\/noticias\/2026\/02\/18\/carro-do-casal-de-idosos-desaparecido-e-encontrado-em-montemor-o-velho\/#primaryimage\"},\"thumbnailUrl\":\"https:\/\/portaltela.pt\/s.01k8rhncp4jt1\/2026\/02\/img_1500x1000uu2026-02-14-15-17-17-2266869-3.jpg\",\"datePublished\":\"2026-02-18T09:33:00+00:00\",\"author\":{\"@id\":\"https:\/\/portaltela.pt\/#\/schema\/person\/c4278d4a6028830caff9ee44b42d32ed\"},\"breadcrumb\":{\"@id\":\"https:\/\/portaltela.pt\/noticias\/2026\/02\/18\/carro-do-casal-de-idosos-desaparecido-e-encontrado-em-montemor-o-velho\/#breadcrumb\"},\"inLanguage\":\"pt-PT\",\"potentialAction\":[{\"@type\":\"ReadAction\",\"target\":[\"https:\/\/portaltela.pt\/noticias\/2026\/02\/18\/carro-do-casal-de-idosos-desaparecido-e-encontrado-em-montemor-o-velho\/\"]}]},{\"@type\":\"ImageObject\",\"inLanguage\":\"pt-PT\",\"@id\":\"https:\/\/portaltela.pt\/noticias\/2026\/02\/18\/carro-do-casal-de-idosos-desaparecido-e-encontrado-em-montemor-o-velho\/#primaryimage\",\"url\":\"https:\/\/portaltela.pt\/s.01k8rhncp4jt1\/2026\/02\/img_1500x1000uu2026-02-14-15-17-17-2266869-3.jpg\",\"contentUrl\":\"https:\/\/portaltela.pt\/s.01k8rhncp4jt1\/2026\/02\/img_1500x1000uu2026-02-14-15-17-17-2266869-3.jpg\",\"width\":796,\"height\":448,\"caption\":\"Casal de idosos desaparecido em Montemor-o-Velho\"},{\"@type\":\"BreadcrumbList\",\"@id\":\"https:\/\/portaltela.pt\/noticias\/2026\/02\/18\/carro-do-casal-de-idosos-desaparecido-e-encontrado-em-montemor-o-velho\/#breadcrumb\",\"itemListElement\":[{\"@type\":\"ListItem\",\"position\":1,\"name\":\"In\u00edcio\",\"item\":\"https:\/\/portaltela.pt\/\"},{\"@type\":\"ListItem\",\"position\":2,\"name\":\"Carro do casal de idosos desaparecido \u00e9 encontrado em Montemor-o-Velho\"}]},{\"@type\":\"WebSite\",\"@id\":\"https:\/\/portaltela.pt\/#website\",\"url\":\"https:\/\/portaltela.pt\/\",\"name\":\"Portal Tela Portugal\",\"description\":\"\",\"potentialAction\":[{\"@type\":\"SearchAction\",\"target\":{\"@type\":\"EntryPoint\",\"urlTemplate\":\"https:\/\/portaltela.pt\/?s={search_term_string}\"},\"query-input\":{\"@type\":\"PropertyValueSpecification\",\"valueRequired\":true,\"valueName\":\"search_term_string\"}}],\"inLanguage\":\"pt-PT\"},{\"@type\":\"Person\",\"@id\":\"https:\/\/portaltela.pt\/#\/schema\/person\/c4278d4a6028830caff9ee44b42d32ed\",\"name\":\"Telinha\",\"image\":{\"@type\":\"ImageObject\",\"inLanguage\":\"pt-PT\",\"@id\":\"https:\/\/portaltela.pt\/s.01k8rhncp4jt1\/2025\/11\/talking-bot-125x125.png\",\"url\":\"https:\/\/portaltela.pt\/s.01k8rhncp4jt1\/2025\/11\/talking-bot-125x125.png\",\"contentUrl\":\"https:\/\/portaltela.pt\/s.01k8rhncp4jt1\/2025\/11\/talking-bot-125x125.png\",\"caption\":\"Telinha\"},\"sameAs\":[\"https:\/\/portaltela.pt\/\"],\"url\":\"https:\/\/portaltela.pt\/por\/367410592786\/\"}]}<\/script>\n<!-- \/ Yoast SEO plugin. -->","yoast_head_json":{"title":"Carro do casal de idosos desaparecido \u00e9 encontrado em Montemor-o-Velho - Portal Tela Portugal","robots":{"index":"index","follow":"follow","max-snippet":"max-snippet:-1","max-image-preview":"max-image-preview:large","max-video-preview":"max-video-preview:-1"},"og_locale":"pt_PT","og_type":"article","og_title":"Carro do casal de idosos desaparecido \u00e9 encontrado em Montemor-o-Velho - Portal Tela Portugal","og_description":"Carro do casal de idosos desaparecidos em Montemor-o-Velho foi encontrado perto da Quinta do Semin\u00e1rio, na madrugada desta quarta-feira. A viatura ficou localizada ap\u00f3s a \u00e1gua descer vinte cent\u00edmetros. Autoridades seguem a caminho do local para avaliar os procedimentos de remo\u00e7\u00e3o do ve\u00edculo da \u00e1gua. Ven\u00e2ncio, 68 anos, e F\u00e1tima, 65 anos, residentes em Verride, sa\u00edram de casa no dia dez e n\u00e3o retornaram; fam\u00edlia fez o alerta \u00e0s 19h45 do dia treze. Em atualiza\u00e7\u00e3o.","og_url":"https:\/\/portaltela.pt\/noticias\/2026\/02\/18\/carro-do-casal-de-idosos-desaparecido-e-encontrado-em-montemor-o-velho\/","og_site_name":"Portal Tela Portugal","article_published_time":"2026-02-18T09:33:00+00:00","author":"Telinha","twitter_card":"summary_large_image","twitter_misc":{"Escrito por":"Telinha","Tempo estimado de leitura":"1 minuto"},"schema":{"@context":"https:\/\/schema.org","@graph":[{"@type":"Article","@id":"https:\/\/portaltela.pt\/noticias\/2026\/02\/18\/carro-do-casal-de-idosos-desaparecido-e-encontrado-em-montemor-o-velho\/#article","isPartOf":{"@id":"https:\/\/portaltela.pt\/noticias\/2026\/02\/18\/carro-do-casal-de-idosos-desaparecido-e-encontrado-em-montemor-o-velho\/"},"author":{"name":"Telinha","@id":"https:\/\/portaltela.pt\/#\/schema\/person\/c4278d4a6028830caff9ee44b42d32ed"},"headline":"Carro do casal de idosos desaparecido \u00e9 encontrado em Montemor-o-Velho","datePublished":"2026-02-18T09:33:00+00:00","mainEntityOfPage":{"@id":"https:\/\/portaltela.pt\/noticias\/2026\/02\/18\/carro-do-casal-de-idosos-desaparecido-e-encontrado-em-montemor-o-velho\/"},"wordCount":111,"image":{"@id":"https:\/\/portaltela.pt\/noticias\/2026\/02\/18\/carro-do-casal-de-idosos-desaparecido-e-encontrado-em-montemor-o-velho\/#primaryimage"},"thumbnailUrl":"https:\/\/portaltela.pt\/s.01k8rhncp4jt1\/2026\/02\/img_1500x1000uu2026-02-14-15-17-17-2266869-3.jpg","keywords":["alagamento","alagamentos","Centro","investiga\u00e7\u00e3o criminal","prote\u00e7\u00e3o civil","seguran\u00e7a p\u00fablica"],"articleSection":["Not\u00edcias"],"inLanguage":"pt-PT"},{"@type":"WebPage","@id":"https:\/\/portaltela.pt\/noticias\/2026\/02\/18\/carro-do-casal-de-idosos-desaparecido-e-encontrado-em-montemor-o-velho\/","url":"https:\/\/portaltela.pt\/noticias\/2026\/02\/18\/carro-do-casal-de-idosos-desaparecido-e-encontrado-em-montemor-o-velho\/","name":"Carro do casal de idosos desaparecido \u00e9 encontrado em Montemor-o-Velho - Portal Tela Portugal","isPartOf":{"@id":"https:\/\/portaltela.pt\/#website"},"primaryImageOfPage":{"@id":"https:\/\/portaltela.pt\/noticias\/2026\/02\/18\/carro-do-casal-de-idosos-desaparecido-e-encontrado-em-montemor-o-velho\/#primaryimage"},"image":{"@id":"https:\/\/portaltela.pt\/noticias\/2026\/02\/18\/carro-do-casal-de-idosos-desaparecido-e-encontrado-em-montemor-o-velho\/#primaryimage"},"thumbnailUrl":"https:\/\/portaltela.pt\/s.01k8rhncp4jt1\/2026\/02\/img_1500x1000uu2026-02-14-15-17-17-2266869-3.jpg","datePublished":"2026-02-18T09:33:00+00:00","author":{"@id":"https:\/\/portaltela.pt\/#\/schema\/person\/c4278d4a6028830caff9ee44b42d32ed"},"breadcrumb":{"@id":"https:\/\/portaltela.pt\/noticias\/2026\/02\/18\/carro-do-casal-de-idosos-desaparecido-e-encontrado-em-montemor-o-velho\/#breadcrumb"},"inLanguage":"pt-PT","potentialAction":[{"@type":"ReadAction","target":["https:\/\/portaltela.pt\/noticias\/2026\/02\/18\/carro-do-casal-de-idosos-desaparecido-e-encontrado-em-montemor-o-velho\/"]}]},{"@type":"ImageObject","inLanguage":"pt-PT","@id":"https:\/\/portaltela.pt\/noticias\/2026\/02\/18\/carro-do-casal-de-idosos-desaparecido-e-encontrado-em-montemor-o-velho\/#primaryimage","url":"https:\/\/portaltela.pt\/s.01k8rhncp4jt1\/2026\/02\/img_1500x1000uu2026-02-14-15-17-17-2266869-3.jpg","contentUrl":"https:\/\/portaltela.pt\/s.01k8rhncp4jt1\/2026\/02\/img_1500x1000uu2026-02-14-15-17-17-2266869-3.jpg","width":796,"height":448,"caption":"Casal de idosos desaparecido em Montemor-o-Velho"},{"@type":"BreadcrumbList","@id":"https:\/\/portaltela.pt\/noticias\/2026\/02\/18\/carro-do-casal-de-idosos-desaparecido-e-encontrado-em-montemor-o-velho\/#breadcrumb","itemListElement":[{"@type":"ListItem","position":1,"name":"In\u00edcio","item":"https:\/\/portaltela.pt\/"},{"@type":"ListItem","position":2,"name":"Carro do casal de idosos desaparecido \u00e9 encontrado em Montemor-o-Velho"}]},{"@type":"WebSite","@id":"https:\/\/portaltela.pt\/#website","url":"https:\/\/portaltela.pt\/","name":"Portal Tela Portugal","description":"","potentialAction":[{"@type":"SearchAction","target":{"@type":"EntryPoint","urlTemplate":"https:\/\/portaltela.pt\/?s={search_term_string}"},"query-input":{"@type":"PropertyValueSpecification","valueRequired":true,"valueName":"search_term_string"}}],"inLanguage":"pt-PT"},{"@type":"Person","@id":"https:\/\/portaltela.pt\/#\/schema\/person\/c4278d4a6028830caff9ee44b42d32ed","name":"Telinha","image":{"@type":"ImageObject","inLanguage":"pt-PT","@id":"https:\/\/portaltela.pt\/s.01k8rhncp4jt1\/2025\/11\/talking-bot-125x125.png","url":"https:\/\/portaltela.pt\/s.01k8rhncp4jt1\/2025\/11\/talking-bot-125x125.png","contentUrl":"https:\/\/portaltela.pt\/s.01k8rhncp4jt1\/2025\/11\/talking-bot-125x125.png","caption":"Telinha"},"sameAs":["https:\/\/portaltela.pt\/"],"url":"https:\/\/portaltela.pt\/por\/367410592786\/"}]}},"_links":{"self":[{"href":"https:\/\/portaltela.pt\/api\/wp\/v2\/posts\/215523","targetHints":{"allow":["GET"]}}],"collection":[{"href":"https:\/\/portaltela.pt\/api\/wp\/v2\/posts"}],"about":[{"href":"https:\/\/portaltela.pt\/api\/wp\/v2\/types\/post"}],"author":[{"embeddable":true,"href":"https:\/\/portaltela.pt\/api\/wp\/v2\/users\/2"}],"replies":[{"embeddable":true,"href":"https:\/\/portaltela.pt\/api\/wp\/v2\/comments?post=215523"}],"version-history":[{"count":0,"href":"https:\/\/portaltela.pt\/api\/wp\/v2\/posts\/215523\/revisions"}],"wp:featuredmedia":[{"embeddable":true,"href":"https:\/\/portaltela.pt\/api\/wp\/v2\/media\/215527"}],"wp:attachment":[{"href":"https:\/\/portaltela.pt\/api\/wp\/v2\/media?parent=215523"}],"wp:term":[{"taxonomy":"category","embeddable":true,"href":"https:\/\/portaltela.pt\/api\/wp\/v2\/categories?post=215523"},{"taxonomy":"post_tag","embeddable":true,"href":"https:\/\/portaltela.pt\/api\/wp\/v2\/tags?post=215523"}],"curies":[{"name":"wp","href":"https:\/\/api.w.org\/{rel}","templated":true}]}}