{"id":215509,"date":"2026-02-18T05:48:45","date_gmt":"2026-02-18T08:48:45","guid":{"rendered":"https:\/\/portaltela.pt\/noticias\/2026\/02\/18\/jaime-faria-vence-baez-e-avanca-aos-oitavos-do-atp-500-do-rio\/"},"modified":"2026-02-18T05:48:45","modified_gmt":"2026-02-18T08:48:45","slug":"jaime-faria-vence-baez-e-avanca-aos-oitavos-do-atp-500-do-rio","status":"publish","type":"post","link":"https:\/\/portaltela.pt\/desporto\/2026\/02\/18\/jaime-faria-vence-baez-e-avanca-aos-oitavos-do-atp-500-do-rio\/","title":{"rendered":"Jaime Faria vence Baez e avan\u00e7a aos oitavos do ATP 500 do Rio"},"content":{"rendered":"<p>O tenista portugu\u00eas Jaime Faria, 147.\u00ba do ranking mundial, qualificou-se para os oitavos de final do ATP 500 do Rio de Janeiro, ao vencer Sebasti\u00e1n B\u00e1ez, 32.\u00ba, em terra batida. O duelo da primeira ronda terminou em 2-0, com parciais de 7-5 e 6-1, ap\u00f3s 1 hora e 35 minutos de jogo.<\/p>\n<p>Faria imp\u00f4s-se frente ao quinto cabe\u00e7a de s\u00e9rie da prova. O jogador luso mostrou aproveitamento s\u00f3lido no servi\u00e7o, com 80% de pontos ganhos ao primeiro servi\u00e7o (28 de 35). A vit\u00f3ria coloca Faria nos oitavos de final do torneio brasileiro.<\/p>\n<p>Nos oitavos de final, Jaime Faria enfrentar\u00e1 Damir Dzumhur, 62.\u00ba ATP. O b\u00f3snio eliminou Pedro Mart\u00ednez, 101.\u00ba, por 0-6, 7-6 (7-5), 6-4, na mesma ronda. O confronto est\u00e1 agendado para o quadro eliminado da competi\u00e7\u00e3o.<\/p>\n<p>Antes da fase principal, Faria tinha sido eliminado na ronda de qualifica\u00e7\u00e3o, perdendo com Igor Marcondes, brasileiro, por 6-1 7-6 (7). Contudo, entrou no quadro principal como lucky loser.<\/p>\n","protected":false},"excerpt":{"rendered":"<ul>\n<li>O tenista portugu\u00eas Jaime Faria, 147.\u00ba da classifica\u00e7\u00e3o, apurou-se hoje para os oitavos de final do ATP 500 do Rio de Janeiro, em terra batida, ao vencer Sebasti\u00e1n B\u00e1ez, 32.\u00ba, em dois sets (7-5, 6-1).<\/li>\n<li>O duelo da primeira ronda durou uma hora e 35 minutos e Faria foi o segundo cabe\u00e7a de s\u00e9rie portugu\u00eas no torneio.<\/li>\n<li>Nos oitavos de final, Faria defronta Damir Dzumhur, 62.\u00ba ATP, que eliminou Pedro Mart\u00ednez, 101.\u00ba, com o resultado 0-6, 7-6 (7-5), 6-4.<\/li>\n<li>Faria registou 80 por cento de aproveitamento do primeiro servi\u00e7o, ganhando 28 dos 35 pontos com o primeiro saque.<\/li>\n<li>O jogador tinha sido eliminado na ronda de qualifica\u00e7\u00e3o por Igor Marcondes, mas entrou no quadro principal como lucky loser.<\/li>\n<\/ul>\n","protected":false},"author":2,"featured_media":215511,"comment_status":"closed","ping_status":"closed","sticky":false,"template":"","format":"standard","meta":{"footnotes":""},"categories":[21],"tags":[6040,152,3370,1014,94,2713],"class_list":["post-215509","post","type-post","status-publish","format-standard","has-post-thumbnail","hentry","category-desporto","tag-damir-dzumhur","tag-desporto","tag-jaime-faria","tag-portugal","tag-tenis","tag-tenistas"],"yoast_head":"<!-- This site is optimized with the Yoast SEO plugin v27.2 - https:\/\/yoast.com\/product\/yoast-seo-wordpress\/ -->\n<title>Jaime Faria vence Baez e avan\u00e7a aos oitavos do ATP 500 do Rio - Portal Tela Portugal<\/title>\n<meta name=\"robots\" content=\"index, follow, max-snippet:-1, max-image-preview:large, max-video-preview:-1\" \/>\n<meta property=\"og:locale\" content=\"pt_PT\" \/>\n<meta property=\"og:type\" content=\"article\" \/>\n<meta property=\"og:title\" content=\"Jaime Faria vence Baez e avan\u00e7a aos oitavos do ATP 500 do Rio - Portal Tela Portugal\" \/>\n<meta property=\"og:description\" content=\"O tenista portugu\u00eas Jaime Faria, 147.\u00ba da classifica\u00e7\u00e3o, apurou-se hoje para os oitavos de final do ATP 500 do Rio de Janeiro, em terra batida, ao vencer Sebasti\u00e1n B\u00e1ez, 32.\u00ba, em dois sets (7-5, 6-1). O duelo da primeira ronda durou uma hora e 35 minutos e Faria foi o segundo cabe\u00e7a de s\u00e9rie portugu\u00eas no torneio. Nos oitavos de final, Faria defronta Damir Dzumhur, 62.\u00ba ATP, que eliminou Pedro Mart\u00ednez, 101.\u00ba, com o resultado 0-6, 7-6 (7-5), 6-4. Faria registou 80 por cento de aproveitamento do primeiro servi\u00e7o, ganhando 28 dos 35 pontos com o primeiro saque. O jogador tinha sido eliminado na ronda de qualifica\u00e7\u00e3o por Igor Marcondes, mas entrou no quadro principal como lucky loser.\" \/>\n<meta property=\"og:url\" content=\"https:\/\/portaltela.pt\/noticias\/2026\/02\/18\/jaime-faria-vence-baez-e-avanca-aos-oitavos-do-atp-500-do-rio\/\" \/>\n<meta property=\"og:site_name\" content=\"Portal Tela Portugal\" \/>\n<meta property=\"article:published_time\" content=\"2026-02-18T08:48:45+00:00\" \/>\n<meta name=\"author\" content=\"Telinha\" \/>\n<meta name=\"twitter:card\" content=\"summary_large_image\" \/>\n<meta name=\"twitter:label1\" content=\"Escrito por\" \/>\n\t<meta name=\"twitter:data1\" content=\"Telinha\" \/>\n\t<meta name=\"twitter:label2\" content=\"Tempo estimado de leitura\" \/>\n\t<meta name=\"twitter:data2\" content=\"1 minuto\" \/>\n<script type=\"application\/ld+json\" class=\"yoast-schema-graph\">{\"@context\":\"https:\/\/schema.org\",\"@graph\":[{\"@type\":\"Article\",\"@id\":\"https:\/\/portaltela.pt\/noticias\/2026\/02\/18\/jaime-faria-vence-baez-e-avanca-aos-oitavos-do-atp-500-do-rio\/#article\",\"isPartOf\":{\"@id\":\"https:\/\/portaltela.pt\/noticias\/2026\/02\/18\/jaime-faria-vence-baez-e-avanca-aos-oitavos-do-atp-500-do-rio\/\"},\"author\":{\"name\":\"Telinha\",\"@id\":\"https:\/\/portaltela.pt\/#\/schema\/person\/c4278d4a6028830caff9ee44b42d32ed\"},\"headline\":\"Jaime Faria vence Baez e avan\u00e7a aos oitavos do ATP 500 do Rio\",\"datePublished\":\"2026-02-18T08:48:45+00:00\",\"mainEntityOfPage\":{\"@id\":\"https:\/\/portaltela.pt\/noticias\/2026\/02\/18\/jaime-faria-vence-baez-e-avanca-aos-oitavos-do-atp-500-do-rio\/\"},\"wordCount\":173,\"image\":{\"@id\":\"https:\/\/portaltela.pt\/noticias\/2026\/02\/18\/jaime-faria-vence-baez-e-avanca-aos-oitavos-do-atp-500-do-rio\/#primaryimage\"},\"thumbnailUrl\":\"https:\/\/portaltela.pt\/s.01k8rhncp4jt1\/2026\/02\/img_920x518uu2026-01-18-09-50-02-2415492.jpg\",\"keywords\":[\"Damir Dzumhur\",\"desporto\",\"Jaime Faria\",\"Portugal\",\"t\u00eanis\",\"tenistas\"],\"articleSection\":[\"Desporto\"],\"inLanguage\":\"pt-PT\"},{\"@type\":\"WebPage\",\"@id\":\"https:\/\/portaltela.pt\/noticias\/2026\/02\/18\/jaime-faria-vence-baez-e-avanca-aos-oitavos-do-atp-500-do-rio\/\",\"url\":\"https:\/\/portaltela.pt\/noticias\/2026\/02\/18\/jaime-faria-vence-baez-e-avanca-aos-oitavos-do-atp-500-do-rio\/\",\"name\":\"Jaime Faria vence Baez e avan\u00e7a aos oitavos do ATP 500 do Rio - Portal Tela Portugal\",\"isPartOf\":{\"@id\":\"https:\/\/portaltela.pt\/#website\"},\"primaryImageOfPage\":{\"@id\":\"https:\/\/portaltela.pt\/noticias\/2026\/02\/18\/jaime-faria-vence-baez-e-avanca-aos-oitavos-do-atp-500-do-rio\/#primaryimage\"},\"image\":{\"@id\":\"https:\/\/portaltela.pt\/noticias\/2026\/02\/18\/jaime-faria-vence-baez-e-avanca-aos-oitavos-do-atp-500-do-rio\/#primaryimage\"},\"thumbnailUrl\":\"https:\/\/portaltela.pt\/s.01k8rhncp4jt1\/2026\/02\/img_920x518uu2026-01-18-09-50-02-2415492.jpg\",\"datePublished\":\"2026-02-18T08:48:45+00:00\",\"author\":{\"@id\":\"https:\/\/portaltela.pt\/#\/schema\/person\/c4278d4a6028830caff9ee44b42d32ed\"},\"breadcrumb\":{\"@id\":\"https:\/\/portaltela.pt\/noticias\/2026\/02\/18\/jaime-faria-vence-baez-e-avanca-aos-oitavos-do-atp-500-do-rio\/#breadcrumb\"},\"inLanguage\":\"pt-PT\",\"potentialAction\":[{\"@type\":\"ReadAction\",\"target\":[\"https:\/\/portaltela.pt\/noticias\/2026\/02\/18\/jaime-faria-vence-baez-e-avanca-aos-oitavos-do-atp-500-do-rio\/\"]}]},{\"@type\":\"ImageObject\",\"inLanguage\":\"pt-PT\",\"@id\":\"https:\/\/portaltela.pt\/noticias\/2026\/02\/18\/jaime-faria-vence-baez-e-avanca-aos-oitavos-do-atp-500-do-rio\/#primaryimage\",\"url\":\"https:\/\/portaltela.pt\/s.01k8rhncp4jt1\/2026\/02\/img_920x518uu2026-01-18-09-50-02-2415492.jpg\",\"contentUrl\":\"https:\/\/portaltela.pt\/s.01k8rhncp4jt1\/2026\/02\/img_920x518uu2026-01-18-09-50-02-2415492.jpg\",\"width\":796,\"height\":448,\"caption\":\"Jaime Faria\"},{\"@type\":\"BreadcrumbList\",\"@id\":\"https:\/\/portaltela.pt\/noticias\/2026\/02\/18\/jaime-faria-vence-baez-e-avanca-aos-oitavos-do-atp-500-do-rio\/#breadcrumb\",\"itemListElement\":[{\"@type\":\"ListItem\",\"position\":1,\"name\":\"In\u00edcio\",\"item\":\"https:\/\/portaltela.pt\/\"},{\"@type\":\"ListItem\",\"position\":2,\"name\":\"Jaime Faria vence Baez e avan\u00e7a aos oitavos do ATP 500 do Rio\"}]},{\"@type\":\"WebSite\",\"@id\":\"https:\/\/portaltela.pt\/#website\",\"url\":\"https:\/\/portaltela.pt\/\",\"name\":\"Portal Tela Portugal\",\"description\":\"\",\"potentialAction\":[{\"@type\":\"SearchAction\",\"target\":{\"@type\":\"EntryPoint\",\"urlTemplate\":\"https:\/\/portaltela.pt\/?s={search_term_string}\"},\"query-input\":{\"@type\":\"PropertyValueSpecification\",\"valueRequired\":true,\"valueName\":\"search_term_string\"}}],\"inLanguage\":\"pt-PT\"},{\"@type\":\"Person\",\"@id\":\"https:\/\/portaltela.pt\/#\/schema\/person\/c4278d4a6028830caff9ee44b42d32ed\",\"name\":\"Telinha\",\"image\":{\"@type\":\"ImageObject\",\"inLanguage\":\"pt-PT\",\"@id\":\"https:\/\/portaltela.pt\/s.01k8rhncp4jt1\/2025\/11\/talking-bot-125x125.png\",\"url\":\"https:\/\/portaltela.pt\/s.01k8rhncp4jt1\/2025\/11\/talking-bot-125x125.png\",\"contentUrl\":\"https:\/\/portaltela.pt\/s.01k8rhncp4jt1\/2025\/11\/talking-bot-125x125.png\",\"caption\":\"Telinha\"},\"sameAs\":[\"https:\/\/portaltela.pt\/\"],\"url\":\"https:\/\/portaltela.pt\/por\/367410592786\/\"}]}<\/script>\n<!-- \/ Yoast SEO plugin. -->","yoast_head_json":{"title":"Jaime Faria vence Baez e avan\u00e7a aos oitavos do ATP 500 do Rio - Portal Tela Portugal","robots":{"index":"index","follow":"follow","max-snippet":"max-snippet:-1","max-image-preview":"max-image-preview:large","max-video-preview":"max-video-preview:-1"},"og_locale":"pt_PT","og_type":"article","og_title":"Jaime Faria vence Baez e avan\u00e7a aos oitavos do ATP 500 do Rio - Portal Tela Portugal","og_description":"O tenista portugu\u00eas Jaime Faria, 147.\u00ba da classifica\u00e7\u00e3o, apurou-se hoje para os oitavos de final do ATP 500 do Rio de Janeiro, em terra batida, ao vencer Sebasti\u00e1n B\u00e1ez, 32.\u00ba, em dois sets (7-5, 6-1). O duelo da primeira ronda durou uma hora e 35 minutos e Faria foi o segundo cabe\u00e7a de s\u00e9rie portugu\u00eas no torneio. Nos oitavos de final, Faria defronta Damir Dzumhur, 62.\u00ba ATP, que eliminou Pedro Mart\u00ednez, 101.\u00ba, com o resultado 0-6, 7-6 (7-5), 6-4. Faria registou 80 por cento de aproveitamento do primeiro servi\u00e7o, ganhando 28 dos 35 pontos com o primeiro saque. O jogador tinha sido eliminado na ronda de qualifica\u00e7\u00e3o por Igor Marcondes, mas entrou no quadro principal como lucky loser.","og_url":"https:\/\/portaltela.pt\/noticias\/2026\/02\/18\/jaime-faria-vence-baez-e-avanca-aos-oitavos-do-atp-500-do-rio\/","og_site_name":"Portal Tela Portugal","article_published_time":"2026-02-18T08:48:45+00:00","author":"Telinha","twitter_card":"summary_large_image","twitter_misc":{"Escrito por":"Telinha","Tempo estimado de leitura":"1 minuto"},"schema":{"@context":"https:\/\/schema.org","@graph":[{"@type":"Article","@id":"https:\/\/portaltela.pt\/noticias\/2026\/02\/18\/jaime-faria-vence-baez-e-avanca-aos-oitavos-do-atp-500-do-rio\/#article","isPartOf":{"@id":"https:\/\/portaltela.pt\/noticias\/2026\/02\/18\/jaime-faria-vence-baez-e-avanca-aos-oitavos-do-atp-500-do-rio\/"},"author":{"name":"Telinha","@id":"https:\/\/portaltela.pt\/#\/schema\/person\/c4278d4a6028830caff9ee44b42d32ed"},"headline":"Jaime Faria vence Baez e avan\u00e7a aos oitavos do ATP 500 do Rio","datePublished":"2026-02-18T08:48:45+00:00","mainEntityOfPage":{"@id":"https:\/\/portaltela.pt\/noticias\/2026\/02\/18\/jaime-faria-vence-baez-e-avanca-aos-oitavos-do-atp-500-do-rio\/"},"wordCount":173,"image":{"@id":"https:\/\/portaltela.pt\/noticias\/2026\/02\/18\/jaime-faria-vence-baez-e-avanca-aos-oitavos-do-atp-500-do-rio\/#primaryimage"},"thumbnailUrl":"https:\/\/portaltela.pt\/s.01k8rhncp4jt1\/2026\/02\/img_920x518uu2026-01-18-09-50-02-2415492.jpg","keywords":["Damir Dzumhur","desporto","Jaime Faria","Portugal","t\u00eanis","tenistas"],"articleSection":["Desporto"],"inLanguage":"pt-PT"},{"@type":"WebPage","@id":"https:\/\/portaltela.pt\/noticias\/2026\/02\/18\/jaime-faria-vence-baez-e-avanca-aos-oitavos-do-atp-500-do-rio\/","url":"https:\/\/portaltela.pt\/noticias\/2026\/02\/18\/jaime-faria-vence-baez-e-avanca-aos-oitavos-do-atp-500-do-rio\/","name":"Jaime Faria vence Baez e avan\u00e7a aos oitavos do ATP 500 do Rio - Portal Tela Portugal","isPartOf":{"@id":"https:\/\/portaltela.pt\/#website"},"primaryImageOfPage":{"@id":"https:\/\/portaltela.pt\/noticias\/2026\/02\/18\/jaime-faria-vence-baez-e-avanca-aos-oitavos-do-atp-500-do-rio\/#primaryimage"},"image":{"@id":"https:\/\/portaltela.pt\/noticias\/2026\/02\/18\/jaime-faria-vence-baez-e-avanca-aos-oitavos-do-atp-500-do-rio\/#primaryimage"},"thumbnailUrl":"https:\/\/portaltela.pt\/s.01k8rhncp4jt1\/2026\/02\/img_920x518uu2026-01-18-09-50-02-2415492.jpg","datePublished":"2026-02-18T08:48:45+00:00","author":{"@id":"https:\/\/portaltela.pt\/#\/schema\/person\/c4278d4a6028830caff9ee44b42d32ed"},"breadcrumb":{"@id":"https:\/\/portaltela.pt\/noticias\/2026\/02\/18\/jaime-faria-vence-baez-e-avanca-aos-oitavos-do-atp-500-do-rio\/#breadcrumb"},"inLanguage":"pt-PT","potentialAction":[{"@type":"ReadAction","target":["https:\/\/portaltela.pt\/noticias\/2026\/02\/18\/jaime-faria-vence-baez-e-avanca-aos-oitavos-do-atp-500-do-rio\/"]}]},{"@type":"ImageObject","inLanguage":"pt-PT","@id":"https:\/\/portaltela.pt\/noticias\/2026\/02\/18\/jaime-faria-vence-baez-e-avanca-aos-oitavos-do-atp-500-do-rio\/#primaryimage","url":"https:\/\/portaltela.pt\/s.01k8rhncp4jt1\/2026\/02\/img_920x518uu2026-01-18-09-50-02-2415492.jpg","contentUrl":"https:\/\/portaltela.pt\/s.01k8rhncp4jt1\/2026\/02\/img_920x518uu2026-01-18-09-50-02-2415492.jpg","width":796,"height":448,"caption":"Jaime Faria"},{"@type":"BreadcrumbList","@id":"https:\/\/portaltela.pt\/noticias\/2026\/02\/18\/jaime-faria-vence-baez-e-avanca-aos-oitavos-do-atp-500-do-rio\/#breadcrumb","itemListElement":[{"@type":"ListItem","position":1,"name":"In\u00edcio","item":"https:\/\/portaltela.pt\/"},{"@type":"ListItem","position":2,"name":"Jaime Faria vence Baez e avan\u00e7a aos oitavos do ATP 500 do Rio"}]},{"@type":"WebSite","@id":"https:\/\/portaltela.pt\/#website","url":"https:\/\/portaltela.pt\/","name":"Portal Tela Portugal","description":"","potentialAction":[{"@type":"SearchAction","target":{"@type":"EntryPoint","urlTemplate":"https:\/\/portaltela.pt\/?s={search_term_string}"},"query-input":{"@type":"PropertyValueSpecification","valueRequired":true,"valueName":"search_term_string"}}],"inLanguage":"pt-PT"},{"@type":"Person","@id":"https:\/\/portaltela.pt\/#\/schema\/person\/c4278d4a6028830caff9ee44b42d32ed","name":"Telinha","image":{"@type":"ImageObject","inLanguage":"pt-PT","@id":"https:\/\/portaltela.pt\/s.01k8rhncp4jt1\/2025\/11\/talking-bot-125x125.png","url":"https:\/\/portaltela.pt\/s.01k8rhncp4jt1\/2025\/11\/talking-bot-125x125.png","contentUrl":"https:\/\/portaltela.pt\/s.01k8rhncp4jt1\/2025\/11\/talking-bot-125x125.png","caption":"Telinha"},"sameAs":["https:\/\/portaltela.pt\/"],"url":"https:\/\/portaltela.pt\/por\/367410592786\/"}]}},"_links":{"self":[{"href":"https:\/\/portaltela.pt\/api\/wp\/v2\/posts\/215509","targetHints":{"allow":["GET"]}}],"collection":[{"href":"https:\/\/portaltela.pt\/api\/wp\/v2\/posts"}],"about":[{"href":"https:\/\/portaltela.pt\/api\/wp\/v2\/types\/post"}],"author":[{"embeddable":true,"href":"https:\/\/portaltela.pt\/api\/wp\/v2\/users\/2"}],"replies":[{"embeddable":true,"href":"https:\/\/portaltela.pt\/api\/wp\/v2\/comments?post=215509"}],"version-history":[{"count":0,"href":"https:\/\/portaltela.pt\/api\/wp\/v2\/posts\/215509\/revisions"}],"wp:featuredmedia":[{"embeddable":true,"href":"https:\/\/portaltela.pt\/api\/wp\/v2\/media\/215511"}],"wp:attachment":[{"href":"https:\/\/portaltela.pt\/api\/wp\/v2\/media?parent=215509"}],"wp:term":[{"taxonomy":"category","embeddable":true,"href":"https:\/\/portaltela.pt\/api\/wp\/v2\/categories?post=215509"},{"taxonomy":"post_tag","embeddable":true,"href":"https:\/\/portaltela.pt\/api\/wp\/v2\/tags?post=215509"}],"curies":[{"name":"wp","href":"https:\/\/api.w.org\/{rel}","templated":true}]}}