{"id":215498,"date":"2026-02-18T05:44:00","date_gmt":"2026-02-18T08:44:00","guid":{"rendered":"https:\/\/portaltela.pt\/noticias\/2026\/02\/18\/vento-forte-deixa-oito-distritos-do-norte-e-centro-em-aviso-amarelo\/"},"modified":"2026-02-18T05:44:00","modified_gmt":"2026-02-18T08:44:00","slug":"vento-forte-deixa-oito-distritos-do-norte-e-centro-em-aviso-amarelo","status":"publish","type":"post","link":"https:\/\/portaltela.pt\/noticias\/2026\/02\/18\/vento-forte-deixa-oito-distritos-do-norte-e-centro-em-aviso-amarelo\/","title":{"rendered":"Vento forte deixa oito distritos do norte e centro em aviso amarelo"},"content":{"rendered":"<p>O Instituto Portugu\u00eas do Mar e da Atmosfera (IPMA) emitiu um aviso amarelo para oito distritos do norte e centro de Portugal, com in\u00edcio marcado para as 9h desta quarta-feira. O alerta abrange Bragan\u00e7a, Viseu, Porto, Guarda, Vila Real, Viana do Castelo, Castelo Branco e Braga, pela previs\u00e3o de ventos fortes. O aviso prolonga-se at\u00e9 as 18h.<\/p>\n<p>Segundo o IPMA, as rajadas podem atingir 70 km\/h, podendo alcan\u00e7ar 95 km\/h nas \u00e1reas de altitude. O aviso amarelo representa risco moderado para atividades dependentes do tempo, no \u00e2mbito de uma escala de tr\u00eas cores.<\/p>\n<p>A chuva dever\u00e1 manter-se no continente at\u00e9 quinta-feira, em especial no norte e centro, com precipita\u00e7\u00e3o que pode ser acompanhada de aguaceiros. Cristina Sim\u00f5es, meteorologista, indica que as superf\u00edcies frontais v\u00e3o afetar maioritariamente o norte e o centro.<\/p>\n<h3>Ondas e agita\u00e7\u00e3o mar\u00edtima<\/h3>\n<p>A partir das 18h de quarta-feira e at\u00e9 \u00e0s 12h de quinta-feira, seis distritos do litoral norte e centro ficam sob novo aviso amarelo devido \u00e0 agita\u00e7\u00e3o mar\u00edtima. Est\u00e3o previstas ondas de noroeste com altura at\u00e9 cinco metros nos distritos do Porto, Viana do Castelo, Leiria, Aveiro, Coimbra e Braga.<\/p>\n<p>No per\u00edodo, h\u00e1 perspetiva de neve na Serra da Estrela, mantendo-se a precipita\u00e7\u00e3o em parte do territ\u00f3rio. As autoridades aconselham vigil\u00e2ncia, sobretudo para vias de comunica\u00e7\u00e3o e estruturas expostas.<\/p>\n<p>No passado recente, Portugal enfrentou depress\u00f5es que deixaram 16 mortos, bem como feridos e desalojados. As regi\u00f5es Centro, Lisboa e Vale do Tejo e Alentejo foram as mais afetadas, com danos relevantes em habita\u00e7\u00f5es, infraestruturas e servi\u00e7os.<\/p>\n","protected":false},"excerpt":{"rendered":"<ul>\n<li>O IPMA colocou oito distritos do norte e centro sob aviso amarelo a partir das nove da manh\u00e3, at\u00e9 \u00e0s dezoito, com rajadas de vento at\u00e9 70 km\/h (podendo atingir 95 km\/h nas terras altas).<\/li>\n<li>Distritos afetados: Bragan\u00e7a, Viseu, Porto, Guarda, Vila Real, Viana do Castelo, Castelo Branco e Braga.<\/li>\n<li>A partir das dezoito de hoje e at\u00e9 \u00e0s doze de quinta-feira, seis distritos do litoral norte e centro ficam sob aviso amarelo devido \u00e0 agita\u00e7\u00e3o mar\u00edtima, com ondas de noroeste de at\u00e9 cinco metros nos distritos do Porto, Viana do Castelo, Leiria, Aveiro, Coimbra e Braga.<\/li>\n<li>A chuva deve manter-se no territ\u00f3rio continental at\u00e9 quinta-feira, sobretudo no norte e centro, com previs\u00e3o de neve na Serra da Estrela em ocasi\u00f5es.<\/li>\n<li>O fim de semana dever\u00e1 trazer tempo est\u00e1vel e sol em grande parte do pa\u00eds.<\/li>\n<\/ul>\n","protected":false},"author":2,"featured_media":215499,"comment_status":"closed","ping_status":"closed","sticky":false,"template":"","format":"standard","meta":{"footnotes":""},"categories":[1],"tags":[3658,1207,5329,982,1658,2345],"class_list":["post-215498","post","type-post","status-publish","format-standard","has-post-thumbnail","hentry","category-noticias","tag-aviso-amarelo","tag-braga","tag-chuva","tag-porto","tag-serra-da-estrela","tag-ventos"],"yoast_head":"<!-- This site is optimized with the Yoast SEO plugin v27.2 - https:\/\/yoast.com\/product\/yoast-seo-wordpress\/ -->\n<title>Vento forte deixa oito distritos do norte e centro em aviso amarelo - Portal Tela Portugal<\/title>\n<meta name=\"robots\" content=\"index, follow, max-snippet:-1, max-image-preview:large, max-video-preview:-1\" \/>\n<meta property=\"og:locale\" content=\"pt_PT\" \/>\n<meta property=\"og:type\" content=\"article\" \/>\n<meta property=\"og:title\" content=\"Vento forte deixa oito distritos do norte e centro em aviso amarelo - Portal Tela Portugal\" \/>\n<meta property=\"og:description\" content=\"O IPMA colocou oito distritos do norte e centro sob aviso amarelo a partir das nove da manh\u00e3, at\u00e9 \u00e0s dezoito, com rajadas de vento at\u00e9 70 km\/h (podendo atingir 95 km\/h nas terras altas). Distritos afetados: Bragan\u00e7a, Viseu, Porto, Guarda, Vila Real, Viana do Castelo, Castelo Branco e Braga. A partir das dezoito de hoje e at\u00e9 \u00e0s doze de quinta-feira, seis distritos do litoral norte e centro ficam sob aviso amarelo devido \u00e0 agita\u00e7\u00e3o mar\u00edtima, com ondas de noroeste de at\u00e9 cinco metros nos distritos do Porto, Viana do Castelo, Leiria, Aveiro, Coimbra e Braga. A chuva deve manter-se no territ\u00f3rio continental at\u00e9 quinta-feira, sobretudo no norte e centro, com previs\u00e3o de neve na Serra da Estrela em ocasi\u00f5es. O fim de semana dever\u00e1 trazer tempo est\u00e1vel e sol em grande parte do pa\u00eds.\" \/>\n<meta property=\"og:url\" content=\"https:\/\/portaltela.pt\/noticias\/2026\/02\/18\/vento-forte-deixa-oito-distritos-do-norte-e-centro-em-aviso-amarelo\/\" \/>\n<meta property=\"og:site_name\" content=\"Portal Tela Portugal\" \/>\n<meta property=\"article:published_time\" content=\"2026-02-18T08:44:00+00:00\" \/>\n<meta name=\"author\" content=\"Telinha\" \/>\n<meta name=\"twitter:card\" content=\"summary_large_image\" \/>\n<meta name=\"twitter:label1\" content=\"Escrito por\" \/>\n\t<meta name=\"twitter:data1\" content=\"Telinha\" \/>\n\t<meta name=\"twitter:label2\" content=\"Tempo estimado de leitura\" \/>\n\t<meta name=\"twitter:data2\" content=\"1 minuto\" \/>\n<script type=\"application\/ld+json\" class=\"yoast-schema-graph\">{\"@context\":\"https:\/\/schema.org\",\"@graph\":[{\"@type\":\"Article\",\"@id\":\"https:\/\/portaltela.pt\/noticias\/2026\/02\/18\/vento-forte-deixa-oito-distritos-do-norte-e-centro-em-aviso-amarelo\/#article\",\"isPartOf\":{\"@id\":\"https:\/\/portaltela.pt\/noticias\/2026\/02\/18\/vento-forte-deixa-oito-distritos-do-norte-e-centro-em-aviso-amarelo\/\"},\"author\":{\"name\":\"Telinha\",\"@id\":\"https:\/\/portaltela.pt\/#\/schema\/person\/c4278d4a6028830caff9ee44b42d32ed\"},\"headline\":\"Vento forte deixa oito distritos do norte e centro em aviso amarelo\",\"datePublished\":\"2026-02-18T08:44:00+00:00\",\"mainEntityOfPage\":{\"@id\":\"https:\/\/portaltela.pt\/noticias\/2026\/02\/18\/vento-forte-deixa-oito-distritos-do-norte-e-centro-em-aviso-amarelo\/\"},\"wordCount\":285,\"image\":{\"@id\":\"https:\/\/portaltela.pt\/noticias\/2026\/02\/18\/vento-forte-deixa-oito-distritos-do-norte-e-centro-em-aviso-amarelo\/#primaryimage\"},\"thumbnailUrl\":\"https:\/\/portaltela.pt\/s.01k8rhncp4jt1\/2026\/02\/2067938.jpg\",\"keywords\":[\"aviso amarelo\",\"Braga\",\"chuva\",\"Porto\",\"Serra da Estrela\",\"ventos\"],\"articleSection\":[\"Not\u00edcias\"],\"inLanguage\":\"pt-PT\"},{\"@type\":\"WebPage\",\"@id\":\"https:\/\/portaltela.pt\/noticias\/2026\/02\/18\/vento-forte-deixa-oito-distritos-do-norte-e-centro-em-aviso-amarelo\/\",\"url\":\"https:\/\/portaltela.pt\/noticias\/2026\/02\/18\/vento-forte-deixa-oito-distritos-do-norte-e-centro-em-aviso-amarelo\/\",\"name\":\"Vento forte deixa oito distritos do norte e centro em aviso amarelo - Portal Tela Portugal\",\"isPartOf\":{\"@id\":\"https:\/\/portaltela.pt\/#website\"},\"primaryImageOfPage\":{\"@id\":\"https:\/\/portaltela.pt\/noticias\/2026\/02\/18\/vento-forte-deixa-oito-distritos-do-norte-e-centro-em-aviso-amarelo\/#primaryimage\"},\"image\":{\"@id\":\"https:\/\/portaltela.pt\/noticias\/2026\/02\/18\/vento-forte-deixa-oito-distritos-do-norte-e-centro-em-aviso-amarelo\/#primaryimage\"},\"thumbnailUrl\":\"https:\/\/portaltela.pt\/s.01k8rhncp4jt1\/2026\/02\/2067938.jpg\",\"datePublished\":\"2026-02-18T08:44:00+00:00\",\"author\":{\"@id\":\"https:\/\/portaltela.pt\/#\/schema\/person\/c4278d4a6028830caff9ee44b42d32ed\"},\"breadcrumb\":{\"@id\":\"https:\/\/portaltela.pt\/noticias\/2026\/02\/18\/vento-forte-deixa-oito-distritos-do-norte-e-centro-em-aviso-amarelo\/#breadcrumb\"},\"inLanguage\":\"pt-PT\",\"potentialAction\":[{\"@type\":\"ReadAction\",\"target\":[\"https:\/\/portaltela.pt\/noticias\/2026\/02\/18\/vento-forte-deixa-oito-distritos-do-norte-e-centro-em-aviso-amarelo\/\"]}]},{\"@type\":\"ImageObject\",\"inLanguage\":\"pt-PT\",\"@id\":\"https:\/\/portaltela.pt\/noticias\/2026\/02\/18\/vento-forte-deixa-oito-distritos-do-norte-e-centro-em-aviso-amarelo\/#primaryimage\",\"url\":\"https:\/\/portaltela.pt\/s.01k8rhncp4jt1\/2026\/02\/2067938.jpg\",\"contentUrl\":\"https:\/\/portaltela.pt\/s.01k8rhncp4jt1\/2026\/02\/2067938.jpg\",\"width\":796,\"height\":448,\"caption\":\"Chuva vai manter-se em Portugal continental at\u00e9 quinta-feira, principalmente nas regi\u00f5es do norte e centro\"},{\"@type\":\"BreadcrumbList\",\"@id\":\"https:\/\/portaltela.pt\/noticias\/2026\/02\/18\/vento-forte-deixa-oito-distritos-do-norte-e-centro-em-aviso-amarelo\/#breadcrumb\",\"itemListElement\":[{\"@type\":\"ListItem\",\"position\":1,\"name\":\"In\u00edcio\",\"item\":\"https:\/\/portaltela.pt\/\"},{\"@type\":\"ListItem\",\"position\":2,\"name\":\"Vento forte deixa oito distritos do norte e centro em aviso amarelo\"}]},{\"@type\":\"WebSite\",\"@id\":\"https:\/\/portaltela.pt\/#website\",\"url\":\"https:\/\/portaltela.pt\/\",\"name\":\"Portal Tela Portugal\",\"description\":\"\",\"potentialAction\":[{\"@type\":\"SearchAction\",\"target\":{\"@type\":\"EntryPoint\",\"urlTemplate\":\"https:\/\/portaltela.pt\/?s={search_term_string}\"},\"query-input\":{\"@type\":\"PropertyValueSpecification\",\"valueRequired\":true,\"valueName\":\"search_term_string\"}}],\"inLanguage\":\"pt-PT\"},{\"@type\":\"Person\",\"@id\":\"https:\/\/portaltela.pt\/#\/schema\/person\/c4278d4a6028830caff9ee44b42d32ed\",\"name\":\"Telinha\",\"image\":{\"@type\":\"ImageObject\",\"inLanguage\":\"pt-PT\",\"@id\":\"https:\/\/portaltela.pt\/s.01k8rhncp4jt1\/2025\/11\/talking-bot-125x125.png\",\"url\":\"https:\/\/portaltela.pt\/s.01k8rhncp4jt1\/2025\/11\/talking-bot-125x125.png\",\"contentUrl\":\"https:\/\/portaltela.pt\/s.01k8rhncp4jt1\/2025\/11\/talking-bot-125x125.png\",\"caption\":\"Telinha\"},\"sameAs\":[\"https:\/\/portaltela.pt\/\"],\"url\":\"https:\/\/portaltela.pt\/por\/367410592786\/\"}]}<\/script>\n<!-- \/ Yoast SEO plugin. -->","yoast_head_json":{"title":"Vento forte deixa oito distritos do norte e centro em aviso amarelo - Portal Tela Portugal","robots":{"index":"index","follow":"follow","max-snippet":"max-snippet:-1","max-image-preview":"max-image-preview:large","max-video-preview":"max-video-preview:-1"},"og_locale":"pt_PT","og_type":"article","og_title":"Vento forte deixa oito distritos do norte e centro em aviso amarelo - Portal Tela Portugal","og_description":"O IPMA colocou oito distritos do norte e centro sob aviso amarelo a partir das nove da manh\u00e3, at\u00e9 \u00e0s dezoito, com rajadas de vento at\u00e9 70 km\/h (podendo atingir 95 km\/h nas terras altas). Distritos afetados: Bragan\u00e7a, Viseu, Porto, Guarda, Vila Real, Viana do Castelo, Castelo Branco e Braga. A partir das dezoito de hoje e at\u00e9 \u00e0s doze de quinta-feira, seis distritos do litoral norte e centro ficam sob aviso amarelo devido \u00e0 agita\u00e7\u00e3o mar\u00edtima, com ondas de noroeste de at\u00e9 cinco metros nos distritos do Porto, Viana do Castelo, Leiria, Aveiro, Coimbra e Braga. A chuva deve manter-se no territ\u00f3rio continental at\u00e9 quinta-feira, sobretudo no norte e centro, com previs\u00e3o de neve na Serra da Estrela em ocasi\u00f5es. O fim de semana dever\u00e1 trazer tempo est\u00e1vel e sol em grande parte do pa\u00eds.","og_url":"https:\/\/portaltela.pt\/noticias\/2026\/02\/18\/vento-forte-deixa-oito-distritos-do-norte-e-centro-em-aviso-amarelo\/","og_site_name":"Portal Tela Portugal","article_published_time":"2026-02-18T08:44:00+00:00","author":"Telinha","twitter_card":"summary_large_image","twitter_misc":{"Escrito por":"Telinha","Tempo estimado de leitura":"1 minuto"},"schema":{"@context":"https:\/\/schema.org","@graph":[{"@type":"Article","@id":"https:\/\/portaltela.pt\/noticias\/2026\/02\/18\/vento-forte-deixa-oito-distritos-do-norte-e-centro-em-aviso-amarelo\/#article","isPartOf":{"@id":"https:\/\/portaltela.pt\/noticias\/2026\/02\/18\/vento-forte-deixa-oito-distritos-do-norte-e-centro-em-aviso-amarelo\/"},"author":{"name":"Telinha","@id":"https:\/\/portaltela.pt\/#\/schema\/person\/c4278d4a6028830caff9ee44b42d32ed"},"headline":"Vento forte deixa oito distritos do norte e centro em aviso amarelo","datePublished":"2026-02-18T08:44:00+00:00","mainEntityOfPage":{"@id":"https:\/\/portaltela.pt\/noticias\/2026\/02\/18\/vento-forte-deixa-oito-distritos-do-norte-e-centro-em-aviso-amarelo\/"},"wordCount":285,"image":{"@id":"https:\/\/portaltela.pt\/noticias\/2026\/02\/18\/vento-forte-deixa-oito-distritos-do-norte-e-centro-em-aviso-amarelo\/#primaryimage"},"thumbnailUrl":"https:\/\/portaltela.pt\/s.01k8rhncp4jt1\/2026\/02\/2067938.jpg","keywords":["aviso amarelo","Braga","chuva","Porto","Serra da Estrela","ventos"],"articleSection":["Not\u00edcias"],"inLanguage":"pt-PT"},{"@type":"WebPage","@id":"https:\/\/portaltela.pt\/noticias\/2026\/02\/18\/vento-forte-deixa-oito-distritos-do-norte-e-centro-em-aviso-amarelo\/","url":"https:\/\/portaltela.pt\/noticias\/2026\/02\/18\/vento-forte-deixa-oito-distritos-do-norte-e-centro-em-aviso-amarelo\/","name":"Vento forte deixa oito distritos do norte e centro em aviso amarelo - Portal Tela Portugal","isPartOf":{"@id":"https:\/\/portaltela.pt\/#website"},"primaryImageOfPage":{"@id":"https:\/\/portaltela.pt\/noticias\/2026\/02\/18\/vento-forte-deixa-oito-distritos-do-norte-e-centro-em-aviso-amarelo\/#primaryimage"},"image":{"@id":"https:\/\/portaltela.pt\/noticias\/2026\/02\/18\/vento-forte-deixa-oito-distritos-do-norte-e-centro-em-aviso-amarelo\/#primaryimage"},"thumbnailUrl":"https:\/\/portaltela.pt\/s.01k8rhncp4jt1\/2026\/02\/2067938.jpg","datePublished":"2026-02-18T08:44:00+00:00","author":{"@id":"https:\/\/portaltela.pt\/#\/schema\/person\/c4278d4a6028830caff9ee44b42d32ed"},"breadcrumb":{"@id":"https:\/\/portaltela.pt\/noticias\/2026\/02\/18\/vento-forte-deixa-oito-distritos-do-norte-e-centro-em-aviso-amarelo\/#breadcrumb"},"inLanguage":"pt-PT","potentialAction":[{"@type":"ReadAction","target":["https:\/\/portaltela.pt\/noticias\/2026\/02\/18\/vento-forte-deixa-oito-distritos-do-norte-e-centro-em-aviso-amarelo\/"]}]},{"@type":"ImageObject","inLanguage":"pt-PT","@id":"https:\/\/portaltela.pt\/noticias\/2026\/02\/18\/vento-forte-deixa-oito-distritos-do-norte-e-centro-em-aviso-amarelo\/#primaryimage","url":"https:\/\/portaltela.pt\/s.01k8rhncp4jt1\/2026\/02\/2067938.jpg","contentUrl":"https:\/\/portaltela.pt\/s.01k8rhncp4jt1\/2026\/02\/2067938.jpg","width":796,"height":448,"caption":"Chuva vai manter-se em Portugal continental at\u00e9 quinta-feira, principalmente nas regi\u00f5es do norte e centro"},{"@type":"BreadcrumbList","@id":"https:\/\/portaltela.pt\/noticias\/2026\/02\/18\/vento-forte-deixa-oito-distritos-do-norte-e-centro-em-aviso-amarelo\/#breadcrumb","itemListElement":[{"@type":"ListItem","position":1,"name":"In\u00edcio","item":"https:\/\/portaltela.pt\/"},{"@type":"ListItem","position":2,"name":"Vento forte deixa oito distritos do norte e centro em aviso amarelo"}]},{"@type":"WebSite","@id":"https:\/\/portaltela.pt\/#website","url":"https:\/\/portaltela.pt\/","name":"Portal Tela Portugal","description":"","potentialAction":[{"@type":"SearchAction","target":{"@type":"EntryPoint","urlTemplate":"https:\/\/portaltela.pt\/?s={search_term_string}"},"query-input":{"@type":"PropertyValueSpecification","valueRequired":true,"valueName":"search_term_string"}}],"inLanguage":"pt-PT"},{"@type":"Person","@id":"https:\/\/portaltela.pt\/#\/schema\/person\/c4278d4a6028830caff9ee44b42d32ed","name":"Telinha","image":{"@type":"ImageObject","inLanguage":"pt-PT","@id":"https:\/\/portaltela.pt\/s.01k8rhncp4jt1\/2025\/11\/talking-bot-125x125.png","url":"https:\/\/portaltela.pt\/s.01k8rhncp4jt1\/2025\/11\/talking-bot-125x125.png","contentUrl":"https:\/\/portaltela.pt\/s.01k8rhncp4jt1\/2025\/11\/talking-bot-125x125.png","caption":"Telinha"},"sameAs":["https:\/\/portaltela.pt\/"],"url":"https:\/\/portaltela.pt\/por\/367410592786\/"}]}},"_links":{"self":[{"href":"https:\/\/portaltela.pt\/api\/wp\/v2\/posts\/215498","targetHints":{"allow":["GET"]}}],"collection":[{"href":"https:\/\/portaltela.pt\/api\/wp\/v2\/posts"}],"about":[{"href":"https:\/\/portaltela.pt\/api\/wp\/v2\/types\/post"}],"author":[{"embeddable":true,"href":"https:\/\/portaltela.pt\/api\/wp\/v2\/users\/2"}],"replies":[{"embeddable":true,"href":"https:\/\/portaltela.pt\/api\/wp\/v2\/comments?post=215498"}],"version-history":[{"count":0,"href":"https:\/\/portaltela.pt\/api\/wp\/v2\/posts\/215498\/revisions"}],"wp:featuredmedia":[{"embeddable":true,"href":"https:\/\/portaltela.pt\/api\/wp\/v2\/media\/215499"}],"wp:attachment":[{"href":"https:\/\/portaltela.pt\/api\/wp\/v2\/media?parent=215498"}],"wp:term":[{"taxonomy":"category","embeddable":true,"href":"https:\/\/portaltela.pt\/api\/wp\/v2\/categories?post=215498"},{"taxonomy":"post_tag","embeddable":true,"href":"https:\/\/portaltela.pt\/api\/wp\/v2\/tags?post=215498"}],"curies":[{"name":"wp","href":"https:\/\/api.w.org\/{rel}","templated":true}]}}