{"id":215452,"date":"2026-02-18T05:16:52","date_gmt":"2026-02-18T08:16:52","guid":{"rendered":"https:\/\/portaltela.pt\/noticias\/2026\/02\/18\/gaza-inicia-ramadao-em-meio-a-dificuldades-economicas\/"},"modified":"2026-02-18T05:16:52","modified_gmt":"2026-02-18T08:16:52","slug":"gaza-inicia-ramadao-em-meio-a-dificuldades-economicas","status":"publish","type":"post","link":"https:\/\/portaltela.pt\/noticias\/internacional\/2026\/02\/18\/gaza-inicia-ramadao-em-meio-a-dificuldades-economicas\/","title":{"rendered":"Gaza inicia Ramad\u00e3o em meio a dificuldades econ\u00f3micas"},"content":{"rendered":"<p>Gaza assinalou o in\u00edcio do Ramad\u00e3o num contexto de dificuldades econ\u00f4micas e danos causados pela guerra. Jornalistas locais reportam que os moradores acederam aos mercados da cidade de Gaza, na ter\u00e7a-feira, para preparar o m\u00eas sagrado. Bancas de rua foram montadas entre edif\u00edcios gravemente danificados.<\/p>\n<p>Os comerciantes vendiam p\u00e3o, frutos secos e fruta desidratada. As ruas estavam cobertas de escombros, enquanto as pessoas circulavam entre lojas improvisadas e vendedores ambulantes em meio ao ambiente de destrui\u00e7\u00e3o.<\/p>\n<p>V\u00e1rios moradores afirmaram que a subida dos pre\u00e7os, a escassez de dinheiro e a destrui\u00e7\u00e3o generalizada alteram o cen\u00e1rio em compara\u00e7\u00e3o com anos anteriores. O Ramad\u00e3o chega meses ap\u00f3s um cessar-fogo fr\u00e1gil ter entrado em vigor em outubro, no \u00e2mbito do conflito entre Israel e Hamas.<\/p>\n<h3>Contexto econ\u00f3mico e social<\/h3>\n<p>A crise econ\u00f3mica persiste face \u00e0 continuidade dos danos de infraestrutura e \u00e0s restri\u00e7\u00f5es impostas na regi\u00e3o. O custo de vida elevado agrava o poder de compra de fam\u00edlias que se preparam para o m\u00eas de jejum.<\/p>\n<p>Para muitos residentes, o Ramad\u00e3o mant\u00e9m-se como per\u00edodo de ora\u00e7\u00e3o e esfor\u00e7o, sob condi\u00e7\u00f5es que dificultam a aquisi\u00e7\u00e3o di\u00e1ria de bens b\u00e1sicos, especialmente fora dos grandes mercados. O cessar-fogo vigente desde outubro n\u00e3o impede a continuidade de dificuldades econ\u00f4micas ou de abastecimento.<\/p>\n","protected":false},"excerpt":{"rendered":"<ul>\n<li>Moradores da cidade de Gaza deslocaram-se aos mercados para preparar o Ramad\u00e3o.<\/li>\n<li>Bancas de rua foram montadas entre edif\u00edcios muito danificados.<\/li>\n<li>Comerciantes vendiam p\u00e3o, frutos secos e fruta desidratada nos mercados.<\/li>\n<li>A subida dos pre\u00e7os, a falta de dinheiro e a destrui\u00e7\u00e3o generalizada alteraram o ambiente em compara\u00e7\u00e3o com outros anos.<\/li>\n<li>O Ramad\u00e3o chega meses ap\u00f3s um cessar-fogo fr\u00e1gil ter entrado em vigor em outubro, ap\u00f3s mais de dois anos de conflito entre Israel e o Hamas.<\/li>\n<\/ul>\n","protected":false},"author":2,"featured_media":215456,"comment_status":"closed","ping_status":"closed","sticky":false,"template":"","format":"standard","meta":{"footnotes":""},"categories":[4,1],"tags":[244,2792,4731,28,3651,2030],"class_list":["post-215452","post","type-post","status-publish","format-standard","has-post-thumbnail","hentry","category-internacional","category-noticias","tag-comercio","tag-conflito-internacional","tag-destruicoes","tag-economia","tag-gaza","tag-palestina"],"yoast_head":"<!-- This site is optimized with the Yoast SEO plugin v27.2 - https:\/\/yoast.com\/product\/yoast-seo-wordpress\/ -->\n<title>Gaza inicia Ramad\u00e3o em meio a dificuldades econ\u00f3micas - Portal Tela Portugal<\/title>\n<meta name=\"robots\" content=\"index, follow, max-snippet:-1, max-image-preview:large, max-video-preview:-1\" \/>\n<meta property=\"og:locale\" content=\"pt_PT\" \/>\n<meta property=\"og:type\" content=\"article\" \/>\n<meta property=\"og:title\" content=\"Gaza inicia Ramad\u00e3o em meio a dificuldades econ\u00f3micas - Portal Tela Portugal\" \/>\n<meta property=\"og:description\" content=\"Moradores da cidade de Gaza deslocaram-se aos mercados para preparar o Ramad\u00e3o. Bancas de rua foram montadas entre edif\u00edcios muito danificados. Comerciantes vendiam p\u00e3o, frutos secos e fruta desidratada nos mercados. A subida dos pre\u00e7os, a falta de dinheiro e a destrui\u00e7\u00e3o generalizada alteraram o ambiente em compara\u00e7\u00e3o com outros anos. O Ramad\u00e3o chega meses ap\u00f3s um cessar-fogo fr\u00e1gil ter entrado em vigor em outubro, ap\u00f3s mais de dois anos de conflito entre Israel e o Hamas.\" \/>\n<meta property=\"og:url\" content=\"https:\/\/portaltela.pt\/noticias\/2026\/02\/18\/gaza-inicia-ramadao-em-meio-a-dificuldades-economicas\/\" \/>\n<meta property=\"og:site_name\" content=\"Portal Tela Portugal\" \/>\n<meta property=\"article:published_time\" content=\"2026-02-18T08:16:52+00:00\" \/>\n<meta name=\"author\" content=\"Telinha\" \/>\n<meta name=\"twitter:card\" content=\"summary_large_image\" \/>\n<meta name=\"twitter:label1\" content=\"Escrito por\" \/>\n\t<meta name=\"twitter:data1\" content=\"Telinha\" \/>\n\t<meta name=\"twitter:label2\" content=\"Tempo estimado de leitura\" \/>\n\t<meta name=\"twitter:data2\" content=\"1 minuto\" \/>\n<script type=\"application\/ld+json\" class=\"yoast-schema-graph\">{\"@context\":\"https:\/\/schema.org\",\"@graph\":[{\"@type\":\"Article\",\"@id\":\"https:\/\/portaltela.pt\/noticias\/2026\/02\/18\/gaza-inicia-ramadao-em-meio-a-dificuldades-economicas\/#article\",\"isPartOf\":{\"@id\":\"https:\/\/portaltela.pt\/noticias\/2026\/02\/18\/gaza-inicia-ramadao-em-meio-a-dificuldades-economicas\/\"},\"author\":{\"name\":\"Telinha\",\"@id\":\"https:\/\/portaltela.pt\/#\/schema\/person\/c4278d4a6028830caff9ee44b42d32ed\"},\"headline\":\"Gaza inicia Ramad\u00e3o em meio a dificuldades econ\u00f3micas\",\"datePublished\":\"2026-02-18T08:16:52+00:00\",\"mainEntityOfPage\":{\"@id\":\"https:\/\/portaltela.pt\/noticias\/2026\/02\/18\/gaza-inicia-ramadao-em-meio-a-dificuldades-economicas\/\"},\"wordCount\":247,\"image\":{\"@id\":\"https:\/\/portaltela.pt\/noticias\/2026\/02\/18\/gaza-inicia-ramadao-em-meio-a-dificuldades-economicas\/#primaryimage\"},\"thumbnailUrl\":\"https:\/\/portaltela.pt\/s.01k8rhncp4jt1\/2026\/02\/1200x675_cmsv2_63ec6cbe-c239-5a04-b80e-7b795146a153-9655250.jpg\",\"keywords\":[\"com\u00e9rcio\",\"conflito internacional\",\"destrui\u00e7\u00f5es\",\"economia\",\"Gaza\",\"Palestina\"],\"articleSection\":[\"Internacional\",\"Not\u00edcias\"],\"inLanguage\":\"pt-PT\"},{\"@type\":\"WebPage\",\"@id\":\"https:\/\/portaltela.pt\/noticias\/2026\/02\/18\/gaza-inicia-ramadao-em-meio-a-dificuldades-economicas\/\",\"url\":\"https:\/\/portaltela.pt\/noticias\/2026\/02\/18\/gaza-inicia-ramadao-em-meio-a-dificuldades-economicas\/\",\"name\":\"Gaza inicia Ramad\u00e3o em meio a dificuldades econ\u00f3micas - Portal Tela Portugal\",\"isPartOf\":{\"@id\":\"https:\/\/portaltela.pt\/#website\"},\"primaryImageOfPage\":{\"@id\":\"https:\/\/portaltela.pt\/noticias\/2026\/02\/18\/gaza-inicia-ramadao-em-meio-a-dificuldades-economicas\/#primaryimage\"},\"image\":{\"@id\":\"https:\/\/portaltela.pt\/noticias\/2026\/02\/18\/gaza-inicia-ramadao-em-meio-a-dificuldades-economicas\/#primaryimage\"},\"thumbnailUrl\":\"https:\/\/portaltela.pt\/s.01k8rhncp4jt1\/2026\/02\/1200x675_cmsv2_63ec6cbe-c239-5a04-b80e-7b795146a153-9655250.jpg\",\"datePublished\":\"2026-02-18T08:16:52+00:00\",\"author\":{\"@id\":\"https:\/\/portaltela.pt\/#\/schema\/person\/c4278d4a6028830caff9ee44b42d32ed\"},\"breadcrumb\":{\"@id\":\"https:\/\/portaltela.pt\/noticias\/2026\/02\/18\/gaza-inicia-ramadao-em-meio-a-dificuldades-economicas\/#breadcrumb\"},\"inLanguage\":\"pt-PT\",\"potentialAction\":[{\"@type\":\"ReadAction\",\"target\":[\"https:\/\/portaltela.pt\/noticias\/2026\/02\/18\/gaza-inicia-ramadao-em-meio-a-dificuldades-economicas\/\"]}]},{\"@type\":\"ImageObject\",\"inLanguage\":\"pt-PT\",\"@id\":\"https:\/\/portaltela.pt\/noticias\/2026\/02\/18\/gaza-inicia-ramadao-em-meio-a-dificuldades-economicas\/#primaryimage\",\"url\":\"https:\/\/portaltela.pt\/s.01k8rhncp4jt1\/2026\/02\/1200x675_cmsv2_63ec6cbe-c239-5a04-b80e-7b795146a153-9655250.jpg\",\"contentUrl\":\"https:\/\/portaltela.pt\/s.01k8rhncp4jt1\/2026\/02\/1200x675_cmsv2_63ec6cbe-c239-5a04-b80e-7b795146a153-9655250.jpg\",\"width\":796,\"height\":448,\"caption\":\"Mulher palestiniana compra luzes antes do m\u00eas de jejum do Ramad\u00e3o, na cidade cisjordana de Nablus, ter\u00e7a-feira, 17 de fevereiro de 2026\"},{\"@type\":\"BreadcrumbList\",\"@id\":\"https:\/\/portaltela.pt\/noticias\/2026\/02\/18\/gaza-inicia-ramadao-em-meio-a-dificuldades-economicas\/#breadcrumb\",\"itemListElement\":[{\"@type\":\"ListItem\",\"position\":1,\"name\":\"In\u00edcio\",\"item\":\"https:\/\/portaltela.pt\/\"},{\"@type\":\"ListItem\",\"position\":2,\"name\":\"Gaza inicia Ramad\u00e3o em meio a dificuldades econ\u00f3micas\"}]},{\"@type\":\"WebSite\",\"@id\":\"https:\/\/portaltela.pt\/#website\",\"url\":\"https:\/\/portaltela.pt\/\",\"name\":\"Portal Tela Portugal\",\"description\":\"\",\"potentialAction\":[{\"@type\":\"SearchAction\",\"target\":{\"@type\":\"EntryPoint\",\"urlTemplate\":\"https:\/\/portaltela.pt\/?s={search_term_string}\"},\"query-input\":{\"@type\":\"PropertyValueSpecification\",\"valueRequired\":true,\"valueName\":\"search_term_string\"}}],\"inLanguage\":\"pt-PT\"},{\"@type\":\"Person\",\"@id\":\"https:\/\/portaltela.pt\/#\/schema\/person\/c4278d4a6028830caff9ee44b42d32ed\",\"name\":\"Telinha\",\"image\":{\"@type\":\"ImageObject\",\"inLanguage\":\"pt-PT\",\"@id\":\"https:\/\/portaltela.pt\/s.01k8rhncp4jt1\/2025\/11\/talking-bot-125x125.png\",\"url\":\"https:\/\/portaltela.pt\/s.01k8rhncp4jt1\/2025\/11\/talking-bot-125x125.png\",\"contentUrl\":\"https:\/\/portaltela.pt\/s.01k8rhncp4jt1\/2025\/11\/talking-bot-125x125.png\",\"caption\":\"Telinha\"},\"sameAs\":[\"https:\/\/portaltela.pt\/\"],\"url\":\"https:\/\/portaltela.pt\/por\/367410592786\/\"}]}<\/script>\n<!-- \/ Yoast SEO plugin. -->","yoast_head_json":{"title":"Gaza inicia Ramad\u00e3o em meio a dificuldades econ\u00f3micas - Portal Tela Portugal","robots":{"index":"index","follow":"follow","max-snippet":"max-snippet:-1","max-image-preview":"max-image-preview:large","max-video-preview":"max-video-preview:-1"},"og_locale":"pt_PT","og_type":"article","og_title":"Gaza inicia Ramad\u00e3o em meio a dificuldades econ\u00f3micas - Portal Tela Portugal","og_description":"Moradores da cidade de Gaza deslocaram-se aos mercados para preparar o Ramad\u00e3o. Bancas de rua foram montadas entre edif\u00edcios muito danificados. Comerciantes vendiam p\u00e3o, frutos secos e fruta desidratada nos mercados. A subida dos pre\u00e7os, a falta de dinheiro e a destrui\u00e7\u00e3o generalizada alteraram o ambiente em compara\u00e7\u00e3o com outros anos. O Ramad\u00e3o chega meses ap\u00f3s um cessar-fogo fr\u00e1gil ter entrado em vigor em outubro, ap\u00f3s mais de dois anos de conflito entre Israel e o Hamas.","og_url":"https:\/\/portaltela.pt\/noticias\/2026\/02\/18\/gaza-inicia-ramadao-em-meio-a-dificuldades-economicas\/","og_site_name":"Portal Tela Portugal","article_published_time":"2026-02-18T08:16:52+00:00","author":"Telinha","twitter_card":"summary_large_image","twitter_misc":{"Escrito por":"Telinha","Tempo estimado de leitura":"1 minuto"},"schema":{"@context":"https:\/\/schema.org","@graph":[{"@type":"Article","@id":"https:\/\/portaltela.pt\/noticias\/2026\/02\/18\/gaza-inicia-ramadao-em-meio-a-dificuldades-economicas\/#article","isPartOf":{"@id":"https:\/\/portaltela.pt\/noticias\/2026\/02\/18\/gaza-inicia-ramadao-em-meio-a-dificuldades-economicas\/"},"author":{"name":"Telinha","@id":"https:\/\/portaltela.pt\/#\/schema\/person\/c4278d4a6028830caff9ee44b42d32ed"},"headline":"Gaza inicia Ramad\u00e3o em meio a dificuldades econ\u00f3micas","datePublished":"2026-02-18T08:16:52+00:00","mainEntityOfPage":{"@id":"https:\/\/portaltela.pt\/noticias\/2026\/02\/18\/gaza-inicia-ramadao-em-meio-a-dificuldades-economicas\/"},"wordCount":247,"image":{"@id":"https:\/\/portaltela.pt\/noticias\/2026\/02\/18\/gaza-inicia-ramadao-em-meio-a-dificuldades-economicas\/#primaryimage"},"thumbnailUrl":"https:\/\/portaltela.pt\/s.01k8rhncp4jt1\/2026\/02\/1200x675_cmsv2_63ec6cbe-c239-5a04-b80e-7b795146a153-9655250.jpg","keywords":["com\u00e9rcio","conflito internacional","destrui\u00e7\u00f5es","economia","Gaza","Palestina"],"articleSection":["Internacional","Not\u00edcias"],"inLanguage":"pt-PT"},{"@type":"WebPage","@id":"https:\/\/portaltela.pt\/noticias\/2026\/02\/18\/gaza-inicia-ramadao-em-meio-a-dificuldades-economicas\/","url":"https:\/\/portaltela.pt\/noticias\/2026\/02\/18\/gaza-inicia-ramadao-em-meio-a-dificuldades-economicas\/","name":"Gaza inicia Ramad\u00e3o em meio a dificuldades econ\u00f3micas - Portal Tela Portugal","isPartOf":{"@id":"https:\/\/portaltela.pt\/#website"},"primaryImageOfPage":{"@id":"https:\/\/portaltela.pt\/noticias\/2026\/02\/18\/gaza-inicia-ramadao-em-meio-a-dificuldades-economicas\/#primaryimage"},"image":{"@id":"https:\/\/portaltela.pt\/noticias\/2026\/02\/18\/gaza-inicia-ramadao-em-meio-a-dificuldades-economicas\/#primaryimage"},"thumbnailUrl":"https:\/\/portaltela.pt\/s.01k8rhncp4jt1\/2026\/02\/1200x675_cmsv2_63ec6cbe-c239-5a04-b80e-7b795146a153-9655250.jpg","datePublished":"2026-02-18T08:16:52+00:00","author":{"@id":"https:\/\/portaltela.pt\/#\/schema\/person\/c4278d4a6028830caff9ee44b42d32ed"},"breadcrumb":{"@id":"https:\/\/portaltela.pt\/noticias\/2026\/02\/18\/gaza-inicia-ramadao-em-meio-a-dificuldades-economicas\/#breadcrumb"},"inLanguage":"pt-PT","potentialAction":[{"@type":"ReadAction","target":["https:\/\/portaltela.pt\/noticias\/2026\/02\/18\/gaza-inicia-ramadao-em-meio-a-dificuldades-economicas\/"]}]},{"@type":"ImageObject","inLanguage":"pt-PT","@id":"https:\/\/portaltela.pt\/noticias\/2026\/02\/18\/gaza-inicia-ramadao-em-meio-a-dificuldades-economicas\/#primaryimage","url":"https:\/\/portaltela.pt\/s.01k8rhncp4jt1\/2026\/02\/1200x675_cmsv2_63ec6cbe-c239-5a04-b80e-7b795146a153-9655250.jpg","contentUrl":"https:\/\/portaltela.pt\/s.01k8rhncp4jt1\/2026\/02\/1200x675_cmsv2_63ec6cbe-c239-5a04-b80e-7b795146a153-9655250.jpg","width":796,"height":448,"caption":"Mulher palestiniana compra luzes antes do m\u00eas de jejum do Ramad\u00e3o, na cidade cisjordana de Nablus, ter\u00e7a-feira, 17 de fevereiro de 2026"},{"@type":"BreadcrumbList","@id":"https:\/\/portaltela.pt\/noticias\/2026\/02\/18\/gaza-inicia-ramadao-em-meio-a-dificuldades-economicas\/#breadcrumb","itemListElement":[{"@type":"ListItem","position":1,"name":"In\u00edcio","item":"https:\/\/portaltela.pt\/"},{"@type":"ListItem","position":2,"name":"Gaza inicia Ramad\u00e3o em meio a dificuldades econ\u00f3micas"}]},{"@type":"WebSite","@id":"https:\/\/portaltela.pt\/#website","url":"https:\/\/portaltela.pt\/","name":"Portal Tela Portugal","description":"","potentialAction":[{"@type":"SearchAction","target":{"@type":"EntryPoint","urlTemplate":"https:\/\/portaltela.pt\/?s={search_term_string}"},"query-input":{"@type":"PropertyValueSpecification","valueRequired":true,"valueName":"search_term_string"}}],"inLanguage":"pt-PT"},{"@type":"Person","@id":"https:\/\/portaltela.pt\/#\/schema\/person\/c4278d4a6028830caff9ee44b42d32ed","name":"Telinha","image":{"@type":"ImageObject","inLanguage":"pt-PT","@id":"https:\/\/portaltela.pt\/s.01k8rhncp4jt1\/2025\/11\/talking-bot-125x125.png","url":"https:\/\/portaltela.pt\/s.01k8rhncp4jt1\/2025\/11\/talking-bot-125x125.png","contentUrl":"https:\/\/portaltela.pt\/s.01k8rhncp4jt1\/2025\/11\/talking-bot-125x125.png","caption":"Telinha"},"sameAs":["https:\/\/portaltela.pt\/"],"url":"https:\/\/portaltela.pt\/por\/367410592786\/"}]}},"_links":{"self":[{"href":"https:\/\/portaltela.pt\/api\/wp\/v2\/posts\/215452","targetHints":{"allow":["GET"]}}],"collection":[{"href":"https:\/\/portaltela.pt\/api\/wp\/v2\/posts"}],"about":[{"href":"https:\/\/portaltela.pt\/api\/wp\/v2\/types\/post"}],"author":[{"embeddable":true,"href":"https:\/\/portaltela.pt\/api\/wp\/v2\/users\/2"}],"replies":[{"embeddable":true,"href":"https:\/\/portaltela.pt\/api\/wp\/v2\/comments?post=215452"}],"version-history":[{"count":0,"href":"https:\/\/portaltela.pt\/api\/wp\/v2\/posts\/215452\/revisions"}],"wp:featuredmedia":[{"embeddable":true,"href":"https:\/\/portaltela.pt\/api\/wp\/v2\/media\/215456"}],"wp:attachment":[{"href":"https:\/\/portaltela.pt\/api\/wp\/v2\/media?parent=215452"}],"wp:term":[{"taxonomy":"category","embeddable":true,"href":"https:\/\/portaltela.pt\/api\/wp\/v2\/categories?post=215452"},{"taxonomy":"post_tag","embeddable":true,"href":"https:\/\/portaltela.pt\/api\/wp\/v2\/tags?post=215452"}],"curies":[{"name":"wp","href":"https:\/\/api.w.org\/{rel}","templated":true}]}}