{"id":215417,"date":"2026-02-18T04:16:00","date_gmt":"2026-02-18T07:16:00","guid":{"rendered":"https:\/\/portaltela.pt\/noticias\/2026\/02\/18\/governo-reune-se-com-patroes-e-ugt-para-debater-pacote-laboral\/"},"modified":"2026-02-18T04:16:00","modified_gmt":"2026-02-18T07:16:00","slug":"governo-reune-se-com-patroes-e-ugt-para-debater-pacote-laboral","status":"publish","type":"post","link":"https:\/\/portaltela.pt\/noticias\/economia\/2026\/02\/18\/governo-reune-se-com-patroes-e-ugt-para-debater-pacote-laboral\/","title":{"rendered":"Governo re\u00fane-se com patr\u00f5es e UGT para debater pacote laboral"},"content":{"rendered":"<p>O Governo re\u00fane-se hoje \u00e0 tarde com confedera\u00e7\u00f5es patronais e a UGT para discutir altera\u00e7\u00f5es \u00e0 legisla\u00e7\u00e3o laboral. A ministra do Trabalho, Ros\u00e1rio Palma Ramalho, lidera o encontro no Minist\u00e9rio do Trabalho, Solidariedade e Seguran\u00e7a Social (MTSSS), em Lisboa, \u00e0s 15:00, sem a participa\u00e7\u00e3o da CGTP. O objetivo \u00e9 analisar o anteprojeto de reforma conhecido como &#8220;Trabalho XXI&#8221;.<\/p>\n<p>A delega\u00e7\u00e3o de entidades patronais dever\u00e1 contar com a CIP, CCP, CAP e CTP, bem como a Uni\u00e3o Geral de Trabalhadores (UGT). A CGTP n\u00e3o foi convocada para esta ronda, que funciona fora do quadro formal da CPCS, embora o grupo mantenha reuni\u00f5es t\u00e9cnicas com o MTSSS.<\/p>\n<p>Contexto e hist\u00f3rico do tema<\/p>\n<p>O anteprojeto de reforma foi apresentado pelo Governo de Lu\u00eds Montenegro (PSD\/CDS-PP) em 25 de julho de 2025 e continua em discuss\u00e3o na Concerta\u00e7\u00e3o Social. As mudan\u00e7as j\u00e1 enfrentaram cr\u00edticas de sindicatos, que consideram-nas um ataque aos direitos dos trabalhadores, levando a uma greve conjunta da CGTP e da UGT em 11 de dezembro de 2025.<\/p>\n<p>Posi\u00e7\u00f5es e pontos-chave em debate<\/p>\n<p>As confedera\u00e7\u00f5es empresariais atestam a necessidade de melhorias, mas reconhecem espa\u00e7o para ajustes. O Governo j\u00e1 entregou \u00e0 UGT uma nova proposta com algumas ced\u00eancias, mantendo, por\u00e9m, as traves mestras anunciadas. A central sindical reitera limites, indicando que certas medidas s\u00e3o inaceit\u00e1veis, como banco de horas, contrata\u00e7\u00e3o a termo, despedimentos, outsourcing e transmiss\u00e3o de estabelecimento.<\/p>\n<p>Principais altera\u00e7\u00f5es previstas<\/p>\n<p>Entre as mudan\u00e7as destacadas est\u00e3o o regresso do banco de horas individual, com aumento de at\u00e9 duas horas di\u00e1rias por acordo entre trabalhador e empresa. Ajustes nos contratos a termo, altera\u00e7\u00f5es em regimes de outros tipos de contrato, e fim de restri\u00e7\u00f5es ao outsourcing ap\u00f3s despedimentos comp\u00f5em o conjunto. Mant\u00e9m-se, ainda, a possibilidade de pedir at\u00e9 dois dias de f\u00e9rias adicionais com perda remunerat\u00f3ria.<\/p>\n","protected":false},"excerpt":{"rendered":"<ul>\n<li>A ministra do Trabalho, Ros\u00e1rio Palma Ramalho, re\u00fane-se hoje \u00e0s 15:00 no Minist\u00e9rio do Trabalho, Solidariedade e Seguran\u00e7a Social, em Lisboa, com confedera\u00e7\u00f5es patronais e a UGT para discutir altera\u00e7\u00f5es \u00e0 legisla\u00e7\u00e3o laboral; a CGTP n\u00e3o participa.<\/li>\n<li>O encontro realiza-se fora das reuni\u00f5es formais da Comiss\u00e3o Permanente de Concerta\u00e7\u00e3o Social, seguindo-se reuni\u00f5es de trabalho entre governo, patronais e UGT.<\/li>\n<li>O anteprojeto de reforma, denominado \u201cTrabalho XXI\u201d, foi apresentado a 25 de julho de 2025 pelo Governo de Lu\u00eds Montenegro e ainda est\u00e1 em discuss\u00e3o na Concerta\u00e7\u00e3o Social, antes de avan\u00e7ar para o Parlamento.<\/li>\n<li>A CGTP rejeitou as altera\u00e7\u00f5es em julho; a CGTP e a UGT realizaram greve geral a 11 de dezembro de 2025. O Governo apresentou uma nova proposta \u00e0 UGT com algumas ced\u00eancias, sem retirar as traves mestras.<\/li>\n<li>Entre as altera\u00e7\u00f5es previstas est\u00e3o o regresso do banco de horas individual, mudan\u00e7as nos contratos a termo certo e incerto, ajustes ao outsourcing, teletrabalho, f\u00e9rias adicionais com perda remunerat\u00f3ria, licen\u00e7a parental de seis meses e outras medidas.<\/li>\n<\/ul>\n","protected":false},"author":2,"featured_media":215419,"comment_status":"closed","ping_status":"closed","sticky":false,"template":"","format":"standard","meta":{"footnotes":""},"categories":[2,1],"tags":[4024,34,5426,5463,2832,2201],"class_list":["post-215417","post","type-post","status-publish","format-standard","has-post-thumbnail","hentry","category-economia","category-noticias","tag-banco-de-horas","tag-governo","tag-negociacao-coletiva","tag-outsourcing","tag-politica","tag-trabalho"],"yoast_head":"<!-- This site is optimized with the Yoast SEO plugin v27.2 - https:\/\/yoast.com\/product\/yoast-seo-wordpress\/ -->\n<title>Governo re\u00fane-se com patr\u00f5es e UGT para debater pacote laboral - Portal Tela Portugal<\/title>\n<meta name=\"robots\" content=\"index, follow, max-snippet:-1, max-image-preview:large, max-video-preview:-1\" \/>\n<meta property=\"og:locale\" content=\"pt_PT\" \/>\n<meta property=\"og:type\" content=\"article\" \/>\n<meta property=\"og:title\" content=\"Governo re\u00fane-se com patr\u00f5es e UGT para debater pacote laboral - Portal Tela Portugal\" \/>\n<meta property=\"og:description\" content=\"A ministra do Trabalho, Ros\u00e1rio Palma Ramalho, re\u00fane-se hoje \u00e0s 15:00 no Minist\u00e9rio do Trabalho, Solidariedade e Seguran\u00e7a Social, em Lisboa, com confedera\u00e7\u00f5es patronais e a UGT para discutir altera\u00e7\u00f5es \u00e0 legisla\u00e7\u00e3o laboral; a CGTP n\u00e3o participa. O encontro realiza-se fora das reuni\u00f5es formais da Comiss\u00e3o Permanente de Concerta\u00e7\u00e3o Social, seguindo-se reuni\u00f5es de trabalho entre governo, patronais e UGT. O anteprojeto de reforma, denominado \u201cTrabalho XXI\u201d, foi apresentado a 25 de julho de 2025 pelo Governo de Lu\u00eds Montenegro e ainda est\u00e1 em discuss\u00e3o na Concerta\u00e7\u00e3o Social, antes de avan\u00e7ar para o Parlamento. A CGTP rejeitou as altera\u00e7\u00f5es em julho; a CGTP e a UGT realizaram greve geral a 11 de dezembro de 2025. O Governo apresentou uma nova proposta \u00e0 UGT com algumas ced\u00eancias, sem retirar as traves mestras. Entre as altera\u00e7\u00f5es previstas est\u00e3o o regresso do banco de horas individual, mudan\u00e7as nos contratos a termo certo e incerto, ajustes ao outsourcing, teletrabalho, f\u00e9rias adicionais com perda remunerat\u00f3ria, licen\u00e7a parental de seis meses e outras medidas.\" \/>\n<meta property=\"og:url\" content=\"https:\/\/portaltela.pt\/noticias\/2026\/02\/18\/governo-reune-se-com-patroes-e-ugt-para-debater-pacote-laboral\/\" \/>\n<meta property=\"og:site_name\" content=\"Portal Tela Portugal\" \/>\n<meta property=\"article:published_time\" content=\"2026-02-18T07:16:00+00:00\" \/>\n<meta name=\"author\" content=\"Telinha\" \/>\n<meta name=\"twitter:card\" content=\"summary_large_image\" \/>\n<meta name=\"twitter:label1\" content=\"Escrito por\" \/>\n\t<meta name=\"twitter:data1\" content=\"Telinha\" \/>\n\t<meta name=\"twitter:label2\" content=\"Tempo estimado de leitura\" \/>\n\t<meta name=\"twitter:data2\" content=\"2 minutos\" \/>\n<script type=\"application\/ld+json\" class=\"yoast-schema-graph\">{\"@context\":\"https:\/\/schema.org\",\"@graph\":[{\"@type\":\"Article\",\"@id\":\"https:\/\/portaltela.pt\/noticias\/2026\/02\/18\/governo-reune-se-com-patroes-e-ugt-para-debater-pacote-laboral\/#article\",\"isPartOf\":{\"@id\":\"https:\/\/portaltela.pt\/noticias\/2026\/02\/18\/governo-reune-se-com-patroes-e-ugt-para-debater-pacote-laboral\/\"},\"author\":{\"name\":\"Telinha\",\"@id\":\"https:\/\/portaltela.pt\/#\/schema\/person\/c4278d4a6028830caff9ee44b42d32ed\"},\"headline\":\"Governo re\u00fane-se com patr\u00f5es e UGT para debater pacote laboral\",\"datePublished\":\"2026-02-18T07:16:00+00:00\",\"mainEntityOfPage\":{\"@id\":\"https:\/\/portaltela.pt\/noticias\/2026\/02\/18\/governo-reune-se-com-patroes-e-ugt-para-debater-pacote-laboral\/\"},\"wordCount\":336,\"image\":{\"@id\":\"https:\/\/portaltela.pt\/noticias\/2026\/02\/18\/governo-reune-se-com-patroes-e-ugt-para-debater-pacote-laboral\/#primaryimage\"},\"thumbnailUrl\":\"https:\/\/portaltela.pt\/s.01k8rhncp4jt1\/2026\/02\/img_1280x721uu2023-05-01-23-32-54-1338172.jpg\",\"keywords\":[\"banco de horas\",\"governo\",\"negocia\u00e7\u00e3o coletiva\",\"outsourcing\",\"pol\u00edtica\",\"trabalho\"],\"articleSection\":[\"Economia\",\"Not\u00edcias\"],\"inLanguage\":\"pt-PT\"},{\"@type\":\"WebPage\",\"@id\":\"https:\/\/portaltela.pt\/noticias\/2026\/02\/18\/governo-reune-se-com-patroes-e-ugt-para-debater-pacote-laboral\/\",\"url\":\"https:\/\/portaltela.pt\/noticias\/2026\/02\/18\/governo-reune-se-com-patroes-e-ugt-para-debater-pacote-laboral\/\",\"name\":\"Governo re\u00fane-se com patr\u00f5es e UGT para debater pacote laboral - Portal Tela Portugal\",\"isPartOf\":{\"@id\":\"https:\/\/portaltela.pt\/#website\"},\"primaryImageOfPage\":{\"@id\":\"https:\/\/portaltela.pt\/noticias\/2026\/02\/18\/governo-reune-se-com-patroes-e-ugt-para-debater-pacote-laboral\/#primaryimage\"},\"image\":{\"@id\":\"https:\/\/portaltela.pt\/noticias\/2026\/02\/18\/governo-reune-se-com-patroes-e-ugt-para-debater-pacote-laboral\/#primaryimage\"},\"thumbnailUrl\":\"https:\/\/portaltela.pt\/s.01k8rhncp4jt1\/2026\/02\/img_1280x721uu2023-05-01-23-32-54-1338172.jpg\",\"datePublished\":\"2026-02-18T07:16:00+00:00\",\"author\":{\"@id\":\"https:\/\/portaltela.pt\/#\/schema\/person\/c4278d4a6028830caff9ee44b42d32ed\"},\"breadcrumb\":{\"@id\":\"https:\/\/portaltela.pt\/noticias\/2026\/02\/18\/governo-reune-se-com-patroes-e-ugt-para-debater-pacote-laboral\/#breadcrumb\"},\"inLanguage\":\"pt-PT\",\"potentialAction\":[{\"@type\":\"ReadAction\",\"target\":[\"https:\/\/portaltela.pt\/noticias\/2026\/02\/18\/governo-reune-se-com-patroes-e-ugt-para-debater-pacote-laboral\/\"]}]},{\"@type\":\"ImageObject\",\"inLanguage\":\"pt-PT\",\"@id\":\"https:\/\/portaltela.pt\/noticias\/2026\/02\/18\/governo-reune-se-com-patroes-e-ugt-para-debater-pacote-laboral\/#primaryimage\",\"url\":\"https:\/\/portaltela.pt\/s.01k8rhncp4jt1\/2026\/02\/img_1280x721uu2023-05-01-23-32-54-1338172.jpg\",\"contentUrl\":\"https:\/\/portaltela.pt\/s.01k8rhncp4jt1\/2026\/02\/img_1280x721uu2023-05-01-23-32-54-1338172.jpg\",\"width\":796,\"height\":448,\"caption\":\"Militantes da UGT\"},{\"@type\":\"BreadcrumbList\",\"@id\":\"https:\/\/portaltela.pt\/noticias\/2026\/02\/18\/governo-reune-se-com-patroes-e-ugt-para-debater-pacote-laboral\/#breadcrumb\",\"itemListElement\":[{\"@type\":\"ListItem\",\"position\":1,\"name\":\"In\u00edcio\",\"item\":\"https:\/\/portaltela.pt\/\"},{\"@type\":\"ListItem\",\"position\":2,\"name\":\"Governo re\u00fane-se com patr\u00f5es e UGT para debater pacote laboral\"}]},{\"@type\":\"WebSite\",\"@id\":\"https:\/\/portaltela.pt\/#website\",\"url\":\"https:\/\/portaltela.pt\/\",\"name\":\"Portal Tela Portugal\",\"description\":\"\",\"potentialAction\":[{\"@type\":\"SearchAction\",\"target\":{\"@type\":\"EntryPoint\",\"urlTemplate\":\"https:\/\/portaltela.pt\/?s={search_term_string}\"},\"query-input\":{\"@type\":\"PropertyValueSpecification\",\"valueRequired\":true,\"valueName\":\"search_term_string\"}}],\"inLanguage\":\"pt-PT\"},{\"@type\":\"Person\",\"@id\":\"https:\/\/portaltela.pt\/#\/schema\/person\/c4278d4a6028830caff9ee44b42d32ed\",\"name\":\"Telinha\",\"image\":{\"@type\":\"ImageObject\",\"inLanguage\":\"pt-PT\",\"@id\":\"https:\/\/portaltela.pt\/s.01k8rhncp4jt1\/2025\/11\/talking-bot-125x125.png\",\"url\":\"https:\/\/portaltela.pt\/s.01k8rhncp4jt1\/2025\/11\/talking-bot-125x125.png\",\"contentUrl\":\"https:\/\/portaltela.pt\/s.01k8rhncp4jt1\/2025\/11\/talking-bot-125x125.png\",\"caption\":\"Telinha\"},\"sameAs\":[\"https:\/\/portaltela.pt\/\"],\"url\":\"https:\/\/portaltela.pt\/por\/367410592786\/\"}]}<\/script>\n<!-- \/ Yoast SEO plugin. -->","yoast_head_json":{"title":"Governo re\u00fane-se com patr\u00f5es e UGT para debater pacote laboral - Portal Tela Portugal","robots":{"index":"index","follow":"follow","max-snippet":"max-snippet:-1","max-image-preview":"max-image-preview:large","max-video-preview":"max-video-preview:-1"},"og_locale":"pt_PT","og_type":"article","og_title":"Governo re\u00fane-se com patr\u00f5es e UGT para debater pacote laboral - Portal Tela Portugal","og_description":"A ministra do Trabalho, Ros\u00e1rio Palma Ramalho, re\u00fane-se hoje \u00e0s 15:00 no Minist\u00e9rio do Trabalho, Solidariedade e Seguran\u00e7a Social, em Lisboa, com confedera\u00e7\u00f5es patronais e a UGT para discutir altera\u00e7\u00f5es \u00e0 legisla\u00e7\u00e3o laboral; a CGTP n\u00e3o participa. O encontro realiza-se fora das reuni\u00f5es formais da Comiss\u00e3o Permanente de Concerta\u00e7\u00e3o Social, seguindo-se reuni\u00f5es de trabalho entre governo, patronais e UGT. O anteprojeto de reforma, denominado \u201cTrabalho XXI\u201d, foi apresentado a 25 de julho de 2025 pelo Governo de Lu\u00eds Montenegro e ainda est\u00e1 em discuss\u00e3o na Concerta\u00e7\u00e3o Social, antes de avan\u00e7ar para o Parlamento. A CGTP rejeitou as altera\u00e7\u00f5es em julho; a CGTP e a UGT realizaram greve geral a 11 de dezembro de 2025. O Governo apresentou uma nova proposta \u00e0 UGT com algumas ced\u00eancias, sem retirar as traves mestras. Entre as altera\u00e7\u00f5es previstas est\u00e3o o regresso do banco de horas individual, mudan\u00e7as nos contratos a termo certo e incerto, ajustes ao outsourcing, teletrabalho, f\u00e9rias adicionais com perda remunerat\u00f3ria, licen\u00e7a parental de seis meses e outras medidas.","og_url":"https:\/\/portaltela.pt\/noticias\/2026\/02\/18\/governo-reune-se-com-patroes-e-ugt-para-debater-pacote-laboral\/","og_site_name":"Portal Tela Portugal","article_published_time":"2026-02-18T07:16:00+00:00","author":"Telinha","twitter_card":"summary_large_image","twitter_misc":{"Escrito por":"Telinha","Tempo estimado de leitura":"2 minutos"},"schema":{"@context":"https:\/\/schema.org","@graph":[{"@type":"Article","@id":"https:\/\/portaltela.pt\/noticias\/2026\/02\/18\/governo-reune-se-com-patroes-e-ugt-para-debater-pacote-laboral\/#article","isPartOf":{"@id":"https:\/\/portaltela.pt\/noticias\/2026\/02\/18\/governo-reune-se-com-patroes-e-ugt-para-debater-pacote-laboral\/"},"author":{"name":"Telinha","@id":"https:\/\/portaltela.pt\/#\/schema\/person\/c4278d4a6028830caff9ee44b42d32ed"},"headline":"Governo re\u00fane-se com patr\u00f5es e UGT para debater pacote laboral","datePublished":"2026-02-18T07:16:00+00:00","mainEntityOfPage":{"@id":"https:\/\/portaltela.pt\/noticias\/2026\/02\/18\/governo-reune-se-com-patroes-e-ugt-para-debater-pacote-laboral\/"},"wordCount":336,"image":{"@id":"https:\/\/portaltela.pt\/noticias\/2026\/02\/18\/governo-reune-se-com-patroes-e-ugt-para-debater-pacote-laboral\/#primaryimage"},"thumbnailUrl":"https:\/\/portaltela.pt\/s.01k8rhncp4jt1\/2026\/02\/img_1280x721uu2023-05-01-23-32-54-1338172.jpg","keywords":["banco de horas","governo","negocia\u00e7\u00e3o coletiva","outsourcing","pol\u00edtica","trabalho"],"articleSection":["Economia","Not\u00edcias"],"inLanguage":"pt-PT"},{"@type":"WebPage","@id":"https:\/\/portaltela.pt\/noticias\/2026\/02\/18\/governo-reune-se-com-patroes-e-ugt-para-debater-pacote-laboral\/","url":"https:\/\/portaltela.pt\/noticias\/2026\/02\/18\/governo-reune-se-com-patroes-e-ugt-para-debater-pacote-laboral\/","name":"Governo re\u00fane-se com patr\u00f5es e UGT para debater pacote laboral - Portal Tela Portugal","isPartOf":{"@id":"https:\/\/portaltela.pt\/#website"},"primaryImageOfPage":{"@id":"https:\/\/portaltela.pt\/noticias\/2026\/02\/18\/governo-reune-se-com-patroes-e-ugt-para-debater-pacote-laboral\/#primaryimage"},"image":{"@id":"https:\/\/portaltela.pt\/noticias\/2026\/02\/18\/governo-reune-se-com-patroes-e-ugt-para-debater-pacote-laboral\/#primaryimage"},"thumbnailUrl":"https:\/\/portaltela.pt\/s.01k8rhncp4jt1\/2026\/02\/img_1280x721uu2023-05-01-23-32-54-1338172.jpg","datePublished":"2026-02-18T07:16:00+00:00","author":{"@id":"https:\/\/portaltela.pt\/#\/schema\/person\/c4278d4a6028830caff9ee44b42d32ed"},"breadcrumb":{"@id":"https:\/\/portaltela.pt\/noticias\/2026\/02\/18\/governo-reune-se-com-patroes-e-ugt-para-debater-pacote-laboral\/#breadcrumb"},"inLanguage":"pt-PT","potentialAction":[{"@type":"ReadAction","target":["https:\/\/portaltela.pt\/noticias\/2026\/02\/18\/governo-reune-se-com-patroes-e-ugt-para-debater-pacote-laboral\/"]}]},{"@type":"ImageObject","inLanguage":"pt-PT","@id":"https:\/\/portaltela.pt\/noticias\/2026\/02\/18\/governo-reune-se-com-patroes-e-ugt-para-debater-pacote-laboral\/#primaryimage","url":"https:\/\/portaltela.pt\/s.01k8rhncp4jt1\/2026\/02\/img_1280x721uu2023-05-01-23-32-54-1338172.jpg","contentUrl":"https:\/\/portaltela.pt\/s.01k8rhncp4jt1\/2026\/02\/img_1280x721uu2023-05-01-23-32-54-1338172.jpg","width":796,"height":448,"caption":"Militantes da UGT"},{"@type":"BreadcrumbList","@id":"https:\/\/portaltela.pt\/noticias\/2026\/02\/18\/governo-reune-se-com-patroes-e-ugt-para-debater-pacote-laboral\/#breadcrumb","itemListElement":[{"@type":"ListItem","position":1,"name":"In\u00edcio","item":"https:\/\/portaltela.pt\/"},{"@type":"ListItem","position":2,"name":"Governo re\u00fane-se com patr\u00f5es e UGT para debater pacote laboral"}]},{"@type":"WebSite","@id":"https:\/\/portaltela.pt\/#website","url":"https:\/\/portaltela.pt\/","name":"Portal Tela Portugal","description":"","potentialAction":[{"@type":"SearchAction","target":{"@type":"EntryPoint","urlTemplate":"https:\/\/portaltela.pt\/?s={search_term_string}"},"query-input":{"@type":"PropertyValueSpecification","valueRequired":true,"valueName":"search_term_string"}}],"inLanguage":"pt-PT"},{"@type":"Person","@id":"https:\/\/portaltela.pt\/#\/schema\/person\/c4278d4a6028830caff9ee44b42d32ed","name":"Telinha","image":{"@type":"ImageObject","inLanguage":"pt-PT","@id":"https:\/\/portaltela.pt\/s.01k8rhncp4jt1\/2025\/11\/talking-bot-125x125.png","url":"https:\/\/portaltela.pt\/s.01k8rhncp4jt1\/2025\/11\/talking-bot-125x125.png","contentUrl":"https:\/\/portaltela.pt\/s.01k8rhncp4jt1\/2025\/11\/talking-bot-125x125.png","caption":"Telinha"},"sameAs":["https:\/\/portaltela.pt\/"],"url":"https:\/\/portaltela.pt\/por\/367410592786\/"}]}},"_links":{"self":[{"href":"https:\/\/portaltela.pt\/api\/wp\/v2\/posts\/215417","targetHints":{"allow":["GET"]}}],"collection":[{"href":"https:\/\/portaltela.pt\/api\/wp\/v2\/posts"}],"about":[{"href":"https:\/\/portaltela.pt\/api\/wp\/v2\/types\/post"}],"author":[{"embeddable":true,"href":"https:\/\/portaltela.pt\/api\/wp\/v2\/users\/2"}],"replies":[{"embeddable":true,"href":"https:\/\/portaltela.pt\/api\/wp\/v2\/comments?post=215417"}],"version-history":[{"count":0,"href":"https:\/\/portaltela.pt\/api\/wp\/v2\/posts\/215417\/revisions"}],"wp:featuredmedia":[{"embeddable":true,"href":"https:\/\/portaltela.pt\/api\/wp\/v2\/media\/215419"}],"wp:attachment":[{"href":"https:\/\/portaltela.pt\/api\/wp\/v2\/media?parent=215417"}],"wp:term":[{"taxonomy":"category","embeddable":true,"href":"https:\/\/portaltela.pt\/api\/wp\/v2\/categories?post=215417"},{"taxonomy":"post_tag","embeddable":true,"href":"https:\/\/portaltela.pt\/api\/wp\/v2\/tags?post=215417"}],"curies":[{"name":"wp","href":"https:\/\/api.w.org\/{rel}","templated":true}]}}