{"id":215409,"date":"2026-02-18T04:31:56","date_gmt":"2026-02-18T07:31:56","guid":{"rendered":"https:\/\/portaltela.pt\/noticias\/2026\/02\/18\/instrutor-joaquim-partilha-fotografia-inedita-fora-da-base-e-sem-farda\/"},"modified":"2026-02-18T04:31:56","modified_gmt":"2026-02-18T07:31:56","slug":"instrutor-joaquim-partilha-fotografia-inedita-fora-da-base-e-sem-farda","status":"publish","type":"post","link":"https:\/\/portaltela.pt\/noticias\/2026\/02\/18\/instrutor-joaquim-partilha-fotografia-inedita-fora-da-base-e-sem-farda\/","title":{"rendered":"Instrutor Joaquim partilha fotografia in\u00e9dita, fora da base e sem farda"},"content":{"rendered":"<p>O instrutor Joaquim partilhou uma fotografia in\u00e9dita que o mostra fora da base e sem farda. A imagem, apresentada pela imprensa, destaca o momento do registo fora do contexto institucional.<\/p>\n<p>N\u00e3o h\u00e1 indica\u00e7\u00e3o de data, local ou circunst\u00e2ncias que expliquem o registo. A not\u00edcia n\u00e3o detalha o motivo da publica\u00e7\u00e3o nem fornece informa\u00e7\u00f5es adicionais sobre o contexto da imagem.<\/p>\n<p>O conte\u00fado dispon\u00edvel caracteriza-se pela repeti\u00e7\u00e3o de rubricas associadas \u00e0 \u201cfotografia in\u00e9dita\u201d e por apresentar, de forma isolada, a imagem do instrutor. N\u00e3o foram divulgadas declara\u00e7\u00f5es oficiais nem credenciais que complementem o contexto apresentado.<\/p>\n","protected":false},"excerpt":{"rendered":"<ul>\n<li>O instrutor Joaquim partilha uma fotografia in\u00e9dita.<\/li>\n<li>A imagem mostra-o fora da base e sem farda.<\/li>\n<li>A not\u00edcia \u00e9 apresentada com o t\u00edtulo \u201cFora da base e sem farda\u201d.<\/li>\n<li>O conte\u00fado inclui repetidas legendas de \u201cFotografia in\u00e9dita\u201d associadas \u00e0 mesma imagem.<\/li>\n<li>N\u00e3o h\u00e1 detalhes adicionais sobre data, contexto ou origem da fotografia no texto fornecido.<\/li>\n<\/ul>\n","protected":false},"author":2,"featured_media":215411,"comment_status":"closed","ping_status":"closed","sticky":false,"template":"","format":"standard","meta":{"footnotes":""},"categories":[1],"tags":[4646,2625,4006,1779,247],"class_list":["post-215409","post","type-post","status-publish","format-standard","has-post-thumbnail","hentry","category-noticias","tag-a-academia-militar","tag-aeronautica","tag-escola-de-fuzileiros","tag-forcas-armadas","tag-fotografia"],"yoast_head":"<!-- This site is optimized with the Yoast SEO plugin v27.2 - https:\/\/yoast.com\/product\/yoast-seo-wordpress\/ -->\n<title>Instrutor Joaquim partilha fotografia in\u00e9dita, fora da base e sem farda - Portal Tela Portugal<\/title>\n<meta name=\"robots\" content=\"index, follow, max-snippet:-1, max-image-preview:large, max-video-preview:-1\" \/>\n<meta property=\"og:locale\" content=\"pt_PT\" \/>\n<meta property=\"og:type\" content=\"article\" \/>\n<meta property=\"og:title\" content=\"Instrutor Joaquim partilha fotografia in\u00e9dita, fora da base e sem farda - Portal Tela Portugal\" \/>\n<meta property=\"og:description\" content=\"O instrutor Joaquim partilha uma fotografia in\u00e9dita. A imagem mostra-o fora da base e sem farda. A not\u00edcia \u00e9 apresentada com o t\u00edtulo \u201cFora da base e sem farda\u201d. O conte\u00fado inclui repetidas legendas de \u201cFotografia in\u00e9dita\u201d associadas \u00e0 mesma imagem. N\u00e3o h\u00e1 detalhes adicionais sobre data, contexto ou origem da fotografia no texto fornecido.\" \/>\n<meta property=\"og:url\" content=\"https:\/\/portaltela.pt\/noticias\/2026\/02\/18\/instrutor-joaquim-partilha-fotografia-inedita-fora-da-base-e-sem-farda\/\" \/>\n<meta property=\"og:site_name\" content=\"Portal Tela Portugal\" \/>\n<meta property=\"article:published_time\" content=\"2026-02-18T07:31:56+00:00\" \/>\n<meta name=\"author\" content=\"Telinha\" \/>\n<meta name=\"twitter:card\" content=\"summary_large_image\" \/>\n<meta name=\"twitter:label1\" content=\"Escrito por\" \/>\n\t<meta name=\"twitter:data1\" content=\"Telinha\" \/>\n\t<meta name=\"twitter:label2\" content=\"Tempo estimado de leitura\" \/>\n\t<meta name=\"twitter:data2\" content=\"1 minuto\" \/>\n<script type=\"application\/ld+json\" class=\"yoast-schema-graph\">{\"@context\":\"https:\/\/schema.org\",\"@graph\":[{\"@type\":\"Article\",\"@id\":\"https:\/\/portaltela.pt\/noticias\/2026\/02\/18\/instrutor-joaquim-partilha-fotografia-inedita-fora-da-base-e-sem-farda\/#article\",\"isPartOf\":{\"@id\":\"https:\/\/portaltela.pt\/noticias\/2026\/02\/18\/instrutor-joaquim-partilha-fotografia-inedita-fora-da-base-e-sem-farda\/\"},\"author\":{\"name\":\"Telinha\",\"@id\":\"https:\/\/portaltela.pt\/#\/schema\/person\/c4278d4a6028830caff9ee44b42d32ed\"},\"headline\":\"Instrutor Joaquim partilha fotografia in\u00e9dita, fora da base e sem farda\",\"datePublished\":\"2026-02-18T07:31:56+00:00\",\"mainEntityOfPage\":{\"@id\":\"https:\/\/portaltela.pt\/noticias\/2026\/02\/18\/instrutor-joaquim-partilha-fotografia-inedita-fora-da-base-e-sem-farda\/\"},\"wordCount\":118,\"image\":{\"@id\":\"https:\/\/portaltela.pt\/noticias\/2026\/02\/18\/instrutor-joaquim-partilha-fotografia-inedita-fora-da-base-e-sem-farda\/#primaryimage\"},\"thumbnailUrl\":\"https:\/\/portaltela.pt\/s.01k8rhncp4jt1\/2026\/02\/6103ce850cf279ce41d365c9-6.jpg\",\"keywords\":[\"A Academia Militar\",\"aeron\u00e1utica\",\"Escola de Fuzileiros\",\"For\u00e7as Armadas\",\"fotografia\"],\"articleSection\":[\"Not\u00edcias\"],\"inLanguage\":\"pt-PT\"},{\"@type\":\"WebPage\",\"@id\":\"https:\/\/portaltela.pt\/noticias\/2026\/02\/18\/instrutor-joaquim-partilha-fotografia-inedita-fora-da-base-e-sem-farda\/\",\"url\":\"https:\/\/portaltela.pt\/noticias\/2026\/02\/18\/instrutor-joaquim-partilha-fotografia-inedita-fora-da-base-e-sem-farda\/\",\"name\":\"Instrutor Joaquim partilha fotografia in\u00e9dita, fora da base e sem farda - Portal Tela Portugal\",\"isPartOf\":{\"@id\":\"https:\/\/portaltela.pt\/#website\"},\"primaryImageOfPage\":{\"@id\":\"https:\/\/portaltela.pt\/noticias\/2026\/02\/18\/instrutor-joaquim-partilha-fotografia-inedita-fora-da-base-e-sem-farda\/#primaryimage\"},\"image\":{\"@id\":\"https:\/\/portaltela.pt\/noticias\/2026\/02\/18\/instrutor-joaquim-partilha-fotografia-inedita-fora-da-base-e-sem-farda\/#primaryimage\"},\"thumbnailUrl\":\"https:\/\/portaltela.pt\/s.01k8rhncp4jt1\/2026\/02\/6103ce850cf279ce41d365c9-6.jpg\",\"datePublished\":\"2026-02-18T07:31:56+00:00\",\"author\":{\"@id\":\"https:\/\/portaltela.pt\/#\/schema\/person\/c4278d4a6028830caff9ee44b42d32ed\"},\"breadcrumb\":{\"@id\":\"https:\/\/portaltela.pt\/noticias\/2026\/02\/18\/instrutor-joaquim-partilha-fotografia-inedita-fora-da-base-e-sem-farda\/#breadcrumb\"},\"inLanguage\":\"pt-PT\",\"potentialAction\":[{\"@type\":\"ReadAction\",\"target\":[\"https:\/\/portaltela.pt\/noticias\/2026\/02\/18\/instrutor-joaquim-partilha-fotografia-inedita-fora-da-base-e-sem-farda\/\"]}]},{\"@type\":\"ImageObject\",\"inLanguage\":\"pt-PT\",\"@id\":\"https:\/\/portaltela.pt\/noticias\/2026\/02\/18\/instrutor-joaquim-partilha-fotografia-inedita-fora-da-base-e-sem-farda\/#primaryimage\",\"url\":\"https:\/\/portaltela.pt\/s.01k8rhncp4jt1\/2026\/02\/6103ce850cf279ce41d365c9-6.jpg\",\"contentUrl\":\"https:\/\/portaltela.pt\/s.01k8rhncp4jt1\/2026\/02\/6103ce850cf279ce41d365c9-6.jpg\",\"width\":796,\"height\":448,\"caption\":\"Instrutor Joaquim, na sua fotografia in\u00e9dita.\"},{\"@type\":\"BreadcrumbList\",\"@id\":\"https:\/\/portaltela.pt\/noticias\/2026\/02\/18\/instrutor-joaquim-partilha-fotografia-inedita-fora-da-base-e-sem-farda\/#breadcrumb\",\"itemListElement\":[{\"@type\":\"ListItem\",\"position\":1,\"name\":\"In\u00edcio\",\"item\":\"https:\/\/portaltela.pt\/\"},{\"@type\":\"ListItem\",\"position\":2,\"name\":\"Instrutor Joaquim partilha fotografia in\u00e9dita, fora da base e sem farda\"}]},{\"@type\":\"WebSite\",\"@id\":\"https:\/\/portaltela.pt\/#website\",\"url\":\"https:\/\/portaltela.pt\/\",\"name\":\"Portal Tela Portugal\",\"description\":\"\",\"potentialAction\":[{\"@type\":\"SearchAction\",\"target\":{\"@type\":\"EntryPoint\",\"urlTemplate\":\"https:\/\/portaltela.pt\/?s={search_term_string}\"},\"query-input\":{\"@type\":\"PropertyValueSpecification\",\"valueRequired\":true,\"valueName\":\"search_term_string\"}}],\"inLanguage\":\"pt-PT\"},{\"@type\":\"Person\",\"@id\":\"https:\/\/portaltela.pt\/#\/schema\/person\/c4278d4a6028830caff9ee44b42d32ed\",\"name\":\"Telinha\",\"image\":{\"@type\":\"ImageObject\",\"inLanguage\":\"pt-PT\",\"@id\":\"https:\/\/portaltela.pt\/s.01k8rhncp4jt1\/2025\/11\/talking-bot-125x125.png\",\"url\":\"https:\/\/portaltela.pt\/s.01k8rhncp4jt1\/2025\/11\/talking-bot-125x125.png\",\"contentUrl\":\"https:\/\/portaltela.pt\/s.01k8rhncp4jt1\/2025\/11\/talking-bot-125x125.png\",\"caption\":\"Telinha\"},\"sameAs\":[\"https:\/\/portaltela.pt\/\"],\"url\":\"https:\/\/portaltela.pt\/por\/367410592786\/\"}]}<\/script>\n<!-- \/ Yoast SEO plugin. -->","yoast_head_json":{"title":"Instrutor Joaquim partilha fotografia in\u00e9dita, fora da base e sem farda - Portal Tela Portugal","robots":{"index":"index","follow":"follow","max-snippet":"max-snippet:-1","max-image-preview":"max-image-preview:large","max-video-preview":"max-video-preview:-1"},"og_locale":"pt_PT","og_type":"article","og_title":"Instrutor Joaquim partilha fotografia in\u00e9dita, fora da base e sem farda - Portal Tela Portugal","og_description":"O instrutor Joaquim partilha uma fotografia in\u00e9dita. A imagem mostra-o fora da base e sem farda. A not\u00edcia \u00e9 apresentada com o t\u00edtulo \u201cFora da base e sem farda\u201d. O conte\u00fado inclui repetidas legendas de \u201cFotografia in\u00e9dita\u201d associadas \u00e0 mesma imagem. N\u00e3o h\u00e1 detalhes adicionais sobre data, contexto ou origem da fotografia no texto fornecido.","og_url":"https:\/\/portaltela.pt\/noticias\/2026\/02\/18\/instrutor-joaquim-partilha-fotografia-inedita-fora-da-base-e-sem-farda\/","og_site_name":"Portal Tela Portugal","article_published_time":"2026-02-18T07:31:56+00:00","author":"Telinha","twitter_card":"summary_large_image","twitter_misc":{"Escrito por":"Telinha","Tempo estimado de leitura":"1 minuto"},"schema":{"@context":"https:\/\/schema.org","@graph":[{"@type":"Article","@id":"https:\/\/portaltela.pt\/noticias\/2026\/02\/18\/instrutor-joaquim-partilha-fotografia-inedita-fora-da-base-e-sem-farda\/#article","isPartOf":{"@id":"https:\/\/portaltela.pt\/noticias\/2026\/02\/18\/instrutor-joaquim-partilha-fotografia-inedita-fora-da-base-e-sem-farda\/"},"author":{"name":"Telinha","@id":"https:\/\/portaltela.pt\/#\/schema\/person\/c4278d4a6028830caff9ee44b42d32ed"},"headline":"Instrutor Joaquim partilha fotografia in\u00e9dita, fora da base e sem farda","datePublished":"2026-02-18T07:31:56+00:00","mainEntityOfPage":{"@id":"https:\/\/portaltela.pt\/noticias\/2026\/02\/18\/instrutor-joaquim-partilha-fotografia-inedita-fora-da-base-e-sem-farda\/"},"wordCount":118,"image":{"@id":"https:\/\/portaltela.pt\/noticias\/2026\/02\/18\/instrutor-joaquim-partilha-fotografia-inedita-fora-da-base-e-sem-farda\/#primaryimage"},"thumbnailUrl":"https:\/\/portaltela.pt\/s.01k8rhncp4jt1\/2026\/02\/6103ce850cf279ce41d365c9-6.jpg","keywords":["A Academia Militar","aeron\u00e1utica","Escola de Fuzileiros","For\u00e7as Armadas","fotografia"],"articleSection":["Not\u00edcias"],"inLanguage":"pt-PT"},{"@type":"WebPage","@id":"https:\/\/portaltela.pt\/noticias\/2026\/02\/18\/instrutor-joaquim-partilha-fotografia-inedita-fora-da-base-e-sem-farda\/","url":"https:\/\/portaltela.pt\/noticias\/2026\/02\/18\/instrutor-joaquim-partilha-fotografia-inedita-fora-da-base-e-sem-farda\/","name":"Instrutor Joaquim partilha fotografia in\u00e9dita, fora da base e sem farda - Portal Tela Portugal","isPartOf":{"@id":"https:\/\/portaltela.pt\/#website"},"primaryImageOfPage":{"@id":"https:\/\/portaltela.pt\/noticias\/2026\/02\/18\/instrutor-joaquim-partilha-fotografia-inedita-fora-da-base-e-sem-farda\/#primaryimage"},"image":{"@id":"https:\/\/portaltela.pt\/noticias\/2026\/02\/18\/instrutor-joaquim-partilha-fotografia-inedita-fora-da-base-e-sem-farda\/#primaryimage"},"thumbnailUrl":"https:\/\/portaltela.pt\/s.01k8rhncp4jt1\/2026\/02\/6103ce850cf279ce41d365c9-6.jpg","datePublished":"2026-02-18T07:31:56+00:00","author":{"@id":"https:\/\/portaltela.pt\/#\/schema\/person\/c4278d4a6028830caff9ee44b42d32ed"},"breadcrumb":{"@id":"https:\/\/portaltela.pt\/noticias\/2026\/02\/18\/instrutor-joaquim-partilha-fotografia-inedita-fora-da-base-e-sem-farda\/#breadcrumb"},"inLanguage":"pt-PT","potentialAction":[{"@type":"ReadAction","target":["https:\/\/portaltela.pt\/noticias\/2026\/02\/18\/instrutor-joaquim-partilha-fotografia-inedita-fora-da-base-e-sem-farda\/"]}]},{"@type":"ImageObject","inLanguage":"pt-PT","@id":"https:\/\/portaltela.pt\/noticias\/2026\/02\/18\/instrutor-joaquim-partilha-fotografia-inedita-fora-da-base-e-sem-farda\/#primaryimage","url":"https:\/\/portaltela.pt\/s.01k8rhncp4jt1\/2026\/02\/6103ce850cf279ce41d365c9-6.jpg","contentUrl":"https:\/\/portaltela.pt\/s.01k8rhncp4jt1\/2026\/02\/6103ce850cf279ce41d365c9-6.jpg","width":796,"height":448,"caption":"Instrutor Joaquim, na sua fotografia in\u00e9dita."},{"@type":"BreadcrumbList","@id":"https:\/\/portaltela.pt\/noticias\/2026\/02\/18\/instrutor-joaquim-partilha-fotografia-inedita-fora-da-base-e-sem-farda\/#breadcrumb","itemListElement":[{"@type":"ListItem","position":1,"name":"In\u00edcio","item":"https:\/\/portaltela.pt\/"},{"@type":"ListItem","position":2,"name":"Instrutor Joaquim partilha fotografia in\u00e9dita, fora da base e sem farda"}]},{"@type":"WebSite","@id":"https:\/\/portaltela.pt\/#website","url":"https:\/\/portaltela.pt\/","name":"Portal Tela Portugal","description":"","potentialAction":[{"@type":"SearchAction","target":{"@type":"EntryPoint","urlTemplate":"https:\/\/portaltela.pt\/?s={search_term_string}"},"query-input":{"@type":"PropertyValueSpecification","valueRequired":true,"valueName":"search_term_string"}}],"inLanguage":"pt-PT"},{"@type":"Person","@id":"https:\/\/portaltela.pt\/#\/schema\/person\/c4278d4a6028830caff9ee44b42d32ed","name":"Telinha","image":{"@type":"ImageObject","inLanguage":"pt-PT","@id":"https:\/\/portaltela.pt\/s.01k8rhncp4jt1\/2025\/11\/talking-bot-125x125.png","url":"https:\/\/portaltela.pt\/s.01k8rhncp4jt1\/2025\/11\/talking-bot-125x125.png","contentUrl":"https:\/\/portaltela.pt\/s.01k8rhncp4jt1\/2025\/11\/talking-bot-125x125.png","caption":"Telinha"},"sameAs":["https:\/\/portaltela.pt\/"],"url":"https:\/\/portaltela.pt\/por\/367410592786\/"}]}},"_links":{"self":[{"href":"https:\/\/portaltela.pt\/api\/wp\/v2\/posts\/215409","targetHints":{"allow":["GET"]}}],"collection":[{"href":"https:\/\/portaltela.pt\/api\/wp\/v2\/posts"}],"about":[{"href":"https:\/\/portaltela.pt\/api\/wp\/v2\/types\/post"}],"author":[{"embeddable":true,"href":"https:\/\/portaltela.pt\/api\/wp\/v2\/users\/2"}],"replies":[{"embeddable":true,"href":"https:\/\/portaltela.pt\/api\/wp\/v2\/comments?post=215409"}],"version-history":[{"count":0,"href":"https:\/\/portaltela.pt\/api\/wp\/v2\/posts\/215409\/revisions"}],"wp:featuredmedia":[{"embeddable":true,"href":"https:\/\/portaltela.pt\/api\/wp\/v2\/media\/215411"}],"wp:attachment":[{"href":"https:\/\/portaltela.pt\/api\/wp\/v2\/media?parent=215409"}],"wp:term":[{"taxonomy":"category","embeddable":true,"href":"https:\/\/portaltela.pt\/api\/wp\/v2\/categories?post=215409"},{"taxonomy":"post_tag","embeddable":true,"href":"https:\/\/portaltela.pt\/api\/wp\/v2\/tags?post=215409"}],"curies":[{"name":"wp","href":"https:\/\/api.w.org\/{rel}","templated":true}]}}