{"id":215380,"date":"2026-02-18T03:00:52","date_gmt":"2026-02-18T06:00:52","guid":{"rendered":"https:\/\/portaltela.pt\/noticias\/2026\/02\/18\/aquecimento-por-combustiveis-fosseis-ameaca-colheitas-de-cafeicultores\/"},"modified":"2026-02-18T03:00:52","modified_gmt":"2026-02-18T06:00:52","slug":"aquecimento-por-combustiveis-fosseis-ameaca-colheitas-de-cafeicultores","status":"publish","type":"post","link":"https:\/\/portaltela.pt\/noticias\/2026\/02\/18\/aquecimento-por-combustiveis-fosseis-ameaca-colheitas-de-cafeicultores\/","title":{"rendered":"Aquecimento por combust\u00edveis f\u00f3sseis amea\u00e7a colheitas de cafeicultores"},"content":{"rendered":"<p>O aquecimento global provocado pelo uso de combust\u00edveis f\u00f3sseis coloca em risco as colheitas de caf\u00e9 e eleva os custos para os consumidores. Agricultores em dificuldades pedem aos governos a\u00e7\u00f5es r\u00e1pidas para proteger a produ\u00e7\u00e3o frente a per\u00edodos cada vez mais frequentes de calor extremo. A an\u00e1lise de Climate Central aponta que as altera\u00e7\u00f5es clim\u00e1ticas j\u00e1 empurram as temperaturas para al\u00e9m de 30 \u00baC nas principais regi\u00f5es produtoras.<\/p>\n<p>Segundo o estudo, os cinco maiores produtores \u2014 Brasil, Col\u00f4mbia, Eti\u00f3pia, Indon\u00e9sia e Vietname \u2014 registaram em conjunto mais 57 dias por ano de calor prejudicial. Estes pa\u00edses respondem por 75% da oferta mundial de caf\u00e9. O calor excessivo causa stress t\u00e9rmico nas plantas, reduz a produ\u00e7\u00e3o e pode degradar a qualidade dos gr\u00e3os.<\/p>\n<p>O impacto financia a cadeia \u00e9 sentido principalmente pelos pequenos agricultores, que correspondem a cerca de 80% dos produtores. Em 2021, estes pequenos agricultores receberam apenas 0,36% do financiamento destinado \u00e0 adapta\u00e7\u00e3o clim\u00e1tica. A Uni\u00e3o Europeia depende muito do caf\u00e9 vindo do Brasil e do Vietname, ambos fortemente afetados pelo aquecimento.<\/p>\n<h3>Altera\u00e7\u00f5es na produ\u00e7\u00e3o e custos<\/h3>\n<p>O aquecimento acima de 30 \u00baC compromete a produ\u00e7\u00e3o, aumenta a vulnerabilidade a doen\u00e7as e eleva os custos de cultivo. A oferta global fica mais restrita, o que pressiona os pre\u00e7os. A maioria do caf\u00e9 importado pela UE prov\u00e9m de Brasil (34%) e Vietname (24%).<\/p>\n<p>Apoio p\u00fablico e investimento s\u00e3o apontados como necess\u00e1rios para enfrentar estas dificuldades. Organiza\u00e7\u00f5es de produtores enfatizam a import\u00e2ncia de programas de adapta\u00e7\u00e3o, financia\u00e7\u00e3o acess\u00edvel e melhoria de pr\u00e1ticas agr\u00edcolas, especialmente entre as cooperativas locais.<\/p>\n<h3>Vidas no terreno<\/h3>\n<p>Na Eti\u00f3pia, agricultores alertam para menor rendimento de caf\u00e9s ar\u00e1bica sem sombra suficiente. Cooperativas locais s\u00e3o parte da resposta, com iniciativas de efici\u00eancia energ\u00e9tica e uso de fog\u00f5es que reduzem a desmata. A ideia \u00e9 refor\u00e7ar a resili\u00eancia das \u00e1reas cafeeiras e manter a produ\u00e7\u00e3o sustent\u00e1vel.<\/p>\n<p>No Colombia, produtores destacam que o calor, a seca e chuvas intensas exigem financiamento para diversifica\u00e7\u00e3o e melhoria de pr\u00e1ticas. A aposta na agrofloresta surge como forma de reduzir a depend\u00eancia de insumos qu\u00edmicos e de aumentar a resist\u00eancia clim\u00e1tica das planta\u00e7\u00f5es.<\/p>\n<p>Na \u00cdndia, em \u00e1reas como as Plan\u00edcies Ocidentais, explora-se o cultivo sob sombra com biodiversidade. Produtores relatam menor disponibilidade de humidade no solo, o que aumenta o stress das plantas e pode levar a floradas irregulares e queda de qualidade na colheita.<\/p>\n<h3>Resposta e caminhos<\/h3>\n<p>Um produtor de Karnataka afirma que o equil\u00edbrio entre sombra, humidade e recupera\u00e7\u00e3o \u00e9 crucial para o caf\u00e9 prosperar. A gest\u00e3o da sombra, solos saud\u00e1veis e maior resili\u00eancia h\u00eddrica aparecem como caminhos para enfrentar o cen\u00e1rio atual.<\/p>\n<p>A organiza\u00e7\u00e3o de produtores da Eti\u00f3pia destaca a necessidade de a\u00e7\u00f5es governamentais para apoiar pequenas explora\u00e7\u00f5es. Em conjunto, as medidas devem incluir financiamento acess\u00edvel, assist\u00eancia t\u00e9cnica e investimentos em pr\u00e1ticas que reduzam a necessidade de recursos como a lenha, protegendo as florestas que servem de abrigo ao caf\u00e9.<\/p>\n","protected":false},"excerpt":{"rendered":"<ul>\n<li>A Climate Central analisou temperaturas entre 2021 e 2025 e concluiu que o aquecimento provocado pela atividade humana ultrapassa o limiar de 30 \u00b0C nas principais regi\u00f5es produtoras de caf\u00e9, provocando stress t\u00e9rmico nas plantas.<\/li>\n<li>Os cinco maiores produtores \u2014 Brasil, Col\u00f4mbia, Eti\u00f3pia, Indon\u00e9sia e Vietname \u2014 registaram, em conjunto, mais cinquenta e sete dias por ano de calor prejudicial.<\/li>\n<li>Em conjunto, estes pa\u00edses fornecem cerca de 75 por cento do caf\u00e9 mundial, o que eleva a oferta global e pode puxar os pre\u00e7os para cima.<\/li>\n<li>Os pequenos agricultores respondem por about oitenta por cento dos produtores, mas em 2021 receberam apenas 0,36 por cento do financiamento necess\u00e1rio para se adaptarem \u00e0s altera\u00e7\u00f5es clim\u00e1ticas.<\/li>\n<li>O custo m\u00e9dio de adapta\u00e7\u00e3o por hectare \u00e9 de 2,19 d\u00f3lares por dia, valor considerado baixo face ao pre\u00e7o de uma ch\u00e1vena de caf\u00e9 em muitos pa\u00edses.<\/li>\n<\/ul>\n","protected":false},"author":2,"featured_media":215381,"comment_status":"closed","ping_status":"closed","sticky":false,"template":"","format":"standard","meta":{"footnotes":""},"categories":[1],"tags":[179,4155,2665,5765,2417,811],"class_list":["post-215380","post","type-post","status-publish","format-standard","has-post-thumbnail","hentry","category-noticias","tag-agricultura","tag-agroflorestal","tag-alteracoes-climaticas","tag-cafe","tag-financiamento","tag-protecao-ambiental"],"yoast_head":"<!-- This site is optimized with the Yoast SEO plugin v27.2 - https:\/\/yoast.com\/product\/yoast-seo-wordpress\/ -->\n<title>Aquecimento por combust\u00edveis f\u00f3sseis amea\u00e7a colheitas de cafeicultores - Portal Tela Portugal<\/title>\n<meta name=\"robots\" content=\"index, follow, max-snippet:-1, max-image-preview:large, max-video-preview:-1\" \/>\n<meta property=\"og:locale\" content=\"pt_PT\" \/>\n<meta property=\"og:type\" content=\"article\" \/>\n<meta property=\"og:title\" content=\"Aquecimento por combust\u00edveis f\u00f3sseis amea\u00e7a colheitas de cafeicultores - Portal Tela Portugal\" \/>\n<meta property=\"og:description\" content=\"A Climate Central analisou temperaturas entre 2021 e 2025 e concluiu que o aquecimento provocado pela atividade humana ultrapassa o limiar de 30 \u00b0C nas principais regi\u00f5es produtoras de caf\u00e9, provocando stress t\u00e9rmico nas plantas. Os cinco maiores produtores \u2014 Brasil, Col\u00f4mbia, Eti\u00f3pia, Indon\u00e9sia e Vietname \u2014 registaram, em conjunto, mais cinquenta e sete dias por ano de calor prejudicial. Em conjunto, estes pa\u00edses fornecem cerca de 75 por cento do caf\u00e9 mundial, o que eleva a oferta global e pode puxar os pre\u00e7os para cima. Os pequenos agricultores respondem por about oitenta por cento dos produtores, mas em 2021 receberam apenas 0,36 por cento do financiamento necess\u00e1rio para se adaptarem \u00e0s altera\u00e7\u00f5es clim\u00e1ticas. O custo m\u00e9dio de adapta\u00e7\u00e3o por hectare \u00e9 de 2,19 d\u00f3lares por dia, valor considerado baixo face ao pre\u00e7o de uma ch\u00e1vena de caf\u00e9 em muitos pa\u00edses.\" \/>\n<meta property=\"og:url\" content=\"https:\/\/portaltela.pt\/noticias\/2026\/02\/18\/aquecimento-por-combustiveis-fosseis-ameaca-colheitas-de-cafeicultores\/\" \/>\n<meta property=\"og:site_name\" content=\"Portal Tela Portugal\" \/>\n<meta property=\"article:published_time\" content=\"2026-02-18T06:00:52+00:00\" \/>\n<meta name=\"author\" content=\"Telinha\" \/>\n<meta name=\"twitter:card\" content=\"summary_large_image\" \/>\n<meta name=\"twitter:label1\" content=\"Escrito por\" \/>\n\t<meta name=\"twitter:data1\" content=\"Telinha\" \/>\n\t<meta name=\"twitter:label2\" content=\"Tempo estimado de leitura\" \/>\n\t<meta name=\"twitter:data2\" content=\"3 minutos\" \/>\n<script type=\"application\/ld+json\" class=\"yoast-schema-graph\">{\"@context\":\"https:\/\/schema.org\",\"@graph\":[{\"@type\":\"Article\",\"@id\":\"https:\/\/portaltela.pt\/noticias\/2026\/02\/18\/aquecimento-por-combustiveis-fosseis-ameaca-colheitas-de-cafeicultores\/#article\",\"isPartOf\":{\"@id\":\"https:\/\/portaltela.pt\/noticias\/2026\/02\/18\/aquecimento-por-combustiveis-fosseis-ameaca-colheitas-de-cafeicultores\/\"},\"author\":{\"name\":\"Telinha\",\"@id\":\"https:\/\/portaltela.pt\/#\/schema\/person\/c4278d4a6028830caff9ee44b42d32ed\"},\"headline\":\"Aquecimento por combust\u00edveis f\u00f3sseis amea\u00e7a colheitas de cafeicultores\",\"datePublished\":\"2026-02-18T06:00:52+00:00\",\"mainEntityOfPage\":{\"@id\":\"https:\/\/portaltela.pt\/noticias\/2026\/02\/18\/aquecimento-por-combustiveis-fosseis-ameaca-colheitas-de-cafeicultores\/\"},\"wordCount\":545,\"image\":{\"@id\":\"https:\/\/portaltela.pt\/noticias\/2026\/02\/18\/aquecimento-por-combustiveis-fosseis-ameaca-colheitas-de-cafeicultores\/#primaryimage\"},\"thumbnailUrl\":\"https:\/\/portaltela.pt\/s.01k8rhncp4jt1\/2026\/02\/1536x864_cmsv2_37809582-6a6b-5b2f-abae-35b2dbc834ec-9654494.jpg\",\"keywords\":[\"agricultura\",\"agroflorestal\",\"Altera\u00e7\u00f5es Clim\u00e1ticas\",\"caf\u00e9\",\"financiamento\",\"prote\u00e7\u00e3o ambiental\"],\"articleSection\":[\"Not\u00edcias\"],\"inLanguage\":\"pt-PT\"},{\"@type\":\"WebPage\",\"@id\":\"https:\/\/portaltela.pt\/noticias\/2026\/02\/18\/aquecimento-por-combustiveis-fosseis-ameaca-colheitas-de-cafeicultores\/\",\"url\":\"https:\/\/portaltela.pt\/noticias\/2026\/02\/18\/aquecimento-por-combustiveis-fosseis-ameaca-colheitas-de-cafeicultores\/\",\"name\":\"Aquecimento por combust\u00edveis f\u00f3sseis amea\u00e7a colheitas de cafeicultores - Portal Tela Portugal\",\"isPartOf\":{\"@id\":\"https:\/\/portaltela.pt\/#website\"},\"primaryImageOfPage\":{\"@id\":\"https:\/\/portaltela.pt\/noticias\/2026\/02\/18\/aquecimento-por-combustiveis-fosseis-ameaca-colheitas-de-cafeicultores\/#primaryimage\"},\"image\":{\"@id\":\"https:\/\/portaltela.pt\/noticias\/2026\/02\/18\/aquecimento-por-combustiveis-fosseis-ameaca-colheitas-de-cafeicultores\/#primaryimage\"},\"thumbnailUrl\":\"https:\/\/portaltela.pt\/s.01k8rhncp4jt1\/2026\/02\/1536x864_cmsv2_37809582-6a6b-5b2f-abae-35b2dbc834ec-9654494.jpg\",\"datePublished\":\"2026-02-18T06:00:52+00:00\",\"author\":{\"@id\":\"https:\/\/portaltela.pt\/#\/schema\/person\/c4278d4a6028830caff9ee44b42d32ed\"},\"breadcrumb\":{\"@id\":\"https:\/\/portaltela.pt\/noticias\/2026\/02\/18\/aquecimento-por-combustiveis-fosseis-ameaca-colheitas-de-cafeicultores\/#breadcrumb\"},\"inLanguage\":\"pt-PT\",\"potentialAction\":[{\"@type\":\"ReadAction\",\"target\":[\"https:\/\/portaltela.pt\/noticias\/2026\/02\/18\/aquecimento-por-combustiveis-fosseis-ameaca-colheitas-de-cafeicultores\/\"]}]},{\"@type\":\"ImageObject\",\"inLanguage\":\"pt-PT\",\"@id\":\"https:\/\/portaltela.pt\/noticias\/2026\/02\/18\/aquecimento-por-combustiveis-fosseis-ameaca-colheitas-de-cafeicultores\/#primaryimage\",\"url\":\"https:\/\/portaltela.pt\/s.01k8rhncp4jt1\/2026\/02\/1536x864_cmsv2_37809582-6a6b-5b2f-abae-35b2dbc834ec-9654494.jpg\",\"contentUrl\":\"https:\/\/portaltela.pt\/s.01k8rhncp4jt1\/2026\/02\/1536x864_cmsv2_37809582-6a6b-5b2f-abae-35b2dbc834ec-9654494.jpg\",\"width\":796,\"height\":448,\"caption\":\"Da esquerda para a direita: Eugenio Cifuentes, Dejene Dadi e Akshay Dashrath\"},{\"@type\":\"BreadcrumbList\",\"@id\":\"https:\/\/portaltela.pt\/noticias\/2026\/02\/18\/aquecimento-por-combustiveis-fosseis-ameaca-colheitas-de-cafeicultores\/#breadcrumb\",\"itemListElement\":[{\"@type\":\"ListItem\",\"position\":1,\"name\":\"In\u00edcio\",\"item\":\"https:\/\/portaltela.pt\/\"},{\"@type\":\"ListItem\",\"position\":2,\"name\":\"Aquecimento por combust\u00edveis f\u00f3sseis amea\u00e7a colheitas de cafeicultores\"}]},{\"@type\":\"WebSite\",\"@id\":\"https:\/\/portaltela.pt\/#website\",\"url\":\"https:\/\/portaltela.pt\/\",\"name\":\"Portal Tela Portugal\",\"description\":\"\",\"potentialAction\":[{\"@type\":\"SearchAction\",\"target\":{\"@type\":\"EntryPoint\",\"urlTemplate\":\"https:\/\/portaltela.pt\/?s={search_term_string}\"},\"query-input\":{\"@type\":\"PropertyValueSpecification\",\"valueRequired\":true,\"valueName\":\"search_term_string\"}}],\"inLanguage\":\"pt-PT\"},{\"@type\":\"Person\",\"@id\":\"https:\/\/portaltela.pt\/#\/schema\/person\/c4278d4a6028830caff9ee44b42d32ed\",\"name\":\"Telinha\",\"image\":{\"@type\":\"ImageObject\",\"inLanguage\":\"pt-PT\",\"@id\":\"https:\/\/portaltela.pt\/s.01k8rhncp4jt1\/2025\/11\/talking-bot-125x125.png\",\"url\":\"https:\/\/portaltela.pt\/s.01k8rhncp4jt1\/2025\/11\/talking-bot-125x125.png\",\"contentUrl\":\"https:\/\/portaltela.pt\/s.01k8rhncp4jt1\/2025\/11\/talking-bot-125x125.png\",\"caption\":\"Telinha\"},\"sameAs\":[\"https:\/\/portaltela.pt\/\"],\"url\":\"https:\/\/portaltela.pt\/por\/367410592786\/\"}]}<\/script>\n<!-- \/ Yoast SEO plugin. -->","yoast_head_json":{"title":"Aquecimento por combust\u00edveis f\u00f3sseis amea\u00e7a colheitas de cafeicultores - Portal Tela Portugal","robots":{"index":"index","follow":"follow","max-snippet":"max-snippet:-1","max-image-preview":"max-image-preview:large","max-video-preview":"max-video-preview:-1"},"og_locale":"pt_PT","og_type":"article","og_title":"Aquecimento por combust\u00edveis f\u00f3sseis amea\u00e7a colheitas de cafeicultores - Portal Tela Portugal","og_description":"A Climate Central analisou temperaturas entre 2021 e 2025 e concluiu que o aquecimento provocado pela atividade humana ultrapassa o limiar de 30 \u00b0C nas principais regi\u00f5es produtoras de caf\u00e9, provocando stress t\u00e9rmico nas plantas. Os cinco maiores produtores \u2014 Brasil, Col\u00f4mbia, Eti\u00f3pia, Indon\u00e9sia e Vietname \u2014 registaram, em conjunto, mais cinquenta e sete dias por ano de calor prejudicial. Em conjunto, estes pa\u00edses fornecem cerca de 75 por cento do caf\u00e9 mundial, o que eleva a oferta global e pode puxar os pre\u00e7os para cima. Os pequenos agricultores respondem por about oitenta por cento dos produtores, mas em 2021 receberam apenas 0,36 por cento do financiamento necess\u00e1rio para se adaptarem \u00e0s altera\u00e7\u00f5es clim\u00e1ticas. O custo m\u00e9dio de adapta\u00e7\u00e3o por hectare \u00e9 de 2,19 d\u00f3lares por dia, valor considerado baixo face ao pre\u00e7o de uma ch\u00e1vena de caf\u00e9 em muitos pa\u00edses.","og_url":"https:\/\/portaltela.pt\/noticias\/2026\/02\/18\/aquecimento-por-combustiveis-fosseis-ameaca-colheitas-de-cafeicultores\/","og_site_name":"Portal Tela Portugal","article_published_time":"2026-02-18T06:00:52+00:00","author":"Telinha","twitter_card":"summary_large_image","twitter_misc":{"Escrito por":"Telinha","Tempo estimado de leitura":"3 minutos"},"schema":{"@context":"https:\/\/schema.org","@graph":[{"@type":"Article","@id":"https:\/\/portaltela.pt\/noticias\/2026\/02\/18\/aquecimento-por-combustiveis-fosseis-ameaca-colheitas-de-cafeicultores\/#article","isPartOf":{"@id":"https:\/\/portaltela.pt\/noticias\/2026\/02\/18\/aquecimento-por-combustiveis-fosseis-ameaca-colheitas-de-cafeicultores\/"},"author":{"name":"Telinha","@id":"https:\/\/portaltela.pt\/#\/schema\/person\/c4278d4a6028830caff9ee44b42d32ed"},"headline":"Aquecimento por combust\u00edveis f\u00f3sseis amea\u00e7a colheitas de cafeicultores","datePublished":"2026-02-18T06:00:52+00:00","mainEntityOfPage":{"@id":"https:\/\/portaltela.pt\/noticias\/2026\/02\/18\/aquecimento-por-combustiveis-fosseis-ameaca-colheitas-de-cafeicultores\/"},"wordCount":545,"image":{"@id":"https:\/\/portaltela.pt\/noticias\/2026\/02\/18\/aquecimento-por-combustiveis-fosseis-ameaca-colheitas-de-cafeicultores\/#primaryimage"},"thumbnailUrl":"https:\/\/portaltela.pt\/s.01k8rhncp4jt1\/2026\/02\/1536x864_cmsv2_37809582-6a6b-5b2f-abae-35b2dbc834ec-9654494.jpg","keywords":["agricultura","agroflorestal","Altera\u00e7\u00f5es Clim\u00e1ticas","caf\u00e9","financiamento","prote\u00e7\u00e3o ambiental"],"articleSection":["Not\u00edcias"],"inLanguage":"pt-PT"},{"@type":"WebPage","@id":"https:\/\/portaltela.pt\/noticias\/2026\/02\/18\/aquecimento-por-combustiveis-fosseis-ameaca-colheitas-de-cafeicultores\/","url":"https:\/\/portaltela.pt\/noticias\/2026\/02\/18\/aquecimento-por-combustiveis-fosseis-ameaca-colheitas-de-cafeicultores\/","name":"Aquecimento por combust\u00edveis f\u00f3sseis amea\u00e7a colheitas de cafeicultores - Portal Tela Portugal","isPartOf":{"@id":"https:\/\/portaltela.pt\/#website"},"primaryImageOfPage":{"@id":"https:\/\/portaltela.pt\/noticias\/2026\/02\/18\/aquecimento-por-combustiveis-fosseis-ameaca-colheitas-de-cafeicultores\/#primaryimage"},"image":{"@id":"https:\/\/portaltela.pt\/noticias\/2026\/02\/18\/aquecimento-por-combustiveis-fosseis-ameaca-colheitas-de-cafeicultores\/#primaryimage"},"thumbnailUrl":"https:\/\/portaltela.pt\/s.01k8rhncp4jt1\/2026\/02\/1536x864_cmsv2_37809582-6a6b-5b2f-abae-35b2dbc834ec-9654494.jpg","datePublished":"2026-02-18T06:00:52+00:00","author":{"@id":"https:\/\/portaltela.pt\/#\/schema\/person\/c4278d4a6028830caff9ee44b42d32ed"},"breadcrumb":{"@id":"https:\/\/portaltela.pt\/noticias\/2026\/02\/18\/aquecimento-por-combustiveis-fosseis-ameaca-colheitas-de-cafeicultores\/#breadcrumb"},"inLanguage":"pt-PT","potentialAction":[{"@type":"ReadAction","target":["https:\/\/portaltela.pt\/noticias\/2026\/02\/18\/aquecimento-por-combustiveis-fosseis-ameaca-colheitas-de-cafeicultores\/"]}]},{"@type":"ImageObject","inLanguage":"pt-PT","@id":"https:\/\/portaltela.pt\/noticias\/2026\/02\/18\/aquecimento-por-combustiveis-fosseis-ameaca-colheitas-de-cafeicultores\/#primaryimage","url":"https:\/\/portaltela.pt\/s.01k8rhncp4jt1\/2026\/02\/1536x864_cmsv2_37809582-6a6b-5b2f-abae-35b2dbc834ec-9654494.jpg","contentUrl":"https:\/\/portaltela.pt\/s.01k8rhncp4jt1\/2026\/02\/1536x864_cmsv2_37809582-6a6b-5b2f-abae-35b2dbc834ec-9654494.jpg","width":796,"height":448,"caption":"Da esquerda para a direita: Eugenio Cifuentes, Dejene Dadi e Akshay Dashrath"},{"@type":"BreadcrumbList","@id":"https:\/\/portaltela.pt\/noticias\/2026\/02\/18\/aquecimento-por-combustiveis-fosseis-ameaca-colheitas-de-cafeicultores\/#breadcrumb","itemListElement":[{"@type":"ListItem","position":1,"name":"In\u00edcio","item":"https:\/\/portaltela.pt\/"},{"@type":"ListItem","position":2,"name":"Aquecimento por combust\u00edveis f\u00f3sseis amea\u00e7a colheitas de cafeicultores"}]},{"@type":"WebSite","@id":"https:\/\/portaltela.pt\/#website","url":"https:\/\/portaltela.pt\/","name":"Portal Tela Portugal","description":"","potentialAction":[{"@type":"SearchAction","target":{"@type":"EntryPoint","urlTemplate":"https:\/\/portaltela.pt\/?s={search_term_string}"},"query-input":{"@type":"PropertyValueSpecification","valueRequired":true,"valueName":"search_term_string"}}],"inLanguage":"pt-PT"},{"@type":"Person","@id":"https:\/\/portaltela.pt\/#\/schema\/person\/c4278d4a6028830caff9ee44b42d32ed","name":"Telinha","image":{"@type":"ImageObject","inLanguage":"pt-PT","@id":"https:\/\/portaltela.pt\/s.01k8rhncp4jt1\/2025\/11\/talking-bot-125x125.png","url":"https:\/\/portaltela.pt\/s.01k8rhncp4jt1\/2025\/11\/talking-bot-125x125.png","contentUrl":"https:\/\/portaltela.pt\/s.01k8rhncp4jt1\/2025\/11\/talking-bot-125x125.png","caption":"Telinha"},"sameAs":["https:\/\/portaltela.pt\/"],"url":"https:\/\/portaltela.pt\/por\/367410592786\/"}]}},"_links":{"self":[{"href":"https:\/\/portaltela.pt\/api\/wp\/v2\/posts\/215380","targetHints":{"allow":["GET"]}}],"collection":[{"href":"https:\/\/portaltela.pt\/api\/wp\/v2\/posts"}],"about":[{"href":"https:\/\/portaltela.pt\/api\/wp\/v2\/types\/post"}],"author":[{"embeddable":true,"href":"https:\/\/portaltela.pt\/api\/wp\/v2\/users\/2"}],"replies":[{"embeddable":true,"href":"https:\/\/portaltela.pt\/api\/wp\/v2\/comments?post=215380"}],"version-history":[{"count":0,"href":"https:\/\/portaltela.pt\/api\/wp\/v2\/posts\/215380\/revisions"}],"wp:featuredmedia":[{"embeddable":true,"href":"https:\/\/portaltela.pt\/api\/wp\/v2\/media\/215381"}],"wp:attachment":[{"href":"https:\/\/portaltela.pt\/api\/wp\/v2\/media?parent=215380"}],"wp:term":[{"taxonomy":"category","embeddable":true,"href":"https:\/\/portaltela.pt\/api\/wp\/v2\/categories?post=215380"},{"taxonomy":"post_tag","embeddable":true,"href":"https:\/\/portaltela.pt\/api\/wp\/v2\/tags?post=215380"}],"curies":[{"name":"wp","href":"https:\/\/api.w.org\/{rel}","templated":true}]}}