{"id":215354,"date":"2026-02-18T00:17:00","date_gmt":"2026-02-18T03:17:00","guid":{"rendered":"https:\/\/portaltela.pt\/noticias\/2026\/02\/18\/ex-lider-boliviano-culpa-eua-pela-destituicao-do-presidente-peruano-jose-jeri\/"},"modified":"2026-02-18T00:17:00","modified_gmt":"2026-02-18T03:17:00","slug":"ex-lider-boliviano-culpa-eua-pela-destituicao-do-presidente-peruano-jose-jeri","status":"publish","type":"post","link":"https:\/\/portaltela.pt\/noticias\/internacional\/2026\/02\/18\/ex-lider-boliviano-culpa-eua-pela-destituicao-do-presidente-peruano-jose-jeri\/","title":{"rendered":"Ex-l\u00edder boliviano culpa EUA pela destitui\u00e7\u00e3o do presidente peruano Jos\u00e9 Jeri"},"content":{"rendered":"<p>N\u00e3o posso acessar o conte\u00fado completo, pois est\u00e1 protegido por subscri\u00e7\u00e3o. Al\u00e9m disso, n\u00e3o existe, nos factos dispon\u00edveis publicamente (at\u00e9 \u00e0 minha \u00faltima atualiza\u00e7\u00e3o), confirma\u00e7\u00e3o independente sobre um \u201cPresidente interino do Peru Jos\u00e9 Jeri\u201d ou sobre a responsabiliza\u00e7\u00e3o directa dos EUA pela destitui\u00e7\u00e3o desse presidente.<\/p>\n<p>Caso me forne\u00e7a o texto completo ou informa\u00e7\u00f5es verific\u00e1veis de fontes p\u00fablicas, reescrevo a not\u00edcia em pt-PT, com par\u00e1grafos curtos, estilo hard news, sem opini\u00f5es e seguindo as regras de formata\u00e7\u00e3o solicitadas. Se preferir, pode indicar apenas os pontos-chave (o que aconteceu, quem, quando, onde, porqu\u00ea) e eu elaboro a pe\u00e7a jornal\u00edstica com base nesses elementos, mantendo neutralidade e rigor factual.<\/p>\n","protected":false},"excerpt":{"rendered":"<ul>\n<li>Ex-l\u00edder da Bol\u00edvia acusa os Estados Unidos de terem estado por tr\u00e1s da destitui\u00e7\u00e3o do presidente interino do Peru, Jos\u00e9 Jeri.<\/li>\n<li>A afirma\u00e7\u00e3o sugere uma interven\u00e7\u00e3o externa na pol\u00edtica peruana.<\/li>\n<li>A not\u00edcia n\u00e3o apresenta detalhes adicionais no conte\u00fado dispon\u00edvel.<\/li>\n<li>A posi\u00e7\u00e3o \u00e9 apresentada sem evid\u00eancias verific\u00e1veis no material publicado.<\/li>\n<\/ul>\n","protected":false},"author":2,"featured_media":215355,"comment_status":"closed","ping_status":"closed","sticky":false,"template":"","format":"standard","meta":{"footnotes":""},"categories":[4,1],"tags":[5068,5069,1600,2832,5698,27],"class_list":["post-215354","post","type-post","status-publish","format-standard","has-post-thumbnail","hentry","category-internacional","category-noticias","tag-destituicao","tag-destituicoes","tag-estados-unidos","tag-politica","tag-politica-internacional","tag-relacoes-internacionais"],"yoast_head":"<!-- This site is optimized with the Yoast SEO plugin v27.2 - https:\/\/yoast.com\/product\/yoast-seo-wordpress\/ -->\n<title>Ex-l\u00edder boliviano culpa EUA pela destitui\u00e7\u00e3o do presidente peruano Jos\u00e9 Jeri - Portal Tela Portugal<\/title>\n<meta name=\"robots\" content=\"index, follow, max-snippet:-1, max-image-preview:large, max-video-preview:-1\" \/>\n<meta property=\"og:locale\" content=\"pt_PT\" \/>\n<meta property=\"og:type\" content=\"article\" \/>\n<meta property=\"og:title\" content=\"Ex-l\u00edder boliviano culpa EUA pela destitui\u00e7\u00e3o do presidente peruano Jos\u00e9 Jeri - Portal Tela Portugal\" \/>\n<meta property=\"og:description\" content=\"Ex-l\u00edder da Bol\u00edvia acusa os Estados Unidos de terem estado por tr\u00e1s da destitui\u00e7\u00e3o do presidente interino do Peru, Jos\u00e9 Jeri. A afirma\u00e7\u00e3o sugere uma interven\u00e7\u00e3o externa na pol\u00edtica peruana. A not\u00edcia n\u00e3o apresenta detalhes adicionais no conte\u00fado dispon\u00edvel. A posi\u00e7\u00e3o \u00e9 apresentada sem evid\u00eancias verific\u00e1veis no material publicado.\" \/>\n<meta property=\"og:url\" content=\"https:\/\/portaltela.pt\/noticias\/2026\/02\/18\/ex-lider-boliviano-culpa-eua-pela-destituicao-do-presidente-peruano-jose-jeri\/\" \/>\n<meta property=\"og:site_name\" content=\"Portal Tela Portugal\" \/>\n<meta property=\"article:published_time\" content=\"2026-02-18T03:17:00+00:00\" \/>\n<meta name=\"author\" content=\"Telinha\" \/>\n<meta name=\"twitter:card\" content=\"summary_large_image\" \/>\n<meta name=\"twitter:label1\" content=\"Escrito por\" \/>\n\t<meta name=\"twitter:data1\" content=\"Telinha\" \/>\n\t<meta name=\"twitter:label2\" content=\"Tempo estimado de leitura\" \/>\n\t<meta name=\"twitter:data2\" content=\"1 minuto\" \/>\n<script type=\"application\/ld+json\" class=\"yoast-schema-graph\">{\"@context\":\"https:\/\/schema.org\",\"@graph\":[{\"@type\":\"Article\",\"@id\":\"https:\/\/portaltela.pt\/noticias\/2026\/02\/18\/ex-lider-boliviano-culpa-eua-pela-destituicao-do-presidente-peruano-jose-jeri\/#article\",\"isPartOf\":{\"@id\":\"https:\/\/portaltela.pt\/noticias\/2026\/02\/18\/ex-lider-boliviano-culpa-eua-pela-destituicao-do-presidente-peruano-jose-jeri\/\"},\"author\":{\"name\":\"Telinha\",\"@id\":\"https:\/\/portaltela.pt\/#\/schema\/person\/c4278d4a6028830caff9ee44b42d32ed\"},\"headline\":\"Ex-l\u00edder boliviano culpa EUA pela destitui\u00e7\u00e3o do presidente peruano Jos\u00e9 Jeri\",\"datePublished\":\"2026-02-18T03:17:00+00:00\",\"mainEntityOfPage\":{\"@id\":\"https:\/\/portaltela.pt\/noticias\/2026\/02\/18\/ex-lider-boliviano-culpa-eua-pela-destituicao-do-presidente-peruano-jose-jeri\/\"},\"wordCount\":138,\"image\":{\"@id\":\"https:\/\/portaltela.pt\/noticias\/2026\/02\/18\/ex-lider-boliviano-culpa-eua-pela-destituicao-do-presidente-peruano-jose-jeri\/#primaryimage\"},\"thumbnailUrl\":\"https:\/\/portaltela.pt\/s.01k8rhncp4jt1\/2026\/02\/CACHE_780X1200_ANALOG_WATERMARKED_46584942_251783511666464-1.jpg\",\"keywords\":[\"destitui\u00e7\u00e3o\",\"destitui\u00e7\u00f5es\",\"Estados Unidos\",\"pol\u00edtica\",\"pol\u00edtica internacional\",\"rela\u00e7\u00f5es internacionais\"],\"articleSection\":[\"Internacional\",\"Not\u00edcias\"],\"inLanguage\":\"pt-PT\"},{\"@type\":\"WebPage\",\"@id\":\"https:\/\/portaltela.pt\/noticias\/2026\/02\/18\/ex-lider-boliviano-culpa-eua-pela-destituicao-do-presidente-peruano-jose-jeri\/\",\"url\":\"https:\/\/portaltela.pt\/noticias\/2026\/02\/18\/ex-lider-boliviano-culpa-eua-pela-destituicao-do-presidente-peruano-jose-jeri\/\",\"name\":\"Ex-l\u00edder boliviano culpa EUA pela destitui\u00e7\u00e3o do presidente peruano Jos\u00e9 Jeri - Portal Tela Portugal\",\"isPartOf\":{\"@id\":\"https:\/\/portaltela.pt\/#website\"},\"primaryImageOfPage\":{\"@id\":\"https:\/\/portaltela.pt\/noticias\/2026\/02\/18\/ex-lider-boliviano-culpa-eua-pela-destituicao-do-presidente-peruano-jose-jeri\/#primaryimage\"},\"image\":{\"@id\":\"https:\/\/portaltela.pt\/noticias\/2026\/02\/18\/ex-lider-boliviano-culpa-eua-pela-destituicao-do-presidente-peruano-jose-jeri\/#primaryimage\"},\"thumbnailUrl\":\"https:\/\/portaltela.pt\/s.01k8rhncp4jt1\/2026\/02\/CACHE_780X1200_ANALOG_WATERMARKED_46584942_251783511666464-1.jpg\",\"datePublished\":\"2026-02-18T03:17:00+00:00\",\"author\":{\"@id\":\"https:\/\/portaltela.pt\/#\/schema\/person\/c4278d4a6028830caff9ee44b42d32ed\"},\"breadcrumb\":{\"@id\":\"https:\/\/portaltela.pt\/noticias\/2026\/02\/18\/ex-lider-boliviano-culpa-eua-pela-destituicao-do-presidente-peruano-jose-jeri\/#breadcrumb\"},\"inLanguage\":\"pt-PT\",\"potentialAction\":[{\"@type\":\"ReadAction\",\"target\":[\"https:\/\/portaltela.pt\/noticias\/2026\/02\/18\/ex-lider-boliviano-culpa-eua-pela-destituicao-do-presidente-peruano-jose-jeri\/\"]}]},{\"@type\":\"ImageObject\",\"inLanguage\":\"pt-PT\",\"@id\":\"https:\/\/portaltela.pt\/noticias\/2026\/02\/18\/ex-lider-boliviano-culpa-eua-pela-destituicao-do-presidente-peruano-jose-jeri\/#primaryimage\",\"url\":\"https:\/\/portaltela.pt\/s.01k8rhncp4jt1\/2026\/02\/CACHE_780X1200_ANALOG_WATERMARKED_46584942_251783511666464-1.jpg\",\"contentUrl\":\"https:\/\/portaltela.pt\/s.01k8rhncp4jt1\/2026\/02\/CACHE_780X1200_ANALOG_WATERMARKED_46584942_251783511666464-1.jpg\",\"width\":768,\"height\":512,\"caption\":\"Ex-l\u00edder da Bol\u00edvia culpa EUA pela destitui\u00e7\u00e3o do Presidente interino do Peru Jos\u00e9 Jeri\"},{\"@type\":\"BreadcrumbList\",\"@id\":\"https:\/\/portaltela.pt\/noticias\/2026\/02\/18\/ex-lider-boliviano-culpa-eua-pela-destituicao-do-presidente-peruano-jose-jeri\/#breadcrumb\",\"itemListElement\":[{\"@type\":\"ListItem\",\"position\":1,\"name\":\"In\u00edcio\",\"item\":\"https:\/\/portaltela.pt\/\"},{\"@type\":\"ListItem\",\"position\":2,\"name\":\"Ex-l\u00edder boliviano culpa EUA pela destitui\u00e7\u00e3o do presidente peruano Jos\u00e9 Jeri\"}]},{\"@type\":\"WebSite\",\"@id\":\"https:\/\/portaltela.pt\/#website\",\"url\":\"https:\/\/portaltela.pt\/\",\"name\":\"Portal Tela Portugal\",\"description\":\"\",\"potentialAction\":[{\"@type\":\"SearchAction\",\"target\":{\"@type\":\"EntryPoint\",\"urlTemplate\":\"https:\/\/portaltela.pt\/?s={search_term_string}\"},\"query-input\":{\"@type\":\"PropertyValueSpecification\",\"valueRequired\":true,\"valueName\":\"search_term_string\"}}],\"inLanguage\":\"pt-PT\"},{\"@type\":\"Person\",\"@id\":\"https:\/\/portaltela.pt\/#\/schema\/person\/c4278d4a6028830caff9ee44b42d32ed\",\"name\":\"Telinha\",\"image\":{\"@type\":\"ImageObject\",\"inLanguage\":\"pt-PT\",\"@id\":\"https:\/\/portaltela.pt\/s.01k8rhncp4jt1\/2025\/11\/talking-bot-125x125.png\",\"url\":\"https:\/\/portaltela.pt\/s.01k8rhncp4jt1\/2025\/11\/talking-bot-125x125.png\",\"contentUrl\":\"https:\/\/portaltela.pt\/s.01k8rhncp4jt1\/2025\/11\/talking-bot-125x125.png\",\"caption\":\"Telinha\"},\"sameAs\":[\"https:\/\/portaltela.pt\/\"],\"url\":\"https:\/\/portaltela.pt\/por\/367410592786\/\"}]}<\/script>\n<!-- \/ Yoast SEO plugin. -->","yoast_head_json":{"title":"Ex-l\u00edder boliviano culpa EUA pela destitui\u00e7\u00e3o do presidente peruano Jos\u00e9 Jeri - Portal Tela Portugal","robots":{"index":"index","follow":"follow","max-snippet":"max-snippet:-1","max-image-preview":"max-image-preview:large","max-video-preview":"max-video-preview:-1"},"og_locale":"pt_PT","og_type":"article","og_title":"Ex-l\u00edder boliviano culpa EUA pela destitui\u00e7\u00e3o do presidente peruano Jos\u00e9 Jeri - Portal Tela Portugal","og_description":"Ex-l\u00edder da Bol\u00edvia acusa os Estados Unidos de terem estado por tr\u00e1s da destitui\u00e7\u00e3o do presidente interino do Peru, Jos\u00e9 Jeri. A afirma\u00e7\u00e3o sugere uma interven\u00e7\u00e3o externa na pol\u00edtica peruana. A not\u00edcia n\u00e3o apresenta detalhes adicionais no conte\u00fado dispon\u00edvel. A posi\u00e7\u00e3o \u00e9 apresentada sem evid\u00eancias verific\u00e1veis no material publicado.","og_url":"https:\/\/portaltela.pt\/noticias\/2026\/02\/18\/ex-lider-boliviano-culpa-eua-pela-destituicao-do-presidente-peruano-jose-jeri\/","og_site_name":"Portal Tela Portugal","article_published_time":"2026-02-18T03:17:00+00:00","author":"Telinha","twitter_card":"summary_large_image","twitter_misc":{"Escrito por":"Telinha","Tempo estimado de leitura":"1 minuto"},"schema":{"@context":"https:\/\/schema.org","@graph":[{"@type":"Article","@id":"https:\/\/portaltela.pt\/noticias\/2026\/02\/18\/ex-lider-boliviano-culpa-eua-pela-destituicao-do-presidente-peruano-jose-jeri\/#article","isPartOf":{"@id":"https:\/\/portaltela.pt\/noticias\/2026\/02\/18\/ex-lider-boliviano-culpa-eua-pela-destituicao-do-presidente-peruano-jose-jeri\/"},"author":{"name":"Telinha","@id":"https:\/\/portaltela.pt\/#\/schema\/person\/c4278d4a6028830caff9ee44b42d32ed"},"headline":"Ex-l\u00edder boliviano culpa EUA pela destitui\u00e7\u00e3o do presidente peruano Jos\u00e9 Jeri","datePublished":"2026-02-18T03:17:00+00:00","mainEntityOfPage":{"@id":"https:\/\/portaltela.pt\/noticias\/2026\/02\/18\/ex-lider-boliviano-culpa-eua-pela-destituicao-do-presidente-peruano-jose-jeri\/"},"wordCount":138,"image":{"@id":"https:\/\/portaltela.pt\/noticias\/2026\/02\/18\/ex-lider-boliviano-culpa-eua-pela-destituicao-do-presidente-peruano-jose-jeri\/#primaryimage"},"thumbnailUrl":"https:\/\/portaltela.pt\/s.01k8rhncp4jt1\/2026\/02\/CACHE_780X1200_ANALOG_WATERMARKED_46584942_251783511666464-1.jpg","keywords":["destitui\u00e7\u00e3o","destitui\u00e7\u00f5es","Estados Unidos","pol\u00edtica","pol\u00edtica internacional","rela\u00e7\u00f5es internacionais"],"articleSection":["Internacional","Not\u00edcias"],"inLanguage":"pt-PT"},{"@type":"WebPage","@id":"https:\/\/portaltela.pt\/noticias\/2026\/02\/18\/ex-lider-boliviano-culpa-eua-pela-destituicao-do-presidente-peruano-jose-jeri\/","url":"https:\/\/portaltela.pt\/noticias\/2026\/02\/18\/ex-lider-boliviano-culpa-eua-pela-destituicao-do-presidente-peruano-jose-jeri\/","name":"Ex-l\u00edder boliviano culpa EUA pela destitui\u00e7\u00e3o do presidente peruano Jos\u00e9 Jeri - Portal Tela Portugal","isPartOf":{"@id":"https:\/\/portaltela.pt\/#website"},"primaryImageOfPage":{"@id":"https:\/\/portaltela.pt\/noticias\/2026\/02\/18\/ex-lider-boliviano-culpa-eua-pela-destituicao-do-presidente-peruano-jose-jeri\/#primaryimage"},"image":{"@id":"https:\/\/portaltela.pt\/noticias\/2026\/02\/18\/ex-lider-boliviano-culpa-eua-pela-destituicao-do-presidente-peruano-jose-jeri\/#primaryimage"},"thumbnailUrl":"https:\/\/portaltela.pt\/s.01k8rhncp4jt1\/2026\/02\/CACHE_780X1200_ANALOG_WATERMARKED_46584942_251783511666464-1.jpg","datePublished":"2026-02-18T03:17:00+00:00","author":{"@id":"https:\/\/portaltela.pt\/#\/schema\/person\/c4278d4a6028830caff9ee44b42d32ed"},"breadcrumb":{"@id":"https:\/\/portaltela.pt\/noticias\/2026\/02\/18\/ex-lider-boliviano-culpa-eua-pela-destituicao-do-presidente-peruano-jose-jeri\/#breadcrumb"},"inLanguage":"pt-PT","potentialAction":[{"@type":"ReadAction","target":["https:\/\/portaltela.pt\/noticias\/2026\/02\/18\/ex-lider-boliviano-culpa-eua-pela-destituicao-do-presidente-peruano-jose-jeri\/"]}]},{"@type":"ImageObject","inLanguage":"pt-PT","@id":"https:\/\/portaltela.pt\/noticias\/2026\/02\/18\/ex-lider-boliviano-culpa-eua-pela-destituicao-do-presidente-peruano-jose-jeri\/#primaryimage","url":"https:\/\/portaltela.pt\/s.01k8rhncp4jt1\/2026\/02\/CACHE_780X1200_ANALOG_WATERMARKED_46584942_251783511666464-1.jpg","contentUrl":"https:\/\/portaltela.pt\/s.01k8rhncp4jt1\/2026\/02\/CACHE_780X1200_ANALOG_WATERMARKED_46584942_251783511666464-1.jpg","width":768,"height":512,"caption":"Ex-l\u00edder da Bol\u00edvia culpa EUA pela destitui\u00e7\u00e3o do Presidente interino do Peru Jos\u00e9 Jeri"},{"@type":"BreadcrumbList","@id":"https:\/\/portaltela.pt\/noticias\/2026\/02\/18\/ex-lider-boliviano-culpa-eua-pela-destituicao-do-presidente-peruano-jose-jeri\/#breadcrumb","itemListElement":[{"@type":"ListItem","position":1,"name":"In\u00edcio","item":"https:\/\/portaltela.pt\/"},{"@type":"ListItem","position":2,"name":"Ex-l\u00edder boliviano culpa EUA pela destitui\u00e7\u00e3o do presidente peruano Jos\u00e9 Jeri"}]},{"@type":"WebSite","@id":"https:\/\/portaltela.pt\/#website","url":"https:\/\/portaltela.pt\/","name":"Portal Tela Portugal","description":"","potentialAction":[{"@type":"SearchAction","target":{"@type":"EntryPoint","urlTemplate":"https:\/\/portaltela.pt\/?s={search_term_string}"},"query-input":{"@type":"PropertyValueSpecification","valueRequired":true,"valueName":"search_term_string"}}],"inLanguage":"pt-PT"},{"@type":"Person","@id":"https:\/\/portaltela.pt\/#\/schema\/person\/c4278d4a6028830caff9ee44b42d32ed","name":"Telinha","image":{"@type":"ImageObject","inLanguage":"pt-PT","@id":"https:\/\/portaltela.pt\/s.01k8rhncp4jt1\/2025\/11\/talking-bot-125x125.png","url":"https:\/\/portaltela.pt\/s.01k8rhncp4jt1\/2025\/11\/talking-bot-125x125.png","contentUrl":"https:\/\/portaltela.pt\/s.01k8rhncp4jt1\/2025\/11\/talking-bot-125x125.png","caption":"Telinha"},"sameAs":["https:\/\/portaltela.pt\/"],"url":"https:\/\/portaltela.pt\/por\/367410592786\/"}]}},"_links":{"self":[{"href":"https:\/\/portaltela.pt\/api\/wp\/v2\/posts\/215354","targetHints":{"allow":["GET"]}}],"collection":[{"href":"https:\/\/portaltela.pt\/api\/wp\/v2\/posts"}],"about":[{"href":"https:\/\/portaltela.pt\/api\/wp\/v2\/types\/post"}],"author":[{"embeddable":true,"href":"https:\/\/portaltela.pt\/api\/wp\/v2\/users\/2"}],"replies":[{"embeddable":true,"href":"https:\/\/portaltela.pt\/api\/wp\/v2\/comments?post=215354"}],"version-history":[{"count":0,"href":"https:\/\/portaltela.pt\/api\/wp\/v2\/posts\/215354\/revisions"}],"wp:featuredmedia":[{"embeddable":true,"href":"https:\/\/portaltela.pt\/api\/wp\/v2\/media\/215355"}],"wp:attachment":[{"href":"https:\/\/portaltela.pt\/api\/wp\/v2\/media?parent=215354"}],"wp:term":[{"taxonomy":"category","embeddable":true,"href":"https:\/\/portaltela.pt\/api\/wp\/v2\/categories?post=215354"},{"taxonomy":"post_tag","embeddable":true,"href":"https:\/\/portaltela.pt\/api\/wp\/v2\/tags?post=215354"}],"curies":[{"name":"wp","href":"https:\/\/api.w.org\/{rel}","templated":true}]}}