{"id":215340,"date":"2026-02-17T22:45:00","date_gmt":"2026-02-18T01:45:00","guid":{"rendered":"https:\/\/portaltela.pt\/noticias\/2026\/02\/17\/perigo-a-dobrar-ameaca-ao-portimonense\/"},"modified":"2026-02-17T22:45:00","modified_gmt":"2026-02-18T01:45:00","slug":"perigo-a-dobrar-ameaca-ao-portimonense","status":"publish","type":"post","link":"https:\/\/portaltela.pt\/desporto\/futebol\/2026\/02\/17\/perigo-a-dobrar-ameaca-ao-portimonense\/","title":{"rendered":"Perigo a dobrar amea\u00e7a ao Portimonense"},"content":{"rendered":"<p>A SAD do Portimonense est\u00e1 numa posi\u00e7\u00e3o delicada na 2\u00aa Liga, ocupando o antepen\u00faltimo lugar. O \u00faltimo classificado, P\u00f3voa de Ferreira, tem um jogo em atraso, o que pode alterar a posi\u00e7\u00e3o na tabela. Paralelamente, a equipa est\u00e1 na mesma posi\u00e7\u00e3o na S\u00e9rie D do Campeonato de Portugal.<\/p>\n<p>A liga\u00e7\u00e3o entre as duas frentes fica evidente pela identifica\u00e7\u00e3o visual comum: as cores e o s\u00edmbolo do clube permanecem id\u00eanticos entre as equipas. Este paralelismo refor\u00e7a o peso da atual fase em ambos os palcos competitivos.<\/p>\n<p>A prioridade passa por recuperar pontos para melhorar as classifica\u00e7\u00f5es em ambas ligas. O foco est\u00e1 em jogos seguintes que permitam ajustar o rendimento e evitar desvaloriza\u00e7\u00f5es adicionais na tabela.<\/p>\n<h3>Situa\u00e7\u00e3o dupla no campeonato<\/h3>\n<p>A an\u00e1lise das posi\u00e7\u00f5es atuais indica que o Portimonense enfrenta dificuldades significativas em ambas as competi\u00e7\u00f5es. O desempenho recente \u00e9 avaliado pela dire\u00e7\u00e3o e pela estrutura t\u00e9cnica, com medidas estrat\u00e9gicas a serem consideradas conforme os pr\u00f3ximos compromissos oficiais.<\/p>\n<p>A posi\u00e7\u00e3o combinada em 2\u00aa Liga e na S\u00e9rie D evidencia a necessidade de rea\u00e7\u00e3o r\u00e1pida, sobretudo para manter o clube numa linha competitiva est\u00e1vel ao longo da temporada.<\/p>\n","protected":false},"excerpt":{"rendered":"<ul>\n<li>A equipa da SAD do Portimonense est\u00e1 no antepen\u00faltimo lugar da segunda liga.<\/li>\n<li>O \u00faltimo classificado \u00e9 o P. Ferreira, com um jogo em atraso.<\/li>\n<li>O Portimonense ocupa a mesma posi\u00e7\u00e3o na S\u00e9rie D do Campeonato de Portugal.<\/li>\n<li>As equipas partilham as cores e o s\u00edmbolo, mantendo-se irmanadas no momento dif\u00edcil.<\/li>\n<\/ul>\n","protected":false},"author":2,"featured_media":215341,"comment_status":"closed","ping_status":"closed","sticky":false,"template":"","format":"standard","meta":{"footnotes":""},"categories":[21,24],"tags":[1784,4175,1268,123,152,32],"class_list":["post-215340","post","type-post","status-publish","format-standard","has-post-thumbnail","hentry","category-desporto","category-futebol","tag-2-liga","tag-2-a-liga","tag-campeonato-de-portugal","tag-desportivos","tag-desporto","tag-futebol"],"yoast_head":"<!-- This site is optimized with the Yoast SEO plugin v27.2 - https:\/\/yoast.com\/product\/yoast-seo-wordpress\/ -->\n<title>Perigo a dobrar amea\u00e7a ao Portimonense - Portal Tela Portugal<\/title>\n<meta name=\"robots\" content=\"index, follow, max-snippet:-1, max-image-preview:large, max-video-preview:-1\" \/>\n<meta property=\"og:locale\" content=\"pt_PT\" \/>\n<meta property=\"og:type\" content=\"article\" \/>\n<meta property=\"og:title\" content=\"Perigo a dobrar amea\u00e7a ao Portimonense - Portal Tela Portugal\" \/>\n<meta property=\"og:description\" content=\"A equipa da SAD do Portimonense est\u00e1 no antepen\u00faltimo lugar da segunda liga. O \u00faltimo classificado \u00e9 o P. Ferreira, com um jogo em atraso. O Portimonense ocupa a mesma posi\u00e7\u00e3o na S\u00e9rie D do Campeonato de Portugal. As equipas partilham as cores e o s\u00edmbolo, mantendo-se irmanadas no momento dif\u00edcil.\" \/>\n<meta property=\"og:url\" content=\"https:\/\/portaltela.pt\/noticias\/2026\/02\/17\/perigo-a-dobrar-ameaca-ao-portimonense\/\" \/>\n<meta property=\"og:site_name\" content=\"Portal Tela Portugal\" \/>\n<meta property=\"article:published_time\" content=\"2026-02-18T01:45:00+00:00\" \/>\n<meta name=\"author\" content=\"Telinha\" \/>\n<meta name=\"twitter:card\" content=\"summary_large_image\" \/>\n<meta name=\"twitter:label1\" content=\"Escrito por\" \/>\n\t<meta name=\"twitter:data1\" content=\"Telinha\" \/>\n\t<meta name=\"twitter:label2\" content=\"Tempo estimado de leitura\" \/>\n\t<meta name=\"twitter:data2\" content=\"1 minuto\" \/>\n<script type=\"application\/ld+json\" class=\"yoast-schema-graph\">{\"@context\":\"https:\/\/schema.org\",\"@graph\":[{\"@type\":\"Article\",\"@id\":\"https:\/\/portaltela.pt\/noticias\/2026\/02\/17\/perigo-a-dobrar-ameaca-ao-portimonense\/#article\",\"isPartOf\":{\"@id\":\"https:\/\/portaltela.pt\/noticias\/2026\/02\/17\/perigo-a-dobrar-ameaca-ao-portimonense\/\"},\"author\":{\"name\":\"Telinha\",\"@id\":\"https:\/\/portaltela.pt\/#\/schema\/person\/c4278d4a6028830caff9ee44b42d32ed\"},\"headline\":\"Perigo a dobrar amea\u00e7a ao Portimonense\",\"datePublished\":\"2026-02-18T01:45:00+00:00\",\"mainEntityOfPage\":{\"@id\":\"https:\/\/portaltela.pt\/noticias\/2026\/02\/17\/perigo-a-dobrar-ameaca-ao-portimonense\/\"},\"wordCount\":216,\"image\":{\"@id\":\"https:\/\/portaltela.pt\/noticias\/2026\/02\/17\/perigo-a-dobrar-ameaca-ao-portimonense\/#primaryimage\"},\"thumbnailUrl\":\"https:\/\/portaltela.pt\/s.01k8rhncp4jt1\/2026\/02\/img_920x518uu2026-02-18-01-11-08-2422273.jpg\",\"keywords\":[\"2. Liga\",\"2.\u00aa Liga\",\"Campeonato de Portugal\",\"desportivos\",\"desporto\",\"futebol\"],\"articleSection\":[\"Desporto\",\"Futebol\"],\"inLanguage\":\"pt-PT\"},{\"@type\":\"WebPage\",\"@id\":\"https:\/\/portaltela.pt\/noticias\/2026\/02\/17\/perigo-a-dobrar-ameaca-ao-portimonense\/\",\"url\":\"https:\/\/portaltela.pt\/noticias\/2026\/02\/17\/perigo-a-dobrar-ameaca-ao-portimonense\/\",\"name\":\"Perigo a dobrar amea\u00e7a ao Portimonense - Portal Tela Portugal\",\"isPartOf\":{\"@id\":\"https:\/\/portaltela.pt\/#website\"},\"primaryImageOfPage\":{\"@id\":\"https:\/\/portaltela.pt\/noticias\/2026\/02\/17\/perigo-a-dobrar-ameaca-ao-portimonense\/#primaryimage\"},\"image\":{\"@id\":\"https:\/\/portaltela.pt\/noticias\/2026\/02\/17\/perigo-a-dobrar-ameaca-ao-portimonense\/#primaryimage\"},\"thumbnailUrl\":\"https:\/\/portaltela.pt\/s.01k8rhncp4jt1\/2026\/02\/img_920x518uu2026-02-18-01-11-08-2422273.jpg\",\"datePublished\":\"2026-02-18T01:45:00+00:00\",\"author\":{\"@id\":\"https:\/\/portaltela.pt\/#\/schema\/person\/c4278d4a6028830caff9ee44b42d32ed\"},\"breadcrumb\":{\"@id\":\"https:\/\/portaltela.pt\/noticias\/2026\/02\/17\/perigo-a-dobrar-ameaca-ao-portimonense\/#breadcrumb\"},\"inLanguage\":\"pt-PT\",\"potentialAction\":[{\"@type\":\"ReadAction\",\"target\":[\"https:\/\/portaltela.pt\/noticias\/2026\/02\/17\/perigo-a-dobrar-ameaca-ao-portimonense\/\"]}]},{\"@type\":\"ImageObject\",\"inLanguage\":\"pt-PT\",\"@id\":\"https:\/\/portaltela.pt\/noticias\/2026\/02\/17\/perigo-a-dobrar-ameaca-ao-portimonense\/#primaryimage\",\"url\":\"https:\/\/portaltela.pt\/s.01k8rhncp4jt1\/2026\/02\/img_920x518uu2026-02-18-01-11-08-2422273.jpg\",\"contentUrl\":\"https:\/\/portaltela.pt\/s.01k8rhncp4jt1\/2026\/02\/img_920x518uu2026-02-18-01-11-08-2422273.jpg\",\"width\":796,\"height\":448,\"caption\":\"Equipa de Tiago Fernandes segue no 17.\u00ba lugar da Liga Meu Super\"},{\"@type\":\"BreadcrumbList\",\"@id\":\"https:\/\/portaltela.pt\/noticias\/2026\/02\/17\/perigo-a-dobrar-ameaca-ao-portimonense\/#breadcrumb\",\"itemListElement\":[{\"@type\":\"ListItem\",\"position\":1,\"name\":\"In\u00edcio\",\"item\":\"https:\/\/portaltela.pt\/\"},{\"@type\":\"ListItem\",\"position\":2,\"name\":\"Perigo a dobrar amea\u00e7a ao Portimonense\"}]},{\"@type\":\"WebSite\",\"@id\":\"https:\/\/portaltela.pt\/#website\",\"url\":\"https:\/\/portaltela.pt\/\",\"name\":\"Portal Tela Portugal\",\"description\":\"\",\"potentialAction\":[{\"@type\":\"SearchAction\",\"target\":{\"@type\":\"EntryPoint\",\"urlTemplate\":\"https:\/\/portaltela.pt\/?s={search_term_string}\"},\"query-input\":{\"@type\":\"PropertyValueSpecification\",\"valueRequired\":true,\"valueName\":\"search_term_string\"}}],\"inLanguage\":\"pt-PT\"},{\"@type\":\"Person\",\"@id\":\"https:\/\/portaltela.pt\/#\/schema\/person\/c4278d4a6028830caff9ee44b42d32ed\",\"name\":\"Telinha\",\"image\":{\"@type\":\"ImageObject\",\"inLanguage\":\"pt-PT\",\"@id\":\"https:\/\/portaltela.pt\/s.01k8rhncp4jt1\/2025\/11\/talking-bot-125x125.png\",\"url\":\"https:\/\/portaltela.pt\/s.01k8rhncp4jt1\/2025\/11\/talking-bot-125x125.png\",\"contentUrl\":\"https:\/\/portaltela.pt\/s.01k8rhncp4jt1\/2025\/11\/talking-bot-125x125.png\",\"caption\":\"Telinha\"},\"sameAs\":[\"https:\/\/portaltela.pt\/\"],\"url\":\"https:\/\/portaltela.pt\/por\/367410592786\/\"}]}<\/script>\n<!-- \/ Yoast SEO plugin. -->","yoast_head_json":{"title":"Perigo a dobrar amea\u00e7a ao Portimonense - Portal Tela Portugal","robots":{"index":"index","follow":"follow","max-snippet":"max-snippet:-1","max-image-preview":"max-image-preview:large","max-video-preview":"max-video-preview:-1"},"og_locale":"pt_PT","og_type":"article","og_title":"Perigo a dobrar amea\u00e7a ao Portimonense - Portal Tela Portugal","og_description":"A equipa da SAD do Portimonense est\u00e1 no antepen\u00faltimo lugar da segunda liga. O \u00faltimo classificado \u00e9 o P. Ferreira, com um jogo em atraso. O Portimonense ocupa a mesma posi\u00e7\u00e3o na S\u00e9rie D do Campeonato de Portugal. As equipas partilham as cores e o s\u00edmbolo, mantendo-se irmanadas no momento dif\u00edcil.","og_url":"https:\/\/portaltela.pt\/noticias\/2026\/02\/17\/perigo-a-dobrar-ameaca-ao-portimonense\/","og_site_name":"Portal Tela Portugal","article_published_time":"2026-02-18T01:45:00+00:00","author":"Telinha","twitter_card":"summary_large_image","twitter_misc":{"Escrito por":"Telinha","Tempo estimado de leitura":"1 minuto"},"schema":{"@context":"https:\/\/schema.org","@graph":[{"@type":"Article","@id":"https:\/\/portaltela.pt\/noticias\/2026\/02\/17\/perigo-a-dobrar-ameaca-ao-portimonense\/#article","isPartOf":{"@id":"https:\/\/portaltela.pt\/noticias\/2026\/02\/17\/perigo-a-dobrar-ameaca-ao-portimonense\/"},"author":{"name":"Telinha","@id":"https:\/\/portaltela.pt\/#\/schema\/person\/c4278d4a6028830caff9ee44b42d32ed"},"headline":"Perigo a dobrar amea\u00e7a ao Portimonense","datePublished":"2026-02-18T01:45:00+00:00","mainEntityOfPage":{"@id":"https:\/\/portaltela.pt\/noticias\/2026\/02\/17\/perigo-a-dobrar-ameaca-ao-portimonense\/"},"wordCount":216,"image":{"@id":"https:\/\/portaltela.pt\/noticias\/2026\/02\/17\/perigo-a-dobrar-ameaca-ao-portimonense\/#primaryimage"},"thumbnailUrl":"https:\/\/portaltela.pt\/s.01k8rhncp4jt1\/2026\/02\/img_920x518uu2026-02-18-01-11-08-2422273.jpg","keywords":["2. Liga","2.\u00aa Liga","Campeonato de Portugal","desportivos","desporto","futebol"],"articleSection":["Desporto","Futebol"],"inLanguage":"pt-PT"},{"@type":"WebPage","@id":"https:\/\/portaltela.pt\/noticias\/2026\/02\/17\/perigo-a-dobrar-ameaca-ao-portimonense\/","url":"https:\/\/portaltela.pt\/noticias\/2026\/02\/17\/perigo-a-dobrar-ameaca-ao-portimonense\/","name":"Perigo a dobrar amea\u00e7a ao Portimonense - Portal Tela Portugal","isPartOf":{"@id":"https:\/\/portaltela.pt\/#website"},"primaryImageOfPage":{"@id":"https:\/\/portaltela.pt\/noticias\/2026\/02\/17\/perigo-a-dobrar-ameaca-ao-portimonense\/#primaryimage"},"image":{"@id":"https:\/\/portaltela.pt\/noticias\/2026\/02\/17\/perigo-a-dobrar-ameaca-ao-portimonense\/#primaryimage"},"thumbnailUrl":"https:\/\/portaltela.pt\/s.01k8rhncp4jt1\/2026\/02\/img_920x518uu2026-02-18-01-11-08-2422273.jpg","datePublished":"2026-02-18T01:45:00+00:00","author":{"@id":"https:\/\/portaltela.pt\/#\/schema\/person\/c4278d4a6028830caff9ee44b42d32ed"},"breadcrumb":{"@id":"https:\/\/portaltela.pt\/noticias\/2026\/02\/17\/perigo-a-dobrar-ameaca-ao-portimonense\/#breadcrumb"},"inLanguage":"pt-PT","potentialAction":[{"@type":"ReadAction","target":["https:\/\/portaltela.pt\/noticias\/2026\/02\/17\/perigo-a-dobrar-ameaca-ao-portimonense\/"]}]},{"@type":"ImageObject","inLanguage":"pt-PT","@id":"https:\/\/portaltela.pt\/noticias\/2026\/02\/17\/perigo-a-dobrar-ameaca-ao-portimonense\/#primaryimage","url":"https:\/\/portaltela.pt\/s.01k8rhncp4jt1\/2026\/02\/img_920x518uu2026-02-18-01-11-08-2422273.jpg","contentUrl":"https:\/\/portaltela.pt\/s.01k8rhncp4jt1\/2026\/02\/img_920x518uu2026-02-18-01-11-08-2422273.jpg","width":796,"height":448,"caption":"Equipa de Tiago Fernandes segue no 17.\u00ba lugar da Liga Meu Super"},{"@type":"BreadcrumbList","@id":"https:\/\/portaltela.pt\/noticias\/2026\/02\/17\/perigo-a-dobrar-ameaca-ao-portimonense\/#breadcrumb","itemListElement":[{"@type":"ListItem","position":1,"name":"In\u00edcio","item":"https:\/\/portaltela.pt\/"},{"@type":"ListItem","position":2,"name":"Perigo a dobrar amea\u00e7a ao Portimonense"}]},{"@type":"WebSite","@id":"https:\/\/portaltela.pt\/#website","url":"https:\/\/portaltela.pt\/","name":"Portal Tela Portugal","description":"","potentialAction":[{"@type":"SearchAction","target":{"@type":"EntryPoint","urlTemplate":"https:\/\/portaltela.pt\/?s={search_term_string}"},"query-input":{"@type":"PropertyValueSpecification","valueRequired":true,"valueName":"search_term_string"}}],"inLanguage":"pt-PT"},{"@type":"Person","@id":"https:\/\/portaltela.pt\/#\/schema\/person\/c4278d4a6028830caff9ee44b42d32ed","name":"Telinha","image":{"@type":"ImageObject","inLanguage":"pt-PT","@id":"https:\/\/portaltela.pt\/s.01k8rhncp4jt1\/2025\/11\/talking-bot-125x125.png","url":"https:\/\/portaltela.pt\/s.01k8rhncp4jt1\/2025\/11\/talking-bot-125x125.png","contentUrl":"https:\/\/portaltela.pt\/s.01k8rhncp4jt1\/2025\/11\/talking-bot-125x125.png","caption":"Telinha"},"sameAs":["https:\/\/portaltela.pt\/"],"url":"https:\/\/portaltela.pt\/por\/367410592786\/"}]}},"_links":{"self":[{"href":"https:\/\/portaltela.pt\/api\/wp\/v2\/posts\/215340","targetHints":{"allow":["GET"]}}],"collection":[{"href":"https:\/\/portaltela.pt\/api\/wp\/v2\/posts"}],"about":[{"href":"https:\/\/portaltela.pt\/api\/wp\/v2\/types\/post"}],"author":[{"embeddable":true,"href":"https:\/\/portaltela.pt\/api\/wp\/v2\/users\/2"}],"replies":[{"embeddable":true,"href":"https:\/\/portaltela.pt\/api\/wp\/v2\/comments?post=215340"}],"version-history":[{"count":0,"href":"https:\/\/portaltela.pt\/api\/wp\/v2\/posts\/215340\/revisions"}],"wp:featuredmedia":[{"embeddable":true,"href":"https:\/\/portaltela.pt\/api\/wp\/v2\/media\/215341"}],"wp:attachment":[{"href":"https:\/\/portaltela.pt\/api\/wp\/v2\/media?parent=215340"}],"wp:term":[{"taxonomy":"category","embeddable":true,"href":"https:\/\/portaltela.pt\/api\/wp\/v2\/categories?post=215340"},{"taxonomy":"post_tag","embeddable":true,"href":"https:\/\/portaltela.pt\/api\/wp\/v2\/tags?post=215340"}],"curies":[{"name":"wp","href":"https:\/\/api.w.org\/{rel}","templated":true}]}}