{"id":215333,"date":"2026-02-17T22:30:00","date_gmt":"2026-02-18T01:30:00","guid":{"rendered":"https:\/\/portaltela.pt\/noticias\/2026\/02\/17\/homem-que-matou-construtor-civil-guineense-em-loures-recusa-culpas\/"},"modified":"2026-02-17T22:30:00","modified_gmt":"2026-02-18T01:30:00","slug":"homem-que-matou-construtor-civil-guineense-em-loures-recusa-culpas","status":"publish","type":"post","link":"https:\/\/portaltela.pt\/noticias\/2026\/02\/17\/homem-que-matou-construtor-civil-guineense-em-loures-recusa-culpas\/","title":{"rendered":"Homem que matou construtor civil guineense em Loures recusa culpas"},"content":{"rendered":"<p>O tribunal de Loures iniciou, nesta quarta-feira, o julgamento de quatro homens e uma mulher ligados \u00e0 morte de um construtor civil guineense. Apenas um arguido \u00e9 acusado de homic\u00eddio, mas nega as culpas e pretende que outros sejam tamb\u00e9m responsabilizados pela morte de Ninto Mendes, de 41 anos, em 4 de setembro de 2024. A v\u00edtima ter\u00e1 sido amea\u00e7ada antes da agress\u00e3o, no estabelecimento onde trabalhava.<\/p>\n<p>Ninto Mendes foi alvo de tr\u00eas facadas ap\u00f3s ter alegadamente sido confrontado por Tiago Correia, de 17 anos, filho da propriet\u00e1ria de um caf\u00e9 na Quinta da Fonte. A m\u00e3e de Tiago e os tr\u00eas homens que o acompanhavam teriam participado na agress\u00e3o, que ocorreu no caf\u00e9 e depois se desenrolou na rua.<\/p>\n<p>O Minist\u00e9rio P\u00fablico acusa apenas Paulo Garcia, 21 anos, pelo homic\u00eddio, e encontra-o detido. Os restantes quatro arguidos est\u00e3o em liberdade. O advogado de Garcia, Pedro Pestana, afirma que o cliente nega ter esfaqueado a v\u00edtima e que a credibilidade das testemunhas dever\u00e1 ser discutida em julgamento, dada a alegada mudan\u00e7a de depoimentos.<\/p>\n<h3>Processos em curso<\/h3>\n<p>A audi\u00eancia prossegue com a apresenta\u00e7\u00e3o de provas e testemunhos para esclarecer as circunst\u00e2ncias da morte de Ninto Mendes, cuja identidade j\u00e1 foi confirmada pelas autoridades. A defesa pretende demonstrar eventuais inconsist\u00eancias no testemunho apresentado pela acusa\u00e7\u00e3o.<\/p>\n","protected":false},"excerpt":{"rendered":"<ul>\n<li>O tribunal de Loures iniciou hoje o julgamento de quatro homens e uma mulher, envolvidos na morte do construtor civil guineense Ninto Mendes, ocorrida a 4 de setembro de 2024.<\/li>\n<li>O Minist\u00e9rio P\u00fablico acusa apenas Paulo Garcia, 21 anos, de homic\u00eddio; ele continua detido, enquanto os outros arguidos est\u00e3o em liberdade.<\/li>\n<li>Ninto Mendes foi esfaqueado no caf\u00e9 da Quinta da Fonte e morreu na rua, ap\u00f3s agress\u00f5es protagonizadas pelo grupo.<\/li>\n<li>A v\u00edtima ter\u00e1 afirmado ter sido amea\u00e7ado pelo filho da propriet\u00e1ria do caf\u00e9, o que ter\u00e1 motivado a rea\u00e7\u00e3o do grupo, incluindo a m\u00e3e do jovem.<\/li>\n<li>O advogado de Paulo Garcia sustenta que o arguido nega ter esfaqueado a v\u00edtima e aponta altera\u00e7\u00f5es nos depoimentos como fator relevante para a credibilidade das testemunhas.<\/li>\n<\/ul>\n","protected":false},"author":2,"featured_media":215337,"comment_status":"closed","ping_status":"closed","sticky":false,"template":"","format":"standard","meta":{"footnotes":""},"categories":[1],"tags":[147,3514,4601,1345,1680,52],"class_list":["post-215333","post","type-post","status-publish","format-standard","has-post-thumbnail","hentry","category-noticias","tag-crime","tag-guine-conacri","tag-guine-bissau","tag-homicidio","tag-loures","tag-tribunal"],"yoast_head":"<!-- This site is optimized with the Yoast SEO plugin v27.2 - https:\/\/yoast.com\/product\/yoast-seo-wordpress\/ -->\n<title>Homem que matou construtor civil guineense em Loures recusa culpas - Portal Tela Portugal<\/title>\n<meta name=\"robots\" content=\"index, follow, max-snippet:-1, max-image-preview:large, max-video-preview:-1\" \/>\n<meta property=\"og:locale\" content=\"pt_PT\" \/>\n<meta property=\"og:type\" content=\"article\" \/>\n<meta property=\"og:title\" content=\"Homem que matou construtor civil guineense em Loures recusa culpas - Portal Tela Portugal\" \/>\n<meta property=\"og:description\" content=\"O tribunal de Loures iniciou hoje o julgamento de quatro homens e uma mulher, envolvidos na morte do construtor civil guineense Ninto Mendes, ocorrida a 4 de setembro de 2024. O Minist\u00e9rio P\u00fablico acusa apenas Paulo Garcia, 21 anos, de homic\u00eddio; ele continua detido, enquanto os outros arguidos est\u00e3o em liberdade. Ninto Mendes foi esfaqueado no caf\u00e9 da Quinta da Fonte e morreu na rua, ap\u00f3s agress\u00f5es protagonizadas pelo grupo. A v\u00edtima ter\u00e1 afirmado ter sido amea\u00e7ado pelo filho da propriet\u00e1ria do caf\u00e9, o que ter\u00e1 motivado a rea\u00e7\u00e3o do grupo, incluindo a m\u00e3e do jovem. O advogado de Paulo Garcia sustenta que o arguido nega ter esfaqueado a v\u00edtima e aponta altera\u00e7\u00f5es nos depoimentos como fator relevante para a credibilidade das testemunhas.\" \/>\n<meta property=\"og:url\" content=\"https:\/\/portaltela.pt\/noticias\/2026\/02\/17\/homem-que-matou-construtor-civil-guineense-em-loures-recusa-culpas\/\" \/>\n<meta property=\"og:site_name\" content=\"Portal Tela Portugal\" \/>\n<meta property=\"article:published_time\" content=\"2026-02-18T01:30:00+00:00\" \/>\n<meta name=\"author\" content=\"Telinha\" \/>\n<meta name=\"twitter:card\" content=\"summary_large_image\" \/>\n<meta name=\"twitter:label1\" content=\"Escrito por\" \/>\n\t<meta name=\"twitter:data1\" content=\"Telinha\" \/>\n\t<meta name=\"twitter:label2\" content=\"Tempo estimado de leitura\" \/>\n\t<meta name=\"twitter:data2\" content=\"1 minuto\" \/>\n<script type=\"application\/ld+json\" class=\"yoast-schema-graph\">{\"@context\":\"https:\/\/schema.org\",\"@graph\":[{\"@type\":\"Article\",\"@id\":\"https:\/\/portaltela.pt\/noticias\/2026\/02\/17\/homem-que-matou-construtor-civil-guineense-em-loures-recusa-culpas\/#article\",\"isPartOf\":{\"@id\":\"https:\/\/portaltela.pt\/noticias\/2026\/02\/17\/homem-que-matou-construtor-civil-guineense-em-loures-recusa-culpas\/\"},\"author\":{\"name\":\"Telinha\",\"@id\":\"https:\/\/portaltela.pt\/#\/schema\/person\/c4278d4a6028830caff9ee44b42d32ed\"},\"headline\":\"Homem que matou construtor civil guineense em Loures recusa culpas\",\"datePublished\":\"2026-02-18T01:30:00+00:00\",\"mainEntityOfPage\":{\"@id\":\"https:\/\/portaltela.pt\/noticias\/2026\/02\/17\/homem-que-matou-construtor-civil-guineense-em-loures-recusa-culpas\/\"},\"wordCount\":238,\"image\":{\"@id\":\"https:\/\/portaltela.pt\/noticias\/2026\/02\/17\/homem-que-matou-construtor-civil-guineense-em-loures-recusa-culpas\/#primaryimage\"},\"thumbnailUrl\":\"https:\/\/portaltela.pt\/s.01k8rhncp4jt1\/2026\/02\/img_1280x721uu2026-02-17-13-22-30-2267342-im-639069313831023728.jpg\",\"keywords\":[\"crime\",\"Guin\u00e9 Conacri\",\"Guin\u00e9-Bissau\",\"homic\u00eddio\",\"Loures\",\"tribunal\"],\"articleSection\":[\"Not\u00edcias\"],\"inLanguage\":\"pt-PT\"},{\"@type\":\"WebPage\",\"@id\":\"https:\/\/portaltela.pt\/noticias\/2026\/02\/17\/homem-que-matou-construtor-civil-guineense-em-loures-recusa-culpas\/\",\"url\":\"https:\/\/portaltela.pt\/noticias\/2026\/02\/17\/homem-que-matou-construtor-civil-guineense-em-loures-recusa-culpas\/\",\"name\":\"Homem que matou construtor civil guineense em Loures recusa culpas - Portal Tela Portugal\",\"isPartOf\":{\"@id\":\"https:\/\/portaltela.pt\/#website\"},\"primaryImageOfPage\":{\"@id\":\"https:\/\/portaltela.pt\/noticias\/2026\/02\/17\/homem-que-matou-construtor-civil-guineense-em-loures-recusa-culpas\/#primaryimage\"},\"image\":{\"@id\":\"https:\/\/portaltela.pt\/noticias\/2026\/02\/17\/homem-que-matou-construtor-civil-guineense-em-loures-recusa-culpas\/#primaryimage\"},\"thumbnailUrl\":\"https:\/\/portaltela.pt\/s.01k8rhncp4jt1\/2026\/02\/img_1280x721uu2026-02-17-13-22-30-2267342-im-639069313831023728.jpg\",\"datePublished\":\"2026-02-18T01:30:00+00:00\",\"author\":{\"@id\":\"https:\/\/portaltela.pt\/#\/schema\/person\/c4278d4a6028830caff9ee44b42d32ed\"},\"breadcrumb\":{\"@id\":\"https:\/\/portaltela.pt\/noticias\/2026\/02\/17\/homem-que-matou-construtor-civil-guineense-em-loures-recusa-culpas\/#breadcrumb\"},\"inLanguage\":\"pt-PT\",\"potentialAction\":[{\"@type\":\"ReadAction\",\"target\":[\"https:\/\/portaltela.pt\/noticias\/2026\/02\/17\/homem-que-matou-construtor-civil-guineense-em-loures-recusa-culpas\/\"]}]},{\"@type\":\"ImageObject\",\"inLanguage\":\"pt-PT\",\"@id\":\"https:\/\/portaltela.pt\/noticias\/2026\/02\/17\/homem-que-matou-construtor-civil-guineense-em-loures-recusa-culpas\/#primaryimage\",\"url\":\"https:\/\/portaltela.pt\/s.01k8rhncp4jt1\/2026\/02\/img_1280x721uu2026-02-17-13-22-30-2267342-im-639069313831023728.jpg\",\"contentUrl\":\"https:\/\/portaltela.pt\/s.01k8rhncp4jt1\/2026\/02\/img_1280x721uu2026-02-17-13-22-30-2267342-im-639069313831023728.jpg\",\"width\":796,\"height\":448,\"caption\":\"Pol\u00edcia investiga homic\u00eddio de construtor guineense em Portugal\"},{\"@type\":\"BreadcrumbList\",\"@id\":\"https:\/\/portaltela.pt\/noticias\/2026\/02\/17\/homem-que-matou-construtor-civil-guineense-em-loures-recusa-culpas\/#breadcrumb\",\"itemListElement\":[{\"@type\":\"ListItem\",\"position\":1,\"name\":\"In\u00edcio\",\"item\":\"https:\/\/portaltela.pt\/\"},{\"@type\":\"ListItem\",\"position\":2,\"name\":\"Homem que matou construtor civil guineense em Loures recusa culpas\"}]},{\"@type\":\"WebSite\",\"@id\":\"https:\/\/portaltela.pt\/#website\",\"url\":\"https:\/\/portaltela.pt\/\",\"name\":\"Portal Tela Portugal\",\"description\":\"\",\"potentialAction\":[{\"@type\":\"SearchAction\",\"target\":{\"@type\":\"EntryPoint\",\"urlTemplate\":\"https:\/\/portaltela.pt\/?s={search_term_string}\"},\"query-input\":{\"@type\":\"PropertyValueSpecification\",\"valueRequired\":true,\"valueName\":\"search_term_string\"}}],\"inLanguage\":\"pt-PT\"},{\"@type\":\"Person\",\"@id\":\"https:\/\/portaltela.pt\/#\/schema\/person\/c4278d4a6028830caff9ee44b42d32ed\",\"name\":\"Telinha\",\"image\":{\"@type\":\"ImageObject\",\"inLanguage\":\"pt-PT\",\"@id\":\"https:\/\/portaltela.pt\/s.01k8rhncp4jt1\/2025\/11\/talking-bot-125x125.png\",\"url\":\"https:\/\/portaltela.pt\/s.01k8rhncp4jt1\/2025\/11\/talking-bot-125x125.png\",\"contentUrl\":\"https:\/\/portaltela.pt\/s.01k8rhncp4jt1\/2025\/11\/talking-bot-125x125.png\",\"caption\":\"Telinha\"},\"sameAs\":[\"https:\/\/portaltela.pt\/\"],\"url\":\"https:\/\/portaltela.pt\/por\/367410592786\/\"}]}<\/script>\n<!-- \/ Yoast SEO plugin. -->","yoast_head_json":{"title":"Homem que matou construtor civil guineense em Loures recusa culpas - Portal Tela Portugal","robots":{"index":"index","follow":"follow","max-snippet":"max-snippet:-1","max-image-preview":"max-image-preview:large","max-video-preview":"max-video-preview:-1"},"og_locale":"pt_PT","og_type":"article","og_title":"Homem que matou construtor civil guineense em Loures recusa culpas - Portal Tela Portugal","og_description":"O tribunal de Loures iniciou hoje o julgamento de quatro homens e uma mulher, envolvidos na morte do construtor civil guineense Ninto Mendes, ocorrida a 4 de setembro de 2024. O Minist\u00e9rio P\u00fablico acusa apenas Paulo Garcia, 21 anos, de homic\u00eddio; ele continua detido, enquanto os outros arguidos est\u00e3o em liberdade. Ninto Mendes foi esfaqueado no caf\u00e9 da Quinta da Fonte e morreu na rua, ap\u00f3s agress\u00f5es protagonizadas pelo grupo. A v\u00edtima ter\u00e1 afirmado ter sido amea\u00e7ado pelo filho da propriet\u00e1ria do caf\u00e9, o que ter\u00e1 motivado a rea\u00e7\u00e3o do grupo, incluindo a m\u00e3e do jovem. O advogado de Paulo Garcia sustenta que o arguido nega ter esfaqueado a v\u00edtima e aponta altera\u00e7\u00f5es nos depoimentos como fator relevante para a credibilidade das testemunhas.","og_url":"https:\/\/portaltela.pt\/noticias\/2026\/02\/17\/homem-que-matou-construtor-civil-guineense-em-loures-recusa-culpas\/","og_site_name":"Portal Tela Portugal","article_published_time":"2026-02-18T01:30:00+00:00","author":"Telinha","twitter_card":"summary_large_image","twitter_misc":{"Escrito por":"Telinha","Tempo estimado de leitura":"1 minuto"},"schema":{"@context":"https:\/\/schema.org","@graph":[{"@type":"Article","@id":"https:\/\/portaltela.pt\/noticias\/2026\/02\/17\/homem-que-matou-construtor-civil-guineense-em-loures-recusa-culpas\/#article","isPartOf":{"@id":"https:\/\/portaltela.pt\/noticias\/2026\/02\/17\/homem-que-matou-construtor-civil-guineense-em-loures-recusa-culpas\/"},"author":{"name":"Telinha","@id":"https:\/\/portaltela.pt\/#\/schema\/person\/c4278d4a6028830caff9ee44b42d32ed"},"headline":"Homem que matou construtor civil guineense em Loures recusa culpas","datePublished":"2026-02-18T01:30:00+00:00","mainEntityOfPage":{"@id":"https:\/\/portaltela.pt\/noticias\/2026\/02\/17\/homem-que-matou-construtor-civil-guineense-em-loures-recusa-culpas\/"},"wordCount":238,"image":{"@id":"https:\/\/portaltela.pt\/noticias\/2026\/02\/17\/homem-que-matou-construtor-civil-guineense-em-loures-recusa-culpas\/#primaryimage"},"thumbnailUrl":"https:\/\/portaltela.pt\/s.01k8rhncp4jt1\/2026\/02\/img_1280x721uu2026-02-17-13-22-30-2267342-im-639069313831023728.jpg","keywords":["crime","Guin\u00e9 Conacri","Guin\u00e9-Bissau","homic\u00eddio","Loures","tribunal"],"articleSection":["Not\u00edcias"],"inLanguage":"pt-PT"},{"@type":"WebPage","@id":"https:\/\/portaltela.pt\/noticias\/2026\/02\/17\/homem-que-matou-construtor-civil-guineense-em-loures-recusa-culpas\/","url":"https:\/\/portaltela.pt\/noticias\/2026\/02\/17\/homem-que-matou-construtor-civil-guineense-em-loures-recusa-culpas\/","name":"Homem que matou construtor civil guineense em Loures recusa culpas - Portal Tela Portugal","isPartOf":{"@id":"https:\/\/portaltela.pt\/#website"},"primaryImageOfPage":{"@id":"https:\/\/portaltela.pt\/noticias\/2026\/02\/17\/homem-que-matou-construtor-civil-guineense-em-loures-recusa-culpas\/#primaryimage"},"image":{"@id":"https:\/\/portaltela.pt\/noticias\/2026\/02\/17\/homem-que-matou-construtor-civil-guineense-em-loures-recusa-culpas\/#primaryimage"},"thumbnailUrl":"https:\/\/portaltela.pt\/s.01k8rhncp4jt1\/2026\/02\/img_1280x721uu2026-02-17-13-22-30-2267342-im-639069313831023728.jpg","datePublished":"2026-02-18T01:30:00+00:00","author":{"@id":"https:\/\/portaltela.pt\/#\/schema\/person\/c4278d4a6028830caff9ee44b42d32ed"},"breadcrumb":{"@id":"https:\/\/portaltela.pt\/noticias\/2026\/02\/17\/homem-que-matou-construtor-civil-guineense-em-loures-recusa-culpas\/#breadcrumb"},"inLanguage":"pt-PT","potentialAction":[{"@type":"ReadAction","target":["https:\/\/portaltela.pt\/noticias\/2026\/02\/17\/homem-que-matou-construtor-civil-guineense-em-loures-recusa-culpas\/"]}]},{"@type":"ImageObject","inLanguage":"pt-PT","@id":"https:\/\/portaltela.pt\/noticias\/2026\/02\/17\/homem-que-matou-construtor-civil-guineense-em-loures-recusa-culpas\/#primaryimage","url":"https:\/\/portaltela.pt\/s.01k8rhncp4jt1\/2026\/02\/img_1280x721uu2026-02-17-13-22-30-2267342-im-639069313831023728.jpg","contentUrl":"https:\/\/portaltela.pt\/s.01k8rhncp4jt1\/2026\/02\/img_1280x721uu2026-02-17-13-22-30-2267342-im-639069313831023728.jpg","width":796,"height":448,"caption":"Pol\u00edcia investiga homic\u00eddio de construtor guineense em Portugal"},{"@type":"BreadcrumbList","@id":"https:\/\/portaltela.pt\/noticias\/2026\/02\/17\/homem-que-matou-construtor-civil-guineense-em-loures-recusa-culpas\/#breadcrumb","itemListElement":[{"@type":"ListItem","position":1,"name":"In\u00edcio","item":"https:\/\/portaltela.pt\/"},{"@type":"ListItem","position":2,"name":"Homem que matou construtor civil guineense em Loures recusa culpas"}]},{"@type":"WebSite","@id":"https:\/\/portaltela.pt\/#website","url":"https:\/\/portaltela.pt\/","name":"Portal Tela Portugal","description":"","potentialAction":[{"@type":"SearchAction","target":{"@type":"EntryPoint","urlTemplate":"https:\/\/portaltela.pt\/?s={search_term_string}"},"query-input":{"@type":"PropertyValueSpecification","valueRequired":true,"valueName":"search_term_string"}}],"inLanguage":"pt-PT"},{"@type":"Person","@id":"https:\/\/portaltela.pt\/#\/schema\/person\/c4278d4a6028830caff9ee44b42d32ed","name":"Telinha","image":{"@type":"ImageObject","inLanguage":"pt-PT","@id":"https:\/\/portaltela.pt\/s.01k8rhncp4jt1\/2025\/11\/talking-bot-125x125.png","url":"https:\/\/portaltela.pt\/s.01k8rhncp4jt1\/2025\/11\/talking-bot-125x125.png","contentUrl":"https:\/\/portaltela.pt\/s.01k8rhncp4jt1\/2025\/11\/talking-bot-125x125.png","caption":"Telinha"},"sameAs":["https:\/\/portaltela.pt\/"],"url":"https:\/\/portaltela.pt\/por\/367410592786\/"}]}},"_links":{"self":[{"href":"https:\/\/portaltela.pt\/api\/wp\/v2\/posts\/215333","targetHints":{"allow":["GET"]}}],"collection":[{"href":"https:\/\/portaltela.pt\/api\/wp\/v2\/posts"}],"about":[{"href":"https:\/\/portaltela.pt\/api\/wp\/v2\/types\/post"}],"author":[{"embeddable":true,"href":"https:\/\/portaltela.pt\/api\/wp\/v2\/users\/2"}],"replies":[{"embeddable":true,"href":"https:\/\/portaltela.pt\/api\/wp\/v2\/comments?post=215333"}],"version-history":[{"count":0,"href":"https:\/\/portaltela.pt\/api\/wp\/v2\/posts\/215333\/revisions"}],"wp:featuredmedia":[{"embeddable":true,"href":"https:\/\/portaltela.pt\/api\/wp\/v2\/media\/215337"}],"wp:attachment":[{"href":"https:\/\/portaltela.pt\/api\/wp\/v2\/media?parent=215333"}],"wp:term":[{"taxonomy":"category","embeddable":true,"href":"https:\/\/portaltela.pt\/api\/wp\/v2\/categories?post=215333"},{"taxonomy":"post_tag","embeddable":true,"href":"https:\/\/portaltela.pt\/api\/wp\/v2\/tags?post=215333"}],"curies":[{"name":"wp","href":"https:\/\/api.w.org\/{rel}","templated":true}]}}