{"id":215286,"date":"2026-02-17T21:27:00","date_gmt":"2026-02-18T00:27:00","guid":{"rendered":"https:\/\/portaltela.pt\/noticias\/2026\/02\/17\/protocolo-da-uefa-sobre-racismo-no-futebol-para-vinicius-e-prestianni\/"},"modified":"2026-02-17T21:27:00","modified_gmt":"2026-02-18T00:27:00","slug":"protocolo-da-uefa-sobre-racismo-no-futebol-para-vinicius-e-prestianni","status":"publish","type":"post","link":"https:\/\/portaltela.pt\/desporto\/futebol\/2026\/02\/17\/protocolo-da-uefa-sobre-racismo-no-futebol-para-vinicius-e-prestianni\/","title":{"rendered":"Protocolo da UEFA sobre racismo no futebol para Vin\u00edcius e Prestianni"},"content":{"rendered":"<p>O protocolo da UEFA para combater o racismo no futebol entrou em foco ap\u00f3s o jogo entre Benfica e Real Madrid, realizado no Est\u00e1dio da Luz. O incidente envolveu Vin\u00edcius Jr. e Gianluca Prestianni, com alega\u00e7\u00f5es de insultos racistas durante o jogo.<\/p>\n<p>Pouco depois do golo que deu vantagem ao Real Madrid, Vin\u00edcius Jr. afirmou ter sido alvo de ofensas racistas. O encontro foi interrompido pela equipa de arbitragem, num ato alinhado com as orienta\u00e7\u00f5es da UEFA para casos de racismo.<\/p>\n<p>A decis\u00e3o provocou debate sobre a aplica\u00e7\u00e3o do protocolo, j\u00e1 que a prova direta do insulto n\u00e3o ficou comprovada no momento, levando \u00e0 retomada da partida ap\u00f3s uma pausa de dez minutos. N\u00e3o houve puni\u00e7\u00e3o aos jogadores.<\/p>\n<h3>Protocolo da UEFA: tr\u00eas passos<\/h3>\n<p>A UEFA prev\u00ea tr\u00eas fases para lidar com incidentes racistas: interrup\u00e7\u00e3o com aviso p\u00fablico, suspens\u00e3o tempor\u00e1ria do jogo e, se necess\u00e1rio, abandono do encontro. A equipa respons\u00e1vel pode ser punida com derrota, caso haja continuidade do racismo.<\/p>\n<p>O regulamento indica ainda que jogadores ou membros da equipa considerados respons\u00e1veis por atos racistas devem ser suspensos por pelo menos dez jogos, refor\u00e7ando a responsabiliza\u00e7\u00e3o interna no futebol.<\/p>\n<h3>Repercuss\u00f5es e contextualiza\u00e7\u00e3o<\/h3>\n<p>Ao final do jogo, Vin\u00edcius Jr. utilizou as redes sociais para criticar a gest\u00e3o do caso, chamando os racistas de cobardes. O treinador do Benfica, Jos\u00e9 Mourinho, afirmou que ouviu ambas as vers\u00f5es apresentadas pelos jogadores.<\/p>\n<p>A resolu\u00e7\u00e3o da UEFA recomenda que atores do futebol assumam posi\u00e7\u00e3o p\u00fablica contra o racismo, visando um efeito pedag\u00f3gico. O objetivo \u00e9 manter o futebol em ambiente de paz, fair play e respeito, sem discrimina\u00e7\u00e3o.<\/p>\n<h3>Contexto recente<\/h3>\n<p>Nos \u00faltimos anos, Vin\u00edcius Jr. tem enfrentado repetidos casos de racismo, com den\u00fancias apresentadas em ligas nacionais e perante o Minist\u00e9rio P\u00fablico. Em 2024, tr\u00eas adeptos foram condenados a pris\u00e3o e proibidos de frequentar est\u00e1dios.<\/p>\n","protected":false},"excerpt":{"rendered":"<ul>\n<li>A UEFA aprovou uma resolu\u00e7\u00e3o com tr\u00eas passos para lidar com incidentes racistas em jogos: interrup\u00e7\u00e3o e aviso p\u00fablico, suspens\u00e3o por um tempo determinado e abandono do jogo se o comportamento persistir, com san\u00e7\u00f5es subsequentes.<\/li>\n<li>O incidente ocorreu no jogo Benfica vs. Real Madrid, no Est\u00e1dio da Luz, na noite de quarta-feira, depois de Vin\u00edcius J\u00fanior alegar ter sido alvo de insultos racistas e mencionar a palavra \u201cmono\u201d.<\/li>\n<li>A interven\u00e7\u00e3o come\u00e7ou com o cumprimento do primeiro passo do protocolo, mas n\u00e3o houve confirma\u00e7\u00e3o p\u00fablica do conte\u00fado da troca de palavras, pois os \u00e1rbitros n\u00e3o estavam pr\u00f3ximos.<\/li>\n<li>O jogo foi retomado ap\u00f3s um hiato de dez minutos, sem puni\u00e7\u00e3o aplicada aos envolvidos por falta de provas conclusivas.<\/li>\n<li>Vin\u00edcius J\u00fanior criticou publicamente o protocolo, enquanto o treinador do Benfica, Jos\u00e9 Mourinho, reconheceu a dificuldade de apurar o ocorrido e enfatizou a necessidade de tratamento equilibrado.<\/li>\n<\/ul>\n","protected":false},"author":2,"featured_media":215287,"comment_status":"closed","ping_status":"closed","sticky":false,"template":"","format":"standard","meta":{"footnotes":""},"categories":[21,24],"tags":[1946,32,6031,6032,2714,2265],"class_list":["post-215286","post","type-post","status-publish","format-standard","has-post-thumbnail","hentry","category-desporto","category-futebol","tag-benfica","tag-futebol","tag-gianluca-prestianni","tag-racismo","tag-real-madrid","tag-vinicius-junior"],"yoast_head":"<!-- This site is optimized with the Yoast SEO plugin v27.2 - https:\/\/yoast.com\/product\/yoast-seo-wordpress\/ -->\n<title>Protocolo da UEFA sobre racismo no futebol para Vin\u00edcius e Prestianni - Portal Tela Portugal<\/title>\n<meta name=\"robots\" content=\"index, follow, max-snippet:-1, max-image-preview:large, max-video-preview:-1\" \/>\n<meta property=\"og:locale\" content=\"pt_PT\" \/>\n<meta property=\"og:type\" content=\"article\" \/>\n<meta property=\"og:title\" content=\"Protocolo da UEFA sobre racismo no futebol para Vin\u00edcius e Prestianni - Portal Tela Portugal\" \/>\n<meta property=\"og:description\" content=\"A UEFA aprovou uma resolu\u00e7\u00e3o com tr\u00eas passos para lidar com incidentes racistas em jogos: interrup\u00e7\u00e3o e aviso p\u00fablico, suspens\u00e3o por um tempo determinado e abandono do jogo se o comportamento persistir, com san\u00e7\u00f5es subsequentes. O incidente ocorreu no jogo Benfica vs. Real Madrid, no Est\u00e1dio da Luz, na noite de quarta-feira, depois de Vin\u00edcius J\u00fanior alegar ter sido alvo de insultos racistas e mencionar a palavra \u201cmono\u201d. A interven\u00e7\u00e3o come\u00e7ou com o cumprimento do primeiro passo do protocolo, mas n\u00e3o houve confirma\u00e7\u00e3o p\u00fablica do conte\u00fado da troca de palavras, pois os \u00e1rbitros n\u00e3o estavam pr\u00f3ximos. O jogo foi retomado ap\u00f3s um hiato de dez minutos, sem puni\u00e7\u00e3o aplicada aos envolvidos por falta de provas conclusivas. Vin\u00edcius J\u00fanior criticou publicamente o protocolo, enquanto o treinador do Benfica, Jos\u00e9 Mourinho, reconheceu a dificuldade de apurar o ocorrido e enfatizou a necessidade de tratamento equilibrado.\" \/>\n<meta property=\"og:url\" content=\"https:\/\/portaltela.pt\/noticias\/2026\/02\/17\/protocolo-da-uefa-sobre-racismo-no-futebol-para-vinicius-e-prestianni\/\" \/>\n<meta property=\"og:site_name\" content=\"Portal Tela Portugal\" \/>\n<meta property=\"article:published_time\" content=\"2026-02-18T00:27:00+00:00\" \/>\n<meta name=\"author\" content=\"Telinha\" \/>\n<meta name=\"twitter:card\" content=\"summary_large_image\" \/>\n<meta name=\"twitter:label1\" content=\"Escrito por\" \/>\n\t<meta name=\"twitter:data1\" content=\"Telinha\" \/>\n\t<meta name=\"twitter:label2\" content=\"Tempo estimado de leitura\" \/>\n\t<meta name=\"twitter:data2\" content=\"2 minutos\" \/>\n<script type=\"application\/ld+json\" class=\"yoast-schema-graph\">{\"@context\":\"https:\/\/schema.org\",\"@graph\":[{\"@type\":\"Article\",\"@id\":\"https:\/\/portaltela.pt\/noticias\/2026\/02\/17\/protocolo-da-uefa-sobre-racismo-no-futebol-para-vinicius-e-prestianni\/#article\",\"isPartOf\":{\"@id\":\"https:\/\/portaltela.pt\/noticias\/2026\/02\/17\/protocolo-da-uefa-sobre-racismo-no-futebol-para-vinicius-e-prestianni\/\"},\"author\":{\"name\":\"Telinha\",\"@id\":\"https:\/\/portaltela.pt\/#\/schema\/person\/c4278d4a6028830caff9ee44b42d32ed\"},\"headline\":\"Protocolo da UEFA sobre racismo no futebol para Vin\u00edcius e Prestianni\",\"datePublished\":\"2026-02-18T00:27:00+00:00\",\"mainEntityOfPage\":{\"@id\":\"https:\/\/portaltela.pt\/noticias\/2026\/02\/17\/protocolo-da-uefa-sobre-racismo-no-futebol-para-vinicius-e-prestianni\/\"},\"wordCount\":349,\"image\":{\"@id\":\"https:\/\/portaltela.pt\/noticias\/2026\/02\/17\/protocolo-da-uefa-sobre-racismo-no-futebol-para-vinicius-e-prestianni\/#primaryimage\"},\"thumbnailUrl\":\"https:\/\/portaltela.pt\/s.01k8rhncp4jt1\/2026\/02\/2067917.jpg\",\"keywords\":[\"Benfica\",\"futebol\",\"Gianluca Prestianni\",\"racismo\",\"Real Madrid\",\"Vin\u00edcius J\u00fanior\"],\"articleSection\":[\"Desporto\",\"Futebol\"],\"inLanguage\":\"pt-PT\"},{\"@type\":\"WebPage\",\"@id\":\"https:\/\/portaltela.pt\/noticias\/2026\/02\/17\/protocolo-da-uefa-sobre-racismo-no-futebol-para-vinicius-e-prestianni\/\",\"url\":\"https:\/\/portaltela.pt\/noticias\/2026\/02\/17\/protocolo-da-uefa-sobre-racismo-no-futebol-para-vinicius-e-prestianni\/\",\"name\":\"Protocolo da UEFA sobre racismo no futebol para Vin\u00edcius e Prestianni - Portal Tela Portugal\",\"isPartOf\":{\"@id\":\"https:\/\/portaltela.pt\/#website\"},\"primaryImageOfPage\":{\"@id\":\"https:\/\/portaltela.pt\/noticias\/2026\/02\/17\/protocolo-da-uefa-sobre-racismo-no-futebol-para-vinicius-e-prestianni\/#primaryimage\"},\"image\":{\"@id\":\"https:\/\/portaltela.pt\/noticias\/2026\/02\/17\/protocolo-da-uefa-sobre-racismo-no-futebol-para-vinicius-e-prestianni\/#primaryimage\"},\"thumbnailUrl\":\"https:\/\/portaltela.pt\/s.01k8rhncp4jt1\/2026\/02\/2067917.jpg\",\"datePublished\":\"2026-02-18T00:27:00+00:00\",\"author\":{\"@id\":\"https:\/\/portaltela.pt\/#\/schema\/person\/c4278d4a6028830caff9ee44b42d32ed\"},\"breadcrumb\":{\"@id\":\"https:\/\/portaltela.pt\/noticias\/2026\/02\/17\/protocolo-da-uefa-sobre-racismo-no-futebol-para-vinicius-e-prestianni\/#breadcrumb\"},\"inLanguage\":\"pt-PT\",\"potentialAction\":[{\"@type\":\"ReadAction\",\"target\":[\"https:\/\/portaltela.pt\/noticias\/2026\/02\/17\/protocolo-da-uefa-sobre-racismo-no-futebol-para-vinicius-e-prestianni\/\"]}]},{\"@type\":\"ImageObject\",\"inLanguage\":\"pt-PT\",\"@id\":\"https:\/\/portaltela.pt\/noticias\/2026\/02\/17\/protocolo-da-uefa-sobre-racismo-no-futebol-para-vinicius-e-prestianni\/#primaryimage\",\"url\":\"https:\/\/portaltela.pt\/s.01k8rhncp4jt1\/2026\/02\/2067917.jpg\",\"contentUrl\":\"https:\/\/portaltela.pt\/s.01k8rhncp4jt1\/2026\/02\/2067917.jpg\",\"width\":796,\"height\":448,\"caption\":\"Gianluca Prestianni e Vin\u00edcius protagonizaram um momento que levou \u00e0 interrup\u00e7\u00e3o do jogo\"},{\"@type\":\"BreadcrumbList\",\"@id\":\"https:\/\/portaltela.pt\/noticias\/2026\/02\/17\/protocolo-da-uefa-sobre-racismo-no-futebol-para-vinicius-e-prestianni\/#breadcrumb\",\"itemListElement\":[{\"@type\":\"ListItem\",\"position\":1,\"name\":\"In\u00edcio\",\"item\":\"https:\/\/portaltela.pt\/\"},{\"@type\":\"ListItem\",\"position\":2,\"name\":\"Protocolo da UEFA sobre racismo no futebol para Vin\u00edcius e Prestianni\"}]},{\"@type\":\"WebSite\",\"@id\":\"https:\/\/portaltela.pt\/#website\",\"url\":\"https:\/\/portaltela.pt\/\",\"name\":\"Portal Tela Portugal\",\"description\":\"\",\"potentialAction\":[{\"@type\":\"SearchAction\",\"target\":{\"@type\":\"EntryPoint\",\"urlTemplate\":\"https:\/\/portaltela.pt\/?s={search_term_string}\"},\"query-input\":{\"@type\":\"PropertyValueSpecification\",\"valueRequired\":true,\"valueName\":\"search_term_string\"}}],\"inLanguage\":\"pt-PT\"},{\"@type\":\"Person\",\"@id\":\"https:\/\/portaltela.pt\/#\/schema\/person\/c4278d4a6028830caff9ee44b42d32ed\",\"name\":\"Telinha\",\"image\":{\"@type\":\"ImageObject\",\"inLanguage\":\"pt-PT\",\"@id\":\"https:\/\/portaltela.pt\/s.01k8rhncp4jt1\/2025\/11\/talking-bot-125x125.png\",\"url\":\"https:\/\/portaltela.pt\/s.01k8rhncp4jt1\/2025\/11\/talking-bot-125x125.png\",\"contentUrl\":\"https:\/\/portaltela.pt\/s.01k8rhncp4jt1\/2025\/11\/talking-bot-125x125.png\",\"caption\":\"Telinha\"},\"sameAs\":[\"https:\/\/portaltela.pt\/\"],\"url\":\"https:\/\/portaltela.pt\/por\/367410592786\/\"}]}<\/script>\n<!-- \/ Yoast SEO plugin. -->","yoast_head_json":{"title":"Protocolo da UEFA sobre racismo no futebol para Vin\u00edcius e Prestianni - Portal Tela Portugal","robots":{"index":"index","follow":"follow","max-snippet":"max-snippet:-1","max-image-preview":"max-image-preview:large","max-video-preview":"max-video-preview:-1"},"og_locale":"pt_PT","og_type":"article","og_title":"Protocolo da UEFA sobre racismo no futebol para Vin\u00edcius e Prestianni - Portal Tela Portugal","og_description":"A UEFA aprovou uma resolu\u00e7\u00e3o com tr\u00eas passos para lidar com incidentes racistas em jogos: interrup\u00e7\u00e3o e aviso p\u00fablico, suspens\u00e3o por um tempo determinado e abandono do jogo se o comportamento persistir, com san\u00e7\u00f5es subsequentes. O incidente ocorreu no jogo Benfica vs. Real Madrid, no Est\u00e1dio da Luz, na noite de quarta-feira, depois de Vin\u00edcius J\u00fanior alegar ter sido alvo de insultos racistas e mencionar a palavra \u201cmono\u201d. A interven\u00e7\u00e3o come\u00e7ou com o cumprimento do primeiro passo do protocolo, mas n\u00e3o houve confirma\u00e7\u00e3o p\u00fablica do conte\u00fado da troca de palavras, pois os \u00e1rbitros n\u00e3o estavam pr\u00f3ximos. O jogo foi retomado ap\u00f3s um hiato de dez minutos, sem puni\u00e7\u00e3o aplicada aos envolvidos por falta de provas conclusivas. Vin\u00edcius J\u00fanior criticou publicamente o protocolo, enquanto o treinador do Benfica, Jos\u00e9 Mourinho, reconheceu a dificuldade de apurar o ocorrido e enfatizou a necessidade de tratamento equilibrado.","og_url":"https:\/\/portaltela.pt\/noticias\/2026\/02\/17\/protocolo-da-uefa-sobre-racismo-no-futebol-para-vinicius-e-prestianni\/","og_site_name":"Portal Tela Portugal","article_published_time":"2026-02-18T00:27:00+00:00","author":"Telinha","twitter_card":"summary_large_image","twitter_misc":{"Escrito por":"Telinha","Tempo estimado de leitura":"2 minutos"},"schema":{"@context":"https:\/\/schema.org","@graph":[{"@type":"Article","@id":"https:\/\/portaltela.pt\/noticias\/2026\/02\/17\/protocolo-da-uefa-sobre-racismo-no-futebol-para-vinicius-e-prestianni\/#article","isPartOf":{"@id":"https:\/\/portaltela.pt\/noticias\/2026\/02\/17\/protocolo-da-uefa-sobre-racismo-no-futebol-para-vinicius-e-prestianni\/"},"author":{"name":"Telinha","@id":"https:\/\/portaltela.pt\/#\/schema\/person\/c4278d4a6028830caff9ee44b42d32ed"},"headline":"Protocolo da UEFA sobre racismo no futebol para Vin\u00edcius e Prestianni","datePublished":"2026-02-18T00:27:00+00:00","mainEntityOfPage":{"@id":"https:\/\/portaltela.pt\/noticias\/2026\/02\/17\/protocolo-da-uefa-sobre-racismo-no-futebol-para-vinicius-e-prestianni\/"},"wordCount":349,"image":{"@id":"https:\/\/portaltela.pt\/noticias\/2026\/02\/17\/protocolo-da-uefa-sobre-racismo-no-futebol-para-vinicius-e-prestianni\/#primaryimage"},"thumbnailUrl":"https:\/\/portaltela.pt\/s.01k8rhncp4jt1\/2026\/02\/2067917.jpg","keywords":["Benfica","futebol","Gianluca Prestianni","racismo","Real Madrid","Vin\u00edcius J\u00fanior"],"articleSection":["Desporto","Futebol"],"inLanguage":"pt-PT"},{"@type":"WebPage","@id":"https:\/\/portaltela.pt\/noticias\/2026\/02\/17\/protocolo-da-uefa-sobre-racismo-no-futebol-para-vinicius-e-prestianni\/","url":"https:\/\/portaltela.pt\/noticias\/2026\/02\/17\/protocolo-da-uefa-sobre-racismo-no-futebol-para-vinicius-e-prestianni\/","name":"Protocolo da UEFA sobre racismo no futebol para Vin\u00edcius e Prestianni - Portal Tela Portugal","isPartOf":{"@id":"https:\/\/portaltela.pt\/#website"},"primaryImageOfPage":{"@id":"https:\/\/portaltela.pt\/noticias\/2026\/02\/17\/protocolo-da-uefa-sobre-racismo-no-futebol-para-vinicius-e-prestianni\/#primaryimage"},"image":{"@id":"https:\/\/portaltela.pt\/noticias\/2026\/02\/17\/protocolo-da-uefa-sobre-racismo-no-futebol-para-vinicius-e-prestianni\/#primaryimage"},"thumbnailUrl":"https:\/\/portaltela.pt\/s.01k8rhncp4jt1\/2026\/02\/2067917.jpg","datePublished":"2026-02-18T00:27:00+00:00","author":{"@id":"https:\/\/portaltela.pt\/#\/schema\/person\/c4278d4a6028830caff9ee44b42d32ed"},"breadcrumb":{"@id":"https:\/\/portaltela.pt\/noticias\/2026\/02\/17\/protocolo-da-uefa-sobre-racismo-no-futebol-para-vinicius-e-prestianni\/#breadcrumb"},"inLanguage":"pt-PT","potentialAction":[{"@type":"ReadAction","target":["https:\/\/portaltela.pt\/noticias\/2026\/02\/17\/protocolo-da-uefa-sobre-racismo-no-futebol-para-vinicius-e-prestianni\/"]}]},{"@type":"ImageObject","inLanguage":"pt-PT","@id":"https:\/\/portaltela.pt\/noticias\/2026\/02\/17\/protocolo-da-uefa-sobre-racismo-no-futebol-para-vinicius-e-prestianni\/#primaryimage","url":"https:\/\/portaltela.pt\/s.01k8rhncp4jt1\/2026\/02\/2067917.jpg","contentUrl":"https:\/\/portaltela.pt\/s.01k8rhncp4jt1\/2026\/02\/2067917.jpg","width":796,"height":448,"caption":"Gianluca Prestianni e Vin\u00edcius protagonizaram um momento que levou \u00e0 interrup\u00e7\u00e3o do jogo"},{"@type":"BreadcrumbList","@id":"https:\/\/portaltela.pt\/noticias\/2026\/02\/17\/protocolo-da-uefa-sobre-racismo-no-futebol-para-vinicius-e-prestianni\/#breadcrumb","itemListElement":[{"@type":"ListItem","position":1,"name":"In\u00edcio","item":"https:\/\/portaltela.pt\/"},{"@type":"ListItem","position":2,"name":"Protocolo da UEFA sobre racismo no futebol para Vin\u00edcius e Prestianni"}]},{"@type":"WebSite","@id":"https:\/\/portaltela.pt\/#website","url":"https:\/\/portaltela.pt\/","name":"Portal Tela Portugal","description":"","potentialAction":[{"@type":"SearchAction","target":{"@type":"EntryPoint","urlTemplate":"https:\/\/portaltela.pt\/?s={search_term_string}"},"query-input":{"@type":"PropertyValueSpecification","valueRequired":true,"valueName":"search_term_string"}}],"inLanguage":"pt-PT"},{"@type":"Person","@id":"https:\/\/portaltela.pt\/#\/schema\/person\/c4278d4a6028830caff9ee44b42d32ed","name":"Telinha","image":{"@type":"ImageObject","inLanguage":"pt-PT","@id":"https:\/\/portaltela.pt\/s.01k8rhncp4jt1\/2025\/11\/talking-bot-125x125.png","url":"https:\/\/portaltela.pt\/s.01k8rhncp4jt1\/2025\/11\/talking-bot-125x125.png","contentUrl":"https:\/\/portaltela.pt\/s.01k8rhncp4jt1\/2025\/11\/talking-bot-125x125.png","caption":"Telinha"},"sameAs":["https:\/\/portaltela.pt\/"],"url":"https:\/\/portaltela.pt\/por\/367410592786\/"}]}},"_links":{"self":[{"href":"https:\/\/portaltela.pt\/api\/wp\/v2\/posts\/215286","targetHints":{"allow":["GET"]}}],"collection":[{"href":"https:\/\/portaltela.pt\/api\/wp\/v2\/posts"}],"about":[{"href":"https:\/\/portaltela.pt\/api\/wp\/v2\/types\/post"}],"author":[{"embeddable":true,"href":"https:\/\/portaltela.pt\/api\/wp\/v2\/users\/2"}],"replies":[{"embeddable":true,"href":"https:\/\/portaltela.pt\/api\/wp\/v2\/comments?post=215286"}],"version-history":[{"count":0,"href":"https:\/\/portaltela.pt\/api\/wp\/v2\/posts\/215286\/revisions"}],"wp:featuredmedia":[{"embeddable":true,"href":"https:\/\/portaltela.pt\/api\/wp\/v2\/media\/215287"}],"wp:attachment":[{"href":"https:\/\/portaltela.pt\/api\/wp\/v2\/media?parent=215286"}],"wp:term":[{"taxonomy":"category","embeddable":true,"href":"https:\/\/portaltela.pt\/api\/wp\/v2\/categories?post=215286"},{"taxonomy":"post_tag","embeddable":true,"href":"https:\/\/portaltela.pt\/api\/wp\/v2\/tags?post=215286"}],"curies":[{"name":"wp","href":"https:\/\/api.w.org\/{rel}","templated":true}]}}