{"id":215267,"date":"2026-02-17T21:00:00","date_gmt":"2026-02-18T00:00:00","guid":{"rendered":"https:\/\/portaltela.pt\/noticias\/2026\/02\/17\/o-interior-volta-a-estar-em-foco\/"},"modified":"2026-02-17T21:00:00","modified_gmt":"2026-02-18T00:00:00","slug":"o-interior-volta-a-estar-em-foco","status":"publish","type":"post","link":"https:\/\/portaltela.pt\/noticias\/2026\/02\/17\/o-interior-volta-a-estar-em-foco\/","title":{"rendered":"O Interior volta a estar em foco"},"content":{"rendered":"<p>Este \u00e9 o ano letivo com menos alunos a frequentarem o ensino superior em quase uma d\u00e9cada. O fen\u00f3meno afeta sobretudo o Interior, com diminui\u00e7\u00f5es significativas nas coloca\u00e7\u00f5es de estudantes de estratos sociais mais desfavorecidos e em institui\u00e7\u00f5es polit\u00e9cnicas da regi\u00e3o. Guarda e Tomar destacam-se entre as cidades com maiores perdas.<\/p>\n<p>O impacto econ\u00f3mico local \u00e9 apontado como um efeito em cascata, com menor din\u00e2mica regional e press\u00e3o sobre servi\u00e7os e habita\u00e7\u00e3o. Especialistas indicam que a redu\u00e7\u00e3o de vagas n\u00e3o tem acompanhado as necessidades de distritos menos povoados, aumentando assimetrias entre zonas.<\/p>\n<p>No plano pol\u00edtico, o governo mudou regras para a fixa\u00e7\u00e3o de vagas no Superior, eliminando a diferencia\u00e7\u00e3o positiva de oferta para o Interior. A altera\u00e7\u00e3o \u00e9 citada como fator que pode agravar o fosso entre regi\u00f5es, segundo comentadores e especialistas.<\/p>\n<p>Analistas destacam que a desloca\u00e7\u00e3o para cursos permanece entre os principais entraves, reduzindo a procura entre jovens do Interior. A tend\u00eancia indica que, sem medidas de apoio, muitos polit\u00e9cnicos podem enfrentar desafios estruturais de sustentabilidade e inova\u00e7\u00e3o.<\/p>\n","protected":false},"excerpt":{"rendered":"<ul>\n<li>Este ano letivo regista menos alunos a frequentarem o ensino superior, com impacto desigual entre camadas sociais e territ\u00f3rios, sobretudo nos polit\u00e9cnicos do Interior.<\/li>\n<li>As perdas concentram-se em cidades como Guarda e Tomar, com consequ\u00eancias na economia local.<\/li>\n<li>O Governo considerou intervir para fortalecer estas institui\u00e7\u00f5es, mas um despacho sobre a fixa\u00e7\u00e3o de vagas no ensino superior eliminou a diferencia\u00e7\u00e3o positiva da oferta no Interior.<\/li>\n<li>Embora o total de vagas tenha aumentado, o crescimento acentua as assimetrias e pode condenar v\u00e1rios polit\u00e9cnicos no Interior a enfrentar dificuldades futuras.<\/li>\n<li>O texto aponta que o Interior sem ensino superior forte perde dinamismo, talento e inova\u00e7\u00e3o, aumentando obst\u00e1culos \u00e0 mobilidade e \u00e0 procura de cursos devido \u00e0 desloca\u00e7\u00e3o.<\/li>\n<\/ul>\n","protected":false},"author":2,"featured_media":215271,"comment_status":"closed","ping_status":"closed","sticky":false,"template":"","format":"standard","meta":{"footnotes":""},"categories":[1],"tags":[1846,1409,5437,92,150,133],"class_list":["post-215267","post","type-post","status-publish","format-standard","has-post-thumbnail","hentry","category-noticias","tag-beira-interior","tag-desenvolvimento-regional","tag-desigualdades-sociais","tag-ensino","tag-habitacao","tag-politicas-publicas"],"yoast_head":"<!-- This site is optimized with the Yoast SEO plugin v27.2 - https:\/\/yoast.com\/product\/yoast-seo-wordpress\/ -->\n<title>O Interior volta a estar em foco - Portal Tela Portugal<\/title>\n<meta name=\"robots\" content=\"index, follow, max-snippet:-1, max-image-preview:large, max-video-preview:-1\" \/>\n<meta property=\"og:locale\" content=\"pt_PT\" \/>\n<meta property=\"og:type\" content=\"article\" \/>\n<meta property=\"og:title\" content=\"O Interior volta a estar em foco - Portal Tela Portugal\" \/>\n<meta property=\"og:description\" content=\"Este ano letivo regista menos alunos a frequentarem o ensino superior, com impacto desigual entre camadas sociais e territ\u00f3rios, sobretudo nos polit\u00e9cnicos do Interior. As perdas concentram-se em cidades como Guarda e Tomar, com consequ\u00eancias na economia local. O Governo considerou intervir para fortalecer estas institui\u00e7\u00f5es, mas um despacho sobre a fixa\u00e7\u00e3o de vagas no ensino superior eliminou a diferencia\u00e7\u00e3o positiva da oferta no Interior. Embora o total de vagas tenha aumentado, o crescimento acentua as assimetrias e pode condenar v\u00e1rios polit\u00e9cnicos no Interior a enfrentar dificuldades futuras. O texto aponta que o Interior sem ensino superior forte perde dinamismo, talento e inova\u00e7\u00e3o, aumentando obst\u00e1culos \u00e0 mobilidade e \u00e0 procura de cursos devido \u00e0 desloca\u00e7\u00e3o.\" \/>\n<meta property=\"og:url\" content=\"https:\/\/portaltela.pt\/noticias\/2026\/02\/17\/o-interior-volta-a-estar-em-foco\/\" \/>\n<meta property=\"og:site_name\" content=\"Portal Tela Portugal\" \/>\n<meta property=\"article:published_time\" content=\"2026-02-18T00:00:00+00:00\" \/>\n<meta name=\"author\" content=\"Telinha\" \/>\n<meta name=\"twitter:card\" content=\"summary_large_image\" \/>\n<meta name=\"twitter:label1\" content=\"Escrito por\" \/>\n\t<meta name=\"twitter:data1\" content=\"Telinha\" \/>\n\t<meta name=\"twitter:label2\" content=\"Tempo estimado de leitura\" \/>\n\t<meta name=\"twitter:data2\" content=\"1 minuto\" \/>\n<script type=\"application\/ld+json\" class=\"yoast-schema-graph\">{\"@context\":\"https:\/\/schema.org\",\"@graph\":[{\"@type\":\"Article\",\"@id\":\"https:\/\/portaltela.pt\/noticias\/2026\/02\/17\/o-interior-volta-a-estar-em-foco\/#article\",\"isPartOf\":{\"@id\":\"https:\/\/portaltela.pt\/noticias\/2026\/02\/17\/o-interior-volta-a-estar-em-foco\/\"},\"author\":{\"name\":\"Telinha\",\"@id\":\"https:\/\/portaltela.pt\/#\/schema\/person\/c4278d4a6028830caff9ee44b42d32ed\"},\"headline\":\"O Interior volta a estar em foco\",\"datePublished\":\"2026-02-18T00:00:00+00:00\",\"mainEntityOfPage\":{\"@id\":\"https:\/\/portaltela.pt\/noticias\/2026\/02\/17\/o-interior-volta-a-estar-em-foco\/\"},\"wordCount\":196,\"image\":{\"@id\":\"https:\/\/portaltela.pt\/noticias\/2026\/02\/17\/o-interior-volta-a-estar-em-foco\/#primaryimage\"},\"thumbnailUrl\":\"https:\/\/portaltela.pt\/s.01k8rhncp4jt1\/2026\/02\/63e990e5-4409-40a2-827c-0f48dd6df72c_1200x675-2.jpg\",\"keywords\":[\"Beira Interior\",\"desenvolvimento regional\",\"desigualdades sociais\",\"ensino\",\"habita\u00e7\u00e3o\",\"pol\u00edticas p\u00fablicas\"],\"articleSection\":[\"Not\u00edcias\"],\"inLanguage\":\"pt-PT\"},{\"@type\":\"WebPage\",\"@id\":\"https:\/\/portaltela.pt\/noticias\/2026\/02\/17\/o-interior-volta-a-estar-em-foco\/\",\"url\":\"https:\/\/portaltela.pt\/noticias\/2026\/02\/17\/o-interior-volta-a-estar-em-foco\/\",\"name\":\"O Interior volta a estar em foco - Portal Tela Portugal\",\"isPartOf\":{\"@id\":\"https:\/\/portaltela.pt\/#website\"},\"primaryImageOfPage\":{\"@id\":\"https:\/\/portaltela.pt\/noticias\/2026\/02\/17\/o-interior-volta-a-estar-em-foco\/#primaryimage\"},\"image\":{\"@id\":\"https:\/\/portaltela.pt\/noticias\/2026\/02\/17\/o-interior-volta-a-estar-em-foco\/#primaryimage\"},\"thumbnailUrl\":\"https:\/\/portaltela.pt\/s.01k8rhncp4jt1\/2026\/02\/63e990e5-4409-40a2-827c-0f48dd6df72c_1200x675-2.jpg\",\"datePublished\":\"2026-02-18T00:00:00+00:00\",\"author\":{\"@id\":\"https:\/\/portaltela.pt\/#\/schema\/person\/c4278d4a6028830caff9ee44b42d32ed\"},\"breadcrumb\":{\"@id\":\"https:\/\/portaltela.pt\/noticias\/2026\/02\/17\/o-interior-volta-a-estar-em-foco\/#breadcrumb\"},\"inLanguage\":\"pt-PT\",\"potentialAction\":[{\"@type\":\"ReadAction\",\"target\":[\"https:\/\/portaltela.pt\/noticias\/2026\/02\/17\/o-interior-volta-a-estar-em-foco\/\"]}]},{\"@type\":\"ImageObject\",\"inLanguage\":\"pt-PT\",\"@id\":\"https:\/\/portaltela.pt\/noticias\/2026\/02\/17\/o-interior-volta-a-estar-em-foco\/#primaryimage\",\"url\":\"https:\/\/portaltela.pt\/s.01k8rhncp4jt1\/2026\/02\/63e990e5-4409-40a2-827c-0f48dd6df72c_1200x675-2.jpg\",\"contentUrl\":\"https:\/\/portaltela.pt\/s.01k8rhncp4jt1\/2026\/02\/63e990e5-4409-40a2-827c-0f48dd6df72c_1200x675-2.jpg\",\"width\":796,\"height\":448,\"caption\":\"Photo\"},{\"@type\":\"BreadcrumbList\",\"@id\":\"https:\/\/portaltela.pt\/noticias\/2026\/02\/17\/o-interior-volta-a-estar-em-foco\/#breadcrumb\",\"itemListElement\":[{\"@type\":\"ListItem\",\"position\":1,\"name\":\"In\u00edcio\",\"item\":\"https:\/\/portaltela.pt\/\"},{\"@type\":\"ListItem\",\"position\":2,\"name\":\"O Interior volta a estar em foco\"}]},{\"@type\":\"WebSite\",\"@id\":\"https:\/\/portaltela.pt\/#website\",\"url\":\"https:\/\/portaltela.pt\/\",\"name\":\"Portal Tela Portugal\",\"description\":\"\",\"potentialAction\":[{\"@type\":\"SearchAction\",\"target\":{\"@type\":\"EntryPoint\",\"urlTemplate\":\"https:\/\/portaltela.pt\/?s={search_term_string}\"},\"query-input\":{\"@type\":\"PropertyValueSpecification\",\"valueRequired\":true,\"valueName\":\"search_term_string\"}}],\"inLanguage\":\"pt-PT\"},{\"@type\":\"Person\",\"@id\":\"https:\/\/portaltela.pt\/#\/schema\/person\/c4278d4a6028830caff9ee44b42d32ed\",\"name\":\"Telinha\",\"image\":{\"@type\":\"ImageObject\",\"inLanguage\":\"pt-PT\",\"@id\":\"https:\/\/portaltela.pt\/s.01k8rhncp4jt1\/2025\/11\/talking-bot-125x125.png\",\"url\":\"https:\/\/portaltela.pt\/s.01k8rhncp4jt1\/2025\/11\/talking-bot-125x125.png\",\"contentUrl\":\"https:\/\/portaltela.pt\/s.01k8rhncp4jt1\/2025\/11\/talking-bot-125x125.png\",\"caption\":\"Telinha\"},\"sameAs\":[\"https:\/\/portaltela.pt\/\"],\"url\":\"https:\/\/portaltela.pt\/por\/367410592786\/\"}]}<\/script>\n<!-- \/ Yoast SEO plugin. -->","yoast_head_json":{"title":"O Interior volta a estar em foco - Portal Tela Portugal","robots":{"index":"index","follow":"follow","max-snippet":"max-snippet:-1","max-image-preview":"max-image-preview:large","max-video-preview":"max-video-preview:-1"},"og_locale":"pt_PT","og_type":"article","og_title":"O Interior volta a estar em foco - Portal Tela Portugal","og_description":"Este ano letivo regista menos alunos a frequentarem o ensino superior, com impacto desigual entre camadas sociais e territ\u00f3rios, sobretudo nos polit\u00e9cnicos do Interior. As perdas concentram-se em cidades como Guarda e Tomar, com consequ\u00eancias na economia local. O Governo considerou intervir para fortalecer estas institui\u00e7\u00f5es, mas um despacho sobre a fixa\u00e7\u00e3o de vagas no ensino superior eliminou a diferencia\u00e7\u00e3o positiva da oferta no Interior. Embora o total de vagas tenha aumentado, o crescimento acentua as assimetrias e pode condenar v\u00e1rios polit\u00e9cnicos no Interior a enfrentar dificuldades futuras. O texto aponta que o Interior sem ensino superior forte perde dinamismo, talento e inova\u00e7\u00e3o, aumentando obst\u00e1culos \u00e0 mobilidade e \u00e0 procura de cursos devido \u00e0 desloca\u00e7\u00e3o.","og_url":"https:\/\/portaltela.pt\/noticias\/2026\/02\/17\/o-interior-volta-a-estar-em-foco\/","og_site_name":"Portal Tela Portugal","article_published_time":"2026-02-18T00:00:00+00:00","author":"Telinha","twitter_card":"summary_large_image","twitter_misc":{"Escrito por":"Telinha","Tempo estimado de leitura":"1 minuto"},"schema":{"@context":"https:\/\/schema.org","@graph":[{"@type":"Article","@id":"https:\/\/portaltela.pt\/noticias\/2026\/02\/17\/o-interior-volta-a-estar-em-foco\/#article","isPartOf":{"@id":"https:\/\/portaltela.pt\/noticias\/2026\/02\/17\/o-interior-volta-a-estar-em-foco\/"},"author":{"name":"Telinha","@id":"https:\/\/portaltela.pt\/#\/schema\/person\/c4278d4a6028830caff9ee44b42d32ed"},"headline":"O Interior volta a estar em foco","datePublished":"2026-02-18T00:00:00+00:00","mainEntityOfPage":{"@id":"https:\/\/portaltela.pt\/noticias\/2026\/02\/17\/o-interior-volta-a-estar-em-foco\/"},"wordCount":196,"image":{"@id":"https:\/\/portaltela.pt\/noticias\/2026\/02\/17\/o-interior-volta-a-estar-em-foco\/#primaryimage"},"thumbnailUrl":"https:\/\/portaltela.pt\/s.01k8rhncp4jt1\/2026\/02\/63e990e5-4409-40a2-827c-0f48dd6df72c_1200x675-2.jpg","keywords":["Beira Interior","desenvolvimento regional","desigualdades sociais","ensino","habita\u00e7\u00e3o","pol\u00edticas p\u00fablicas"],"articleSection":["Not\u00edcias"],"inLanguage":"pt-PT"},{"@type":"WebPage","@id":"https:\/\/portaltela.pt\/noticias\/2026\/02\/17\/o-interior-volta-a-estar-em-foco\/","url":"https:\/\/portaltela.pt\/noticias\/2026\/02\/17\/o-interior-volta-a-estar-em-foco\/","name":"O Interior volta a estar em foco - Portal Tela Portugal","isPartOf":{"@id":"https:\/\/portaltela.pt\/#website"},"primaryImageOfPage":{"@id":"https:\/\/portaltela.pt\/noticias\/2026\/02\/17\/o-interior-volta-a-estar-em-foco\/#primaryimage"},"image":{"@id":"https:\/\/portaltela.pt\/noticias\/2026\/02\/17\/o-interior-volta-a-estar-em-foco\/#primaryimage"},"thumbnailUrl":"https:\/\/portaltela.pt\/s.01k8rhncp4jt1\/2026\/02\/63e990e5-4409-40a2-827c-0f48dd6df72c_1200x675-2.jpg","datePublished":"2026-02-18T00:00:00+00:00","author":{"@id":"https:\/\/portaltela.pt\/#\/schema\/person\/c4278d4a6028830caff9ee44b42d32ed"},"breadcrumb":{"@id":"https:\/\/portaltela.pt\/noticias\/2026\/02\/17\/o-interior-volta-a-estar-em-foco\/#breadcrumb"},"inLanguage":"pt-PT","potentialAction":[{"@type":"ReadAction","target":["https:\/\/portaltela.pt\/noticias\/2026\/02\/17\/o-interior-volta-a-estar-em-foco\/"]}]},{"@type":"ImageObject","inLanguage":"pt-PT","@id":"https:\/\/portaltela.pt\/noticias\/2026\/02\/17\/o-interior-volta-a-estar-em-foco\/#primaryimage","url":"https:\/\/portaltela.pt\/s.01k8rhncp4jt1\/2026\/02\/63e990e5-4409-40a2-827c-0f48dd6df72c_1200x675-2.jpg","contentUrl":"https:\/\/portaltela.pt\/s.01k8rhncp4jt1\/2026\/02\/63e990e5-4409-40a2-827c-0f48dd6df72c_1200x675-2.jpg","width":796,"height":448,"caption":"Photo"},{"@type":"BreadcrumbList","@id":"https:\/\/portaltela.pt\/noticias\/2026\/02\/17\/o-interior-volta-a-estar-em-foco\/#breadcrumb","itemListElement":[{"@type":"ListItem","position":1,"name":"In\u00edcio","item":"https:\/\/portaltela.pt\/"},{"@type":"ListItem","position":2,"name":"O Interior volta a estar em foco"}]},{"@type":"WebSite","@id":"https:\/\/portaltela.pt\/#website","url":"https:\/\/portaltela.pt\/","name":"Portal Tela Portugal","description":"","potentialAction":[{"@type":"SearchAction","target":{"@type":"EntryPoint","urlTemplate":"https:\/\/portaltela.pt\/?s={search_term_string}"},"query-input":{"@type":"PropertyValueSpecification","valueRequired":true,"valueName":"search_term_string"}}],"inLanguage":"pt-PT"},{"@type":"Person","@id":"https:\/\/portaltela.pt\/#\/schema\/person\/c4278d4a6028830caff9ee44b42d32ed","name":"Telinha","image":{"@type":"ImageObject","inLanguage":"pt-PT","@id":"https:\/\/portaltela.pt\/s.01k8rhncp4jt1\/2025\/11\/talking-bot-125x125.png","url":"https:\/\/portaltela.pt\/s.01k8rhncp4jt1\/2025\/11\/talking-bot-125x125.png","contentUrl":"https:\/\/portaltela.pt\/s.01k8rhncp4jt1\/2025\/11\/talking-bot-125x125.png","caption":"Telinha"},"sameAs":["https:\/\/portaltela.pt\/"],"url":"https:\/\/portaltela.pt\/por\/367410592786\/"}]}},"_links":{"self":[{"href":"https:\/\/portaltela.pt\/api\/wp\/v2\/posts\/215267","targetHints":{"allow":["GET"]}}],"collection":[{"href":"https:\/\/portaltela.pt\/api\/wp\/v2\/posts"}],"about":[{"href":"https:\/\/portaltela.pt\/api\/wp\/v2\/types\/post"}],"author":[{"embeddable":true,"href":"https:\/\/portaltela.pt\/api\/wp\/v2\/users\/2"}],"replies":[{"embeddable":true,"href":"https:\/\/portaltela.pt\/api\/wp\/v2\/comments?post=215267"}],"version-history":[{"count":0,"href":"https:\/\/portaltela.pt\/api\/wp\/v2\/posts\/215267\/revisions"}],"wp:featuredmedia":[{"embeddable":true,"href":"https:\/\/portaltela.pt\/api\/wp\/v2\/media\/215271"}],"wp:attachment":[{"href":"https:\/\/portaltela.pt\/api\/wp\/v2\/media?parent=215267"}],"wp:term":[{"taxonomy":"category","embeddable":true,"href":"https:\/\/portaltela.pt\/api\/wp\/v2\/categories?post=215267"},{"taxonomy":"post_tag","embeddable":true,"href":"https:\/\/portaltela.pt\/api\/wp\/v2\/tags?post=215267"}],"curies":[{"name":"wp","href":"https:\/\/api.w.org\/{rel}","templated":true}]}}