{"id":215261,"date":"2026-02-17T21:00:00","date_gmt":"2026-02-18T00:00:00","guid":{"rendered":"https:\/\/portaltela.pt\/noticias\/2026\/02\/17\/reforma-necessaria-em-debate-para-corrigir-falhas\/"},"modified":"2026-02-17T21:00:00","modified_gmt":"2026-02-18T00:00:00","slug":"reforma-necessaria-em-debate-para-corrigir-falhas","status":"publish","type":"post","link":"https:\/\/portaltela.pt\/noticias\/2026\/02\/17\/reforma-necessaria-em-debate-para-corrigir-falhas\/","title":{"rendered":"Reforma necess\u00e1ria em debate para corrigir falhas"},"content":{"rendered":"<p>A reforma que falta volta a ganhar terreno em Portugal. O debate sobre a regionaliza\u00e7\u00e3o surge numa altura de avalia\u00e7\u00e3o do funcionamento do Estado-facea-face com o territ\u00f3rio. Ap\u00f3s a depress\u00e3o Kristin, surgem perguntas sobre efici\u00eancia, custos e organiza\u00e7\u00e3o administrativa.<\/p>\n<p>Defensores da regionaliza\u00e7\u00e3o argumentam que o pa\u00eds \u00e9 muito pequeno para ter um modelo centralista. Apontam que muitos pa\u00edses europeus t\u00eam gest\u00e3o regional e que o n\u00famero de elei\u00e7\u00f5es locais pode manter-se, com sal\u00e1rios equivalentes aos atuais dirigentes das CCDR.<\/p>\n<p>Quem sustenta a mudan\u00e7a aponta que o or\u00e7amento regional pode reduzir desperd\u00edcios. Criticam a multiplica\u00e7\u00e3o de institutos, ag\u00eancias e entidades p\u00fablicas sob o centralismo, que dificultariam o planeamento e a resposta a crises.<\/p>\n<p>Coimbra e Leiria s\u00e3o citadas como exemplos de autarquias com compet\u00eancias pr\u00f3prias, segundo os proponentes. Argumentam que um poder interm\u00e9dio pode melhorar a coordena\u00e7\u00e3o entre servi\u00e7os locais e regionais.<\/p>\n<h3>Benef\u00edcios e desafios<\/h3>\n<p>A discuss\u00e3o envolve a elimina\u00e7\u00e3o de burocracia excessiva e a melhoria de respostas r\u00e1pidas a cat\u00e1strofes. Questiona-se se o modelo atual assegura o ordenamento do territ\u00f3rio e o socorro adequado ap\u00f3s eventos como Kristin.<\/p>\n<p>Alguns cr\u00edticos defendem que n\u00e3o \u00e9 apenas uma mudan\u00e7a formal, mas uma reformula\u00e7\u00e3o de responsabilidades. Apontam que a regionaliza\u00e7\u00e3o pode exigir recursos humanos e financeiros adicionais para funcionar devidamente.<\/p>\n<p>A pol\u00e9mica persiste entre manter o centralismo ou avan\u00e7ar para uma estrutura regional. O debate continua a dividir opini\u00f5es entre pol\u00edticos, especialistas e autarcas, sem uma conclus\u00e3o anunciada.<\/p>\n<p>Ap\u00f3s Kristin, a regionaliza\u00e7\u00e3o deixa de ser tema pol\u00e9mico para passar a reconhecida necessidade de organiza\u00e7\u00e3o mais eficaz. O conhecimento p\u00fablico exige, por\u00e9m, uma avalia\u00e7\u00e3o t\u00e9cnica e factual.<\/p>\n","protected":false},"excerpt":{"rendered":"<ul>\n<li>O texto defende que a regionaliza\u00e7\u00e3o deixou de ser opini\u00e3o pol\u00e9mica e \u00e9 apresentada como necess\u00e1ria ap\u00f3s a depress\u00e3o Kristin, apontando falhas do centralismo.<\/li>\n<li>Cita que 31 000 pessoas ficaram sem energia tr\u00eas semanas ap\u00f3s Kristin, como exemplo da descoordena\u00e7\u00e3o sob o centralismo.<\/li>\n<li>Argumenta que v\u00e1rios pa\u00edses europeus menores t\u00eam organiza\u00e7\u00e3o regional e que o n\u00famero e o sal\u00e1rio dos eleitos nas estruturas regionais podem manter-se semelhante aos atuais dirigentes das CCDR.<\/li>\n<li>Defende que o or\u00e7amento regional pode reduzir desperd\u00edcios entre institutos, ag\u00eancias, funda\u00e7\u00f5es e empresas p\u00fablicas do Estado central.<\/li>\n<li>Atribui \u00e0 regionaliza\u00e7\u00e3o a possibilidade de melhorar o socorro em situa\u00e7\u00f5es de calamidade e o ordenamento do territ\u00f3rio, para minimizar impactos de desastres.<\/li>\n<\/ul>\n","protected":false},"author":2,"featured_media":215265,"comment_status":"closed","ping_status":"closed","sticky":false,"template":"","format":"standard","meta":{"footnotes":""},"categories":[1],"tags":[168,2706,1275,34,1506,1778],"class_list":["post-215261","post","type-post","status-publish","format-standard","has-post-thumbnail","hentry","category-noticias","tag-administracao-publica","tag-autarquias","tag-descentralizacao-territorial","tag-governo","tag-ordenamento-do-territorio","tag-regionalizacao-territorial"],"yoast_head":"<!-- This site is optimized with the Yoast SEO plugin v27.2 - https:\/\/yoast.com\/product\/yoast-seo-wordpress\/ -->\n<title>Reforma necess\u00e1ria em debate para corrigir falhas - Portal Tela Portugal<\/title>\n<meta name=\"robots\" content=\"index, follow, max-snippet:-1, max-image-preview:large, max-video-preview:-1\" \/>\n<meta property=\"og:locale\" content=\"pt_PT\" \/>\n<meta property=\"og:type\" content=\"article\" \/>\n<meta property=\"og:title\" content=\"Reforma necess\u00e1ria em debate para corrigir falhas - Portal Tela Portugal\" \/>\n<meta property=\"og:description\" content=\"O texto defende que a regionaliza\u00e7\u00e3o deixou de ser opini\u00e3o pol\u00e9mica e \u00e9 apresentada como necess\u00e1ria ap\u00f3s a depress\u00e3o Kristin, apontando falhas do centralismo. Cita que 31 000 pessoas ficaram sem energia tr\u00eas semanas ap\u00f3s Kristin, como exemplo da descoordena\u00e7\u00e3o sob o centralismo. Argumenta que v\u00e1rios pa\u00edses europeus menores t\u00eam organiza\u00e7\u00e3o regional e que o n\u00famero e o sal\u00e1rio dos eleitos nas estruturas regionais podem manter-se semelhante aos atuais dirigentes das CCDR. Defende que o or\u00e7amento regional pode reduzir desperd\u00edcios entre institutos, ag\u00eancias, funda\u00e7\u00f5es e empresas p\u00fablicas do Estado central. Atribui \u00e0 regionaliza\u00e7\u00e3o a possibilidade de melhorar o socorro em situa\u00e7\u00f5es de calamidade e o ordenamento do territ\u00f3rio, para minimizar impactos de desastres.\" \/>\n<meta property=\"og:url\" content=\"https:\/\/portaltela.pt\/noticias\/2026\/02\/17\/reforma-necessaria-em-debate-para-corrigir-falhas\/\" \/>\n<meta property=\"og:site_name\" content=\"Portal Tela Portugal\" \/>\n<meta property=\"article:published_time\" content=\"2026-02-18T00:00:00+00:00\" \/>\n<meta name=\"author\" content=\"Telinha\" \/>\n<meta name=\"twitter:card\" content=\"summary_large_image\" \/>\n<meta name=\"twitter:label1\" content=\"Escrito por\" \/>\n\t<meta name=\"twitter:data1\" content=\"Telinha\" \/>\n\t<meta name=\"twitter:label2\" content=\"Tempo estimado de leitura\" \/>\n\t<meta name=\"twitter:data2\" content=\"2 minutos\" \/>\n<script type=\"application\/ld+json\" class=\"yoast-schema-graph\">{\"@context\":\"https:\/\/schema.org\",\"@graph\":[{\"@type\":\"Article\",\"@id\":\"https:\/\/portaltela.pt\/noticias\/2026\/02\/17\/reforma-necessaria-em-debate-para-corrigir-falhas\/#article\",\"isPartOf\":{\"@id\":\"https:\/\/portaltela.pt\/noticias\/2026\/02\/17\/reforma-necessaria-em-debate-para-corrigir-falhas\/\"},\"author\":{\"name\":\"Telinha\",\"@id\":\"https:\/\/portaltela.pt\/#\/schema\/person\/c4278d4a6028830caff9ee44b42d32ed\"},\"headline\":\"Reforma necess\u00e1ria em debate para corrigir falhas\",\"datePublished\":\"2026-02-18T00:00:00+00:00\",\"mainEntityOfPage\":{\"@id\":\"https:\/\/portaltela.pt\/noticias\/2026\/02\/17\/reforma-necessaria-em-debate-para-corrigir-falhas\/\"},\"wordCount\":321,\"image\":{\"@id\":\"https:\/\/portaltela.pt\/noticias\/2026\/02\/17\/reforma-necessaria-em-debate-para-corrigir-falhas\/#primaryimage\"},\"thumbnailUrl\":\"https:\/\/portaltela.pt\/s.01k8rhncp4jt1\/2026\/02\/6dab4080-abdd-48bc-b08b-01c7dd7d0296_1200x675-1.jpg\",\"keywords\":[\"administra\u00e7\u00e3o p\u00fablica\",\"autarquias\",\"descentraliza\u00e7\u00e3o territorial\",\"governo\",\"ordenamento do territ\u00f3rio\",\"regionaliza\u00e7\u00e3o territorial\"],\"articleSection\":[\"Not\u00edcias\"],\"inLanguage\":\"pt-PT\"},{\"@type\":\"WebPage\",\"@id\":\"https:\/\/portaltela.pt\/noticias\/2026\/02\/17\/reforma-necessaria-em-debate-para-corrigir-falhas\/\",\"url\":\"https:\/\/portaltela.pt\/noticias\/2026\/02\/17\/reforma-necessaria-em-debate-para-corrigir-falhas\/\",\"name\":\"Reforma necess\u00e1ria em debate para corrigir falhas - Portal Tela Portugal\",\"isPartOf\":{\"@id\":\"https:\/\/portaltela.pt\/#website\"},\"primaryImageOfPage\":{\"@id\":\"https:\/\/portaltela.pt\/noticias\/2026\/02\/17\/reforma-necessaria-em-debate-para-corrigir-falhas\/#primaryimage\"},\"image\":{\"@id\":\"https:\/\/portaltela.pt\/noticias\/2026\/02\/17\/reforma-necessaria-em-debate-para-corrigir-falhas\/#primaryimage\"},\"thumbnailUrl\":\"https:\/\/portaltela.pt\/s.01k8rhncp4jt1\/2026\/02\/6dab4080-abdd-48bc-b08b-01c7dd7d0296_1200x675-1.jpg\",\"datePublished\":\"2026-02-18T00:00:00+00:00\",\"author\":{\"@id\":\"https:\/\/portaltela.pt\/#\/schema\/person\/c4278d4a6028830caff9ee44b42d32ed\"},\"breadcrumb\":{\"@id\":\"https:\/\/portaltela.pt\/noticias\/2026\/02\/17\/reforma-necessaria-em-debate-para-corrigir-falhas\/#breadcrumb\"},\"inLanguage\":\"pt-PT\",\"potentialAction\":[{\"@type\":\"ReadAction\",\"target\":[\"https:\/\/portaltela.pt\/noticias\/2026\/02\/17\/reforma-necessaria-em-debate-para-corrigir-falhas\/\"]}]},{\"@type\":\"ImageObject\",\"inLanguage\":\"pt-PT\",\"@id\":\"https:\/\/portaltela.pt\/noticias\/2026\/02\/17\/reforma-necessaria-em-debate-para-corrigir-falhas\/#primaryimage\",\"url\":\"https:\/\/portaltela.pt\/s.01k8rhncp4jt1\/2026\/02\/6dab4080-abdd-48bc-b08b-01c7dd7d0296_1200x675-1.jpg\",\"contentUrl\":\"https:\/\/portaltela.pt\/s.01k8rhncp4jt1\/2026\/02\/6dab4080-abdd-48bc-b08b-01c7dd7d0296_1200x675-1.jpg\",\"width\":796,\"height\":448,\"caption\":\"Photo\"},{\"@type\":\"BreadcrumbList\",\"@id\":\"https:\/\/portaltela.pt\/noticias\/2026\/02\/17\/reforma-necessaria-em-debate-para-corrigir-falhas\/#breadcrumb\",\"itemListElement\":[{\"@type\":\"ListItem\",\"position\":1,\"name\":\"In\u00edcio\",\"item\":\"https:\/\/portaltela.pt\/\"},{\"@type\":\"ListItem\",\"position\":2,\"name\":\"Reforma necess\u00e1ria em debate para corrigir falhas\"}]},{\"@type\":\"WebSite\",\"@id\":\"https:\/\/portaltela.pt\/#website\",\"url\":\"https:\/\/portaltela.pt\/\",\"name\":\"Portal Tela Portugal\",\"description\":\"\",\"potentialAction\":[{\"@type\":\"SearchAction\",\"target\":{\"@type\":\"EntryPoint\",\"urlTemplate\":\"https:\/\/portaltela.pt\/?s={search_term_string}\"},\"query-input\":{\"@type\":\"PropertyValueSpecification\",\"valueRequired\":true,\"valueName\":\"search_term_string\"}}],\"inLanguage\":\"pt-PT\"},{\"@type\":\"Person\",\"@id\":\"https:\/\/portaltela.pt\/#\/schema\/person\/c4278d4a6028830caff9ee44b42d32ed\",\"name\":\"Telinha\",\"image\":{\"@type\":\"ImageObject\",\"inLanguage\":\"pt-PT\",\"@id\":\"https:\/\/portaltela.pt\/s.01k8rhncp4jt1\/2025\/11\/talking-bot-125x125.png\",\"url\":\"https:\/\/portaltela.pt\/s.01k8rhncp4jt1\/2025\/11\/talking-bot-125x125.png\",\"contentUrl\":\"https:\/\/portaltela.pt\/s.01k8rhncp4jt1\/2025\/11\/talking-bot-125x125.png\",\"caption\":\"Telinha\"},\"sameAs\":[\"https:\/\/portaltela.pt\/\"],\"url\":\"https:\/\/portaltela.pt\/por\/367410592786\/\"}]}<\/script>\n<!-- \/ Yoast SEO plugin. -->","yoast_head_json":{"title":"Reforma necess\u00e1ria em debate para corrigir falhas - Portal Tela Portugal","robots":{"index":"index","follow":"follow","max-snippet":"max-snippet:-1","max-image-preview":"max-image-preview:large","max-video-preview":"max-video-preview:-1"},"og_locale":"pt_PT","og_type":"article","og_title":"Reforma necess\u00e1ria em debate para corrigir falhas - Portal Tela Portugal","og_description":"O texto defende que a regionaliza\u00e7\u00e3o deixou de ser opini\u00e3o pol\u00e9mica e \u00e9 apresentada como necess\u00e1ria ap\u00f3s a depress\u00e3o Kristin, apontando falhas do centralismo. Cita que 31 000 pessoas ficaram sem energia tr\u00eas semanas ap\u00f3s Kristin, como exemplo da descoordena\u00e7\u00e3o sob o centralismo. Argumenta que v\u00e1rios pa\u00edses europeus menores t\u00eam organiza\u00e7\u00e3o regional e que o n\u00famero e o sal\u00e1rio dos eleitos nas estruturas regionais podem manter-se semelhante aos atuais dirigentes das CCDR. Defende que o or\u00e7amento regional pode reduzir desperd\u00edcios entre institutos, ag\u00eancias, funda\u00e7\u00f5es e empresas p\u00fablicas do Estado central. Atribui \u00e0 regionaliza\u00e7\u00e3o a possibilidade de melhorar o socorro em situa\u00e7\u00f5es de calamidade e o ordenamento do territ\u00f3rio, para minimizar impactos de desastres.","og_url":"https:\/\/portaltela.pt\/noticias\/2026\/02\/17\/reforma-necessaria-em-debate-para-corrigir-falhas\/","og_site_name":"Portal Tela Portugal","article_published_time":"2026-02-18T00:00:00+00:00","author":"Telinha","twitter_card":"summary_large_image","twitter_misc":{"Escrito por":"Telinha","Tempo estimado de leitura":"2 minutos"},"schema":{"@context":"https:\/\/schema.org","@graph":[{"@type":"Article","@id":"https:\/\/portaltela.pt\/noticias\/2026\/02\/17\/reforma-necessaria-em-debate-para-corrigir-falhas\/#article","isPartOf":{"@id":"https:\/\/portaltela.pt\/noticias\/2026\/02\/17\/reforma-necessaria-em-debate-para-corrigir-falhas\/"},"author":{"name":"Telinha","@id":"https:\/\/portaltela.pt\/#\/schema\/person\/c4278d4a6028830caff9ee44b42d32ed"},"headline":"Reforma necess\u00e1ria em debate para corrigir falhas","datePublished":"2026-02-18T00:00:00+00:00","mainEntityOfPage":{"@id":"https:\/\/portaltela.pt\/noticias\/2026\/02\/17\/reforma-necessaria-em-debate-para-corrigir-falhas\/"},"wordCount":321,"image":{"@id":"https:\/\/portaltela.pt\/noticias\/2026\/02\/17\/reforma-necessaria-em-debate-para-corrigir-falhas\/#primaryimage"},"thumbnailUrl":"https:\/\/portaltela.pt\/s.01k8rhncp4jt1\/2026\/02\/6dab4080-abdd-48bc-b08b-01c7dd7d0296_1200x675-1.jpg","keywords":["administra\u00e7\u00e3o p\u00fablica","autarquias","descentraliza\u00e7\u00e3o territorial","governo","ordenamento do territ\u00f3rio","regionaliza\u00e7\u00e3o territorial"],"articleSection":["Not\u00edcias"],"inLanguage":"pt-PT"},{"@type":"WebPage","@id":"https:\/\/portaltela.pt\/noticias\/2026\/02\/17\/reforma-necessaria-em-debate-para-corrigir-falhas\/","url":"https:\/\/portaltela.pt\/noticias\/2026\/02\/17\/reforma-necessaria-em-debate-para-corrigir-falhas\/","name":"Reforma necess\u00e1ria em debate para corrigir falhas - Portal Tela Portugal","isPartOf":{"@id":"https:\/\/portaltela.pt\/#website"},"primaryImageOfPage":{"@id":"https:\/\/portaltela.pt\/noticias\/2026\/02\/17\/reforma-necessaria-em-debate-para-corrigir-falhas\/#primaryimage"},"image":{"@id":"https:\/\/portaltela.pt\/noticias\/2026\/02\/17\/reforma-necessaria-em-debate-para-corrigir-falhas\/#primaryimage"},"thumbnailUrl":"https:\/\/portaltela.pt\/s.01k8rhncp4jt1\/2026\/02\/6dab4080-abdd-48bc-b08b-01c7dd7d0296_1200x675-1.jpg","datePublished":"2026-02-18T00:00:00+00:00","author":{"@id":"https:\/\/portaltela.pt\/#\/schema\/person\/c4278d4a6028830caff9ee44b42d32ed"},"breadcrumb":{"@id":"https:\/\/portaltela.pt\/noticias\/2026\/02\/17\/reforma-necessaria-em-debate-para-corrigir-falhas\/#breadcrumb"},"inLanguage":"pt-PT","potentialAction":[{"@type":"ReadAction","target":["https:\/\/portaltela.pt\/noticias\/2026\/02\/17\/reforma-necessaria-em-debate-para-corrigir-falhas\/"]}]},{"@type":"ImageObject","inLanguage":"pt-PT","@id":"https:\/\/portaltela.pt\/noticias\/2026\/02\/17\/reforma-necessaria-em-debate-para-corrigir-falhas\/#primaryimage","url":"https:\/\/portaltela.pt\/s.01k8rhncp4jt1\/2026\/02\/6dab4080-abdd-48bc-b08b-01c7dd7d0296_1200x675-1.jpg","contentUrl":"https:\/\/portaltela.pt\/s.01k8rhncp4jt1\/2026\/02\/6dab4080-abdd-48bc-b08b-01c7dd7d0296_1200x675-1.jpg","width":796,"height":448,"caption":"Photo"},{"@type":"BreadcrumbList","@id":"https:\/\/portaltela.pt\/noticias\/2026\/02\/17\/reforma-necessaria-em-debate-para-corrigir-falhas\/#breadcrumb","itemListElement":[{"@type":"ListItem","position":1,"name":"In\u00edcio","item":"https:\/\/portaltela.pt\/"},{"@type":"ListItem","position":2,"name":"Reforma necess\u00e1ria em debate para corrigir falhas"}]},{"@type":"WebSite","@id":"https:\/\/portaltela.pt\/#website","url":"https:\/\/portaltela.pt\/","name":"Portal Tela Portugal","description":"","potentialAction":[{"@type":"SearchAction","target":{"@type":"EntryPoint","urlTemplate":"https:\/\/portaltela.pt\/?s={search_term_string}"},"query-input":{"@type":"PropertyValueSpecification","valueRequired":true,"valueName":"search_term_string"}}],"inLanguage":"pt-PT"},{"@type":"Person","@id":"https:\/\/portaltela.pt\/#\/schema\/person\/c4278d4a6028830caff9ee44b42d32ed","name":"Telinha","image":{"@type":"ImageObject","inLanguage":"pt-PT","@id":"https:\/\/portaltela.pt\/s.01k8rhncp4jt1\/2025\/11\/talking-bot-125x125.png","url":"https:\/\/portaltela.pt\/s.01k8rhncp4jt1\/2025\/11\/talking-bot-125x125.png","contentUrl":"https:\/\/portaltela.pt\/s.01k8rhncp4jt1\/2025\/11\/talking-bot-125x125.png","caption":"Telinha"},"sameAs":["https:\/\/portaltela.pt\/"],"url":"https:\/\/portaltela.pt\/por\/367410592786\/"}]}},"_links":{"self":[{"href":"https:\/\/portaltela.pt\/api\/wp\/v2\/posts\/215261","targetHints":{"allow":["GET"]}}],"collection":[{"href":"https:\/\/portaltela.pt\/api\/wp\/v2\/posts"}],"about":[{"href":"https:\/\/portaltela.pt\/api\/wp\/v2\/types\/post"}],"author":[{"embeddable":true,"href":"https:\/\/portaltela.pt\/api\/wp\/v2\/users\/2"}],"replies":[{"embeddable":true,"href":"https:\/\/portaltela.pt\/api\/wp\/v2\/comments?post=215261"}],"version-history":[{"count":0,"href":"https:\/\/portaltela.pt\/api\/wp\/v2\/posts\/215261\/revisions"}],"wp:featuredmedia":[{"embeddable":true,"href":"https:\/\/portaltela.pt\/api\/wp\/v2\/media\/215265"}],"wp:attachment":[{"href":"https:\/\/portaltela.pt\/api\/wp\/v2\/media?parent=215261"}],"wp:term":[{"taxonomy":"category","embeddable":true,"href":"https:\/\/portaltela.pt\/api\/wp\/v2\/categories?post=215261"},{"taxonomy":"post_tag","embeddable":true,"href":"https:\/\/portaltela.pt\/api\/wp\/v2\/tags?post=215261"}],"curies":[{"name":"wp","href":"https:\/\/api.w.org\/{rel}","templated":true}]}}