{"id":215148,"date":"2026-02-17T17:51:12","date_gmt":"2026-02-17T20:51:12","guid":{"rendered":"https:\/\/portaltela.pt\/noticias\/2026\/02\/17\/militares-transportam-mais-de-400-pessoas-em-ereira\/"},"modified":"2026-02-17T17:51:12","modified_gmt":"2026-02-17T20:51:12","slug":"militares-transportam-mais-de-400-pessoas-em-ereira","status":"publish","type":"post","link":"https:\/\/portaltela.pt\/noticias\/2026\/02\/17\/militares-transportam-mais-de-400-pessoas-em-ereira\/","title":{"rendered":"Militares transportam mais de 400 pessoas em Ereira"},"content":{"rendered":"<p>O Estado-Maior-General das For\u00e7as Armadas (EMGFA) atualizou o balan\u00e7o da opera\u00e7\u00e3o de resposta \u00e0s cheias, indicando que 427 pessoas foram transportadas em meios anf\u00edbios em Ereira, freguesia de Montemor-o-Velho. A opera\u00e7\u00e3o decorreu na ter\u00e7a-feira, com apoio coordenado com entidades locais.<\/p>\n<p>At\u00e9 \u00e0s 18h00 de ter\u00e7a-feira estiveram no terreno 2.652 militares, 323 viaturas, 27 m\u00e1quinas de engenharia, 63 embarca\u00e7\u00f5es e nove meios a\u00e9reos. O objetivo foi apoiar as popula\u00e7\u00f5es afetadas pelo mau tempo na regi\u00e3o.<\/p>\n<p>Al\u00e9m dos transportes, as For\u00e7as Armadas realizaram 21 a\u00e7\u00f5es de apoio psicol\u00f3gico, distribu\u00edram 32 refei\u00e7\u00f5es em Leiria e executaram 22 a\u00e7\u00f5es de apoio a habita\u00e7\u00f5es, com coloca\u00e7\u00e3o de lonas e repara\u00e7\u00e3o de coberturas.<\/p>\n<h3>Opera\u00e7\u00e3o Intemp\u00e9ries: dados e atividades<\/h3>\n<p>Foram transportadas 427 pessoas por meios anf\u00edbios em Ereira e 192 cidad\u00e3os, em coordena\u00e7\u00e3o com as entidades locais, sobretudo em Montemor-o-Velho. O EMGFA tamb\u00e9m reporta apoio log\u00edstico com 27 toneladas de carga, principalmente em Pedr\u00f3g\u00e3o Grande e Alc\u00e1cer do Sal, e remo\u00e7\u00e3o de 18 toneladas de escombros.<\/p>\n<p>Os militares realizaram 63 a\u00e7\u00f5es de apoio a geradores, percorreram 5.421 quil\u00f3metros em 76 patrulhas, efetuaram dois voos de reconhecimento e distribu\u00edram 160 quil\u00f3metros de a\u00e7\u00f5es de avalia\u00e7\u00e3o de \u00e1reas sinistradas. Ao todo, 4.3792 militares foram mobilizados, com 5.381 viaturas, 396 m\u00e1quinas de engenharia e 863 meios anf\u00edbios.<\/p>\n<p>Nos \u00faltimos dias, 16 pessoas morreram no pa\u00eds em consequ\u00eancia das depress\u00f5es Kristin, Leonardo e Marta, com graves efeitos em v\u00e1rias regi\u00f5es, incluindo destrui\u00e7\u00e3o de habita\u00e7\u00f5es, cortes de energia e inunda\u00e7\u00f5es. As zonas Centro, de Lisboa e Vale do Tejo e o Alentejo foram as mais afetadas.<\/p>\n","protected":false},"excerpt":{"rendered":"<ul>\n<li>At\u00e9 \u00e0s 18h00 de ter\u00e7a-feira estiveram no terreno 2.652 militares, 323 viaturas, 27 m\u00e1quinas de engenharia, 63 embarca\u00e7\u00f5es e nove meios a\u00e9reos.<\/li>\n<li>Em Ereira, Montemor-o-Velho, foram transportadas 427 pessoas por meios anf\u00edbios e 192 cidad\u00e3os foram transportados em coordena\u00e7\u00e3o com as entidades locais.<\/li>\n<li>Foram prestados apoios: apoio psicol\u00f3gico a 21 pessoas na Marinha Grande, 32 refei\u00e7\u00f5es em Leiria e 22 a\u00e7\u00f5es de apoio a habita\u00e7\u00f5es com coloca\u00e7\u00e3o de lonas e reparos.<\/li>\n<li>Entre atividades log\u00edsticas, transportaram-se 27 toneladas de carga, removeram-se 18 toneladas de escombros, abriram-se sete quil\u00f3metros de itiner\u00e1rios e realizaram-se 63 a\u00e7\u00f5es de apoio a geradores; foram ainda feitos 3 quil\u00f3metros de reconhecimento de infraestruturas el\u00e9tricas, 5.421 quil\u00f3metros percorridos em 76 patrulhas, 2 voos de reconhecimento e 160 quil\u00f3metros de a\u00e7\u00f5es de reconhecimento.<\/li>\n<li>Em acumulado, at\u00e9 hoje, as For\u00e7as Armadas mobilizaram 4.3792 militares, 5.381 viaturas, 396 m\u00e1quinas de engenharia, 863 meios anf\u00edbios, 37 miss\u00f5es a\u00e9reas e 92 horas de voo; 16 pessoas morreram no pa\u00eds devido \u00e0s depress\u00f5es Kristin, Leonardo e Marta.<\/li>\n<\/ul>\n","protected":false},"author":2,"featured_media":215149,"comment_status":"closed","ping_status":"closed","sticky":false,"template":"","format":"standard","meta":{"footnotes":""},"categories":[1],"tags":[5928,1779,2293,1385,4860,320],"class_list":["post-215148","post","type-post","status-publish","format-standard","has-post-thumbnail","hentry","category-noticias","tag-emergencia","tag-forcas-armadas","tag-inundacoes","tag-leiria","tag-pedrogao-grande","tag-protecao-civil"],"yoast_head":"<!-- This site is optimized with the Yoast SEO plugin v27.2 - https:\/\/yoast.com\/product\/yoast-seo-wordpress\/ -->\n<title>Militares transportam mais de 400 pessoas em Ereira - Portal Tela Portugal<\/title>\n<meta name=\"robots\" content=\"index, follow, max-snippet:-1, max-image-preview:large, max-video-preview:-1\" \/>\n<meta property=\"og:locale\" content=\"pt_PT\" \/>\n<meta property=\"og:type\" content=\"article\" \/>\n<meta property=\"og:title\" content=\"Militares transportam mais de 400 pessoas em Ereira - Portal Tela Portugal\" \/>\n<meta property=\"og:description\" content=\"At\u00e9 \u00e0s 18h00 de ter\u00e7a-feira estiveram no terreno 2.652 militares, 323 viaturas, 27 m\u00e1quinas de engenharia, 63 embarca\u00e7\u00f5es e nove meios a\u00e9reos. Em Ereira, Montemor-o-Velho, foram transportadas 427 pessoas por meios anf\u00edbios e 192 cidad\u00e3os foram transportados em coordena\u00e7\u00e3o com as entidades locais. Foram prestados apoios: apoio psicol\u00f3gico a 21 pessoas na Marinha Grande, 32 refei\u00e7\u00f5es em Leiria e 22 a\u00e7\u00f5es de apoio a habita\u00e7\u00f5es com coloca\u00e7\u00e3o de lonas e reparos. Entre atividades log\u00edsticas, transportaram-se 27 toneladas de carga, removeram-se 18 toneladas de escombros, abriram-se sete quil\u00f3metros de itiner\u00e1rios e realizaram-se 63 a\u00e7\u00f5es de apoio a geradores; foram ainda feitos 3 quil\u00f3metros de reconhecimento de infraestruturas el\u00e9tricas, 5.421 quil\u00f3metros percorridos em 76 patrulhas, 2 voos de reconhecimento e 160 quil\u00f3metros de a\u00e7\u00f5es de reconhecimento. Em acumulado, at\u00e9 hoje, as For\u00e7as Armadas mobilizaram 4.3792 militares, 5.381 viaturas, 396 m\u00e1quinas de engenharia, 863 meios anf\u00edbios, 37 miss\u00f5es a\u00e9reas e 92 horas de voo; 16 pessoas morreram no pa\u00eds devido \u00e0s depress\u00f5es Kristin, Leonardo e Marta.\" \/>\n<meta property=\"og:url\" content=\"https:\/\/portaltela.pt\/noticias\/2026\/02\/17\/militares-transportam-mais-de-400-pessoas-em-ereira\/\" \/>\n<meta property=\"og:site_name\" content=\"Portal Tela Portugal\" \/>\n<meta property=\"article:published_time\" content=\"2026-02-17T20:51:12+00:00\" \/>\n<meta name=\"author\" content=\"Telinha\" \/>\n<meta name=\"twitter:card\" content=\"summary_large_image\" \/>\n<meta name=\"twitter:label1\" content=\"Escrito por\" \/>\n\t<meta name=\"twitter:data1\" content=\"Telinha\" \/>\n\t<meta name=\"twitter:label2\" content=\"Tempo estimado de leitura\" \/>\n\t<meta name=\"twitter:data2\" content=\"1 minuto\" \/>\n<script type=\"application\/ld+json\" class=\"yoast-schema-graph\">{\"@context\":\"https:\/\/schema.org\",\"@graph\":[{\"@type\":\"Article\",\"@id\":\"https:\/\/portaltela.pt\/noticias\/2026\/02\/17\/militares-transportam-mais-de-400-pessoas-em-ereira\/#article\",\"isPartOf\":{\"@id\":\"https:\/\/portaltela.pt\/noticias\/2026\/02\/17\/militares-transportam-mais-de-400-pessoas-em-ereira\/\"},\"author\":{\"name\":\"Telinha\",\"@id\":\"https:\/\/portaltela.pt\/#\/schema\/person\/c4278d4a6028830caff9ee44b42d32ed\"},\"headline\":\"Militares transportam mais de 400 pessoas em Ereira\",\"datePublished\":\"2026-02-17T20:51:12+00:00\",\"mainEntityOfPage\":{\"@id\":\"https:\/\/portaltela.pt\/noticias\/2026\/02\/17\/militares-transportam-mais-de-400-pessoas-em-ereira\/\"},\"wordCount\":289,\"image\":{\"@id\":\"https:\/\/portaltela.pt\/noticias\/2026\/02\/17\/militares-transportam-mais-de-400-pessoas-em-ereira\/#primaryimage\"},\"thumbnailUrl\":\"https:\/\/portaltela.pt\/s.01k8rhncp4jt1\/2026\/02\/img_1500x1000uu2022-07-05-00-45-06-1165540.jpg\",\"keywords\":[\"emerg\u00eancia\",\"For\u00e7as Armadas\",\"inunda\u00e7\u00f5es\",\"Leiria\",\"Pedr\u00f3g\u00e3o Grande\",\"prote\u00e7\u00e3o civil\"],\"articleSection\":[\"Not\u00edcias\"],\"inLanguage\":\"pt-PT\"},{\"@type\":\"WebPage\",\"@id\":\"https:\/\/portaltela.pt\/noticias\/2026\/02\/17\/militares-transportam-mais-de-400-pessoas-em-ereira\/\",\"url\":\"https:\/\/portaltela.pt\/noticias\/2026\/02\/17\/militares-transportam-mais-de-400-pessoas-em-ereira\/\",\"name\":\"Militares transportam mais de 400 pessoas em Ereira - Portal Tela Portugal\",\"isPartOf\":{\"@id\":\"https:\/\/portaltela.pt\/#website\"},\"primaryImageOfPage\":{\"@id\":\"https:\/\/portaltela.pt\/noticias\/2026\/02\/17\/militares-transportam-mais-de-400-pessoas-em-ereira\/#primaryimage\"},\"image\":{\"@id\":\"https:\/\/portaltela.pt\/noticias\/2026\/02\/17\/militares-transportam-mais-de-400-pessoas-em-ereira\/#primaryimage\"},\"thumbnailUrl\":\"https:\/\/portaltela.pt\/s.01k8rhncp4jt1\/2026\/02\/img_1500x1000uu2022-07-05-00-45-06-1165540.jpg\",\"datePublished\":\"2026-02-17T20:51:12+00:00\",\"author\":{\"@id\":\"https:\/\/portaltela.pt\/#\/schema\/person\/c4278d4a6028830caff9ee44b42d32ed\"},\"breadcrumb\":{\"@id\":\"https:\/\/portaltela.pt\/noticias\/2026\/02\/17\/militares-transportam-mais-de-400-pessoas-em-ereira\/#breadcrumb\"},\"inLanguage\":\"pt-PT\",\"potentialAction\":[{\"@type\":\"ReadAction\",\"target\":[\"https:\/\/portaltela.pt\/noticias\/2026\/02\/17\/militares-transportam-mais-de-400-pessoas-em-ereira\/\"]}]},{\"@type\":\"ImageObject\",\"inLanguage\":\"pt-PT\",\"@id\":\"https:\/\/portaltela.pt\/noticias\/2026\/02\/17\/militares-transportam-mais-de-400-pessoas-em-ereira\/#primaryimage\",\"url\":\"https:\/\/portaltela.pt\/s.01k8rhncp4jt1\/2026\/02\/img_1500x1000uu2022-07-05-00-45-06-1165540.jpg\",\"contentUrl\":\"https:\/\/portaltela.pt\/s.01k8rhncp4jt1\/2026\/02\/img_1500x1000uu2022-07-05-00-45-06-1165540.jpg\",\"width\":796,\"height\":448,\"caption\":\"For\u00e7as Armadas\"},{\"@type\":\"BreadcrumbList\",\"@id\":\"https:\/\/portaltela.pt\/noticias\/2026\/02\/17\/militares-transportam-mais-de-400-pessoas-em-ereira\/#breadcrumb\",\"itemListElement\":[{\"@type\":\"ListItem\",\"position\":1,\"name\":\"In\u00edcio\",\"item\":\"https:\/\/portaltela.pt\/\"},{\"@type\":\"ListItem\",\"position\":2,\"name\":\"Militares transportam mais de 400 pessoas em Ereira\"}]},{\"@type\":\"WebSite\",\"@id\":\"https:\/\/portaltela.pt\/#website\",\"url\":\"https:\/\/portaltela.pt\/\",\"name\":\"Portal Tela Portugal\",\"description\":\"\",\"potentialAction\":[{\"@type\":\"SearchAction\",\"target\":{\"@type\":\"EntryPoint\",\"urlTemplate\":\"https:\/\/portaltela.pt\/?s={search_term_string}\"},\"query-input\":{\"@type\":\"PropertyValueSpecification\",\"valueRequired\":true,\"valueName\":\"search_term_string\"}}],\"inLanguage\":\"pt-PT\"},{\"@type\":\"Person\",\"@id\":\"https:\/\/portaltela.pt\/#\/schema\/person\/c4278d4a6028830caff9ee44b42d32ed\",\"name\":\"Telinha\",\"image\":{\"@type\":\"ImageObject\",\"inLanguage\":\"pt-PT\",\"@id\":\"https:\/\/portaltela.pt\/s.01k8rhncp4jt1\/2025\/11\/talking-bot-125x125.png\",\"url\":\"https:\/\/portaltela.pt\/s.01k8rhncp4jt1\/2025\/11\/talking-bot-125x125.png\",\"contentUrl\":\"https:\/\/portaltela.pt\/s.01k8rhncp4jt1\/2025\/11\/talking-bot-125x125.png\",\"caption\":\"Telinha\"},\"sameAs\":[\"https:\/\/portaltela.pt\/\"],\"url\":\"https:\/\/portaltela.pt\/por\/367410592786\/\"}]}<\/script>\n<!-- \/ Yoast SEO plugin. -->","yoast_head_json":{"title":"Militares transportam mais de 400 pessoas em Ereira - Portal Tela Portugal","robots":{"index":"index","follow":"follow","max-snippet":"max-snippet:-1","max-image-preview":"max-image-preview:large","max-video-preview":"max-video-preview:-1"},"og_locale":"pt_PT","og_type":"article","og_title":"Militares transportam mais de 400 pessoas em Ereira - Portal Tela Portugal","og_description":"At\u00e9 \u00e0s 18h00 de ter\u00e7a-feira estiveram no terreno 2.652 militares, 323 viaturas, 27 m\u00e1quinas de engenharia, 63 embarca\u00e7\u00f5es e nove meios a\u00e9reos. Em Ereira, Montemor-o-Velho, foram transportadas 427 pessoas por meios anf\u00edbios e 192 cidad\u00e3os foram transportados em coordena\u00e7\u00e3o com as entidades locais. Foram prestados apoios: apoio psicol\u00f3gico a 21 pessoas na Marinha Grande, 32 refei\u00e7\u00f5es em Leiria e 22 a\u00e7\u00f5es de apoio a habita\u00e7\u00f5es com coloca\u00e7\u00e3o de lonas e reparos. Entre atividades log\u00edsticas, transportaram-se 27 toneladas de carga, removeram-se 18 toneladas de escombros, abriram-se sete quil\u00f3metros de itiner\u00e1rios e realizaram-se 63 a\u00e7\u00f5es de apoio a geradores; foram ainda feitos 3 quil\u00f3metros de reconhecimento de infraestruturas el\u00e9tricas, 5.421 quil\u00f3metros percorridos em 76 patrulhas, 2 voos de reconhecimento e 160 quil\u00f3metros de a\u00e7\u00f5es de reconhecimento. Em acumulado, at\u00e9 hoje, as For\u00e7as Armadas mobilizaram 4.3792 militares, 5.381 viaturas, 396 m\u00e1quinas de engenharia, 863 meios anf\u00edbios, 37 miss\u00f5es a\u00e9reas e 92 horas de voo; 16 pessoas morreram no pa\u00eds devido \u00e0s depress\u00f5es Kristin, Leonardo e Marta.","og_url":"https:\/\/portaltela.pt\/noticias\/2026\/02\/17\/militares-transportam-mais-de-400-pessoas-em-ereira\/","og_site_name":"Portal Tela Portugal","article_published_time":"2026-02-17T20:51:12+00:00","author":"Telinha","twitter_card":"summary_large_image","twitter_misc":{"Escrito por":"Telinha","Tempo estimado de leitura":"1 minuto"},"schema":{"@context":"https:\/\/schema.org","@graph":[{"@type":"Article","@id":"https:\/\/portaltela.pt\/noticias\/2026\/02\/17\/militares-transportam-mais-de-400-pessoas-em-ereira\/#article","isPartOf":{"@id":"https:\/\/portaltela.pt\/noticias\/2026\/02\/17\/militares-transportam-mais-de-400-pessoas-em-ereira\/"},"author":{"name":"Telinha","@id":"https:\/\/portaltela.pt\/#\/schema\/person\/c4278d4a6028830caff9ee44b42d32ed"},"headline":"Militares transportam mais de 400 pessoas em Ereira","datePublished":"2026-02-17T20:51:12+00:00","mainEntityOfPage":{"@id":"https:\/\/portaltela.pt\/noticias\/2026\/02\/17\/militares-transportam-mais-de-400-pessoas-em-ereira\/"},"wordCount":289,"image":{"@id":"https:\/\/portaltela.pt\/noticias\/2026\/02\/17\/militares-transportam-mais-de-400-pessoas-em-ereira\/#primaryimage"},"thumbnailUrl":"https:\/\/portaltela.pt\/s.01k8rhncp4jt1\/2026\/02\/img_1500x1000uu2022-07-05-00-45-06-1165540.jpg","keywords":["emerg\u00eancia","For\u00e7as Armadas","inunda\u00e7\u00f5es","Leiria","Pedr\u00f3g\u00e3o Grande","prote\u00e7\u00e3o civil"],"articleSection":["Not\u00edcias"],"inLanguage":"pt-PT"},{"@type":"WebPage","@id":"https:\/\/portaltela.pt\/noticias\/2026\/02\/17\/militares-transportam-mais-de-400-pessoas-em-ereira\/","url":"https:\/\/portaltela.pt\/noticias\/2026\/02\/17\/militares-transportam-mais-de-400-pessoas-em-ereira\/","name":"Militares transportam mais de 400 pessoas em Ereira - Portal Tela Portugal","isPartOf":{"@id":"https:\/\/portaltela.pt\/#website"},"primaryImageOfPage":{"@id":"https:\/\/portaltela.pt\/noticias\/2026\/02\/17\/militares-transportam-mais-de-400-pessoas-em-ereira\/#primaryimage"},"image":{"@id":"https:\/\/portaltela.pt\/noticias\/2026\/02\/17\/militares-transportam-mais-de-400-pessoas-em-ereira\/#primaryimage"},"thumbnailUrl":"https:\/\/portaltela.pt\/s.01k8rhncp4jt1\/2026\/02\/img_1500x1000uu2022-07-05-00-45-06-1165540.jpg","datePublished":"2026-02-17T20:51:12+00:00","author":{"@id":"https:\/\/portaltela.pt\/#\/schema\/person\/c4278d4a6028830caff9ee44b42d32ed"},"breadcrumb":{"@id":"https:\/\/portaltela.pt\/noticias\/2026\/02\/17\/militares-transportam-mais-de-400-pessoas-em-ereira\/#breadcrumb"},"inLanguage":"pt-PT","potentialAction":[{"@type":"ReadAction","target":["https:\/\/portaltela.pt\/noticias\/2026\/02\/17\/militares-transportam-mais-de-400-pessoas-em-ereira\/"]}]},{"@type":"ImageObject","inLanguage":"pt-PT","@id":"https:\/\/portaltela.pt\/noticias\/2026\/02\/17\/militares-transportam-mais-de-400-pessoas-em-ereira\/#primaryimage","url":"https:\/\/portaltela.pt\/s.01k8rhncp4jt1\/2026\/02\/img_1500x1000uu2022-07-05-00-45-06-1165540.jpg","contentUrl":"https:\/\/portaltela.pt\/s.01k8rhncp4jt1\/2026\/02\/img_1500x1000uu2022-07-05-00-45-06-1165540.jpg","width":796,"height":448,"caption":"For\u00e7as Armadas"},{"@type":"BreadcrumbList","@id":"https:\/\/portaltela.pt\/noticias\/2026\/02\/17\/militares-transportam-mais-de-400-pessoas-em-ereira\/#breadcrumb","itemListElement":[{"@type":"ListItem","position":1,"name":"In\u00edcio","item":"https:\/\/portaltela.pt\/"},{"@type":"ListItem","position":2,"name":"Militares transportam mais de 400 pessoas em Ereira"}]},{"@type":"WebSite","@id":"https:\/\/portaltela.pt\/#website","url":"https:\/\/portaltela.pt\/","name":"Portal Tela Portugal","description":"","potentialAction":[{"@type":"SearchAction","target":{"@type":"EntryPoint","urlTemplate":"https:\/\/portaltela.pt\/?s={search_term_string}"},"query-input":{"@type":"PropertyValueSpecification","valueRequired":true,"valueName":"search_term_string"}}],"inLanguage":"pt-PT"},{"@type":"Person","@id":"https:\/\/portaltela.pt\/#\/schema\/person\/c4278d4a6028830caff9ee44b42d32ed","name":"Telinha","image":{"@type":"ImageObject","inLanguage":"pt-PT","@id":"https:\/\/portaltela.pt\/s.01k8rhncp4jt1\/2025\/11\/talking-bot-125x125.png","url":"https:\/\/portaltela.pt\/s.01k8rhncp4jt1\/2025\/11\/talking-bot-125x125.png","contentUrl":"https:\/\/portaltela.pt\/s.01k8rhncp4jt1\/2025\/11\/talking-bot-125x125.png","caption":"Telinha"},"sameAs":["https:\/\/portaltela.pt\/"],"url":"https:\/\/portaltela.pt\/por\/367410592786\/"}]}},"_links":{"self":[{"href":"https:\/\/portaltela.pt\/api\/wp\/v2\/posts\/215148","targetHints":{"allow":["GET"]}}],"collection":[{"href":"https:\/\/portaltela.pt\/api\/wp\/v2\/posts"}],"about":[{"href":"https:\/\/portaltela.pt\/api\/wp\/v2\/types\/post"}],"author":[{"embeddable":true,"href":"https:\/\/portaltela.pt\/api\/wp\/v2\/users\/2"}],"replies":[{"embeddable":true,"href":"https:\/\/portaltela.pt\/api\/wp\/v2\/comments?post=215148"}],"version-history":[{"count":0,"href":"https:\/\/portaltela.pt\/api\/wp\/v2\/posts\/215148\/revisions"}],"wp:featuredmedia":[{"embeddable":true,"href":"https:\/\/portaltela.pt\/api\/wp\/v2\/media\/215149"}],"wp:attachment":[{"href":"https:\/\/portaltela.pt\/api\/wp\/v2\/media?parent=215148"}],"wp:term":[{"taxonomy":"category","embeddable":true,"href":"https:\/\/portaltela.pt\/api\/wp\/v2\/categories?post=215148"},{"taxonomy":"post_tag","embeddable":true,"href":"https:\/\/portaltela.pt\/api\/wp\/v2\/tags?post=215148"}],"curies":[{"name":"wp","href":"https:\/\/api.w.org\/{rel}","templated":true}]}}