{"id":215147,"date":"2026-02-17T17:50:00","date_gmt":"2026-02-17T20:50:00","guid":{"rendered":"https:\/\/portaltela.pt\/noticias\/2026\/02\/17\/benfica-critica-comunicado-que-transforma-agressor-em-vitima\/"},"modified":"2026-02-17T17:50:00","modified_gmt":"2026-02-17T20:50:00","slug":"benfica-critica-comunicado-que-transforma-agressor-em-vitima","status":"publish","type":"post","link":"https:\/\/portaltela.pt\/desporto\/futebol\/2026\/02\/17\/benfica-critica-comunicado-que-transforma-agressor-em-vitima\/","title":{"rendered":"Benfica critica comunicado que transforma agressor em v\u00edtima"},"content":{"rendered":"<p>No treino desta segunda-feira, um epis\u00f3dio entre um assessor do Benfica e um jornalista da Medialivre gerou controv\u00e9rsia. O CMTV informou que houve agress\u00e3o e amea\u00e7as por parte do assessor, com a divulga\u00e7\u00e3o de v\u00e1rios v\u00eddeos. O jornalista Gustavo Louren\u00e7o esteve envolvido na reportagem.<\/p>\n<p>A situa\u00e7\u00e3o envolve <strong>Gon\u00e7alo Guimar\u00e3es<\/strong>, assessor do Benfica, e o rep\u00f3rter da Medialivre, <strong>Gustavo Louren\u00e7o<\/strong>. Os v\u00eddeos mostram o momento do incidente, que est\u00e1 a ser alvo de investiga\u00e7\u00e3o.<\/p>\n<p>O Benfica anunciou, na ter\u00e7a-feira, o corte de rela\u00e7\u00f5es com o grupo MediaLivre, em resposta ao epis\u00f3dio. Foi tamb\u00e9m anunciada a apresenta\u00e7\u00e3o de uma queixa-crime contra o referido elemento, de acordo com informa\u00e7\u00f5es partilhadas pela CMTV.<\/p>\n<h3>Desdobramentos<\/h3>\n<p>A decis\u00e3o de romper rela\u00e7\u00f5es ocorre ap\u00f3s a divulga\u00e7\u00e3o p\u00fablica do incidente. Ainda n\u00e3o foram avan\u00e7ados detalhes sobre eventuais medidas disciplinares internas no clube nem sobre a progress\u00e3o da queixa-crime. As fontes apenas confirmam o registo formal da queixa.<\/p>\n","protected":false},"excerpt":{"rendered":"<ul>\n<li>A CMTV revelou agress\u00f5es e amea\u00e7as do assessor do Benfica, Gon\u00e7alo Guimar\u00e3es, ao jornalista da Medialivre, Gustavo Louren\u00e7o, com v\u00e1rios v\u00eddeos.<\/li>\n<li>A agress\u00e3o ocorreu no treino desta segunda-feira.<\/li>\n<li>Vai ser interposta uma queixa-crime contra o referido elemento.<\/li>\n<li>Lu\u00eds Pedro Sousa, chefe de reda\u00e7\u00e3o do Record, comentou o epis\u00f3dio.<\/li>\n<li>O Benfica anunciou, esta ter\u00e7a-feira, o corte de rela\u00e7\u00f5es com o grupo MediaLivre.<\/li>\n<\/ul>\n","protected":false},"author":2,"featured_media":215150,"comment_status":"closed","ping_status":"closed","sticky":false,"template":"","format":"standard","meta":{"footnotes":""},"categories":[21,24],"tags":[2754,2079,1946,32,5707,1571],"class_list":["post-215147","post","type-post","status-publish","format-standard","has-post-thumbnail","hentry","category-desporto","category-futebol","tag-agressao","tag-agressoes","tag-benfica","tag-futebol","tag-jornalistas","tag-queixa-crime"],"yoast_head":"<!-- This site is optimized with the Yoast SEO plugin v27.2 - https:\/\/yoast.com\/product\/yoast-seo-wordpress\/ -->\n<title>Benfica critica comunicado que transforma agressor em v\u00edtima - Portal Tela Portugal<\/title>\n<meta name=\"robots\" content=\"index, follow, max-snippet:-1, max-image-preview:large, max-video-preview:-1\" \/>\n<meta property=\"og:locale\" content=\"pt_PT\" \/>\n<meta property=\"og:type\" content=\"article\" \/>\n<meta property=\"og:title\" content=\"Benfica critica comunicado que transforma agressor em v\u00edtima - Portal Tela Portugal\" \/>\n<meta property=\"og:description\" content=\"A CMTV revelou agress\u00f5es e amea\u00e7as do assessor do Benfica, Gon\u00e7alo Guimar\u00e3es, ao jornalista da Medialivre, Gustavo Louren\u00e7o, com v\u00e1rios v\u00eddeos. A agress\u00e3o ocorreu no treino desta segunda-feira. Vai ser interposta uma queixa-crime contra o referido elemento. Lu\u00eds Pedro Sousa, chefe de reda\u00e7\u00e3o do Record, comentou o epis\u00f3dio. O Benfica anunciou, esta ter\u00e7a-feira, o corte de rela\u00e7\u00f5es com o grupo MediaLivre.\" \/>\n<meta property=\"og:url\" content=\"https:\/\/portaltela.pt\/noticias\/2026\/02\/17\/benfica-critica-comunicado-que-transforma-agressor-em-vitima\/\" \/>\n<meta property=\"og:site_name\" content=\"Portal Tela Portugal\" \/>\n<meta property=\"article:published_time\" content=\"2026-02-17T20:50:00+00:00\" \/>\n<meta name=\"author\" content=\"Telinha\" \/>\n<meta name=\"twitter:card\" content=\"summary_large_image\" \/>\n<meta name=\"twitter:label1\" content=\"Escrito por\" \/>\n\t<meta name=\"twitter:data1\" content=\"Telinha\" \/>\n\t<meta name=\"twitter:label2\" content=\"Tempo estimado de leitura\" \/>\n\t<meta name=\"twitter:data2\" content=\"1 minuto\" \/>\n<script type=\"application\/ld+json\" class=\"yoast-schema-graph\">{\"@context\":\"https:\/\/schema.org\",\"@graph\":[{\"@type\":\"Article\",\"@id\":\"https:\/\/portaltela.pt\/noticias\/2026\/02\/17\/benfica-critica-comunicado-que-transforma-agressor-em-vitima\/#article\",\"isPartOf\":{\"@id\":\"https:\/\/portaltela.pt\/noticias\/2026\/02\/17\/benfica-critica-comunicado-que-transforma-agressor-em-vitima\/\"},\"author\":{\"name\":\"Telinha\",\"@id\":\"https:\/\/portaltela.pt\/#\/schema\/person\/c4278d4a6028830caff9ee44b42d32ed\"},\"headline\":\"Benfica critica comunicado que transforma agressor em v\u00edtima\",\"datePublished\":\"2026-02-17T20:50:00+00:00\",\"mainEntityOfPage\":{\"@id\":\"https:\/\/portaltela.pt\/noticias\/2026\/02\/17\/benfica-critica-comunicado-que-transforma-agressor-em-vitima\/\"},\"wordCount\":187,\"image\":{\"@id\":\"https:\/\/portaltela.pt\/noticias\/2026\/02\/17\/benfica-critica-comunicado-que-transforma-agressor-em-vitima\/#primaryimage\"},\"thumbnailUrl\":\"https:\/\/portaltela.pt\/s.01k8rhncp4jt1\/2026\/02\/img_1200x721uu2026-02-17-20-26-56-2422204.jpg\",\"keywords\":[\"agress\u00e3o\",\"agress\u00f5es\",\"Benfica\",\"futebol\",\"jornalistas\",\"queixa-crime\"],\"articleSection\":[\"Desporto\",\"Futebol\"],\"inLanguage\":\"pt-PT\"},{\"@type\":\"WebPage\",\"@id\":\"https:\/\/portaltela.pt\/noticias\/2026\/02\/17\/benfica-critica-comunicado-que-transforma-agressor-em-vitima\/\",\"url\":\"https:\/\/portaltela.pt\/noticias\/2026\/02\/17\/benfica-critica-comunicado-que-transforma-agressor-em-vitima\/\",\"name\":\"Benfica critica comunicado que transforma agressor em v\u00edtima - Portal Tela Portugal\",\"isPartOf\":{\"@id\":\"https:\/\/portaltela.pt\/#website\"},\"primaryImageOfPage\":{\"@id\":\"https:\/\/portaltela.pt\/noticias\/2026\/02\/17\/benfica-critica-comunicado-que-transforma-agressor-em-vitima\/#primaryimage\"},\"image\":{\"@id\":\"https:\/\/portaltela.pt\/noticias\/2026\/02\/17\/benfica-critica-comunicado-que-transforma-agressor-em-vitima\/#primaryimage\"},\"thumbnailUrl\":\"https:\/\/portaltela.pt\/s.01k8rhncp4jt1\/2026\/02\/img_1200x721uu2026-02-17-20-26-56-2422204.jpg\",\"datePublished\":\"2026-02-17T20:50:00+00:00\",\"author\":{\"@id\":\"https:\/\/portaltela.pt\/#\/schema\/person\/c4278d4a6028830caff9ee44b42d32ed\"},\"breadcrumb\":{\"@id\":\"https:\/\/portaltela.pt\/noticias\/2026\/02\/17\/benfica-critica-comunicado-que-transforma-agressor-em-vitima\/#breadcrumb\"},\"inLanguage\":\"pt-PT\",\"potentialAction\":[{\"@type\":\"ReadAction\",\"target\":[\"https:\/\/portaltela.pt\/noticias\/2026\/02\/17\/benfica-critica-comunicado-que-transforma-agressor-em-vitima\/\"]}]},{\"@type\":\"ImageObject\",\"inLanguage\":\"pt-PT\",\"@id\":\"https:\/\/portaltela.pt\/noticias\/2026\/02\/17\/benfica-critica-comunicado-que-transforma-agressor-em-vitima\/#primaryimage\",\"url\":\"https:\/\/portaltela.pt\/s.01k8rhncp4jt1\/2026\/02\/img_1200x721uu2026-02-17-20-26-56-2422204.jpg\",\"contentUrl\":\"https:\/\/portaltela.pt\/s.01k8rhncp4jt1\/2026\/02\/img_1200x721uu2026-02-17-20-26-56-2422204.jpg\",\"width\":796,\"height\":448,\"caption\":\"Photo\"},{\"@type\":\"BreadcrumbList\",\"@id\":\"https:\/\/portaltela.pt\/noticias\/2026\/02\/17\/benfica-critica-comunicado-que-transforma-agressor-em-vitima\/#breadcrumb\",\"itemListElement\":[{\"@type\":\"ListItem\",\"position\":1,\"name\":\"In\u00edcio\",\"item\":\"https:\/\/portaltela.pt\/\"},{\"@type\":\"ListItem\",\"position\":2,\"name\":\"Benfica critica comunicado que transforma agressor em v\u00edtima\"}]},{\"@type\":\"WebSite\",\"@id\":\"https:\/\/portaltela.pt\/#website\",\"url\":\"https:\/\/portaltela.pt\/\",\"name\":\"Portal Tela Portugal\",\"description\":\"\",\"potentialAction\":[{\"@type\":\"SearchAction\",\"target\":{\"@type\":\"EntryPoint\",\"urlTemplate\":\"https:\/\/portaltela.pt\/?s={search_term_string}\"},\"query-input\":{\"@type\":\"PropertyValueSpecification\",\"valueRequired\":true,\"valueName\":\"search_term_string\"}}],\"inLanguage\":\"pt-PT\"},{\"@type\":\"Person\",\"@id\":\"https:\/\/portaltela.pt\/#\/schema\/person\/c4278d4a6028830caff9ee44b42d32ed\",\"name\":\"Telinha\",\"image\":{\"@type\":\"ImageObject\",\"inLanguage\":\"pt-PT\",\"@id\":\"https:\/\/portaltela.pt\/s.01k8rhncp4jt1\/2025\/11\/talking-bot-125x125.png\",\"url\":\"https:\/\/portaltela.pt\/s.01k8rhncp4jt1\/2025\/11\/talking-bot-125x125.png\",\"contentUrl\":\"https:\/\/portaltela.pt\/s.01k8rhncp4jt1\/2025\/11\/talking-bot-125x125.png\",\"caption\":\"Telinha\"},\"sameAs\":[\"https:\/\/portaltela.pt\/\"],\"url\":\"https:\/\/portaltela.pt\/por\/367410592786\/\"}]}<\/script>\n<!-- \/ Yoast SEO plugin. -->","yoast_head_json":{"title":"Benfica critica comunicado que transforma agressor em v\u00edtima - Portal Tela Portugal","robots":{"index":"index","follow":"follow","max-snippet":"max-snippet:-1","max-image-preview":"max-image-preview:large","max-video-preview":"max-video-preview:-1"},"og_locale":"pt_PT","og_type":"article","og_title":"Benfica critica comunicado que transforma agressor em v\u00edtima - Portal Tela Portugal","og_description":"A CMTV revelou agress\u00f5es e amea\u00e7as do assessor do Benfica, Gon\u00e7alo Guimar\u00e3es, ao jornalista da Medialivre, Gustavo Louren\u00e7o, com v\u00e1rios v\u00eddeos. A agress\u00e3o ocorreu no treino desta segunda-feira. Vai ser interposta uma queixa-crime contra o referido elemento. Lu\u00eds Pedro Sousa, chefe de reda\u00e7\u00e3o do Record, comentou o epis\u00f3dio. O Benfica anunciou, esta ter\u00e7a-feira, o corte de rela\u00e7\u00f5es com o grupo MediaLivre.","og_url":"https:\/\/portaltela.pt\/noticias\/2026\/02\/17\/benfica-critica-comunicado-que-transforma-agressor-em-vitima\/","og_site_name":"Portal Tela Portugal","article_published_time":"2026-02-17T20:50:00+00:00","author":"Telinha","twitter_card":"summary_large_image","twitter_misc":{"Escrito por":"Telinha","Tempo estimado de leitura":"1 minuto"},"schema":{"@context":"https:\/\/schema.org","@graph":[{"@type":"Article","@id":"https:\/\/portaltela.pt\/noticias\/2026\/02\/17\/benfica-critica-comunicado-que-transforma-agressor-em-vitima\/#article","isPartOf":{"@id":"https:\/\/portaltela.pt\/noticias\/2026\/02\/17\/benfica-critica-comunicado-que-transforma-agressor-em-vitima\/"},"author":{"name":"Telinha","@id":"https:\/\/portaltela.pt\/#\/schema\/person\/c4278d4a6028830caff9ee44b42d32ed"},"headline":"Benfica critica comunicado que transforma agressor em v\u00edtima","datePublished":"2026-02-17T20:50:00+00:00","mainEntityOfPage":{"@id":"https:\/\/portaltela.pt\/noticias\/2026\/02\/17\/benfica-critica-comunicado-que-transforma-agressor-em-vitima\/"},"wordCount":187,"image":{"@id":"https:\/\/portaltela.pt\/noticias\/2026\/02\/17\/benfica-critica-comunicado-que-transforma-agressor-em-vitima\/#primaryimage"},"thumbnailUrl":"https:\/\/portaltela.pt\/s.01k8rhncp4jt1\/2026\/02\/img_1200x721uu2026-02-17-20-26-56-2422204.jpg","keywords":["agress\u00e3o","agress\u00f5es","Benfica","futebol","jornalistas","queixa-crime"],"articleSection":["Desporto","Futebol"],"inLanguage":"pt-PT"},{"@type":"WebPage","@id":"https:\/\/portaltela.pt\/noticias\/2026\/02\/17\/benfica-critica-comunicado-que-transforma-agressor-em-vitima\/","url":"https:\/\/portaltela.pt\/noticias\/2026\/02\/17\/benfica-critica-comunicado-que-transforma-agressor-em-vitima\/","name":"Benfica critica comunicado que transforma agressor em v\u00edtima - Portal Tela Portugal","isPartOf":{"@id":"https:\/\/portaltela.pt\/#website"},"primaryImageOfPage":{"@id":"https:\/\/portaltela.pt\/noticias\/2026\/02\/17\/benfica-critica-comunicado-que-transforma-agressor-em-vitima\/#primaryimage"},"image":{"@id":"https:\/\/portaltela.pt\/noticias\/2026\/02\/17\/benfica-critica-comunicado-que-transforma-agressor-em-vitima\/#primaryimage"},"thumbnailUrl":"https:\/\/portaltela.pt\/s.01k8rhncp4jt1\/2026\/02\/img_1200x721uu2026-02-17-20-26-56-2422204.jpg","datePublished":"2026-02-17T20:50:00+00:00","author":{"@id":"https:\/\/portaltela.pt\/#\/schema\/person\/c4278d4a6028830caff9ee44b42d32ed"},"breadcrumb":{"@id":"https:\/\/portaltela.pt\/noticias\/2026\/02\/17\/benfica-critica-comunicado-que-transforma-agressor-em-vitima\/#breadcrumb"},"inLanguage":"pt-PT","potentialAction":[{"@type":"ReadAction","target":["https:\/\/portaltela.pt\/noticias\/2026\/02\/17\/benfica-critica-comunicado-que-transforma-agressor-em-vitima\/"]}]},{"@type":"ImageObject","inLanguage":"pt-PT","@id":"https:\/\/portaltela.pt\/noticias\/2026\/02\/17\/benfica-critica-comunicado-que-transforma-agressor-em-vitima\/#primaryimage","url":"https:\/\/portaltela.pt\/s.01k8rhncp4jt1\/2026\/02\/img_1200x721uu2026-02-17-20-26-56-2422204.jpg","contentUrl":"https:\/\/portaltela.pt\/s.01k8rhncp4jt1\/2026\/02\/img_1200x721uu2026-02-17-20-26-56-2422204.jpg","width":796,"height":448,"caption":"Photo"},{"@type":"BreadcrumbList","@id":"https:\/\/portaltela.pt\/noticias\/2026\/02\/17\/benfica-critica-comunicado-que-transforma-agressor-em-vitima\/#breadcrumb","itemListElement":[{"@type":"ListItem","position":1,"name":"In\u00edcio","item":"https:\/\/portaltela.pt\/"},{"@type":"ListItem","position":2,"name":"Benfica critica comunicado que transforma agressor em v\u00edtima"}]},{"@type":"WebSite","@id":"https:\/\/portaltela.pt\/#website","url":"https:\/\/portaltela.pt\/","name":"Portal Tela Portugal","description":"","potentialAction":[{"@type":"SearchAction","target":{"@type":"EntryPoint","urlTemplate":"https:\/\/portaltela.pt\/?s={search_term_string}"},"query-input":{"@type":"PropertyValueSpecification","valueRequired":true,"valueName":"search_term_string"}}],"inLanguage":"pt-PT"},{"@type":"Person","@id":"https:\/\/portaltela.pt\/#\/schema\/person\/c4278d4a6028830caff9ee44b42d32ed","name":"Telinha","image":{"@type":"ImageObject","inLanguage":"pt-PT","@id":"https:\/\/portaltela.pt\/s.01k8rhncp4jt1\/2025\/11\/talking-bot-125x125.png","url":"https:\/\/portaltela.pt\/s.01k8rhncp4jt1\/2025\/11\/talking-bot-125x125.png","contentUrl":"https:\/\/portaltela.pt\/s.01k8rhncp4jt1\/2025\/11\/talking-bot-125x125.png","caption":"Telinha"},"sameAs":["https:\/\/portaltela.pt\/"],"url":"https:\/\/portaltela.pt\/por\/367410592786\/"}]}},"_links":{"self":[{"href":"https:\/\/portaltela.pt\/api\/wp\/v2\/posts\/215147","targetHints":{"allow":["GET"]}}],"collection":[{"href":"https:\/\/portaltela.pt\/api\/wp\/v2\/posts"}],"about":[{"href":"https:\/\/portaltela.pt\/api\/wp\/v2\/types\/post"}],"author":[{"embeddable":true,"href":"https:\/\/portaltela.pt\/api\/wp\/v2\/users\/2"}],"replies":[{"embeddable":true,"href":"https:\/\/portaltela.pt\/api\/wp\/v2\/comments?post=215147"}],"version-history":[{"count":0,"href":"https:\/\/portaltela.pt\/api\/wp\/v2\/posts\/215147\/revisions"}],"wp:featuredmedia":[{"embeddable":true,"href":"https:\/\/portaltela.pt\/api\/wp\/v2\/media\/215150"}],"wp:attachment":[{"href":"https:\/\/portaltela.pt\/api\/wp\/v2\/media?parent=215147"}],"wp:term":[{"taxonomy":"category","embeddable":true,"href":"https:\/\/portaltela.pt\/api\/wp\/v2\/categories?post=215147"},{"taxonomy":"post_tag","embeddable":true,"href":"https:\/\/portaltela.pt\/api\/wp\/v2\/tags?post=215147"}],"curies":[{"name":"wp","href":"https:\/\/api.w.org\/{rel}","templated":true}]}}