{"id":215128,"date":"2026-02-17T16:53:00","date_gmt":"2026-02-17T19:53:00","guid":{"rendered":"https:\/\/portaltela.pt\/noticias\/2026\/02\/17\/governo-lanca-400-milhoes-do-prr-para-empresas-e-reve-teto-de-apoios-agricolas\/"},"modified":"2026-02-17T16:53:00","modified_gmt":"2026-02-17T19:53:00","slug":"governo-lanca-400-milhoes-do-prr-para-empresas-e-reve-teto-de-apoios-agricolas","status":"publish","type":"post","link":"https:\/\/portaltela.pt\/noticias\/2026\/02\/17\/governo-lanca-400-milhoes-do-prr-para-empresas-e-reve-teto-de-apoios-agricolas\/","title":{"rendered":"Governo lan\u00e7a 400 milh\u00f5es do PRR para empresas e rev\u00ea teto de apoios agr\u00edcolas"},"content":{"rendered":"<p>O Governo vai usar verbas n\u00e3o executadas do PRR para apoiar empresas da regi\u00e3o Centro, com um programa que pode chegar a 400 milh\u00f5es de euros. O instrumento financeiro IFIC ser\u00e1 lan\u00e7ado at\u00e9 ao fim de Fevereiro, com uma dota\u00e7\u00e3o p\u00fablica de 150 milh\u00f5es.<\/p>\n<p>A medida foi anunciada pelo ministro da Economia, Manuel Castro Almeida, ap\u00f3s reuni\u00e3o com empres\u00e1rios na Marinha Grande, no distrito de Leiria. O apoio destina-se a investimentos das empresas afetadas pela tempestade, com regras de elegibilidade definidas em di\u00e1logo com o tecido empresarial.<\/p>\n<p>O objetivo \u00e9 acelerar a recupera\u00e7\u00e3o econ\u00f3mica da regi\u00e3o e refor\u00e7ar a competitividade setorial, especialmente na ind\u00fastria. O Governo espera comparticipar entre 30% e 50% a fundo perdido, dependendo do eixo de cada projeto.<\/p>\n<h3>Ambiente regional e limites atuais<\/h3>\n<p>O secret\u00e1rio de Estado da Ind\u00fastria destacou que o instrumento \u00e9 orientado para necessidades regionais e setoriais, mantendo o foco na ind\u00fastria. A medida surge quando se reconhece que o teto atual de 400 mil euros por explora\u00e7\u00e3o pode n\u00e3o ser suficiente para muitos neg\u00f3cios.<\/p>\n<p>O ministro da Agricultura, Jos\u00e9 Manuel Fernandes, visitou explora\u00e7\u00f5es afetadas em Santar\u00e9m, com o comiss\u00e1rio europeu Christophe Hansen. Fernandes afirmou que o teto de 400 mil euros \u00e9 inadequado para algumas explora\u00e7\u00f5es, mas salientou que o dinheiro \u00e9 finito.<\/p>\n<h3>Futuro apoio europeu e coordena\u00e7\u00e3o<\/h3>\n<p>Hansen disse que a reserva agr\u00edcola da Uni\u00e3o Europeia n\u00e3o basta para cobrir todos os preju\u00edzos e que outros instrumentos devem ser considerados. Portugal j\u00e1 pediu a abertura da reserva europeia e est\u00e1 a analisar fundos como o Fundo Social Europeu para apoio r\u00e1pido.<\/p>\n<p>O comiss\u00e1rio garantiu que os agricultores continuar\u00e3o a receber subs\u00eddios da PAC, mesmo em caso de interrup\u00e7\u00e3o da produ\u00e7\u00e3o. A Comiss\u00e3o Europeia pretende agir com rapidez para apoiar o setor ainda neste ano.<\/p>\n","protected":false},"excerpt":{"rendered":"<ul>\n<li>O Governo vai abrir, at\u00e9 ao fim de Fevereiro, o Instrumento Financeiro para a Inova\u00e7\u00e3o e Competitividade (IFIC), com verbas n\u00e3o executadas do Plano de Recupera\u00e7\u00e3o e Resili\u00eancia (PRR), para apoiar empresas da regi\u00e3o Centro (investimentos at\u00e9 400 milh\u00f5es de euros).<\/li>\n<li>A dota\u00e7\u00e3o p\u00fablica prevista \u00e9 de 150 milh\u00f5es de euros, com comparticipa\u00e7\u00e3o do Estado entre 30% e 50% a fundo perdido.<\/li>\n<li>O apoio \u00e9 direcionado principalmente \u00e0 ind\u00fastria da regi\u00e3o Centro afetada pela tempestade, com regras de elegibilidade definidas em di\u00e1logo com o tecido empresarial.<\/li>\n<li>O ministro da Agricultura admitiu rever o teto atual de 400 mil euros por explora\u00e7\u00e3o, reconhecendo que o valor n\u00e3o \u00e9 justo face aos danos, que podem chegar a v\u00e1rios milh\u00f5es de euros.<\/li>\n<li>O comiss\u00e1rio europeu da Agricultura e Alimenta\u00e7\u00e3o afirmou que a reserva agr\u00edcola da Uni\u00e3o Europeia n\u00e3o chega para responder \u00e0 totalidade dos preju\u00edzos e que ser\u00e3o necess\u00e1rios outros instrumentos, incluindo fundos europeus adicionais, para este ano.<\/li>\n<\/ul>\n","protected":false},"author":2,"featured_media":215135,"comment_status":"closed","ping_status":"closed","sticky":false,"template":"","format":"standard","meta":{"footnotes":""},"categories":[1],"tags":[179,28,2501,255,5843,4650],"class_list":["post-215128","post","type-post","status-publish","format-standard","has-post-thumbnail","hentry","category-noticias","tag-agricultura","tag-economia","tag-fundos-europeus","tag-industria","tag-pac","tag-regiao-centro"],"yoast_head":"<!-- This site is optimized with the Yoast SEO plugin v27.2 - https:\/\/yoast.com\/product\/yoast-seo-wordpress\/ -->\n<title>Governo lan\u00e7a 400 milh\u00f5es do PRR para empresas e rev\u00ea teto de apoios agr\u00edcolas - Portal Tela Portugal<\/title>\n<meta name=\"robots\" content=\"index, follow, max-snippet:-1, max-image-preview:large, max-video-preview:-1\" \/>\n<meta property=\"og:locale\" content=\"pt_PT\" \/>\n<meta property=\"og:type\" content=\"article\" \/>\n<meta property=\"og:title\" content=\"Governo lan\u00e7a 400 milh\u00f5es do PRR para empresas e rev\u00ea teto de apoios agr\u00edcolas - Portal Tela Portugal\" \/>\n<meta property=\"og:description\" content=\"O Governo vai abrir, at\u00e9 ao fim de Fevereiro, o Instrumento Financeiro para a Inova\u00e7\u00e3o e Competitividade (IFIC), com verbas n\u00e3o executadas do Plano de Recupera\u00e7\u00e3o e Resili\u00eancia (PRR), para apoiar empresas da regi\u00e3o Centro (investimentos at\u00e9 400 milh\u00f5es de euros). A dota\u00e7\u00e3o p\u00fablica prevista \u00e9 de 150 milh\u00f5es de euros, com comparticipa\u00e7\u00e3o do Estado entre 30% e 50% a fundo perdido. O apoio \u00e9 direcionado principalmente \u00e0 ind\u00fastria da regi\u00e3o Centro afetada pela tempestade, com regras de elegibilidade definidas em di\u00e1logo com o tecido empresarial. O ministro da Agricultura admitiu rever o teto atual de 400 mil euros por explora\u00e7\u00e3o, reconhecendo que o valor n\u00e3o \u00e9 justo face aos danos, que podem chegar a v\u00e1rios milh\u00f5es de euros. O comiss\u00e1rio europeu da Agricultura e Alimenta\u00e7\u00e3o afirmou que a reserva agr\u00edcola da Uni\u00e3o Europeia n\u00e3o chega para responder \u00e0 totalidade dos preju\u00edzos e que ser\u00e3o necess\u00e1rios outros instrumentos, incluindo fundos europeus adicionais, para este ano.\" \/>\n<meta property=\"og:url\" content=\"https:\/\/portaltela.pt\/noticias\/2026\/02\/17\/governo-lanca-400-milhoes-do-prr-para-empresas-e-reve-teto-de-apoios-agricolas\/\" \/>\n<meta property=\"og:site_name\" content=\"Portal Tela Portugal\" \/>\n<meta property=\"article:published_time\" content=\"2026-02-17T19:53:00+00:00\" \/>\n<meta name=\"author\" content=\"Telinha\" \/>\n<meta name=\"twitter:card\" content=\"summary_large_image\" \/>\n<meta name=\"twitter:label1\" content=\"Escrito por\" \/>\n\t<meta name=\"twitter:data1\" content=\"Telinha\" \/>\n\t<meta name=\"twitter:label2\" content=\"Tempo estimado de leitura\" \/>\n\t<meta name=\"twitter:data2\" content=\"2 minutos\" \/>\n<script type=\"application\/ld+json\" class=\"yoast-schema-graph\">{\"@context\":\"https:\/\/schema.org\",\"@graph\":[{\"@type\":\"Article\",\"@id\":\"https:\/\/portaltela.pt\/noticias\/2026\/02\/17\/governo-lanca-400-milhoes-do-prr-para-empresas-e-reve-teto-de-apoios-agricolas\/#article\",\"isPartOf\":{\"@id\":\"https:\/\/portaltela.pt\/noticias\/2026\/02\/17\/governo-lanca-400-milhoes-do-prr-para-empresas-e-reve-teto-de-apoios-agricolas\/\"},\"author\":{\"name\":\"Telinha\",\"@id\":\"https:\/\/portaltela.pt\/#\/schema\/person\/c4278d4a6028830caff9ee44b42d32ed\"},\"headline\":\"Governo lan\u00e7a 400 milh\u00f5es do PRR para empresas e rev\u00ea teto de apoios agr\u00edcolas\",\"datePublished\":\"2026-02-17T19:53:00+00:00\",\"mainEntityOfPage\":{\"@id\":\"https:\/\/portaltela.pt\/noticias\/2026\/02\/17\/governo-lanca-400-milhoes-do-prr-para-empresas-e-reve-teto-de-apoios-agricolas\/\"},\"wordCount\":336,\"image\":{\"@id\":\"https:\/\/portaltela.pt\/noticias\/2026\/02\/17\/governo-lanca-400-milhoes-do-prr-para-empresas-e-reve-teto-de-apoios-agricolas\/#primaryimage\"},\"thumbnailUrl\":\"https:\/\/portaltela.pt\/s.01k8rhncp4jt1\/2026\/02\/2067896.jpg\",\"keywords\":[\"agricultura\",\"economia\",\"Fundos Europeus\",\"ind\u00fastria\",\"PAC\",\"Regi\u00e3o Centro\"],\"articleSection\":[\"Not\u00edcias\"],\"inLanguage\":\"pt-PT\"},{\"@type\":\"WebPage\",\"@id\":\"https:\/\/portaltela.pt\/noticias\/2026\/02\/17\/governo-lanca-400-milhoes-do-prr-para-empresas-e-reve-teto-de-apoios-agricolas\/\",\"url\":\"https:\/\/portaltela.pt\/noticias\/2026\/02\/17\/governo-lanca-400-milhoes-do-prr-para-empresas-e-reve-teto-de-apoios-agricolas\/\",\"name\":\"Governo lan\u00e7a 400 milh\u00f5es do PRR para empresas e rev\u00ea teto de apoios agr\u00edcolas - Portal Tela Portugal\",\"isPartOf\":{\"@id\":\"https:\/\/portaltela.pt\/#website\"},\"primaryImageOfPage\":{\"@id\":\"https:\/\/portaltela.pt\/noticias\/2026\/02\/17\/governo-lanca-400-milhoes-do-prr-para-empresas-e-reve-teto-de-apoios-agricolas\/#primaryimage\"},\"image\":{\"@id\":\"https:\/\/portaltela.pt\/noticias\/2026\/02\/17\/governo-lanca-400-milhoes-do-prr-para-empresas-e-reve-teto-de-apoios-agricolas\/#primaryimage\"},\"thumbnailUrl\":\"https:\/\/portaltela.pt\/s.01k8rhncp4jt1\/2026\/02\/2067896.jpg\",\"datePublished\":\"2026-02-17T19:53:00+00:00\",\"author\":{\"@id\":\"https:\/\/portaltela.pt\/#\/schema\/person\/c4278d4a6028830caff9ee44b42d32ed\"},\"breadcrumb\":{\"@id\":\"https:\/\/portaltela.pt\/noticias\/2026\/02\/17\/governo-lanca-400-milhoes-do-prr-para-empresas-e-reve-teto-de-apoios-agricolas\/#breadcrumb\"},\"inLanguage\":\"pt-PT\",\"potentialAction\":[{\"@type\":\"ReadAction\",\"target\":[\"https:\/\/portaltela.pt\/noticias\/2026\/02\/17\/governo-lanca-400-milhoes-do-prr-para-empresas-e-reve-teto-de-apoios-agricolas\/\"]}]},{\"@type\":\"ImageObject\",\"inLanguage\":\"pt-PT\",\"@id\":\"https:\/\/portaltela.pt\/noticias\/2026\/02\/17\/governo-lanca-400-milhoes-do-prr-para-empresas-e-reve-teto-de-apoios-agricolas\/#primaryimage\",\"url\":\"https:\/\/portaltela.pt\/s.01k8rhncp4jt1\/2026\/02\/2067896.jpg\",\"contentUrl\":\"https:\/\/portaltela.pt\/s.01k8rhncp4jt1\/2026\/02\/2067896.jpg\",\"width\":796,\"height\":448,\"caption\":\"Ministro da Agricultura com o comiss\u00e1rio europeu para o sector\"},{\"@type\":\"BreadcrumbList\",\"@id\":\"https:\/\/portaltela.pt\/noticias\/2026\/02\/17\/governo-lanca-400-milhoes-do-prr-para-empresas-e-reve-teto-de-apoios-agricolas\/#breadcrumb\",\"itemListElement\":[{\"@type\":\"ListItem\",\"position\":1,\"name\":\"In\u00edcio\",\"item\":\"https:\/\/portaltela.pt\/\"},{\"@type\":\"ListItem\",\"position\":2,\"name\":\"Governo lan\u00e7a 400 milh\u00f5es do PRR para empresas e rev\u00ea teto de apoios agr\u00edcolas\"}]},{\"@type\":\"WebSite\",\"@id\":\"https:\/\/portaltela.pt\/#website\",\"url\":\"https:\/\/portaltela.pt\/\",\"name\":\"Portal Tela Portugal\",\"description\":\"\",\"potentialAction\":[{\"@type\":\"SearchAction\",\"target\":{\"@type\":\"EntryPoint\",\"urlTemplate\":\"https:\/\/portaltela.pt\/?s={search_term_string}\"},\"query-input\":{\"@type\":\"PropertyValueSpecification\",\"valueRequired\":true,\"valueName\":\"search_term_string\"}}],\"inLanguage\":\"pt-PT\"},{\"@type\":\"Person\",\"@id\":\"https:\/\/portaltela.pt\/#\/schema\/person\/c4278d4a6028830caff9ee44b42d32ed\",\"name\":\"Telinha\",\"image\":{\"@type\":\"ImageObject\",\"inLanguage\":\"pt-PT\",\"@id\":\"https:\/\/portaltela.pt\/s.01k8rhncp4jt1\/2025\/11\/talking-bot-125x125.png\",\"url\":\"https:\/\/portaltela.pt\/s.01k8rhncp4jt1\/2025\/11\/talking-bot-125x125.png\",\"contentUrl\":\"https:\/\/portaltela.pt\/s.01k8rhncp4jt1\/2025\/11\/talking-bot-125x125.png\",\"caption\":\"Telinha\"},\"sameAs\":[\"https:\/\/portaltela.pt\/\"],\"url\":\"https:\/\/portaltela.pt\/por\/367410592786\/\"}]}<\/script>\n<!-- \/ Yoast SEO plugin. -->","yoast_head_json":{"title":"Governo lan\u00e7a 400 milh\u00f5es do PRR para empresas e rev\u00ea teto de apoios agr\u00edcolas - Portal Tela Portugal","robots":{"index":"index","follow":"follow","max-snippet":"max-snippet:-1","max-image-preview":"max-image-preview:large","max-video-preview":"max-video-preview:-1"},"og_locale":"pt_PT","og_type":"article","og_title":"Governo lan\u00e7a 400 milh\u00f5es do PRR para empresas e rev\u00ea teto de apoios agr\u00edcolas - Portal Tela Portugal","og_description":"O Governo vai abrir, at\u00e9 ao fim de Fevereiro, o Instrumento Financeiro para a Inova\u00e7\u00e3o e Competitividade (IFIC), com verbas n\u00e3o executadas do Plano de Recupera\u00e7\u00e3o e Resili\u00eancia (PRR), para apoiar empresas da regi\u00e3o Centro (investimentos at\u00e9 400 milh\u00f5es de euros). A dota\u00e7\u00e3o p\u00fablica prevista \u00e9 de 150 milh\u00f5es de euros, com comparticipa\u00e7\u00e3o do Estado entre 30% e 50% a fundo perdido. O apoio \u00e9 direcionado principalmente \u00e0 ind\u00fastria da regi\u00e3o Centro afetada pela tempestade, com regras de elegibilidade definidas em di\u00e1logo com o tecido empresarial. O ministro da Agricultura admitiu rever o teto atual de 400 mil euros por explora\u00e7\u00e3o, reconhecendo que o valor n\u00e3o \u00e9 justo face aos danos, que podem chegar a v\u00e1rios milh\u00f5es de euros. O comiss\u00e1rio europeu da Agricultura e Alimenta\u00e7\u00e3o afirmou que a reserva agr\u00edcola da Uni\u00e3o Europeia n\u00e3o chega para responder \u00e0 totalidade dos preju\u00edzos e que ser\u00e3o necess\u00e1rios outros instrumentos, incluindo fundos europeus adicionais, para este ano.","og_url":"https:\/\/portaltela.pt\/noticias\/2026\/02\/17\/governo-lanca-400-milhoes-do-prr-para-empresas-e-reve-teto-de-apoios-agricolas\/","og_site_name":"Portal Tela Portugal","article_published_time":"2026-02-17T19:53:00+00:00","author":"Telinha","twitter_card":"summary_large_image","twitter_misc":{"Escrito por":"Telinha","Tempo estimado de leitura":"2 minutos"},"schema":{"@context":"https:\/\/schema.org","@graph":[{"@type":"Article","@id":"https:\/\/portaltela.pt\/noticias\/2026\/02\/17\/governo-lanca-400-milhoes-do-prr-para-empresas-e-reve-teto-de-apoios-agricolas\/#article","isPartOf":{"@id":"https:\/\/portaltela.pt\/noticias\/2026\/02\/17\/governo-lanca-400-milhoes-do-prr-para-empresas-e-reve-teto-de-apoios-agricolas\/"},"author":{"name":"Telinha","@id":"https:\/\/portaltela.pt\/#\/schema\/person\/c4278d4a6028830caff9ee44b42d32ed"},"headline":"Governo lan\u00e7a 400 milh\u00f5es do PRR para empresas e rev\u00ea teto de apoios agr\u00edcolas","datePublished":"2026-02-17T19:53:00+00:00","mainEntityOfPage":{"@id":"https:\/\/portaltela.pt\/noticias\/2026\/02\/17\/governo-lanca-400-milhoes-do-prr-para-empresas-e-reve-teto-de-apoios-agricolas\/"},"wordCount":336,"image":{"@id":"https:\/\/portaltela.pt\/noticias\/2026\/02\/17\/governo-lanca-400-milhoes-do-prr-para-empresas-e-reve-teto-de-apoios-agricolas\/#primaryimage"},"thumbnailUrl":"https:\/\/portaltela.pt\/s.01k8rhncp4jt1\/2026\/02\/2067896.jpg","keywords":["agricultura","economia","Fundos Europeus","ind\u00fastria","PAC","Regi\u00e3o Centro"],"articleSection":["Not\u00edcias"],"inLanguage":"pt-PT"},{"@type":"WebPage","@id":"https:\/\/portaltela.pt\/noticias\/2026\/02\/17\/governo-lanca-400-milhoes-do-prr-para-empresas-e-reve-teto-de-apoios-agricolas\/","url":"https:\/\/portaltela.pt\/noticias\/2026\/02\/17\/governo-lanca-400-milhoes-do-prr-para-empresas-e-reve-teto-de-apoios-agricolas\/","name":"Governo lan\u00e7a 400 milh\u00f5es do PRR para empresas e rev\u00ea teto de apoios agr\u00edcolas - Portal Tela Portugal","isPartOf":{"@id":"https:\/\/portaltela.pt\/#website"},"primaryImageOfPage":{"@id":"https:\/\/portaltela.pt\/noticias\/2026\/02\/17\/governo-lanca-400-milhoes-do-prr-para-empresas-e-reve-teto-de-apoios-agricolas\/#primaryimage"},"image":{"@id":"https:\/\/portaltela.pt\/noticias\/2026\/02\/17\/governo-lanca-400-milhoes-do-prr-para-empresas-e-reve-teto-de-apoios-agricolas\/#primaryimage"},"thumbnailUrl":"https:\/\/portaltela.pt\/s.01k8rhncp4jt1\/2026\/02\/2067896.jpg","datePublished":"2026-02-17T19:53:00+00:00","author":{"@id":"https:\/\/portaltela.pt\/#\/schema\/person\/c4278d4a6028830caff9ee44b42d32ed"},"breadcrumb":{"@id":"https:\/\/portaltela.pt\/noticias\/2026\/02\/17\/governo-lanca-400-milhoes-do-prr-para-empresas-e-reve-teto-de-apoios-agricolas\/#breadcrumb"},"inLanguage":"pt-PT","potentialAction":[{"@type":"ReadAction","target":["https:\/\/portaltela.pt\/noticias\/2026\/02\/17\/governo-lanca-400-milhoes-do-prr-para-empresas-e-reve-teto-de-apoios-agricolas\/"]}]},{"@type":"ImageObject","inLanguage":"pt-PT","@id":"https:\/\/portaltela.pt\/noticias\/2026\/02\/17\/governo-lanca-400-milhoes-do-prr-para-empresas-e-reve-teto-de-apoios-agricolas\/#primaryimage","url":"https:\/\/portaltela.pt\/s.01k8rhncp4jt1\/2026\/02\/2067896.jpg","contentUrl":"https:\/\/portaltela.pt\/s.01k8rhncp4jt1\/2026\/02\/2067896.jpg","width":796,"height":448,"caption":"Ministro da Agricultura com o comiss\u00e1rio europeu para o sector"},{"@type":"BreadcrumbList","@id":"https:\/\/portaltela.pt\/noticias\/2026\/02\/17\/governo-lanca-400-milhoes-do-prr-para-empresas-e-reve-teto-de-apoios-agricolas\/#breadcrumb","itemListElement":[{"@type":"ListItem","position":1,"name":"In\u00edcio","item":"https:\/\/portaltela.pt\/"},{"@type":"ListItem","position":2,"name":"Governo lan\u00e7a 400 milh\u00f5es do PRR para empresas e rev\u00ea teto de apoios agr\u00edcolas"}]},{"@type":"WebSite","@id":"https:\/\/portaltela.pt\/#website","url":"https:\/\/portaltela.pt\/","name":"Portal Tela Portugal","description":"","potentialAction":[{"@type":"SearchAction","target":{"@type":"EntryPoint","urlTemplate":"https:\/\/portaltela.pt\/?s={search_term_string}"},"query-input":{"@type":"PropertyValueSpecification","valueRequired":true,"valueName":"search_term_string"}}],"inLanguage":"pt-PT"},{"@type":"Person","@id":"https:\/\/portaltela.pt\/#\/schema\/person\/c4278d4a6028830caff9ee44b42d32ed","name":"Telinha","image":{"@type":"ImageObject","inLanguage":"pt-PT","@id":"https:\/\/portaltela.pt\/s.01k8rhncp4jt1\/2025\/11\/talking-bot-125x125.png","url":"https:\/\/portaltela.pt\/s.01k8rhncp4jt1\/2025\/11\/talking-bot-125x125.png","contentUrl":"https:\/\/portaltela.pt\/s.01k8rhncp4jt1\/2025\/11\/talking-bot-125x125.png","caption":"Telinha"},"sameAs":["https:\/\/portaltela.pt\/"],"url":"https:\/\/portaltela.pt\/por\/367410592786\/"}]}},"_links":{"self":[{"href":"https:\/\/portaltela.pt\/api\/wp\/v2\/posts\/215128","targetHints":{"allow":["GET"]}}],"collection":[{"href":"https:\/\/portaltela.pt\/api\/wp\/v2\/posts"}],"about":[{"href":"https:\/\/portaltela.pt\/api\/wp\/v2\/types\/post"}],"author":[{"embeddable":true,"href":"https:\/\/portaltela.pt\/api\/wp\/v2\/users\/2"}],"replies":[{"embeddable":true,"href":"https:\/\/portaltela.pt\/api\/wp\/v2\/comments?post=215128"}],"version-history":[{"count":0,"href":"https:\/\/portaltela.pt\/api\/wp\/v2\/posts\/215128\/revisions"}],"wp:featuredmedia":[{"embeddable":true,"href":"https:\/\/portaltela.pt\/api\/wp\/v2\/media\/215135"}],"wp:attachment":[{"href":"https:\/\/portaltela.pt\/api\/wp\/v2\/media?parent=215128"}],"wp:term":[{"taxonomy":"category","embeddable":true,"href":"https:\/\/portaltela.pt\/api\/wp\/v2\/categories?post=215128"},{"taxonomy":"post_tag","embeddable":true,"href":"https:\/\/portaltela.pt\/api\/wp\/v2\/tags?post=215128"}],"curies":[{"name":"wp","href":"https:\/\/api.w.org\/{rel}","templated":true}]}}