{"id":215098,"date":"2026-02-16T17:15:00","date_gmt":"2026-02-16T20:15:00","guid":{"rendered":"https:\/\/portaltela.pt\/noticias\/2026\/02\/16\/museu-machado-de-castro-em-coimbra-encerra-atividades-a-partir-da-proxima-semana\/"},"modified":"2026-02-16T17:15:00","modified_gmt":"2026-02-16T20:15:00","slug":"museu-machado-de-castro-em-coimbra-encerra-atividades-a-partir-da-proxima-semana","status":"publish","type":"post","link":"https:\/\/portaltela.pt\/noticias\/2026\/02\/16\/museu-machado-de-castro-em-coimbra-encerra-atividades-a-partir-da-proxima-semana\/","title":{"rendered":"Museu Machado de Castro em Coimbra encerra atividades a partir da pr\u00f3xima semana"},"content":{"rendered":"<p>O Museu Nacional Machado de Castro, em Coimbra, encerra a partir da pr\u00f3xima semana. A decis\u00e3o foi comunicada pela pr\u00f3pria institui\u00e7\u00e3o, que n\u00e3o detalha os motivos do encerramento.<\/p>\n<p>N\u00e3o foram divulgados dados sobre a dura\u00e7\u00e3o do encerramento ou sobre impactos em exposi\u00e7\u00f5es e servi\u00e7os. A aus\u00eancia de informa\u00e7\u00f5es adicionais dificulta a avalia\u00e7\u00e3o de eventuais planos de visita\u00e7\u00e3o.<\/p>\n<p>Quem planeava visitar o museu deve ficar atento a novos comunicados oficiais. O fechamento envolve apenas o espa\u00e7o em Coimbra, sem indica\u00e7\u00e3o de altera\u00e7\u00f5es em outros museus da rede. Fonte: Lusa.<\/p>\n","protected":false},"excerpt":{"rendered":"<ul>\n<li>O Museu Nacional Machado de Castro, em Coimbra, encerra a partir da pr\u00f3xima semana.<\/li>\n<li>A not\u00edcia n\u00e3o detalha as raz\u00f5es do encerramento.<\/li>\n<\/ul>\n","protected":false},"author":2,"featured_media":215100,"comment_status":"closed","ping_status":"closed","sticky":false,"template":"","format":"standard","meta":{"footnotes":""},"categories":[1],"tags":[1070,145,2954,1192,814],"class_list":["post-215098","post","type-post","status-publish","format-standard","has-post-thumbnail","hentry","category-noticias","tag-coimbra","tag-cultura","tag-museus-e-monumentos-de-portugal","tag-museus-arquivos","tag-patrimonio"],"yoast_head":"<!-- This site is optimized with the Yoast SEO plugin v27.2 - https:\/\/yoast.com\/product\/yoast-seo-wordpress\/ -->\n<title>Museu Machado de Castro em Coimbra encerra atividades a partir da pr\u00f3xima semana - Portal Tela Portugal<\/title>\n<meta name=\"robots\" content=\"index, follow, max-snippet:-1, max-image-preview:large, max-video-preview:-1\" \/>\n<meta property=\"og:locale\" content=\"pt_PT\" \/>\n<meta property=\"og:type\" content=\"article\" \/>\n<meta property=\"og:title\" content=\"Museu Machado de Castro em Coimbra encerra atividades a partir da pr\u00f3xima semana - Portal Tela Portugal\" \/>\n<meta property=\"og:description\" content=\"O Museu Nacional Machado de Castro, em Coimbra, encerra a partir da pr\u00f3xima semana. A not\u00edcia n\u00e3o detalha as raz\u00f5es do encerramento.\" \/>\n<meta property=\"og:url\" content=\"https:\/\/portaltela.pt\/noticias\/2026\/02\/16\/museu-machado-de-castro-em-coimbra-encerra-atividades-a-partir-da-proxima-semana\/\" \/>\n<meta property=\"og:site_name\" content=\"Portal Tela Portugal\" \/>\n<meta property=\"article:published_time\" content=\"2026-02-16T20:15:00+00:00\" \/>\n<meta name=\"author\" content=\"Telinha\" \/>\n<meta name=\"twitter:card\" content=\"summary_large_image\" \/>\n<meta name=\"twitter:label1\" content=\"Escrito por\" \/>\n\t<meta name=\"twitter:data1\" content=\"Telinha\" \/>\n\t<meta name=\"twitter:label2\" content=\"Tempo estimado de leitura\" \/>\n\t<meta name=\"twitter:data2\" content=\"1 minuto\" \/>\n<script type=\"application\/ld+json\" class=\"yoast-schema-graph\">{\"@context\":\"https:\/\/schema.org\",\"@graph\":[{\"@type\":\"Article\",\"@id\":\"https:\/\/portaltela.pt\/noticias\/2026\/02\/16\/museu-machado-de-castro-em-coimbra-encerra-atividades-a-partir-da-proxima-semana\/#article\",\"isPartOf\":{\"@id\":\"https:\/\/portaltela.pt\/noticias\/2026\/02\/16\/museu-machado-de-castro-em-coimbra-encerra-atividades-a-partir-da-proxima-semana\/\"},\"author\":{\"name\":\"Telinha\",\"@id\":\"https:\/\/portaltela.pt\/#\/schema\/person\/c4278d4a6028830caff9ee44b42d32ed\"},\"headline\":\"Museu Machado de Castro em Coimbra encerra atividades a partir da pr\u00f3xima semana\",\"datePublished\":\"2026-02-16T20:15:00+00:00\",\"mainEntityOfPage\":{\"@id\":\"https:\/\/portaltela.pt\/noticias\/2026\/02\/16\/museu-machado-de-castro-em-coimbra-encerra-atividades-a-partir-da-proxima-semana\/\"},\"wordCount\":118,\"image\":{\"@id\":\"https:\/\/portaltela.pt\/noticias\/2026\/02\/16\/museu-machado-de-castro-em-coimbra-encerra-atividades-a-partir-da-proxima-semana\/#primaryimage\"},\"thumbnailUrl\":\"https:\/\/portaltela.pt\/s.01k8rhncp4jt1\/2026\/02\/CACHE_780X1200_ANALOG_WATERMARKED_46576107_5361260_16022026014711.jpg\",\"keywords\":[\"Coimbra\",\"cultura\",\"Museus e Monumentos de Portugal\",\"museus\/arquivos\",\"patrim\u00f3nio\"],\"articleSection\":[\"Not\u00edcias\"],\"inLanguage\":\"pt-PT\"},{\"@type\":\"WebPage\",\"@id\":\"https:\/\/portaltela.pt\/noticias\/2026\/02\/16\/museu-machado-de-castro-em-coimbra-encerra-atividades-a-partir-da-proxima-semana\/\",\"url\":\"https:\/\/portaltela.pt\/noticias\/2026\/02\/16\/museu-machado-de-castro-em-coimbra-encerra-atividades-a-partir-da-proxima-semana\/\",\"name\":\"Museu Machado de Castro em Coimbra encerra atividades a partir da pr\u00f3xima semana - Portal Tela Portugal\",\"isPartOf\":{\"@id\":\"https:\/\/portaltela.pt\/#website\"},\"primaryImageOfPage\":{\"@id\":\"https:\/\/portaltela.pt\/noticias\/2026\/02\/16\/museu-machado-de-castro-em-coimbra-encerra-atividades-a-partir-da-proxima-semana\/#primaryimage\"},\"image\":{\"@id\":\"https:\/\/portaltela.pt\/noticias\/2026\/02\/16\/museu-machado-de-castro-em-coimbra-encerra-atividades-a-partir-da-proxima-semana\/#primaryimage\"},\"thumbnailUrl\":\"https:\/\/portaltela.pt\/s.01k8rhncp4jt1\/2026\/02\/CACHE_780X1200_ANALOG_WATERMARKED_46576107_5361260_16022026014711.jpg\",\"datePublished\":\"2026-02-16T20:15:00+00:00\",\"author\":{\"@id\":\"https:\/\/portaltela.pt\/#\/schema\/person\/c4278d4a6028830caff9ee44b42d32ed\"},\"breadcrumb\":{\"@id\":\"https:\/\/portaltela.pt\/noticias\/2026\/02\/16\/museu-machado-de-castro-em-coimbra-encerra-atividades-a-partir-da-proxima-semana\/#breadcrumb\"},\"inLanguage\":\"pt-PT\",\"potentialAction\":[{\"@type\":\"ReadAction\",\"target\":[\"https:\/\/portaltela.pt\/noticias\/2026\/02\/16\/museu-machado-de-castro-em-coimbra-encerra-atividades-a-partir-da-proxima-semana\/\"]}]},{\"@type\":\"ImageObject\",\"inLanguage\":\"pt-PT\",\"@id\":\"https:\/\/portaltela.pt\/noticias\/2026\/02\/16\/museu-machado-de-castro-em-coimbra-encerra-atividades-a-partir-da-proxima-semana\/#primaryimage\",\"url\":\"https:\/\/portaltela.pt\/s.01k8rhncp4jt1\/2026\/02\/CACHE_780X1200_ANALOG_WATERMARKED_46576107_5361260_16022026014711.jpg\",\"contentUrl\":\"https:\/\/portaltela.pt\/s.01k8rhncp4jt1\/2026\/02\/CACHE_780X1200_ANALOG_WATERMARKED_46576107_5361260_16022026014711.jpg\",\"width\":796,\"height\":448,\"caption\":\"Museu Nacional Machado de Castro em Coimbra encerrado a partir da pr\u00f3xima semana\"},{\"@type\":\"BreadcrumbList\",\"@id\":\"https:\/\/portaltela.pt\/noticias\/2026\/02\/16\/museu-machado-de-castro-em-coimbra-encerra-atividades-a-partir-da-proxima-semana\/#breadcrumb\",\"itemListElement\":[{\"@type\":\"ListItem\",\"position\":1,\"name\":\"In\u00edcio\",\"item\":\"https:\/\/portaltela.pt\/\"},{\"@type\":\"ListItem\",\"position\":2,\"name\":\"Museu Machado de Castro em Coimbra encerra atividades a partir da pr\u00f3xima semana\"}]},{\"@type\":\"WebSite\",\"@id\":\"https:\/\/portaltela.pt\/#website\",\"url\":\"https:\/\/portaltela.pt\/\",\"name\":\"Portal Tela Portugal\",\"description\":\"\",\"potentialAction\":[{\"@type\":\"SearchAction\",\"target\":{\"@type\":\"EntryPoint\",\"urlTemplate\":\"https:\/\/portaltela.pt\/?s={search_term_string}\"},\"query-input\":{\"@type\":\"PropertyValueSpecification\",\"valueRequired\":true,\"valueName\":\"search_term_string\"}}],\"inLanguage\":\"pt-PT\"},{\"@type\":\"Person\",\"@id\":\"https:\/\/portaltela.pt\/#\/schema\/person\/c4278d4a6028830caff9ee44b42d32ed\",\"name\":\"Telinha\",\"image\":{\"@type\":\"ImageObject\",\"inLanguage\":\"pt-PT\",\"@id\":\"https:\/\/portaltela.pt\/s.01k8rhncp4jt1\/2025\/11\/talking-bot-125x125.png\",\"url\":\"https:\/\/portaltela.pt\/s.01k8rhncp4jt1\/2025\/11\/talking-bot-125x125.png\",\"contentUrl\":\"https:\/\/portaltela.pt\/s.01k8rhncp4jt1\/2025\/11\/talking-bot-125x125.png\",\"caption\":\"Telinha\"},\"sameAs\":[\"https:\/\/portaltela.pt\/\"],\"url\":\"https:\/\/portaltela.pt\/por\/367410592786\/\"}]}<\/script>\n<!-- \/ Yoast SEO plugin. -->","yoast_head_json":{"title":"Museu Machado de Castro em Coimbra encerra atividades a partir da pr\u00f3xima semana - Portal Tela Portugal","robots":{"index":"index","follow":"follow","max-snippet":"max-snippet:-1","max-image-preview":"max-image-preview:large","max-video-preview":"max-video-preview:-1"},"og_locale":"pt_PT","og_type":"article","og_title":"Museu Machado de Castro em Coimbra encerra atividades a partir da pr\u00f3xima semana - Portal Tela Portugal","og_description":"O Museu Nacional Machado de Castro, em Coimbra, encerra a partir da pr\u00f3xima semana. A not\u00edcia n\u00e3o detalha as raz\u00f5es do encerramento.","og_url":"https:\/\/portaltela.pt\/noticias\/2026\/02\/16\/museu-machado-de-castro-em-coimbra-encerra-atividades-a-partir-da-proxima-semana\/","og_site_name":"Portal Tela Portugal","article_published_time":"2026-02-16T20:15:00+00:00","author":"Telinha","twitter_card":"summary_large_image","twitter_misc":{"Escrito por":"Telinha","Tempo estimado de leitura":"1 minuto"},"schema":{"@context":"https:\/\/schema.org","@graph":[{"@type":"Article","@id":"https:\/\/portaltela.pt\/noticias\/2026\/02\/16\/museu-machado-de-castro-em-coimbra-encerra-atividades-a-partir-da-proxima-semana\/#article","isPartOf":{"@id":"https:\/\/portaltela.pt\/noticias\/2026\/02\/16\/museu-machado-de-castro-em-coimbra-encerra-atividades-a-partir-da-proxima-semana\/"},"author":{"name":"Telinha","@id":"https:\/\/portaltela.pt\/#\/schema\/person\/c4278d4a6028830caff9ee44b42d32ed"},"headline":"Museu Machado de Castro em Coimbra encerra atividades a partir da pr\u00f3xima semana","datePublished":"2026-02-16T20:15:00+00:00","mainEntityOfPage":{"@id":"https:\/\/portaltela.pt\/noticias\/2026\/02\/16\/museu-machado-de-castro-em-coimbra-encerra-atividades-a-partir-da-proxima-semana\/"},"wordCount":118,"image":{"@id":"https:\/\/portaltela.pt\/noticias\/2026\/02\/16\/museu-machado-de-castro-em-coimbra-encerra-atividades-a-partir-da-proxima-semana\/#primaryimage"},"thumbnailUrl":"https:\/\/portaltela.pt\/s.01k8rhncp4jt1\/2026\/02\/CACHE_780X1200_ANALOG_WATERMARKED_46576107_5361260_16022026014711.jpg","keywords":["Coimbra","cultura","Museus e Monumentos de Portugal","museus\/arquivos","patrim\u00f3nio"],"articleSection":["Not\u00edcias"],"inLanguage":"pt-PT"},{"@type":"WebPage","@id":"https:\/\/portaltela.pt\/noticias\/2026\/02\/16\/museu-machado-de-castro-em-coimbra-encerra-atividades-a-partir-da-proxima-semana\/","url":"https:\/\/portaltela.pt\/noticias\/2026\/02\/16\/museu-machado-de-castro-em-coimbra-encerra-atividades-a-partir-da-proxima-semana\/","name":"Museu Machado de Castro em Coimbra encerra atividades a partir da pr\u00f3xima semana - Portal Tela Portugal","isPartOf":{"@id":"https:\/\/portaltela.pt\/#website"},"primaryImageOfPage":{"@id":"https:\/\/portaltela.pt\/noticias\/2026\/02\/16\/museu-machado-de-castro-em-coimbra-encerra-atividades-a-partir-da-proxima-semana\/#primaryimage"},"image":{"@id":"https:\/\/portaltela.pt\/noticias\/2026\/02\/16\/museu-machado-de-castro-em-coimbra-encerra-atividades-a-partir-da-proxima-semana\/#primaryimage"},"thumbnailUrl":"https:\/\/portaltela.pt\/s.01k8rhncp4jt1\/2026\/02\/CACHE_780X1200_ANALOG_WATERMARKED_46576107_5361260_16022026014711.jpg","datePublished":"2026-02-16T20:15:00+00:00","author":{"@id":"https:\/\/portaltela.pt\/#\/schema\/person\/c4278d4a6028830caff9ee44b42d32ed"},"breadcrumb":{"@id":"https:\/\/portaltela.pt\/noticias\/2026\/02\/16\/museu-machado-de-castro-em-coimbra-encerra-atividades-a-partir-da-proxima-semana\/#breadcrumb"},"inLanguage":"pt-PT","potentialAction":[{"@type":"ReadAction","target":["https:\/\/portaltela.pt\/noticias\/2026\/02\/16\/museu-machado-de-castro-em-coimbra-encerra-atividades-a-partir-da-proxima-semana\/"]}]},{"@type":"ImageObject","inLanguage":"pt-PT","@id":"https:\/\/portaltela.pt\/noticias\/2026\/02\/16\/museu-machado-de-castro-em-coimbra-encerra-atividades-a-partir-da-proxima-semana\/#primaryimage","url":"https:\/\/portaltela.pt\/s.01k8rhncp4jt1\/2026\/02\/CACHE_780X1200_ANALOG_WATERMARKED_46576107_5361260_16022026014711.jpg","contentUrl":"https:\/\/portaltela.pt\/s.01k8rhncp4jt1\/2026\/02\/CACHE_780X1200_ANALOG_WATERMARKED_46576107_5361260_16022026014711.jpg","width":796,"height":448,"caption":"Museu Nacional Machado de Castro em Coimbra encerrado a partir da pr\u00f3xima semana"},{"@type":"BreadcrumbList","@id":"https:\/\/portaltela.pt\/noticias\/2026\/02\/16\/museu-machado-de-castro-em-coimbra-encerra-atividades-a-partir-da-proxima-semana\/#breadcrumb","itemListElement":[{"@type":"ListItem","position":1,"name":"In\u00edcio","item":"https:\/\/portaltela.pt\/"},{"@type":"ListItem","position":2,"name":"Museu Machado de Castro em Coimbra encerra atividades a partir da pr\u00f3xima semana"}]},{"@type":"WebSite","@id":"https:\/\/portaltela.pt\/#website","url":"https:\/\/portaltela.pt\/","name":"Portal Tela Portugal","description":"","potentialAction":[{"@type":"SearchAction","target":{"@type":"EntryPoint","urlTemplate":"https:\/\/portaltela.pt\/?s={search_term_string}"},"query-input":{"@type":"PropertyValueSpecification","valueRequired":true,"valueName":"search_term_string"}}],"inLanguage":"pt-PT"},{"@type":"Person","@id":"https:\/\/portaltela.pt\/#\/schema\/person\/c4278d4a6028830caff9ee44b42d32ed","name":"Telinha","image":{"@type":"ImageObject","inLanguage":"pt-PT","@id":"https:\/\/portaltela.pt\/s.01k8rhncp4jt1\/2025\/11\/talking-bot-125x125.png","url":"https:\/\/portaltela.pt\/s.01k8rhncp4jt1\/2025\/11\/talking-bot-125x125.png","contentUrl":"https:\/\/portaltela.pt\/s.01k8rhncp4jt1\/2025\/11\/talking-bot-125x125.png","caption":"Telinha"},"sameAs":["https:\/\/portaltela.pt\/"],"url":"https:\/\/portaltela.pt\/por\/367410592786\/"}]}},"_links":{"self":[{"href":"https:\/\/portaltela.pt\/api\/wp\/v2\/posts\/215098","targetHints":{"allow":["GET"]}}],"collection":[{"href":"https:\/\/portaltela.pt\/api\/wp\/v2\/posts"}],"about":[{"href":"https:\/\/portaltela.pt\/api\/wp\/v2\/types\/post"}],"author":[{"embeddable":true,"href":"https:\/\/portaltela.pt\/api\/wp\/v2\/users\/2"}],"replies":[{"embeddable":true,"href":"https:\/\/portaltela.pt\/api\/wp\/v2\/comments?post=215098"}],"version-history":[{"count":0,"href":"https:\/\/portaltela.pt\/api\/wp\/v2\/posts\/215098\/revisions"}],"wp:featuredmedia":[{"embeddable":true,"href":"https:\/\/portaltela.pt\/api\/wp\/v2\/media\/215100"}],"wp:attachment":[{"href":"https:\/\/portaltela.pt\/api\/wp\/v2\/media?parent=215098"}],"wp:term":[{"taxonomy":"category","embeddable":true,"href":"https:\/\/portaltela.pt\/api\/wp\/v2\/categories?post=215098"},{"taxonomy":"post_tag","embeddable":true,"href":"https:\/\/portaltela.pt\/api\/wp\/v2\/tags?post=215098"}],"curies":[{"name":"wp","href":"https:\/\/api.w.org\/{rel}","templated":true}]}}