{"id":215060,"date":"2026-02-16T16:43:00","date_gmt":"2026-02-16T19:43:00","guid":{"rendered":"https:\/\/portaltela.pt\/noticias\/2026\/02\/16\/anisio-cabral-promete-continuar-a-trabalhar-para-se-tornar-grande-jogador\/"},"modified":"2026-02-16T16:43:00","modified_gmt":"2026-02-16T19:43:00","slug":"anisio-cabral-promete-continuar-a-trabalhar-para-se-tornar-grande-jogador","status":"publish","type":"post","link":"https:\/\/portaltela.pt\/desporto\/futebol\/2026\/02\/16\/anisio-cabral-promete-continuar-a-trabalhar-para-se-tornar-grande-jogador\/","title":{"rendered":"An\u00edsio Cabral promete continuar a trabalhar para se tornar grande jogador"},"content":{"rendered":"<p>An\u00edsio Cabral renovou com o Benfica por mais cinco temporadas, at\u00e9 2031, numa decis\u00e3o anunciada junto do clube. A not\u00edcia foi comunicada ap\u00f3s o acordo ser selado, com o atleta a referir que o passo refor\u00e7a o seu caminho no Benfica.<\/p>\n<p>O avan\u00e7ado de 18 anos afirmou que a renova\u00e7\u00e3o \u00e9 um marco emocional e que est\u00e1 a viver um sonho. Garantiu que este \u00e9 apenas o in\u00edcio, prometendo manter o esfor\u00e7o di\u00e1rio para evoluir e tornar-se um jogador de refer\u00eancia.<\/p>\n<h3>Desenvolvimento no Benfica Campus<\/h3>\n<p>Cabral destacou o papel decisivo do Benfica Campus no seu crescimento, elogiando a qualidade dos treinadores e do staff. Afirmou que o apoio recebido \u00e9 essencial para o seu desenvolvimento a curto e m\u00e9dio prazo.<\/p>\n<h3>O papel de Jos\u00e9 Mourinho<\/h3>\n<p>O jovem disse que trabalhar com Jos\u00e9 Mourinho \u00e9 uma experi\u00eancia valiosa e confirmou o interesse em aprender com o treinador. Reiterou a vontade de continuar a crescer sob orienta\u00e7\u00e3o da equipa t\u00e9cnica.<\/p>\n","protected":false},"excerpt":{"rendered":"<ul>\n<li>An\u00edsio Cabral, 18 anos, renovou com o Benfica at\u00e9 2031, conforme an\u00fancio feito \u00e0 BTV.<\/li>\n<li>O jovem atleta diz que a renova\u00e7\u00e3o \u00e9 apenas o in\u00edcio e que vai continuar a trabalhar para ser um grande jogador.<\/li>\n<li>Confessa que vive um sonho e est\u00e1 feliz por representar o Benfica h\u00e1 muito tempo, com sentimento cont\u00ednuo de felicidade.<\/li>\n<li>Destaca o papel do Benfica Campus no seu desenvolvimento e o apoio dos treinadores e da equipa de apoio.<\/li>\n<li>Sobre trabalhar com Jos\u00e9 Mourinho, afirma que \u00e9 um grande treinador e que pretende aprender muito com ele.<\/li>\n<\/ul>\n","protected":false},"author":2,"featured_media":215066,"comment_status":"closed","ping_status":"closed","sticky":false,"template":"","format":"standard","meta":{"footnotes":""},"categories":[21,24],"tags":[4256,1946,32,242,2138,2844],"class_list":["post-215060","post","type-post","status-publish","format-standard","has-post-thumbnail","hentry","category-desporto","category-futebol","tag-anisio-cabral","tag-benfica","tag-futebol","tag-jogadores","tag-jose-mourinho","tag-jovens"],"yoast_head":"<!-- This site is optimized with the Yoast SEO plugin v27.2 - https:\/\/yoast.com\/product\/yoast-seo-wordpress\/ -->\n<title>An\u00edsio Cabral promete continuar a trabalhar para se tornar grande jogador - Portal Tela Portugal<\/title>\n<meta name=\"robots\" content=\"index, follow, max-snippet:-1, max-image-preview:large, max-video-preview:-1\" \/>\n<meta property=\"og:locale\" content=\"pt_PT\" \/>\n<meta property=\"og:type\" content=\"article\" \/>\n<meta property=\"og:title\" content=\"An\u00edsio Cabral promete continuar a trabalhar para se tornar grande jogador - Portal Tela Portugal\" \/>\n<meta property=\"og:description\" content=\"An\u00edsio Cabral, 18 anos, renovou com o Benfica at\u00e9 2031, conforme an\u00fancio feito \u00e0 BTV. O jovem atleta diz que a renova\u00e7\u00e3o \u00e9 apenas o in\u00edcio e que vai continuar a trabalhar para ser um grande jogador. Confessa que vive um sonho e est\u00e1 feliz por representar o Benfica h\u00e1 muito tempo, com sentimento cont\u00ednuo de felicidade. Destaca o papel do Benfica Campus no seu desenvolvimento e o apoio dos treinadores e da equipa de apoio. Sobre trabalhar com Jos\u00e9 Mourinho, afirma que \u00e9 um grande treinador e que pretende aprender muito com ele.\" \/>\n<meta property=\"og:url\" content=\"https:\/\/portaltela.pt\/noticias\/2026\/02\/16\/anisio-cabral-promete-continuar-a-trabalhar-para-se-tornar-grande-jogador\/\" \/>\n<meta property=\"og:site_name\" content=\"Portal Tela Portugal\" \/>\n<meta property=\"article:published_time\" content=\"2026-02-16T19:43:00+00:00\" \/>\n<meta name=\"author\" content=\"Telinha\" \/>\n<meta name=\"twitter:card\" content=\"summary_large_image\" \/>\n<meta name=\"twitter:label1\" content=\"Escrito por\" \/>\n\t<meta name=\"twitter:data1\" content=\"Telinha\" \/>\n\t<meta name=\"twitter:label2\" content=\"Tempo estimado de leitura\" \/>\n\t<meta name=\"twitter:data2\" content=\"1 minuto\" \/>\n<script type=\"application\/ld+json\" class=\"yoast-schema-graph\">{\"@context\":\"https:\/\/schema.org\",\"@graph\":[{\"@type\":\"Article\",\"@id\":\"https:\/\/portaltela.pt\/noticias\/2026\/02\/16\/anisio-cabral-promete-continuar-a-trabalhar-para-se-tornar-grande-jogador\/#article\",\"isPartOf\":{\"@id\":\"https:\/\/portaltela.pt\/noticias\/2026\/02\/16\/anisio-cabral-promete-continuar-a-trabalhar-para-se-tornar-grande-jogador\/\"},\"author\":{\"name\":\"Telinha\",\"@id\":\"https:\/\/portaltela.pt\/#\/schema\/person\/c4278d4a6028830caff9ee44b42d32ed\"},\"headline\":\"An\u00edsio Cabral promete continuar a trabalhar para se tornar grande jogador\",\"datePublished\":\"2026-02-16T19:43:00+00:00\",\"mainEntityOfPage\":{\"@id\":\"https:\/\/portaltela.pt\/noticias\/2026\/02\/16\/anisio-cabral-promete-continuar-a-trabalhar-para-se-tornar-grande-jogador\/\"},\"wordCount\":179,\"image\":{\"@id\":\"https:\/\/portaltela.pt\/noticias\/2026\/02\/16\/anisio-cabral-promete-continuar-a-trabalhar-para-se-tornar-grande-jogador\/#primaryimage\"},\"thumbnailUrl\":\"https:\/\/portaltela.pt\/s.01k8rhncp4jt1\/2026\/02\/img_293x165uu2026-02-09-00-05-11-2420449-1.jpg\",\"keywords\":[\"An\u00edsio Cabral\",\"Benfica\",\"futebol\",\"jogadores\",\"Jos\u00e9 Mourinho\",\"jovens\"],\"articleSection\":[\"Desporto\",\"Futebol\"],\"inLanguage\":\"pt-PT\"},{\"@type\":\"WebPage\",\"@id\":\"https:\/\/portaltela.pt\/noticias\/2026\/02\/16\/anisio-cabral-promete-continuar-a-trabalhar-para-se-tornar-grande-jogador\/\",\"url\":\"https:\/\/portaltela.pt\/noticias\/2026\/02\/16\/anisio-cabral-promete-continuar-a-trabalhar-para-se-tornar-grande-jogador\/\",\"name\":\"An\u00edsio Cabral promete continuar a trabalhar para se tornar grande jogador - Portal Tela Portugal\",\"isPartOf\":{\"@id\":\"https:\/\/portaltela.pt\/#website\"},\"primaryImageOfPage\":{\"@id\":\"https:\/\/portaltela.pt\/noticias\/2026\/02\/16\/anisio-cabral-promete-continuar-a-trabalhar-para-se-tornar-grande-jogador\/#primaryimage\"},\"image\":{\"@id\":\"https:\/\/portaltela.pt\/noticias\/2026\/02\/16\/anisio-cabral-promete-continuar-a-trabalhar-para-se-tornar-grande-jogador\/#primaryimage\"},\"thumbnailUrl\":\"https:\/\/portaltela.pt\/s.01k8rhncp4jt1\/2026\/02\/img_293x165uu2026-02-09-00-05-11-2420449-1.jpg\",\"datePublished\":\"2026-02-16T19:43:00+00:00\",\"author\":{\"@id\":\"https:\/\/portaltela.pt\/#\/schema\/person\/c4278d4a6028830caff9ee44b42d32ed\"},\"breadcrumb\":{\"@id\":\"https:\/\/portaltela.pt\/noticias\/2026\/02\/16\/anisio-cabral-promete-continuar-a-trabalhar-para-se-tornar-grande-jogador\/#breadcrumb\"},\"inLanguage\":\"pt-PT\",\"potentialAction\":[{\"@type\":\"ReadAction\",\"target\":[\"https:\/\/portaltela.pt\/noticias\/2026\/02\/16\/anisio-cabral-promete-continuar-a-trabalhar-para-se-tornar-grande-jogador\/\"]}]},{\"@type\":\"ImageObject\",\"inLanguage\":\"pt-PT\",\"@id\":\"https:\/\/portaltela.pt\/noticias\/2026\/02\/16\/anisio-cabral-promete-continuar-a-trabalhar-para-se-tornar-grande-jogador\/#primaryimage\",\"url\":\"https:\/\/portaltela.pt\/s.01k8rhncp4jt1\/2026\/02\/img_293x165uu2026-02-09-00-05-11-2420449-1.jpg\",\"contentUrl\":\"https:\/\/portaltela.pt\/s.01k8rhncp4jt1\/2026\/02\/img_293x165uu2026-02-09-00-05-11-2420449-1.jpg\",\"width\":796,\"height\":448,\"caption\":\"An\u00edsio Cabral promete \\\"continuar a trabalhar para ser um grande jogador\\\": \u00abIsto \u00e9 o in\u00edcio\u00bb\"},{\"@type\":\"BreadcrumbList\",\"@id\":\"https:\/\/portaltela.pt\/noticias\/2026\/02\/16\/anisio-cabral-promete-continuar-a-trabalhar-para-se-tornar-grande-jogador\/#breadcrumb\",\"itemListElement\":[{\"@type\":\"ListItem\",\"position\":1,\"name\":\"In\u00edcio\",\"item\":\"https:\/\/portaltela.pt\/\"},{\"@type\":\"ListItem\",\"position\":2,\"name\":\"An\u00edsio Cabral promete continuar a trabalhar para se tornar grande jogador\"}]},{\"@type\":\"WebSite\",\"@id\":\"https:\/\/portaltela.pt\/#website\",\"url\":\"https:\/\/portaltela.pt\/\",\"name\":\"Portal Tela Portugal\",\"description\":\"\",\"potentialAction\":[{\"@type\":\"SearchAction\",\"target\":{\"@type\":\"EntryPoint\",\"urlTemplate\":\"https:\/\/portaltela.pt\/?s={search_term_string}\"},\"query-input\":{\"@type\":\"PropertyValueSpecification\",\"valueRequired\":true,\"valueName\":\"search_term_string\"}}],\"inLanguage\":\"pt-PT\"},{\"@type\":\"Person\",\"@id\":\"https:\/\/portaltela.pt\/#\/schema\/person\/c4278d4a6028830caff9ee44b42d32ed\",\"name\":\"Telinha\",\"image\":{\"@type\":\"ImageObject\",\"inLanguage\":\"pt-PT\",\"@id\":\"https:\/\/portaltela.pt\/s.01k8rhncp4jt1\/2025\/11\/talking-bot-125x125.png\",\"url\":\"https:\/\/portaltela.pt\/s.01k8rhncp4jt1\/2025\/11\/talking-bot-125x125.png\",\"contentUrl\":\"https:\/\/portaltela.pt\/s.01k8rhncp4jt1\/2025\/11\/talking-bot-125x125.png\",\"caption\":\"Telinha\"},\"sameAs\":[\"https:\/\/portaltela.pt\/\"],\"url\":\"https:\/\/portaltela.pt\/por\/367410592786\/\"}]}<\/script>\n<!-- \/ Yoast SEO plugin. -->","yoast_head_json":{"title":"An\u00edsio Cabral promete continuar a trabalhar para se tornar grande jogador - Portal Tela Portugal","robots":{"index":"index","follow":"follow","max-snippet":"max-snippet:-1","max-image-preview":"max-image-preview:large","max-video-preview":"max-video-preview:-1"},"og_locale":"pt_PT","og_type":"article","og_title":"An\u00edsio Cabral promete continuar a trabalhar para se tornar grande jogador - Portal Tela Portugal","og_description":"An\u00edsio Cabral, 18 anos, renovou com o Benfica at\u00e9 2031, conforme an\u00fancio feito \u00e0 BTV. O jovem atleta diz que a renova\u00e7\u00e3o \u00e9 apenas o in\u00edcio e que vai continuar a trabalhar para ser um grande jogador. Confessa que vive um sonho e est\u00e1 feliz por representar o Benfica h\u00e1 muito tempo, com sentimento cont\u00ednuo de felicidade. Destaca o papel do Benfica Campus no seu desenvolvimento e o apoio dos treinadores e da equipa de apoio. Sobre trabalhar com Jos\u00e9 Mourinho, afirma que \u00e9 um grande treinador e que pretende aprender muito com ele.","og_url":"https:\/\/portaltela.pt\/noticias\/2026\/02\/16\/anisio-cabral-promete-continuar-a-trabalhar-para-se-tornar-grande-jogador\/","og_site_name":"Portal Tela Portugal","article_published_time":"2026-02-16T19:43:00+00:00","author":"Telinha","twitter_card":"summary_large_image","twitter_misc":{"Escrito por":"Telinha","Tempo estimado de leitura":"1 minuto"},"schema":{"@context":"https:\/\/schema.org","@graph":[{"@type":"Article","@id":"https:\/\/portaltela.pt\/noticias\/2026\/02\/16\/anisio-cabral-promete-continuar-a-trabalhar-para-se-tornar-grande-jogador\/#article","isPartOf":{"@id":"https:\/\/portaltela.pt\/noticias\/2026\/02\/16\/anisio-cabral-promete-continuar-a-trabalhar-para-se-tornar-grande-jogador\/"},"author":{"name":"Telinha","@id":"https:\/\/portaltela.pt\/#\/schema\/person\/c4278d4a6028830caff9ee44b42d32ed"},"headline":"An\u00edsio Cabral promete continuar a trabalhar para se tornar grande jogador","datePublished":"2026-02-16T19:43:00+00:00","mainEntityOfPage":{"@id":"https:\/\/portaltela.pt\/noticias\/2026\/02\/16\/anisio-cabral-promete-continuar-a-trabalhar-para-se-tornar-grande-jogador\/"},"wordCount":179,"image":{"@id":"https:\/\/portaltela.pt\/noticias\/2026\/02\/16\/anisio-cabral-promete-continuar-a-trabalhar-para-se-tornar-grande-jogador\/#primaryimage"},"thumbnailUrl":"https:\/\/portaltela.pt\/s.01k8rhncp4jt1\/2026\/02\/img_293x165uu2026-02-09-00-05-11-2420449-1.jpg","keywords":["An\u00edsio Cabral","Benfica","futebol","jogadores","Jos\u00e9 Mourinho","jovens"],"articleSection":["Desporto","Futebol"],"inLanguage":"pt-PT"},{"@type":"WebPage","@id":"https:\/\/portaltela.pt\/noticias\/2026\/02\/16\/anisio-cabral-promete-continuar-a-trabalhar-para-se-tornar-grande-jogador\/","url":"https:\/\/portaltela.pt\/noticias\/2026\/02\/16\/anisio-cabral-promete-continuar-a-trabalhar-para-se-tornar-grande-jogador\/","name":"An\u00edsio Cabral promete continuar a trabalhar para se tornar grande jogador - Portal Tela Portugal","isPartOf":{"@id":"https:\/\/portaltela.pt\/#website"},"primaryImageOfPage":{"@id":"https:\/\/portaltela.pt\/noticias\/2026\/02\/16\/anisio-cabral-promete-continuar-a-trabalhar-para-se-tornar-grande-jogador\/#primaryimage"},"image":{"@id":"https:\/\/portaltela.pt\/noticias\/2026\/02\/16\/anisio-cabral-promete-continuar-a-trabalhar-para-se-tornar-grande-jogador\/#primaryimage"},"thumbnailUrl":"https:\/\/portaltela.pt\/s.01k8rhncp4jt1\/2026\/02\/img_293x165uu2026-02-09-00-05-11-2420449-1.jpg","datePublished":"2026-02-16T19:43:00+00:00","author":{"@id":"https:\/\/portaltela.pt\/#\/schema\/person\/c4278d4a6028830caff9ee44b42d32ed"},"breadcrumb":{"@id":"https:\/\/portaltela.pt\/noticias\/2026\/02\/16\/anisio-cabral-promete-continuar-a-trabalhar-para-se-tornar-grande-jogador\/#breadcrumb"},"inLanguage":"pt-PT","potentialAction":[{"@type":"ReadAction","target":["https:\/\/portaltela.pt\/noticias\/2026\/02\/16\/anisio-cabral-promete-continuar-a-trabalhar-para-se-tornar-grande-jogador\/"]}]},{"@type":"ImageObject","inLanguage":"pt-PT","@id":"https:\/\/portaltela.pt\/noticias\/2026\/02\/16\/anisio-cabral-promete-continuar-a-trabalhar-para-se-tornar-grande-jogador\/#primaryimage","url":"https:\/\/portaltela.pt\/s.01k8rhncp4jt1\/2026\/02\/img_293x165uu2026-02-09-00-05-11-2420449-1.jpg","contentUrl":"https:\/\/portaltela.pt\/s.01k8rhncp4jt1\/2026\/02\/img_293x165uu2026-02-09-00-05-11-2420449-1.jpg","width":796,"height":448,"caption":"An\u00edsio Cabral promete \"continuar a trabalhar para ser um grande jogador\": \u00abIsto \u00e9 o in\u00edcio\u00bb"},{"@type":"BreadcrumbList","@id":"https:\/\/portaltela.pt\/noticias\/2026\/02\/16\/anisio-cabral-promete-continuar-a-trabalhar-para-se-tornar-grande-jogador\/#breadcrumb","itemListElement":[{"@type":"ListItem","position":1,"name":"In\u00edcio","item":"https:\/\/portaltela.pt\/"},{"@type":"ListItem","position":2,"name":"An\u00edsio Cabral promete continuar a trabalhar para se tornar grande jogador"}]},{"@type":"WebSite","@id":"https:\/\/portaltela.pt\/#website","url":"https:\/\/portaltela.pt\/","name":"Portal Tela Portugal","description":"","potentialAction":[{"@type":"SearchAction","target":{"@type":"EntryPoint","urlTemplate":"https:\/\/portaltela.pt\/?s={search_term_string}"},"query-input":{"@type":"PropertyValueSpecification","valueRequired":true,"valueName":"search_term_string"}}],"inLanguage":"pt-PT"},{"@type":"Person","@id":"https:\/\/portaltela.pt\/#\/schema\/person\/c4278d4a6028830caff9ee44b42d32ed","name":"Telinha","image":{"@type":"ImageObject","inLanguage":"pt-PT","@id":"https:\/\/portaltela.pt\/s.01k8rhncp4jt1\/2025\/11\/talking-bot-125x125.png","url":"https:\/\/portaltela.pt\/s.01k8rhncp4jt1\/2025\/11\/talking-bot-125x125.png","contentUrl":"https:\/\/portaltela.pt\/s.01k8rhncp4jt1\/2025\/11\/talking-bot-125x125.png","caption":"Telinha"},"sameAs":["https:\/\/portaltela.pt\/"],"url":"https:\/\/portaltela.pt\/por\/367410592786\/"}]}},"_links":{"self":[{"href":"https:\/\/portaltela.pt\/api\/wp\/v2\/posts\/215060","targetHints":{"allow":["GET"]}}],"collection":[{"href":"https:\/\/portaltela.pt\/api\/wp\/v2\/posts"}],"about":[{"href":"https:\/\/portaltela.pt\/api\/wp\/v2\/types\/post"}],"author":[{"embeddable":true,"href":"https:\/\/portaltela.pt\/api\/wp\/v2\/users\/2"}],"replies":[{"embeddable":true,"href":"https:\/\/portaltela.pt\/api\/wp\/v2\/comments?post=215060"}],"version-history":[{"count":0,"href":"https:\/\/portaltela.pt\/api\/wp\/v2\/posts\/215060\/revisions"}],"wp:featuredmedia":[{"embeddable":true,"href":"https:\/\/portaltela.pt\/api\/wp\/v2\/media\/215066"}],"wp:attachment":[{"href":"https:\/\/portaltela.pt\/api\/wp\/v2\/media?parent=215060"}],"wp:term":[{"taxonomy":"category","embeddable":true,"href":"https:\/\/portaltela.pt\/api\/wp\/v2\/categories?post=215060"},{"taxonomy":"post_tag","embeddable":true,"href":"https:\/\/portaltela.pt\/api\/wp\/v2\/tags?post=215060"}],"curies":[{"name":"wp","href":"https:\/\/api.w.org\/{rel}","templated":true}]}}