{"id":215057,"date":"2026-02-16T16:11:00","date_gmt":"2026-02-16T19:11:00","guid":{"rendered":"https:\/\/portaltela.pt\/noticias\/2026\/02\/16\/prr-museu-nacional-machado-de-castro-encerra-a-partir-da-proxima-semana\/"},"modified":"2026-02-16T16:11:00","modified_gmt":"2026-02-16T19:11:00","slug":"prr-museu-nacional-machado-de-castro-encerra-a-partir-da-proxima-semana","status":"publish","type":"post","link":"https:\/\/portaltela.pt\/noticias\/2026\/02\/16\/prr-museu-nacional-machado-de-castro-encerra-a-partir-da-proxima-semana\/","title":{"rendered":"PRR: Museu Nacional Machado de Castro encerra a partir da pr\u00f3xima semana"},"content":{"rendered":"<p>O Museu Nacional Machado de Castro, em Coimbra, encerra ao p\u00fablico a partir da pr\u00f3xima semana, devido a obras de requalifica\u00e7\u00e3o financiadas pelo PRR. A reabertura est\u00e1 prevista para junho de 2026, segundo a diretora do museu, Sandra Saldanha.<\/p>\n<p>Atualmente, apenas a \u00e1rea que acolhe uma exposi\u00e7\u00e3o da Funda\u00e7\u00e3o Calouste Gulbenkian permanece em funcionamento. A partir do dia 23, essa zona tamb\u00e9m ficar\u00e1 encerrada, devido ao plano de obras em curso.<\/p>\n<p>As interven\u00e7\u00f5es visam a revis\u00e3o e conserva\u00e7\u00e3o dos espa\u00e7os e das instala\u00e7\u00f5es t\u00e9cnicas do edif\u00edcio. O investimento do PRR supera os dois milh\u00f5es de euros, com execu\u00e7\u00e3o prevista de v\u00e1rias fases ao longo de 2025 e 2026.<\/p>\n<p>Os trabalhos enfrentam condi\u00e7\u00f5es climat\u00e9ricas adversas que provocaram danos, com queda ou desloca\u00e7\u00e3o de chapas e telhas. A recupera\u00e7\u00e3o est\u00e1 or\u00e7ada em mais de 200 mil euros e dever\u00e1 durar cerca de quatro meses.<\/p>\n<p>A primeira ronda de interven\u00e7\u00f5es concentra-se nas fachadas. A gest\u00e3o promete iniciar os trabalhos com a maior rapidez poss\u00edvel, de modo a que coincidam com os restantes planos de requalifica\u00e7\u00e3o.<\/p>\n<p>Durante a manh\u00e3, a ministra da Cultura, Margarida Balseiro Lopes, visitou o museu. A diretora afirmou que o foco n\u00e3o \u00e9 cosm\u00e9tica, mas um trabalho estruturante que ficar\u00e1 para o futuro.<\/p>\n<p>Sandra Saldanha enfatizou que as interven\u00e7\u00f5es v\u00e3o al\u00e9m de repor apenas elementos danificados. O objetivo \u00e9 consolidar de forma estrutural o edif\u00edcio face a tempestades recentes.<\/p>\n<p>Segundo a C\u00e2mara de Coimbra, o projeto PRR, aprovado em julho de 2025, prev\u00ea a revis\u00e3o e conserva\u00e7\u00e3o de espa\u00e7os e instala\u00e7\u00f5es t\u00e9cnicas. Inclui pavimentos, caixilharias, estores e linhas de vida.<\/p>\n<p>Entre as a\u00e7\u00f5es, est\u00e3o a restaura\u00e7\u00e3o de fachadas e coberturas em pedra, atualiza\u00e7\u00f5es em \u00e1reas t\u00e9cnicas e altera\u00e7\u00f5es na cafetaria. Os trabalhos envolvem equipas distintas para cada fase do edif\u00edcio.<\/p>\n<p>A respons\u00e1vel indicou ainda que as chapas de revestimento n\u00e3o estavam inclu\u00eddas no PRR original, o que atrasou a resposta aos fen\u00f3menos clim\u00e1ticos. As interven\u00e7\u00f5es previstas s\u00e3o, assim, distintas e complementares.<\/p>\n","protected":false},"excerpt":{"rendered":"<ul>\n<li>O Museu Nacional Machado de Castro, em Coimbra, encerra ao p\u00fablico a partir da pr\u00f3xima semana para obras de requalifica\u00e7\u00e3o financiadas pelo Plano de Recupera\u00e7\u00e3o e Resili\u00eancia (PRR), com reabertura prevista para junho.<\/li>\n<li>Atualmente, apenas a zona que acolhe uma exposi\u00e7\u00e3o da Funda\u00e7\u00e3o Calouste Gulbenkian est\u00e1 em funcionamento; a partir do dia 23 tamb\u00e9m essa \u00e1rea ficar\u00e1 encerrada.<\/li>\n<li>O museu registou danos causados pelo mau tempo, com quedas\/ deslocamento de chapas e telhas, com recupera\u00e7\u00e3o or\u00e7ada em mais de 200 mil euros e prevista para durar cerca de quatro meses.<\/li>\n<li>Os trabalhos incidir\u00e3o nas fachadas e ocorrer\u00e3o em paralelo com a expans\u00e3o j\u00e1 em curso, para acelerar a recupera\u00e7\u00e3o estrutural do edif\u00edcio.<\/li>\n<li>A visita da ministra da Cultura destacou a necessidade de um trabalho estruturante, n\u00e3o apenas cosm\u00e9tico, e o projeto de requalifica\u00e7\u00e3o inclui revis\u00e3o de espa\u00e7os, instala\u00e7\u00f5es t\u00e9cnicas, pavimentos, caixilharias, estores, linhas de vida, entre outras interven\u00e7\u00f5es.<\/li>\n<\/ul>\n","protected":false},"author":2,"featured_media":215061,"comment_status":"closed","ping_status":"closed","sticky":false,"template":"","format":"standard","meta":{"footnotes":""},"categories":[1],"tags":[1070,145,2954,1192,814,2972],"class_list":["post-215057","post","type-post","status-publish","format-standard","has-post-thumbnail","hentry","category-noticias","tag-coimbra","tag-cultura","tag-museus-e-monumentos-de-portugal","tag-museus-arquivos","tag-patrimonio","tag-pavimentacao"],"yoast_head":"<!-- This site is optimized with the Yoast SEO plugin v27.2 - https:\/\/yoast.com\/product\/yoast-seo-wordpress\/ -->\n<title>PRR: Museu Nacional Machado de Castro encerra a partir da pr\u00f3xima semana - Portal Tela Portugal<\/title>\n<meta name=\"robots\" content=\"index, follow, max-snippet:-1, max-image-preview:large, max-video-preview:-1\" \/>\n<meta property=\"og:locale\" content=\"pt_PT\" \/>\n<meta property=\"og:type\" content=\"article\" \/>\n<meta property=\"og:title\" content=\"PRR: Museu Nacional Machado de Castro encerra a partir da pr\u00f3xima semana - Portal Tela Portugal\" \/>\n<meta property=\"og:description\" content=\"O Museu Nacional Machado de Castro, em Coimbra, encerra ao p\u00fablico a partir da pr\u00f3xima semana para obras de requalifica\u00e7\u00e3o financiadas pelo Plano de Recupera\u00e7\u00e3o e Resili\u00eancia (PRR), com reabertura prevista para junho. Atualmente, apenas a zona que acolhe uma exposi\u00e7\u00e3o da Funda\u00e7\u00e3o Calouste Gulbenkian est\u00e1 em funcionamento; a partir do dia 23 tamb\u00e9m essa \u00e1rea ficar\u00e1 encerrada. O museu registou danos causados pelo mau tempo, com quedas\/ deslocamento de chapas e telhas, com recupera\u00e7\u00e3o or\u00e7ada em mais de 200 mil euros e prevista para durar cerca de quatro meses. Os trabalhos incidir\u00e3o nas fachadas e ocorrer\u00e3o em paralelo com a expans\u00e3o j\u00e1 em curso, para acelerar a recupera\u00e7\u00e3o estrutural do edif\u00edcio. A visita da ministra da Cultura destacou a necessidade de um trabalho estruturante, n\u00e3o apenas cosm\u00e9tico, e o projeto de requalifica\u00e7\u00e3o inclui revis\u00e3o de espa\u00e7os, instala\u00e7\u00f5es t\u00e9cnicas, pavimentos, caixilharias, estores, linhas de vida, entre outras interven\u00e7\u00f5es.\" \/>\n<meta property=\"og:url\" content=\"https:\/\/portaltela.pt\/noticias\/2026\/02\/16\/prr-museu-nacional-machado-de-castro-encerra-a-partir-da-proxima-semana\/\" \/>\n<meta property=\"og:site_name\" content=\"Portal Tela Portugal\" \/>\n<meta property=\"article:published_time\" content=\"2026-02-16T19:11:00+00:00\" \/>\n<meta name=\"author\" content=\"Telinha\" \/>\n<meta name=\"twitter:card\" content=\"summary_large_image\" \/>\n<meta name=\"twitter:label1\" content=\"Escrito por\" \/>\n\t<meta name=\"twitter:data1\" content=\"Telinha\" \/>\n\t<meta name=\"twitter:label2\" content=\"Tempo estimado de leitura\" \/>\n\t<meta name=\"twitter:data2\" content=\"2 minutos\" \/>\n<script type=\"application\/ld+json\" class=\"yoast-schema-graph\">{\"@context\":\"https:\/\/schema.org\",\"@graph\":[{\"@type\":\"Article\",\"@id\":\"https:\/\/portaltela.pt\/noticias\/2026\/02\/16\/prr-museu-nacional-machado-de-castro-encerra-a-partir-da-proxima-semana\/#article\",\"isPartOf\":{\"@id\":\"https:\/\/portaltela.pt\/noticias\/2026\/02\/16\/prr-museu-nacional-machado-de-castro-encerra-a-partir-da-proxima-semana\/\"},\"author\":{\"name\":\"Telinha\",\"@id\":\"https:\/\/portaltela.pt\/#\/schema\/person\/c4278d4a6028830caff9ee44b42d32ed\"},\"headline\":\"PRR: Museu Nacional Machado de Castro encerra a partir da pr\u00f3xima semana\",\"datePublished\":\"2026-02-16T19:11:00+00:00\",\"mainEntityOfPage\":{\"@id\":\"https:\/\/portaltela.pt\/noticias\/2026\/02\/16\/prr-museu-nacional-machado-de-castro-encerra-a-partir-da-proxima-semana\/\"},\"wordCount\":377,\"image\":{\"@id\":\"https:\/\/portaltela.pt\/noticias\/2026\/02\/16\/prr-museu-nacional-machado-de-castro-encerra-a-partir-da-proxima-semana\/#primaryimage\"},\"thumbnailUrl\":\"https:\/\/portaltela.pt\/s.01k8rhncp4jt1\/2026\/02\/2165042.jpg\",\"keywords\":[\"Coimbra\",\"cultura\",\"Museus e Monumentos de Portugal\",\"museus\/arquivos\",\"patrim\u00f3nio\",\"pavimenta\u00e7\u00e3o\"],\"articleSection\":[\"Not\u00edcias\"],\"inLanguage\":\"pt-PT\"},{\"@type\":\"WebPage\",\"@id\":\"https:\/\/portaltela.pt\/noticias\/2026\/02\/16\/prr-museu-nacional-machado-de-castro-encerra-a-partir-da-proxima-semana\/\",\"url\":\"https:\/\/portaltela.pt\/noticias\/2026\/02\/16\/prr-museu-nacional-machado-de-castro-encerra-a-partir-da-proxima-semana\/\",\"name\":\"PRR: Museu Nacional Machado de Castro encerra a partir da pr\u00f3xima semana - Portal Tela Portugal\",\"isPartOf\":{\"@id\":\"https:\/\/portaltela.pt\/#website\"},\"primaryImageOfPage\":{\"@id\":\"https:\/\/portaltela.pt\/noticias\/2026\/02\/16\/prr-museu-nacional-machado-de-castro-encerra-a-partir-da-proxima-semana\/#primaryimage\"},\"image\":{\"@id\":\"https:\/\/portaltela.pt\/noticias\/2026\/02\/16\/prr-museu-nacional-machado-de-castro-encerra-a-partir-da-proxima-semana\/#primaryimage\"},\"thumbnailUrl\":\"https:\/\/portaltela.pt\/s.01k8rhncp4jt1\/2026\/02\/2165042.jpg\",\"datePublished\":\"2026-02-16T19:11:00+00:00\",\"author\":{\"@id\":\"https:\/\/portaltela.pt\/#\/schema\/person\/c4278d4a6028830caff9ee44b42d32ed\"},\"breadcrumb\":{\"@id\":\"https:\/\/portaltela.pt\/noticias\/2026\/02\/16\/prr-museu-nacional-machado-de-castro-encerra-a-partir-da-proxima-semana\/#breadcrumb\"},\"inLanguage\":\"pt-PT\",\"potentialAction\":[{\"@type\":\"ReadAction\",\"target\":[\"https:\/\/portaltela.pt\/noticias\/2026\/02\/16\/prr-museu-nacional-machado-de-castro-encerra-a-partir-da-proxima-semana\/\"]}]},{\"@type\":\"ImageObject\",\"inLanguage\":\"pt-PT\",\"@id\":\"https:\/\/portaltela.pt\/noticias\/2026\/02\/16\/prr-museu-nacional-machado-de-castro-encerra-a-partir-da-proxima-semana\/#primaryimage\",\"url\":\"https:\/\/portaltela.pt\/s.01k8rhncp4jt1\/2026\/02\/2165042.jpg\",\"contentUrl\":\"https:\/\/portaltela.pt\/s.01k8rhncp4jt1\/2026\/02\/2165042.jpg\",\"width\":796,\"height\":448,\"caption\":\"Photo\"},{\"@type\":\"BreadcrumbList\",\"@id\":\"https:\/\/portaltela.pt\/noticias\/2026\/02\/16\/prr-museu-nacional-machado-de-castro-encerra-a-partir-da-proxima-semana\/#breadcrumb\",\"itemListElement\":[{\"@type\":\"ListItem\",\"position\":1,\"name\":\"In\u00edcio\",\"item\":\"https:\/\/portaltela.pt\/\"},{\"@type\":\"ListItem\",\"position\":2,\"name\":\"PRR: Museu Nacional Machado de Castro encerra a partir da pr\u00f3xima semana\"}]},{\"@type\":\"WebSite\",\"@id\":\"https:\/\/portaltela.pt\/#website\",\"url\":\"https:\/\/portaltela.pt\/\",\"name\":\"Portal Tela Portugal\",\"description\":\"\",\"potentialAction\":[{\"@type\":\"SearchAction\",\"target\":{\"@type\":\"EntryPoint\",\"urlTemplate\":\"https:\/\/portaltela.pt\/?s={search_term_string}\"},\"query-input\":{\"@type\":\"PropertyValueSpecification\",\"valueRequired\":true,\"valueName\":\"search_term_string\"}}],\"inLanguage\":\"pt-PT\"},{\"@type\":\"Person\",\"@id\":\"https:\/\/portaltela.pt\/#\/schema\/person\/c4278d4a6028830caff9ee44b42d32ed\",\"name\":\"Telinha\",\"image\":{\"@type\":\"ImageObject\",\"inLanguage\":\"pt-PT\",\"@id\":\"https:\/\/portaltela.pt\/s.01k8rhncp4jt1\/2025\/11\/talking-bot-125x125.png\",\"url\":\"https:\/\/portaltela.pt\/s.01k8rhncp4jt1\/2025\/11\/talking-bot-125x125.png\",\"contentUrl\":\"https:\/\/portaltela.pt\/s.01k8rhncp4jt1\/2025\/11\/talking-bot-125x125.png\",\"caption\":\"Telinha\"},\"sameAs\":[\"https:\/\/portaltela.pt\/\"],\"url\":\"https:\/\/portaltela.pt\/por\/367410592786\/\"}]}<\/script>\n<!-- \/ Yoast SEO plugin. -->","yoast_head_json":{"title":"PRR: Museu Nacional Machado de Castro encerra a partir da pr\u00f3xima semana - Portal Tela Portugal","robots":{"index":"index","follow":"follow","max-snippet":"max-snippet:-1","max-image-preview":"max-image-preview:large","max-video-preview":"max-video-preview:-1"},"og_locale":"pt_PT","og_type":"article","og_title":"PRR: Museu Nacional Machado de Castro encerra a partir da pr\u00f3xima semana - Portal Tela Portugal","og_description":"O Museu Nacional Machado de Castro, em Coimbra, encerra ao p\u00fablico a partir da pr\u00f3xima semana para obras de requalifica\u00e7\u00e3o financiadas pelo Plano de Recupera\u00e7\u00e3o e Resili\u00eancia (PRR), com reabertura prevista para junho. Atualmente, apenas a zona que acolhe uma exposi\u00e7\u00e3o da Funda\u00e7\u00e3o Calouste Gulbenkian est\u00e1 em funcionamento; a partir do dia 23 tamb\u00e9m essa \u00e1rea ficar\u00e1 encerrada. O museu registou danos causados pelo mau tempo, com quedas\/ deslocamento de chapas e telhas, com recupera\u00e7\u00e3o or\u00e7ada em mais de 200 mil euros e prevista para durar cerca de quatro meses. Os trabalhos incidir\u00e3o nas fachadas e ocorrer\u00e3o em paralelo com a expans\u00e3o j\u00e1 em curso, para acelerar a recupera\u00e7\u00e3o estrutural do edif\u00edcio. A visita da ministra da Cultura destacou a necessidade de um trabalho estruturante, n\u00e3o apenas cosm\u00e9tico, e o projeto de requalifica\u00e7\u00e3o inclui revis\u00e3o de espa\u00e7os, instala\u00e7\u00f5es t\u00e9cnicas, pavimentos, caixilharias, estores, linhas de vida, entre outras interven\u00e7\u00f5es.","og_url":"https:\/\/portaltela.pt\/noticias\/2026\/02\/16\/prr-museu-nacional-machado-de-castro-encerra-a-partir-da-proxima-semana\/","og_site_name":"Portal Tela Portugal","article_published_time":"2026-02-16T19:11:00+00:00","author":"Telinha","twitter_card":"summary_large_image","twitter_misc":{"Escrito por":"Telinha","Tempo estimado de leitura":"2 minutos"},"schema":{"@context":"https:\/\/schema.org","@graph":[{"@type":"Article","@id":"https:\/\/portaltela.pt\/noticias\/2026\/02\/16\/prr-museu-nacional-machado-de-castro-encerra-a-partir-da-proxima-semana\/#article","isPartOf":{"@id":"https:\/\/portaltela.pt\/noticias\/2026\/02\/16\/prr-museu-nacional-machado-de-castro-encerra-a-partir-da-proxima-semana\/"},"author":{"name":"Telinha","@id":"https:\/\/portaltela.pt\/#\/schema\/person\/c4278d4a6028830caff9ee44b42d32ed"},"headline":"PRR: Museu Nacional Machado de Castro encerra a partir da pr\u00f3xima semana","datePublished":"2026-02-16T19:11:00+00:00","mainEntityOfPage":{"@id":"https:\/\/portaltela.pt\/noticias\/2026\/02\/16\/prr-museu-nacional-machado-de-castro-encerra-a-partir-da-proxima-semana\/"},"wordCount":377,"image":{"@id":"https:\/\/portaltela.pt\/noticias\/2026\/02\/16\/prr-museu-nacional-machado-de-castro-encerra-a-partir-da-proxima-semana\/#primaryimage"},"thumbnailUrl":"https:\/\/portaltela.pt\/s.01k8rhncp4jt1\/2026\/02\/2165042.jpg","keywords":["Coimbra","cultura","Museus e Monumentos de Portugal","museus\/arquivos","patrim\u00f3nio","pavimenta\u00e7\u00e3o"],"articleSection":["Not\u00edcias"],"inLanguage":"pt-PT"},{"@type":"WebPage","@id":"https:\/\/portaltela.pt\/noticias\/2026\/02\/16\/prr-museu-nacional-machado-de-castro-encerra-a-partir-da-proxima-semana\/","url":"https:\/\/portaltela.pt\/noticias\/2026\/02\/16\/prr-museu-nacional-machado-de-castro-encerra-a-partir-da-proxima-semana\/","name":"PRR: Museu Nacional Machado de Castro encerra a partir da pr\u00f3xima semana - Portal Tela Portugal","isPartOf":{"@id":"https:\/\/portaltela.pt\/#website"},"primaryImageOfPage":{"@id":"https:\/\/portaltela.pt\/noticias\/2026\/02\/16\/prr-museu-nacional-machado-de-castro-encerra-a-partir-da-proxima-semana\/#primaryimage"},"image":{"@id":"https:\/\/portaltela.pt\/noticias\/2026\/02\/16\/prr-museu-nacional-machado-de-castro-encerra-a-partir-da-proxima-semana\/#primaryimage"},"thumbnailUrl":"https:\/\/portaltela.pt\/s.01k8rhncp4jt1\/2026\/02\/2165042.jpg","datePublished":"2026-02-16T19:11:00+00:00","author":{"@id":"https:\/\/portaltela.pt\/#\/schema\/person\/c4278d4a6028830caff9ee44b42d32ed"},"breadcrumb":{"@id":"https:\/\/portaltela.pt\/noticias\/2026\/02\/16\/prr-museu-nacional-machado-de-castro-encerra-a-partir-da-proxima-semana\/#breadcrumb"},"inLanguage":"pt-PT","potentialAction":[{"@type":"ReadAction","target":["https:\/\/portaltela.pt\/noticias\/2026\/02\/16\/prr-museu-nacional-machado-de-castro-encerra-a-partir-da-proxima-semana\/"]}]},{"@type":"ImageObject","inLanguage":"pt-PT","@id":"https:\/\/portaltela.pt\/noticias\/2026\/02\/16\/prr-museu-nacional-machado-de-castro-encerra-a-partir-da-proxima-semana\/#primaryimage","url":"https:\/\/portaltela.pt\/s.01k8rhncp4jt1\/2026\/02\/2165042.jpg","contentUrl":"https:\/\/portaltela.pt\/s.01k8rhncp4jt1\/2026\/02\/2165042.jpg","width":796,"height":448,"caption":"Photo"},{"@type":"BreadcrumbList","@id":"https:\/\/portaltela.pt\/noticias\/2026\/02\/16\/prr-museu-nacional-machado-de-castro-encerra-a-partir-da-proxima-semana\/#breadcrumb","itemListElement":[{"@type":"ListItem","position":1,"name":"In\u00edcio","item":"https:\/\/portaltela.pt\/"},{"@type":"ListItem","position":2,"name":"PRR: Museu Nacional Machado de Castro encerra a partir da pr\u00f3xima semana"}]},{"@type":"WebSite","@id":"https:\/\/portaltela.pt\/#website","url":"https:\/\/portaltela.pt\/","name":"Portal Tela Portugal","description":"","potentialAction":[{"@type":"SearchAction","target":{"@type":"EntryPoint","urlTemplate":"https:\/\/portaltela.pt\/?s={search_term_string}"},"query-input":{"@type":"PropertyValueSpecification","valueRequired":true,"valueName":"search_term_string"}}],"inLanguage":"pt-PT"},{"@type":"Person","@id":"https:\/\/portaltela.pt\/#\/schema\/person\/c4278d4a6028830caff9ee44b42d32ed","name":"Telinha","image":{"@type":"ImageObject","inLanguage":"pt-PT","@id":"https:\/\/portaltela.pt\/s.01k8rhncp4jt1\/2025\/11\/talking-bot-125x125.png","url":"https:\/\/portaltela.pt\/s.01k8rhncp4jt1\/2025\/11\/talking-bot-125x125.png","contentUrl":"https:\/\/portaltela.pt\/s.01k8rhncp4jt1\/2025\/11\/talking-bot-125x125.png","caption":"Telinha"},"sameAs":["https:\/\/portaltela.pt\/"],"url":"https:\/\/portaltela.pt\/por\/367410592786\/"}]}},"_links":{"self":[{"href":"https:\/\/portaltela.pt\/api\/wp\/v2\/posts\/215057","targetHints":{"allow":["GET"]}}],"collection":[{"href":"https:\/\/portaltela.pt\/api\/wp\/v2\/posts"}],"about":[{"href":"https:\/\/portaltela.pt\/api\/wp\/v2\/types\/post"}],"author":[{"embeddable":true,"href":"https:\/\/portaltela.pt\/api\/wp\/v2\/users\/2"}],"replies":[{"embeddable":true,"href":"https:\/\/portaltela.pt\/api\/wp\/v2\/comments?post=215057"}],"version-history":[{"count":0,"href":"https:\/\/portaltela.pt\/api\/wp\/v2\/posts\/215057\/revisions"}],"wp:featuredmedia":[{"embeddable":true,"href":"https:\/\/portaltela.pt\/api\/wp\/v2\/media\/215061"}],"wp:attachment":[{"href":"https:\/\/portaltela.pt\/api\/wp\/v2\/media?parent=215057"}],"wp:term":[{"taxonomy":"category","embeddable":true,"href":"https:\/\/portaltela.pt\/api\/wp\/v2\/categories?post=215057"},{"taxonomy":"post_tag","embeddable":true,"href":"https:\/\/portaltela.pt\/api\/wp\/v2\/tags?post=215057"}],"curies":[{"name":"wp","href":"https:\/\/api.w.org\/{rel}","templated":true}]}}