{"id":215055,"date":"2026-02-16T16:39:00","date_gmt":"2026-02-16T19:39:00","guid":{"rendered":"https:\/\/portaltela.pt\/noticias\/2026\/02\/16\/benfica-renova-com-anisio-cabral\/"},"modified":"2026-02-16T16:39:00","modified_gmt":"2026-02-16T19:39:00","slug":"benfica-renova-com-anisio-cabral","status":"publish","type":"post","link":"https:\/\/portaltela.pt\/desporto\/futebol\/2026\/02\/16\/benfica-renova-com-anisio-cabral\/","title":{"rendered":"Benfica renova com An\u00edsio Cabral"},"content":{"rendered":"<p>O Benfica anunciou a renova\u00e7\u00e3o do contrato do jovem atacante An\u00edsio Cabral, de 18 anos, at\u00e9 2031. O acordo foi confirmado pelo clube atrav\u00e9s de comunicado oficial.<\/p>\n<p>A renova\u00e7\u00e3o abrange cinco temporadas, mantendo An\u00edsio Cabral no clube at\u00e9 ao ver\u00e3o de 2031, segundo a qualifica\u00e7\u00e3o do Benfica.<\/p>\n<p>An\u00edsio Cabral, que se encontra no SL Benfica desde 2016, destacou-se recentemente ao vencer o Mundial de sub-17. Nesta temporada, estreou-se pela equipa principal e j\u00e1 marcou dois golos em tr\u00eas jogos.<\/p>\n","protected":false},"excerpt":{"rendered":"<ul>\n<li>O Benfica anunciou a renova\u00e7\u00e3o contratual com o avan\u00e7ado An\u00edsio Cabral, de 18 anos, at\u00e9 2031.<\/li>\n<li>O novo v\u00ednculo prolonga a rela\u00e7\u00e3o por cinco \u00e9pocas, mantendo o jogador no clube at\u00e9 ao ano de 2031.<\/li>\n<li>An\u00edsio Cabral tem estado em destaque na equipa principal, estreando-se esta \u00e9poca e j\u00e1 soma dois golos em tr\u00eas jogos.<\/li>\n<li>O jogador integrou o Benfica em 2016 e recentemente foi campe\u00e3o do Mundo de sub-17 pela sele\u00e7\u00e3o de Portugal.<\/li>\n<\/ul>\n","protected":false},"author":2,"featured_media":215063,"comment_status":"closed","ping_status":"closed","sticky":false,"template":"","format":"standard","meta":{"footnotes":""},"categories":[21,24],"tags":[4256,1946,3972,32,242,47],"class_list":["post-215055","post","type-post","status-publish","format-standard","has-post-thumbnail","hentry","category-desporto","category-futebol","tag-anisio-cabral","tag-benfica","tag-benfica-sad","tag-futebol","tag-jogadores","tag-mundial"],"yoast_head":"<!-- This site is optimized with the Yoast SEO plugin v27.2 - https:\/\/yoast.com\/product\/yoast-seo-wordpress\/ -->\n<title>Benfica renova com An\u00edsio Cabral - Portal Tela Portugal<\/title>\n<meta name=\"robots\" content=\"index, follow, max-snippet:-1, max-image-preview:large, max-video-preview:-1\" \/>\n<meta property=\"og:locale\" content=\"pt_PT\" \/>\n<meta property=\"og:type\" content=\"article\" \/>\n<meta property=\"og:title\" content=\"Benfica renova com An\u00edsio Cabral - Portal Tela Portugal\" \/>\n<meta property=\"og:description\" content=\"O Benfica anunciou a renova\u00e7\u00e3o contratual com o avan\u00e7ado An\u00edsio Cabral, de 18 anos, at\u00e9 2031. O novo v\u00ednculo prolonga a rela\u00e7\u00e3o por cinco \u00e9pocas, mantendo o jogador no clube at\u00e9 ao ano de 2031. An\u00edsio Cabral tem estado em destaque na equipa principal, estreando-se esta \u00e9poca e j\u00e1 soma dois golos em tr\u00eas jogos. O jogador integrou o Benfica em 2016 e recentemente foi campe\u00e3o do Mundo de sub-17 pela sele\u00e7\u00e3o de Portugal.\" \/>\n<meta property=\"og:url\" content=\"https:\/\/portaltela.pt\/noticias\/2026\/02\/16\/benfica-renova-com-anisio-cabral\/\" \/>\n<meta property=\"og:site_name\" content=\"Portal Tela Portugal\" \/>\n<meta property=\"article:published_time\" content=\"2026-02-16T19:39:00+00:00\" \/>\n<meta name=\"author\" content=\"Telinha\" \/>\n<meta name=\"twitter:card\" content=\"summary_large_image\" \/>\n<meta name=\"twitter:label1\" content=\"Escrito por\" \/>\n\t<meta name=\"twitter:data1\" content=\"Telinha\" \/>\n<script type=\"application\/ld+json\" class=\"yoast-schema-graph\">{\"@context\":\"https:\/\/schema.org\",\"@graph\":[{\"@type\":\"Article\",\"@id\":\"https:\/\/portaltela.pt\/noticias\/2026\/02\/16\/benfica-renova-com-anisio-cabral\/#article\",\"isPartOf\":{\"@id\":\"https:\/\/portaltela.pt\/noticias\/2026\/02\/16\/benfica-renova-com-anisio-cabral\/\"},\"author\":{\"name\":\"Telinha\",\"@id\":\"https:\/\/portaltela.pt\/#\/schema\/person\/c4278d4a6028830caff9ee44b42d32ed\"},\"headline\":\"Benfica renova com An\u00edsio Cabral\",\"datePublished\":\"2026-02-16T19:39:00+00:00\",\"mainEntityOfPage\":{\"@id\":\"https:\/\/portaltela.pt\/noticias\/2026\/02\/16\/benfica-renova-com-anisio-cabral\/\"},\"wordCount\":90,\"image\":{\"@id\":\"https:\/\/portaltela.pt\/noticias\/2026\/02\/16\/benfica-renova-com-anisio-cabral\/#primaryimage\"},\"thumbnailUrl\":\"https:\/\/portaltela.pt\/s.01k8rhncp4jt1\/2026\/02\/image-1275.jpg\",\"keywords\":[\"An\u00edsio Cabral\",\"Benfica\",\"Benfica SAD\",\"futebol\",\"jogadores\",\"mundial\"],\"articleSection\":[\"Desporto\",\"Futebol\"],\"inLanguage\":\"pt-PT\"},{\"@type\":\"WebPage\",\"@id\":\"https:\/\/portaltela.pt\/noticias\/2026\/02\/16\/benfica-renova-com-anisio-cabral\/\",\"url\":\"https:\/\/portaltela.pt\/noticias\/2026\/02\/16\/benfica-renova-com-anisio-cabral\/\",\"name\":\"Benfica renova com An\u00edsio Cabral - Portal Tela Portugal\",\"isPartOf\":{\"@id\":\"https:\/\/portaltela.pt\/#website\"},\"primaryImageOfPage\":{\"@id\":\"https:\/\/portaltela.pt\/noticias\/2026\/02\/16\/benfica-renova-com-anisio-cabral\/#primaryimage\"},\"image\":{\"@id\":\"https:\/\/portaltela.pt\/noticias\/2026\/02\/16\/benfica-renova-com-anisio-cabral\/#primaryimage\"},\"thumbnailUrl\":\"https:\/\/portaltela.pt\/s.01k8rhncp4jt1\/2026\/02\/image-1275.jpg\",\"datePublished\":\"2026-02-16T19:39:00+00:00\",\"author\":{\"@id\":\"https:\/\/portaltela.pt\/#\/schema\/person\/c4278d4a6028830caff9ee44b42d32ed\"},\"breadcrumb\":{\"@id\":\"https:\/\/portaltela.pt\/noticias\/2026\/02\/16\/benfica-renova-com-anisio-cabral\/#breadcrumb\"},\"inLanguage\":\"pt-PT\",\"potentialAction\":[{\"@type\":\"ReadAction\",\"target\":[\"https:\/\/portaltela.pt\/noticias\/2026\/02\/16\/benfica-renova-com-anisio-cabral\/\"]}]},{\"@type\":\"ImageObject\",\"inLanguage\":\"pt-PT\",\"@id\":\"https:\/\/portaltela.pt\/noticias\/2026\/02\/16\/benfica-renova-com-anisio-cabral\/#primaryimage\",\"url\":\"https:\/\/portaltela.pt\/s.01k8rhncp4jt1\/2026\/02\/image-1275.jpg\",\"contentUrl\":\"https:\/\/portaltela.pt\/s.01k8rhncp4jt1\/2026\/02\/image-1275.jpg\",\"width\":796,\"height\":448,\"caption\":\"An\u00edsio Cabral j\u00e1 marcou dois golos pela equipa principal do Benfica\"},{\"@type\":\"BreadcrumbList\",\"@id\":\"https:\/\/portaltela.pt\/noticias\/2026\/02\/16\/benfica-renova-com-anisio-cabral\/#breadcrumb\",\"itemListElement\":[{\"@type\":\"ListItem\",\"position\":1,\"name\":\"In\u00edcio\",\"item\":\"https:\/\/portaltela.pt\/\"},{\"@type\":\"ListItem\",\"position\":2,\"name\":\"Benfica renova com An\u00edsio Cabral\"}]},{\"@type\":\"WebSite\",\"@id\":\"https:\/\/portaltela.pt\/#website\",\"url\":\"https:\/\/portaltela.pt\/\",\"name\":\"Portal Tela Portugal\",\"description\":\"\",\"potentialAction\":[{\"@type\":\"SearchAction\",\"target\":{\"@type\":\"EntryPoint\",\"urlTemplate\":\"https:\/\/portaltela.pt\/?s={search_term_string}\"},\"query-input\":{\"@type\":\"PropertyValueSpecification\",\"valueRequired\":true,\"valueName\":\"search_term_string\"}}],\"inLanguage\":\"pt-PT\"},{\"@type\":\"Person\",\"@id\":\"https:\/\/portaltela.pt\/#\/schema\/person\/c4278d4a6028830caff9ee44b42d32ed\",\"name\":\"Telinha\",\"image\":{\"@type\":\"ImageObject\",\"inLanguage\":\"pt-PT\",\"@id\":\"https:\/\/portaltela.pt\/s.01k8rhncp4jt1\/2025\/11\/talking-bot-125x125.png\",\"url\":\"https:\/\/portaltela.pt\/s.01k8rhncp4jt1\/2025\/11\/talking-bot-125x125.png\",\"contentUrl\":\"https:\/\/portaltela.pt\/s.01k8rhncp4jt1\/2025\/11\/talking-bot-125x125.png\",\"caption\":\"Telinha\"},\"sameAs\":[\"https:\/\/portaltela.pt\/\"],\"url\":\"https:\/\/portaltela.pt\/por\/367410592786\/\"}]}<\/script>\n<!-- \/ Yoast SEO plugin. -->","yoast_head_json":{"title":"Benfica renova com An\u00edsio Cabral - Portal Tela Portugal","robots":{"index":"index","follow":"follow","max-snippet":"max-snippet:-1","max-image-preview":"max-image-preview:large","max-video-preview":"max-video-preview:-1"},"og_locale":"pt_PT","og_type":"article","og_title":"Benfica renova com An\u00edsio Cabral - Portal Tela Portugal","og_description":"O Benfica anunciou a renova\u00e7\u00e3o contratual com o avan\u00e7ado An\u00edsio Cabral, de 18 anos, at\u00e9 2031. O novo v\u00ednculo prolonga a rela\u00e7\u00e3o por cinco \u00e9pocas, mantendo o jogador no clube at\u00e9 ao ano de 2031. An\u00edsio Cabral tem estado em destaque na equipa principal, estreando-se esta \u00e9poca e j\u00e1 soma dois golos em tr\u00eas jogos. O jogador integrou o Benfica em 2016 e recentemente foi campe\u00e3o do Mundo de sub-17 pela sele\u00e7\u00e3o de Portugal.","og_url":"https:\/\/portaltela.pt\/noticias\/2026\/02\/16\/benfica-renova-com-anisio-cabral\/","og_site_name":"Portal Tela Portugal","article_published_time":"2026-02-16T19:39:00+00:00","author":"Telinha","twitter_card":"summary_large_image","twitter_misc":{"Escrito por":"Telinha"},"schema":{"@context":"https:\/\/schema.org","@graph":[{"@type":"Article","@id":"https:\/\/portaltela.pt\/noticias\/2026\/02\/16\/benfica-renova-com-anisio-cabral\/#article","isPartOf":{"@id":"https:\/\/portaltela.pt\/noticias\/2026\/02\/16\/benfica-renova-com-anisio-cabral\/"},"author":{"name":"Telinha","@id":"https:\/\/portaltela.pt\/#\/schema\/person\/c4278d4a6028830caff9ee44b42d32ed"},"headline":"Benfica renova com An\u00edsio Cabral","datePublished":"2026-02-16T19:39:00+00:00","mainEntityOfPage":{"@id":"https:\/\/portaltela.pt\/noticias\/2026\/02\/16\/benfica-renova-com-anisio-cabral\/"},"wordCount":90,"image":{"@id":"https:\/\/portaltela.pt\/noticias\/2026\/02\/16\/benfica-renova-com-anisio-cabral\/#primaryimage"},"thumbnailUrl":"https:\/\/portaltela.pt\/s.01k8rhncp4jt1\/2026\/02\/image-1275.jpg","keywords":["An\u00edsio Cabral","Benfica","Benfica SAD","futebol","jogadores","mundial"],"articleSection":["Desporto","Futebol"],"inLanguage":"pt-PT"},{"@type":"WebPage","@id":"https:\/\/portaltela.pt\/noticias\/2026\/02\/16\/benfica-renova-com-anisio-cabral\/","url":"https:\/\/portaltela.pt\/noticias\/2026\/02\/16\/benfica-renova-com-anisio-cabral\/","name":"Benfica renova com An\u00edsio Cabral - Portal Tela Portugal","isPartOf":{"@id":"https:\/\/portaltela.pt\/#website"},"primaryImageOfPage":{"@id":"https:\/\/portaltela.pt\/noticias\/2026\/02\/16\/benfica-renova-com-anisio-cabral\/#primaryimage"},"image":{"@id":"https:\/\/portaltela.pt\/noticias\/2026\/02\/16\/benfica-renova-com-anisio-cabral\/#primaryimage"},"thumbnailUrl":"https:\/\/portaltela.pt\/s.01k8rhncp4jt1\/2026\/02\/image-1275.jpg","datePublished":"2026-02-16T19:39:00+00:00","author":{"@id":"https:\/\/portaltela.pt\/#\/schema\/person\/c4278d4a6028830caff9ee44b42d32ed"},"breadcrumb":{"@id":"https:\/\/portaltela.pt\/noticias\/2026\/02\/16\/benfica-renova-com-anisio-cabral\/#breadcrumb"},"inLanguage":"pt-PT","potentialAction":[{"@type":"ReadAction","target":["https:\/\/portaltela.pt\/noticias\/2026\/02\/16\/benfica-renova-com-anisio-cabral\/"]}]},{"@type":"ImageObject","inLanguage":"pt-PT","@id":"https:\/\/portaltela.pt\/noticias\/2026\/02\/16\/benfica-renova-com-anisio-cabral\/#primaryimage","url":"https:\/\/portaltela.pt\/s.01k8rhncp4jt1\/2026\/02\/image-1275.jpg","contentUrl":"https:\/\/portaltela.pt\/s.01k8rhncp4jt1\/2026\/02\/image-1275.jpg","width":796,"height":448,"caption":"An\u00edsio Cabral j\u00e1 marcou dois golos pela equipa principal do Benfica"},{"@type":"BreadcrumbList","@id":"https:\/\/portaltela.pt\/noticias\/2026\/02\/16\/benfica-renova-com-anisio-cabral\/#breadcrumb","itemListElement":[{"@type":"ListItem","position":1,"name":"In\u00edcio","item":"https:\/\/portaltela.pt\/"},{"@type":"ListItem","position":2,"name":"Benfica renova com An\u00edsio Cabral"}]},{"@type":"WebSite","@id":"https:\/\/portaltela.pt\/#website","url":"https:\/\/portaltela.pt\/","name":"Portal Tela Portugal","description":"","potentialAction":[{"@type":"SearchAction","target":{"@type":"EntryPoint","urlTemplate":"https:\/\/portaltela.pt\/?s={search_term_string}"},"query-input":{"@type":"PropertyValueSpecification","valueRequired":true,"valueName":"search_term_string"}}],"inLanguage":"pt-PT"},{"@type":"Person","@id":"https:\/\/portaltela.pt\/#\/schema\/person\/c4278d4a6028830caff9ee44b42d32ed","name":"Telinha","image":{"@type":"ImageObject","inLanguage":"pt-PT","@id":"https:\/\/portaltela.pt\/s.01k8rhncp4jt1\/2025\/11\/talking-bot-125x125.png","url":"https:\/\/portaltela.pt\/s.01k8rhncp4jt1\/2025\/11\/talking-bot-125x125.png","contentUrl":"https:\/\/portaltela.pt\/s.01k8rhncp4jt1\/2025\/11\/talking-bot-125x125.png","caption":"Telinha"},"sameAs":["https:\/\/portaltela.pt\/"],"url":"https:\/\/portaltela.pt\/por\/367410592786\/"}]}},"_links":{"self":[{"href":"https:\/\/portaltela.pt\/api\/wp\/v2\/posts\/215055","targetHints":{"allow":["GET"]}}],"collection":[{"href":"https:\/\/portaltela.pt\/api\/wp\/v2\/posts"}],"about":[{"href":"https:\/\/portaltela.pt\/api\/wp\/v2\/types\/post"}],"author":[{"embeddable":true,"href":"https:\/\/portaltela.pt\/api\/wp\/v2\/users\/2"}],"replies":[{"embeddable":true,"href":"https:\/\/portaltela.pt\/api\/wp\/v2\/comments?post=215055"}],"version-history":[{"count":0,"href":"https:\/\/portaltela.pt\/api\/wp\/v2\/posts\/215055\/revisions"}],"wp:featuredmedia":[{"embeddable":true,"href":"https:\/\/portaltela.pt\/api\/wp\/v2\/media\/215063"}],"wp:attachment":[{"href":"https:\/\/portaltela.pt\/api\/wp\/v2\/media?parent=215055"}],"wp:term":[{"taxonomy":"category","embeddable":true,"href":"https:\/\/portaltela.pt\/api\/wp\/v2\/categories?post=215055"},{"taxonomy":"post_tag","embeddable":true,"href":"https:\/\/portaltela.pt\/api\/wp\/v2\/tags?post=215055"}],"curies":[{"name":"wp","href":"https:\/\/api.w.org\/{rel}","templated":true}]}}