{"id":215043,"date":"2026-02-16T16:28:13","date_gmt":"2026-02-16T19:28:13","guid":{"rendered":"https:\/\/portaltela.pt\/noticias\/2026\/02\/16\/homem-detido-por-cacar-com-chamariz-sem-autorizacao-em-mirandela\/"},"modified":"2026-02-16T16:28:13","modified_gmt":"2026-02-16T19:28:13","slug":"homem-detido-por-cacar-com-chamariz-sem-autorizacao-em-mirandela","status":"publish","type":"post","link":"https:\/\/portaltela.pt\/noticias\/2026\/02\/16\/homem-detido-por-cacar-com-chamariz-sem-autorizacao-em-mirandela\/","title":{"rendered":"Homem detido por ca\u00e7ar com chamariz sem autoriza\u00e7\u00e3o em Mirandela"},"content":{"rendered":"<p>Um homem de 61 anos foi detido em Mirandela por ca\u00e7ar com um chamariz e sem autoriza\u00e7\u00e3o especial de ca\u00e7a. A deten\u00e7\u00e3o ocorreu este domingo, segundo a GNR.<\/p>\n<p>O suspeito foi apanhado a ca\u00e7ar com um aparelho emissor de sons, designado por chamariz, sem possuir a autoriza\u00e7\u00e3o especial emitida pela entidade gestora da zona de ca\u00e7a, revela o Comando Territorial de Bragan\u00e7a.<\/p>\n<p>Ao detido foi apreendida a arma de fogo, 45 muni\u00e7\u00f5es e o chamariz, um equipamento que emite ultrassons para atrair esp\u00e9cies cineg\u00e9ticas, proibido no momento da captura.<\/p>\n<p>O homem foi constitu\u00eddo arguido e os factos foram comunicados ao Tribunal Judicial de Mirandela, acrescenta o comunicado.<\/p>\n","protected":false},"excerpt":{"rendered":"<ul>\n<li>Um homem de 61 anos foi detido no concelho de Mirandela por ca\u00e7ar com um chamariz e sem autoriza\u00e7\u00e3o especial de ca\u00e7a.<\/li>\n<li>O crime ocorreu este domingo, quando foi apanhado a ca\u00e7ar com um aparelho eletr\u00f3nico emissor de sons, conhecido por chamariz, sem autoriza\u00e7\u00e3o da entidade gestora da zona de ca\u00e7a.<\/li>\n<li>Foi apreendida a arma de fogo, 45 muni\u00e7\u00f5es e o chamariz \u2014 um aparelho que emite ultrassons para atrair esp\u00e9cies cineg\u00e9ticas e \u00e9 proibido no ato venat\u00f3rio.<\/li>\n<li>O detido foi constitu\u00eddo arguido e os factos foram comunicados ao Tribunal Judicial de Mirandela.<\/li>\n<\/ul>\n","protected":false},"author":2,"featured_media":215046,"comment_status":"closed","ping_status":"closed","sticky":false,"template":"","format":"standard","meta":{"footnotes":""},"categories":[1],"tags":[124,906,147,4139,1037,250],"class_list":["post-215043","post","type-post","status-publish","format-standard","has-post-thumbnail","hentry","category-noticias","tag-arma-de-fogo","tag-braganca","tag-crime","tag-detencao","tag-municoes","tag-seguranca-publica"],"yoast_head":"<!-- This site is optimized with the Yoast SEO plugin v27.2 - https:\/\/yoast.com\/product\/yoast-seo-wordpress\/ -->\n<title>Homem detido por ca\u00e7ar com chamariz sem autoriza\u00e7\u00e3o em Mirandela - Portal Tela Portugal<\/title>\n<meta name=\"robots\" content=\"index, follow, max-snippet:-1, max-image-preview:large, max-video-preview:-1\" \/>\n<meta property=\"og:locale\" content=\"pt_PT\" \/>\n<meta property=\"og:type\" content=\"article\" \/>\n<meta property=\"og:title\" content=\"Homem detido por ca\u00e7ar com chamariz sem autoriza\u00e7\u00e3o em Mirandela - Portal Tela Portugal\" \/>\n<meta property=\"og:description\" content=\"Um homem de 61 anos foi detido no concelho de Mirandela por ca\u00e7ar com um chamariz e sem autoriza\u00e7\u00e3o especial de ca\u00e7a. O crime ocorreu este domingo, quando foi apanhado a ca\u00e7ar com um aparelho eletr\u00f3nico emissor de sons, conhecido por chamariz, sem autoriza\u00e7\u00e3o da entidade gestora da zona de ca\u00e7a. Foi apreendida a arma de fogo, 45 muni\u00e7\u00f5es e o chamariz \u2014 um aparelho que emite ultrassons para atrair esp\u00e9cies cineg\u00e9ticas e \u00e9 proibido no ato venat\u00f3rio. O detido foi constitu\u00eddo arguido e os factos foram comunicados ao Tribunal Judicial de Mirandela.\" \/>\n<meta property=\"og:url\" content=\"https:\/\/portaltela.pt\/noticias\/2026\/02\/16\/homem-detido-por-cacar-com-chamariz-sem-autorizacao-em-mirandela\/\" \/>\n<meta property=\"og:site_name\" content=\"Portal Tela Portugal\" \/>\n<meta property=\"article:published_time\" content=\"2026-02-16T19:28:13+00:00\" \/>\n<meta name=\"author\" content=\"Telinha\" \/>\n<meta name=\"twitter:card\" content=\"summary_large_image\" \/>\n<meta name=\"twitter:label1\" content=\"Escrito por\" \/>\n\t<meta name=\"twitter:data1\" content=\"Telinha\" \/>\n\t<meta name=\"twitter:label2\" content=\"Tempo estimado de leitura\" \/>\n\t<meta name=\"twitter:data2\" content=\"1 minuto\" \/>\n<script type=\"application\/ld+json\" class=\"yoast-schema-graph\">{\"@context\":\"https:\/\/schema.org\",\"@graph\":[{\"@type\":\"Article\",\"@id\":\"https:\/\/portaltela.pt\/noticias\/2026\/02\/16\/homem-detido-por-cacar-com-chamariz-sem-autorizacao-em-mirandela\/#article\",\"isPartOf\":{\"@id\":\"https:\/\/portaltela.pt\/noticias\/2026\/02\/16\/homem-detido-por-cacar-com-chamariz-sem-autorizacao-em-mirandela\/\"},\"author\":{\"name\":\"Telinha\",\"@id\":\"https:\/\/portaltela.pt\/#\/schema\/person\/c4278d4a6028830caff9ee44b42d32ed\"},\"headline\":\"Homem detido por ca\u00e7ar com chamariz sem autoriza\u00e7\u00e3o em Mirandela\",\"datePublished\":\"2026-02-16T19:28:13+00:00\",\"mainEntityOfPage\":{\"@id\":\"https:\/\/portaltela.pt\/noticias\/2026\/02\/16\/homem-detido-por-cacar-com-chamariz-sem-autorizacao-em-mirandela\/\"},\"wordCount\":129,\"image\":{\"@id\":\"https:\/\/portaltela.pt\/noticias\/2026\/02\/16\/homem-detido-por-cacar-com-chamariz-sem-autorizacao-em-mirandela\/#primaryimage\"},\"thumbnailUrl\":\"https:\/\/portaltela.pt\/s.01k8rhncp4jt1\/2026\/02\/img_1500x1000uu2016-10-28-16-01-00-572587.jpg\",\"keywords\":[\"arma de fogo\",\"Bragan\u00e7a\",\"crime\",\"deten\u00e7\u00e3o\",\"muni\u00e7\u00f5es\",\"seguran\u00e7a p\u00fablica\"],\"articleSection\":[\"Not\u00edcias\"],\"inLanguage\":\"pt-PT\"},{\"@type\":\"WebPage\",\"@id\":\"https:\/\/portaltela.pt\/noticias\/2026\/02\/16\/homem-detido-por-cacar-com-chamariz-sem-autorizacao-em-mirandela\/\",\"url\":\"https:\/\/portaltela.pt\/noticias\/2026\/02\/16\/homem-detido-por-cacar-com-chamariz-sem-autorizacao-em-mirandela\/\",\"name\":\"Homem detido por ca\u00e7ar com chamariz sem autoriza\u00e7\u00e3o em Mirandela - Portal Tela Portugal\",\"isPartOf\":{\"@id\":\"https:\/\/portaltela.pt\/#website\"},\"primaryImageOfPage\":{\"@id\":\"https:\/\/portaltela.pt\/noticias\/2026\/02\/16\/homem-detido-por-cacar-com-chamariz-sem-autorizacao-em-mirandela\/#primaryimage\"},\"image\":{\"@id\":\"https:\/\/portaltela.pt\/noticias\/2026\/02\/16\/homem-detido-por-cacar-com-chamariz-sem-autorizacao-em-mirandela\/#primaryimage\"},\"thumbnailUrl\":\"https:\/\/portaltela.pt\/s.01k8rhncp4jt1\/2026\/02\/img_1500x1000uu2016-10-28-16-01-00-572587.jpg\",\"datePublished\":\"2026-02-16T19:28:13+00:00\",\"author\":{\"@id\":\"https:\/\/portaltela.pt\/#\/schema\/person\/c4278d4a6028830caff9ee44b42d32ed\"},\"breadcrumb\":{\"@id\":\"https:\/\/portaltela.pt\/noticias\/2026\/02\/16\/homem-detido-por-cacar-com-chamariz-sem-autorizacao-em-mirandela\/#breadcrumb\"},\"inLanguage\":\"pt-PT\",\"potentialAction\":[{\"@type\":\"ReadAction\",\"target\":[\"https:\/\/portaltela.pt\/noticias\/2026\/02\/16\/homem-detido-por-cacar-com-chamariz-sem-autorizacao-em-mirandela\/\"]}]},{\"@type\":\"ImageObject\",\"inLanguage\":\"pt-PT\",\"@id\":\"https:\/\/portaltela.pt\/noticias\/2026\/02\/16\/homem-detido-por-cacar-com-chamariz-sem-autorizacao-em-mirandela\/#primaryimage\",\"url\":\"https:\/\/portaltela.pt\/s.01k8rhncp4jt1\/2026\/02\/img_1500x1000uu2016-10-28-16-01-00-572587.jpg\",\"contentUrl\":\"https:\/\/portaltela.pt\/s.01k8rhncp4jt1\/2026\/02\/img_1500x1000uu2016-10-28-16-01-00-572587.jpg\",\"width\":1500,\"height\":1000,\"caption\":\"Homem detido por ca\u00e7ar com chamariz e sem autoriza\u00e7\u00e3o em Mirandela\"},{\"@type\":\"BreadcrumbList\",\"@id\":\"https:\/\/portaltela.pt\/noticias\/2026\/02\/16\/homem-detido-por-cacar-com-chamariz-sem-autorizacao-em-mirandela\/#breadcrumb\",\"itemListElement\":[{\"@type\":\"ListItem\",\"position\":1,\"name\":\"In\u00edcio\",\"item\":\"https:\/\/portaltela.pt\/\"},{\"@type\":\"ListItem\",\"position\":2,\"name\":\"Homem detido por ca\u00e7ar com chamariz sem autoriza\u00e7\u00e3o em Mirandela\"}]},{\"@type\":\"WebSite\",\"@id\":\"https:\/\/portaltela.pt\/#website\",\"url\":\"https:\/\/portaltela.pt\/\",\"name\":\"Portal Tela Portugal\",\"description\":\"\",\"potentialAction\":[{\"@type\":\"SearchAction\",\"target\":{\"@type\":\"EntryPoint\",\"urlTemplate\":\"https:\/\/portaltela.pt\/?s={search_term_string}\"},\"query-input\":{\"@type\":\"PropertyValueSpecification\",\"valueRequired\":true,\"valueName\":\"search_term_string\"}}],\"inLanguage\":\"pt-PT\"},{\"@type\":\"Person\",\"@id\":\"https:\/\/portaltela.pt\/#\/schema\/person\/c4278d4a6028830caff9ee44b42d32ed\",\"name\":\"Telinha\",\"image\":{\"@type\":\"ImageObject\",\"inLanguage\":\"pt-PT\",\"@id\":\"https:\/\/portaltela.pt\/s.01k8rhncp4jt1\/2025\/11\/talking-bot-125x125.png\",\"url\":\"https:\/\/portaltela.pt\/s.01k8rhncp4jt1\/2025\/11\/talking-bot-125x125.png\",\"contentUrl\":\"https:\/\/portaltela.pt\/s.01k8rhncp4jt1\/2025\/11\/talking-bot-125x125.png\",\"caption\":\"Telinha\"},\"sameAs\":[\"https:\/\/portaltela.pt\/\"],\"url\":\"https:\/\/portaltela.pt\/por\/367410592786\/\"}]}<\/script>\n<!-- \/ Yoast SEO plugin. -->","yoast_head_json":{"title":"Homem detido por ca\u00e7ar com chamariz sem autoriza\u00e7\u00e3o em Mirandela - Portal Tela Portugal","robots":{"index":"index","follow":"follow","max-snippet":"max-snippet:-1","max-image-preview":"max-image-preview:large","max-video-preview":"max-video-preview:-1"},"og_locale":"pt_PT","og_type":"article","og_title":"Homem detido por ca\u00e7ar com chamariz sem autoriza\u00e7\u00e3o em Mirandela - Portal Tela Portugal","og_description":"Um homem de 61 anos foi detido no concelho de Mirandela por ca\u00e7ar com um chamariz e sem autoriza\u00e7\u00e3o especial de ca\u00e7a. O crime ocorreu este domingo, quando foi apanhado a ca\u00e7ar com um aparelho eletr\u00f3nico emissor de sons, conhecido por chamariz, sem autoriza\u00e7\u00e3o da entidade gestora da zona de ca\u00e7a. Foi apreendida a arma de fogo, 45 muni\u00e7\u00f5es e o chamariz \u2014 um aparelho que emite ultrassons para atrair esp\u00e9cies cineg\u00e9ticas e \u00e9 proibido no ato venat\u00f3rio. O detido foi constitu\u00eddo arguido e os factos foram comunicados ao Tribunal Judicial de Mirandela.","og_url":"https:\/\/portaltela.pt\/noticias\/2026\/02\/16\/homem-detido-por-cacar-com-chamariz-sem-autorizacao-em-mirandela\/","og_site_name":"Portal Tela Portugal","article_published_time":"2026-02-16T19:28:13+00:00","author":"Telinha","twitter_card":"summary_large_image","twitter_misc":{"Escrito por":"Telinha","Tempo estimado de leitura":"1 minuto"},"schema":{"@context":"https:\/\/schema.org","@graph":[{"@type":"Article","@id":"https:\/\/portaltela.pt\/noticias\/2026\/02\/16\/homem-detido-por-cacar-com-chamariz-sem-autorizacao-em-mirandela\/#article","isPartOf":{"@id":"https:\/\/portaltela.pt\/noticias\/2026\/02\/16\/homem-detido-por-cacar-com-chamariz-sem-autorizacao-em-mirandela\/"},"author":{"name":"Telinha","@id":"https:\/\/portaltela.pt\/#\/schema\/person\/c4278d4a6028830caff9ee44b42d32ed"},"headline":"Homem detido por ca\u00e7ar com chamariz sem autoriza\u00e7\u00e3o em Mirandela","datePublished":"2026-02-16T19:28:13+00:00","mainEntityOfPage":{"@id":"https:\/\/portaltela.pt\/noticias\/2026\/02\/16\/homem-detido-por-cacar-com-chamariz-sem-autorizacao-em-mirandela\/"},"wordCount":129,"image":{"@id":"https:\/\/portaltela.pt\/noticias\/2026\/02\/16\/homem-detido-por-cacar-com-chamariz-sem-autorizacao-em-mirandela\/#primaryimage"},"thumbnailUrl":"https:\/\/portaltela.pt\/s.01k8rhncp4jt1\/2026\/02\/img_1500x1000uu2016-10-28-16-01-00-572587.jpg","keywords":["arma de fogo","Bragan\u00e7a","crime","deten\u00e7\u00e3o","muni\u00e7\u00f5es","seguran\u00e7a p\u00fablica"],"articleSection":["Not\u00edcias"],"inLanguage":"pt-PT"},{"@type":"WebPage","@id":"https:\/\/portaltela.pt\/noticias\/2026\/02\/16\/homem-detido-por-cacar-com-chamariz-sem-autorizacao-em-mirandela\/","url":"https:\/\/portaltela.pt\/noticias\/2026\/02\/16\/homem-detido-por-cacar-com-chamariz-sem-autorizacao-em-mirandela\/","name":"Homem detido por ca\u00e7ar com chamariz sem autoriza\u00e7\u00e3o em Mirandela - Portal Tela Portugal","isPartOf":{"@id":"https:\/\/portaltela.pt\/#website"},"primaryImageOfPage":{"@id":"https:\/\/portaltela.pt\/noticias\/2026\/02\/16\/homem-detido-por-cacar-com-chamariz-sem-autorizacao-em-mirandela\/#primaryimage"},"image":{"@id":"https:\/\/portaltela.pt\/noticias\/2026\/02\/16\/homem-detido-por-cacar-com-chamariz-sem-autorizacao-em-mirandela\/#primaryimage"},"thumbnailUrl":"https:\/\/portaltela.pt\/s.01k8rhncp4jt1\/2026\/02\/img_1500x1000uu2016-10-28-16-01-00-572587.jpg","datePublished":"2026-02-16T19:28:13+00:00","author":{"@id":"https:\/\/portaltela.pt\/#\/schema\/person\/c4278d4a6028830caff9ee44b42d32ed"},"breadcrumb":{"@id":"https:\/\/portaltela.pt\/noticias\/2026\/02\/16\/homem-detido-por-cacar-com-chamariz-sem-autorizacao-em-mirandela\/#breadcrumb"},"inLanguage":"pt-PT","potentialAction":[{"@type":"ReadAction","target":["https:\/\/portaltela.pt\/noticias\/2026\/02\/16\/homem-detido-por-cacar-com-chamariz-sem-autorizacao-em-mirandela\/"]}]},{"@type":"ImageObject","inLanguage":"pt-PT","@id":"https:\/\/portaltela.pt\/noticias\/2026\/02\/16\/homem-detido-por-cacar-com-chamariz-sem-autorizacao-em-mirandela\/#primaryimage","url":"https:\/\/portaltela.pt\/s.01k8rhncp4jt1\/2026\/02\/img_1500x1000uu2016-10-28-16-01-00-572587.jpg","contentUrl":"https:\/\/portaltela.pt\/s.01k8rhncp4jt1\/2026\/02\/img_1500x1000uu2016-10-28-16-01-00-572587.jpg","width":1500,"height":1000,"caption":"Homem detido por ca\u00e7ar com chamariz e sem autoriza\u00e7\u00e3o em Mirandela"},{"@type":"BreadcrumbList","@id":"https:\/\/portaltela.pt\/noticias\/2026\/02\/16\/homem-detido-por-cacar-com-chamariz-sem-autorizacao-em-mirandela\/#breadcrumb","itemListElement":[{"@type":"ListItem","position":1,"name":"In\u00edcio","item":"https:\/\/portaltela.pt\/"},{"@type":"ListItem","position":2,"name":"Homem detido por ca\u00e7ar com chamariz sem autoriza\u00e7\u00e3o em Mirandela"}]},{"@type":"WebSite","@id":"https:\/\/portaltela.pt\/#website","url":"https:\/\/portaltela.pt\/","name":"Portal Tela Portugal","description":"","potentialAction":[{"@type":"SearchAction","target":{"@type":"EntryPoint","urlTemplate":"https:\/\/portaltela.pt\/?s={search_term_string}"},"query-input":{"@type":"PropertyValueSpecification","valueRequired":true,"valueName":"search_term_string"}}],"inLanguage":"pt-PT"},{"@type":"Person","@id":"https:\/\/portaltela.pt\/#\/schema\/person\/c4278d4a6028830caff9ee44b42d32ed","name":"Telinha","image":{"@type":"ImageObject","inLanguage":"pt-PT","@id":"https:\/\/portaltela.pt\/s.01k8rhncp4jt1\/2025\/11\/talking-bot-125x125.png","url":"https:\/\/portaltela.pt\/s.01k8rhncp4jt1\/2025\/11\/talking-bot-125x125.png","contentUrl":"https:\/\/portaltela.pt\/s.01k8rhncp4jt1\/2025\/11\/talking-bot-125x125.png","caption":"Telinha"},"sameAs":["https:\/\/portaltela.pt\/"],"url":"https:\/\/portaltela.pt\/por\/367410592786\/"}]}},"_links":{"self":[{"href":"https:\/\/portaltela.pt\/api\/wp\/v2\/posts\/215043","targetHints":{"allow":["GET"]}}],"collection":[{"href":"https:\/\/portaltela.pt\/api\/wp\/v2\/posts"}],"about":[{"href":"https:\/\/portaltela.pt\/api\/wp\/v2\/types\/post"}],"author":[{"embeddable":true,"href":"https:\/\/portaltela.pt\/api\/wp\/v2\/users\/2"}],"replies":[{"embeddable":true,"href":"https:\/\/portaltela.pt\/api\/wp\/v2\/comments?post=215043"}],"version-history":[{"count":0,"href":"https:\/\/portaltela.pt\/api\/wp\/v2\/posts\/215043\/revisions"}],"wp:featuredmedia":[{"embeddable":true,"href":"https:\/\/portaltela.pt\/api\/wp\/v2\/media\/215046"}],"wp:attachment":[{"href":"https:\/\/portaltela.pt\/api\/wp\/v2\/media?parent=215043"}],"wp:term":[{"taxonomy":"category","embeddable":true,"href":"https:\/\/portaltela.pt\/api\/wp\/v2\/categories?post=215043"},{"taxonomy":"post_tag","embeddable":true,"href":"https:\/\/portaltela.pt\/api\/wp\/v2\/tags?post=215043"}],"curies":[{"name":"wp","href":"https:\/\/api.w.org\/{rel}","templated":true}]}}