{"id":215040,"date":"2026-02-16T16:16:00","date_gmt":"2026-02-16T19:16:00","guid":{"rendered":"https:\/\/portaltela.pt\/noticias\/2026\/02\/16\/william-gomes-conta-com-defesa-apos-castigo-suspenso-e-joga-pelo-nacional\/"},"modified":"2026-02-16T16:16:00","modified_gmt":"2026-02-16T19:16:00","slug":"william-gomes-conta-com-defesa-apos-castigo-suspenso-e-joga-pelo-nacional","status":"publish","type":"post","link":"https:\/\/portaltela.pt\/desporto\/futebol\/2026\/02\/16\/william-gomes-conta-com-defesa-apos-castigo-suspenso-e-joga-pelo-nacional\/","title":{"rendered":"William Gomes conta com defesa ap\u00f3s castigo suspenso e joga pelo Nacional"},"content":{"rendered":"<p>O Tribunal Central Administrativo do Sul (TCAS) acolheu a provid\u00eancia cautelar apresentada por William Gomes, permitindo que o jogador fosse utilizado no embate com o Nacional, ainda que a suspens\u00e3o estivesse em vigor. O encontro ocorreu perto do minuto 90, no \u00e2mbito do campeonato em curso.<\/p>\n<p>A decis\u00e3o foi divulgada pelo ac\u00f3rd\u00e3o assinado pela ju\u00edza desembargadora presidente T\u00e2nia Meireles da Cunha. O TCAS entendeu que existem inconsist\u00eancias jur\u00eddicas relevantes que justificam a suspens\u00e3o imediata da san\u00e7\u00e3o disciplinar.<\/p>\n<h3>Fundamenta\u00e7\u00e3o jur\u00eddica e periculosidade da demora<\/h3>\n<p>O tribunal considerou que o defesa do jogador do FC Porto mostrou que o Conselho de Disciplina aplicou o artigo 154.\u00ba do Regulamento Disciplinar da Liga a um lance que foi classificado como negligente, o que n\u00e3o prev\u00ea puni\u00e7\u00e3o por neglig\u00eancia. Assim, houve uma leitura jur\u00eddica pass\u00edvel de erro.<\/p>\n<p>O TCAS verificou fumus boni iuris, ou seja, uma probabilidade s\u00e9ria de sucesso na a\u00e7\u00e3o principal, e avaliou o periculum in mora, reconhecendo que impedir a participa\u00e7\u00e3o imediata causaria preju\u00edzo grave e irrepar\u00e1vel \u00e0 carreira de Gomes.<\/p>\n<h3>Impacto desportivo e contexto<\/h3>\n<p>A defesa sustentou ainda que o requerente \u00e9 considerado um dos mais importantes jogadores do plantel do FC Porto e que a execu\u00e7\u00e3o da san\u00e7\u00e3o prejudicaria a valoriza\u00e7\u00e3o desportiva e a proje\u00e7\u00e3o da carreira, afetando objetivos de participa\u00e7\u00e3o em jogos. A an\u00e1lise do tribunal concluiu que a suspens\u00e3o provis\u00f3ria era proporcional e justific\u00e1vel face aos argumentos apresentados.<\/p>\n<p>Gomes j\u00e1 cumpriu parte da san\u00e7\u00e3o em rela\u00e7\u00e3o a um dos dois jogos de castigo aplicados pelo Conselho de Disciplina, durante o cl\u00e1ssico com o Sporting. O ac\u00f3rd\u00e3o do TCAS permanece em moldes provis\u00f3rios at\u00e9 eventual decis\u00e3o na a\u00e7\u00e3o principal.<\/p>\n","protected":false},"excerpt":{"rendered":"<ul>\n<li>O Tribunal Central Administrativo do Sul (TCAS) aceitou a provid\u00eancia cautelar de William Gomes, permitindo-lhe entrar em jogo frente ao Nacional perto do minuto 90.<\/li>\n<li>A decis\u00e3o sustenta que a defesa do jogador do FC Porto evidenciou inconsist\u00eancias jur\u00eddicas suficientes para suspender de imediato a san\u00e7\u00e3o disciplinar.<\/li>\n<li>O castigo de dois jogos foi aplicado pelo Conselho de Disciplina da Federa\u00e7\u00e3o Portuguesa de Futebol ap\u00f3s o cart\u00e3o vermelho frente ao Casa Pia.<\/li>\n<li>A defesa argumenta que o lance foi negligente, n\u00e3o violento, e que o Regulamento Disciplinar n\u00e3o prev\u00ea puni\u00e7\u00e3o por neglig\u00eancia, o que violaria princ\u00edpios do direito sancionat\u00f3rio.<\/li>\n<li>O TCAS considerou o fumus boni iuris e o periculum in mora, entendendo que impedir a participa\u00e7\u00e3o de William Gomes seria grave e irrepar\u00e1vel, mantendo a medida cautelar at\u00e9 decis\u00e3o principal.<\/li>\n<\/ul>\n","protected":false},"author":2,"featured_media":215042,"comment_status":"closed","ping_status":"closed","sticky":false,"template":"","format":"standard","meta":{"footnotes":""},"categories":[21,24],"tags":[4143,152,2028,32,1652,4716],"class_list":["post-215040","post","type-post","status-publish","format-standard","has-post-thumbnail","hentry","category-desporto","category-futebol","tag-1-liga","tag-desporto","tag-fc-porto","tag-futebol","tag-sporting","tag-tribunais-administrativos-e-fiscais"],"yoast_head":"<!-- This site is optimized with the Yoast SEO plugin v27.2 - https:\/\/yoast.com\/product\/yoast-seo-wordpress\/ -->\n<title>William Gomes conta com defesa ap\u00f3s castigo suspenso e joga pelo Nacional - Portal Tela Portugal<\/title>\n<meta name=\"robots\" content=\"index, follow, max-snippet:-1, max-image-preview:large, max-video-preview:-1\" \/>\n<meta property=\"og:locale\" content=\"pt_PT\" \/>\n<meta property=\"og:type\" content=\"article\" \/>\n<meta property=\"og:title\" content=\"William Gomes conta com defesa ap\u00f3s castigo suspenso e joga pelo Nacional - Portal Tela Portugal\" \/>\n<meta property=\"og:description\" content=\"O Tribunal Central Administrativo do Sul (TCAS) aceitou a provid\u00eancia cautelar de William Gomes, permitindo-lhe entrar em jogo frente ao Nacional perto do minuto 90. A decis\u00e3o sustenta que a defesa do jogador do FC Porto evidenciou inconsist\u00eancias jur\u00eddicas suficientes para suspender de imediato a san\u00e7\u00e3o disciplinar. O castigo de dois jogos foi aplicado pelo Conselho de Disciplina da Federa\u00e7\u00e3o Portuguesa de Futebol ap\u00f3s o cart\u00e3o vermelho frente ao Casa Pia. A defesa argumenta que o lance foi negligente, n\u00e3o violento, e que o Regulamento Disciplinar n\u00e3o prev\u00ea puni\u00e7\u00e3o por neglig\u00eancia, o que violaria princ\u00edpios do direito sancionat\u00f3rio. O TCAS considerou o fumus boni iuris e o periculum in mora, entendendo que impedir a participa\u00e7\u00e3o de William Gomes seria grave e irrepar\u00e1vel, mantendo a medida cautelar at\u00e9 decis\u00e3o principal.\" \/>\n<meta property=\"og:url\" content=\"https:\/\/portaltela.pt\/noticias\/2026\/02\/16\/william-gomes-conta-com-defesa-apos-castigo-suspenso-e-joga-pelo-nacional\/\" \/>\n<meta property=\"og:site_name\" content=\"Portal Tela Portugal\" \/>\n<meta property=\"article:published_time\" content=\"2026-02-16T19:16:00+00:00\" \/>\n<meta name=\"author\" content=\"Telinha\" \/>\n<meta name=\"twitter:card\" content=\"summary_large_image\" \/>\n<meta name=\"twitter:label1\" content=\"Escrito por\" \/>\n\t<meta name=\"twitter:data1\" content=\"Telinha\" \/>\n\t<meta name=\"twitter:label2\" content=\"Tempo estimado de leitura\" \/>\n\t<meta name=\"twitter:data2\" content=\"2 minutos\" \/>\n<script type=\"application\/ld+json\" class=\"yoast-schema-graph\">{\"@context\":\"https:\/\/schema.org\",\"@graph\":[{\"@type\":\"Article\",\"@id\":\"https:\/\/portaltela.pt\/noticias\/2026\/02\/16\/william-gomes-conta-com-defesa-apos-castigo-suspenso-e-joga-pelo-nacional\/#article\",\"isPartOf\":{\"@id\":\"https:\/\/portaltela.pt\/noticias\/2026\/02\/16\/william-gomes-conta-com-defesa-apos-castigo-suspenso-e-joga-pelo-nacional\/\"},\"author\":{\"name\":\"Telinha\",\"@id\":\"https:\/\/portaltela.pt\/#\/schema\/person\/c4278d4a6028830caff9ee44b42d32ed\"},\"headline\":\"William Gomes conta com defesa ap\u00f3s castigo suspenso e joga pelo Nacional\",\"datePublished\":\"2026-02-16T19:16:00+00:00\",\"mainEntityOfPage\":{\"@id\":\"https:\/\/portaltela.pt\/noticias\/2026\/02\/16\/william-gomes-conta-com-defesa-apos-castigo-suspenso-e-joga-pelo-nacional\/\"},\"wordCount\":319,\"image\":{\"@id\":\"https:\/\/portaltela.pt\/noticias\/2026\/02\/16\/william-gomes-conta-com-defesa-apos-castigo-suspenso-e-joga-pelo-nacional\/#primaryimage\"},\"thumbnailUrl\":\"https:\/\/portaltela.pt\/s.01k8rhncp4jt1\/2026\/02\/img_1200x721uu2026-02-02-22-58-15-2419189-3.jpg\",\"keywords\":[\"1. Liga\",\"desporto\",\"FC Porto\",\"futebol\",\"Sporting\",\"Tribunais Administrativos e Fiscais\"],\"articleSection\":[\"Desporto\",\"Futebol\"],\"inLanguage\":\"pt-PT\"},{\"@type\":\"WebPage\",\"@id\":\"https:\/\/portaltela.pt\/noticias\/2026\/02\/16\/william-gomes-conta-com-defesa-apos-castigo-suspenso-e-joga-pelo-nacional\/\",\"url\":\"https:\/\/portaltela.pt\/noticias\/2026\/02\/16\/william-gomes-conta-com-defesa-apos-castigo-suspenso-e-joga-pelo-nacional\/\",\"name\":\"William Gomes conta com defesa ap\u00f3s castigo suspenso e joga pelo Nacional - Portal Tela Portugal\",\"isPartOf\":{\"@id\":\"https:\/\/portaltela.pt\/#website\"},\"primaryImageOfPage\":{\"@id\":\"https:\/\/portaltela.pt\/noticias\/2026\/02\/16\/william-gomes-conta-com-defesa-apos-castigo-suspenso-e-joga-pelo-nacional\/#primaryimage\"},\"image\":{\"@id\":\"https:\/\/portaltela.pt\/noticias\/2026\/02\/16\/william-gomes-conta-com-defesa-apos-castigo-suspenso-e-joga-pelo-nacional\/#primaryimage\"},\"thumbnailUrl\":\"https:\/\/portaltela.pt\/s.01k8rhncp4jt1\/2026\/02\/img_1200x721uu2026-02-02-22-58-15-2419189-3.jpg\",\"datePublished\":\"2026-02-16T19:16:00+00:00\",\"author\":{\"@id\":\"https:\/\/portaltela.pt\/#\/schema\/person\/c4278d4a6028830caff9ee44b42d32ed\"},\"breadcrumb\":{\"@id\":\"https:\/\/portaltela.pt\/noticias\/2026\/02\/16\/william-gomes-conta-com-defesa-apos-castigo-suspenso-e-joga-pelo-nacional\/#breadcrumb\"},\"inLanguage\":\"pt-PT\",\"potentialAction\":[{\"@type\":\"ReadAction\",\"target\":[\"https:\/\/portaltela.pt\/noticias\/2026\/02\/16\/william-gomes-conta-com-defesa-apos-castigo-suspenso-e-joga-pelo-nacional\/\"]}]},{\"@type\":\"ImageObject\",\"inLanguage\":\"pt-PT\",\"@id\":\"https:\/\/portaltela.pt\/noticias\/2026\/02\/16\/william-gomes-conta-com-defesa-apos-castigo-suspenso-e-joga-pelo-nacional\/#primaryimage\",\"url\":\"https:\/\/portaltela.pt\/s.01k8rhncp4jt1\/2026\/02\/img_1200x721uu2026-02-02-22-58-15-2419189-3.jpg\",\"contentUrl\":\"https:\/\/portaltela.pt\/s.01k8rhncp4jt1\/2026\/02\/img_1200x721uu2026-02-02-22-58-15-2419189-3.jpg\",\"width\":796,\"height\":448,\"caption\":\"William Gomes viu o castigo suspenso e foi a jogo com o Nacional: conhe\u00e7a a defesa do extremo\"},{\"@type\":\"BreadcrumbList\",\"@id\":\"https:\/\/portaltela.pt\/noticias\/2026\/02\/16\/william-gomes-conta-com-defesa-apos-castigo-suspenso-e-joga-pelo-nacional\/#breadcrumb\",\"itemListElement\":[{\"@type\":\"ListItem\",\"position\":1,\"name\":\"In\u00edcio\",\"item\":\"https:\/\/portaltela.pt\/\"},{\"@type\":\"ListItem\",\"position\":2,\"name\":\"William Gomes conta com defesa ap\u00f3s castigo suspenso e joga pelo Nacional\"}]},{\"@type\":\"WebSite\",\"@id\":\"https:\/\/portaltela.pt\/#website\",\"url\":\"https:\/\/portaltela.pt\/\",\"name\":\"Portal Tela Portugal\",\"description\":\"\",\"potentialAction\":[{\"@type\":\"SearchAction\",\"target\":{\"@type\":\"EntryPoint\",\"urlTemplate\":\"https:\/\/portaltela.pt\/?s={search_term_string}\"},\"query-input\":{\"@type\":\"PropertyValueSpecification\",\"valueRequired\":true,\"valueName\":\"search_term_string\"}}],\"inLanguage\":\"pt-PT\"},{\"@type\":\"Person\",\"@id\":\"https:\/\/portaltela.pt\/#\/schema\/person\/c4278d4a6028830caff9ee44b42d32ed\",\"name\":\"Telinha\",\"image\":{\"@type\":\"ImageObject\",\"inLanguage\":\"pt-PT\",\"@id\":\"https:\/\/portaltela.pt\/s.01k8rhncp4jt1\/2025\/11\/talking-bot-125x125.png\",\"url\":\"https:\/\/portaltela.pt\/s.01k8rhncp4jt1\/2025\/11\/talking-bot-125x125.png\",\"contentUrl\":\"https:\/\/portaltela.pt\/s.01k8rhncp4jt1\/2025\/11\/talking-bot-125x125.png\",\"caption\":\"Telinha\"},\"sameAs\":[\"https:\/\/portaltela.pt\/\"],\"url\":\"https:\/\/portaltela.pt\/por\/367410592786\/\"}]}<\/script>\n<!-- \/ Yoast SEO plugin. -->","yoast_head_json":{"title":"William Gomes conta com defesa ap\u00f3s castigo suspenso e joga pelo Nacional - Portal Tela Portugal","robots":{"index":"index","follow":"follow","max-snippet":"max-snippet:-1","max-image-preview":"max-image-preview:large","max-video-preview":"max-video-preview:-1"},"og_locale":"pt_PT","og_type":"article","og_title":"William Gomes conta com defesa ap\u00f3s castigo suspenso e joga pelo Nacional - Portal Tela Portugal","og_description":"O Tribunal Central Administrativo do Sul (TCAS) aceitou a provid\u00eancia cautelar de William Gomes, permitindo-lhe entrar em jogo frente ao Nacional perto do minuto 90. A decis\u00e3o sustenta que a defesa do jogador do FC Porto evidenciou inconsist\u00eancias jur\u00eddicas suficientes para suspender de imediato a san\u00e7\u00e3o disciplinar. O castigo de dois jogos foi aplicado pelo Conselho de Disciplina da Federa\u00e7\u00e3o Portuguesa de Futebol ap\u00f3s o cart\u00e3o vermelho frente ao Casa Pia. A defesa argumenta que o lance foi negligente, n\u00e3o violento, e que o Regulamento Disciplinar n\u00e3o prev\u00ea puni\u00e7\u00e3o por neglig\u00eancia, o que violaria princ\u00edpios do direito sancionat\u00f3rio. O TCAS considerou o fumus boni iuris e o periculum in mora, entendendo que impedir a participa\u00e7\u00e3o de William Gomes seria grave e irrepar\u00e1vel, mantendo a medida cautelar at\u00e9 decis\u00e3o principal.","og_url":"https:\/\/portaltela.pt\/noticias\/2026\/02\/16\/william-gomes-conta-com-defesa-apos-castigo-suspenso-e-joga-pelo-nacional\/","og_site_name":"Portal Tela Portugal","article_published_time":"2026-02-16T19:16:00+00:00","author":"Telinha","twitter_card":"summary_large_image","twitter_misc":{"Escrito por":"Telinha","Tempo estimado de leitura":"2 minutos"},"schema":{"@context":"https:\/\/schema.org","@graph":[{"@type":"Article","@id":"https:\/\/portaltela.pt\/noticias\/2026\/02\/16\/william-gomes-conta-com-defesa-apos-castigo-suspenso-e-joga-pelo-nacional\/#article","isPartOf":{"@id":"https:\/\/portaltela.pt\/noticias\/2026\/02\/16\/william-gomes-conta-com-defesa-apos-castigo-suspenso-e-joga-pelo-nacional\/"},"author":{"name":"Telinha","@id":"https:\/\/portaltela.pt\/#\/schema\/person\/c4278d4a6028830caff9ee44b42d32ed"},"headline":"William Gomes conta com defesa ap\u00f3s castigo suspenso e joga pelo Nacional","datePublished":"2026-02-16T19:16:00+00:00","mainEntityOfPage":{"@id":"https:\/\/portaltela.pt\/noticias\/2026\/02\/16\/william-gomes-conta-com-defesa-apos-castigo-suspenso-e-joga-pelo-nacional\/"},"wordCount":319,"image":{"@id":"https:\/\/portaltela.pt\/noticias\/2026\/02\/16\/william-gomes-conta-com-defesa-apos-castigo-suspenso-e-joga-pelo-nacional\/#primaryimage"},"thumbnailUrl":"https:\/\/portaltela.pt\/s.01k8rhncp4jt1\/2026\/02\/img_1200x721uu2026-02-02-22-58-15-2419189-3.jpg","keywords":["1. Liga","desporto","FC Porto","futebol","Sporting","Tribunais Administrativos e Fiscais"],"articleSection":["Desporto","Futebol"],"inLanguage":"pt-PT"},{"@type":"WebPage","@id":"https:\/\/portaltela.pt\/noticias\/2026\/02\/16\/william-gomes-conta-com-defesa-apos-castigo-suspenso-e-joga-pelo-nacional\/","url":"https:\/\/portaltela.pt\/noticias\/2026\/02\/16\/william-gomes-conta-com-defesa-apos-castigo-suspenso-e-joga-pelo-nacional\/","name":"William Gomes conta com defesa ap\u00f3s castigo suspenso e joga pelo Nacional - Portal Tela Portugal","isPartOf":{"@id":"https:\/\/portaltela.pt\/#website"},"primaryImageOfPage":{"@id":"https:\/\/portaltela.pt\/noticias\/2026\/02\/16\/william-gomes-conta-com-defesa-apos-castigo-suspenso-e-joga-pelo-nacional\/#primaryimage"},"image":{"@id":"https:\/\/portaltela.pt\/noticias\/2026\/02\/16\/william-gomes-conta-com-defesa-apos-castigo-suspenso-e-joga-pelo-nacional\/#primaryimage"},"thumbnailUrl":"https:\/\/portaltela.pt\/s.01k8rhncp4jt1\/2026\/02\/img_1200x721uu2026-02-02-22-58-15-2419189-3.jpg","datePublished":"2026-02-16T19:16:00+00:00","author":{"@id":"https:\/\/portaltela.pt\/#\/schema\/person\/c4278d4a6028830caff9ee44b42d32ed"},"breadcrumb":{"@id":"https:\/\/portaltela.pt\/noticias\/2026\/02\/16\/william-gomes-conta-com-defesa-apos-castigo-suspenso-e-joga-pelo-nacional\/#breadcrumb"},"inLanguage":"pt-PT","potentialAction":[{"@type":"ReadAction","target":["https:\/\/portaltela.pt\/noticias\/2026\/02\/16\/william-gomes-conta-com-defesa-apos-castigo-suspenso-e-joga-pelo-nacional\/"]}]},{"@type":"ImageObject","inLanguage":"pt-PT","@id":"https:\/\/portaltela.pt\/noticias\/2026\/02\/16\/william-gomes-conta-com-defesa-apos-castigo-suspenso-e-joga-pelo-nacional\/#primaryimage","url":"https:\/\/portaltela.pt\/s.01k8rhncp4jt1\/2026\/02\/img_1200x721uu2026-02-02-22-58-15-2419189-3.jpg","contentUrl":"https:\/\/portaltela.pt\/s.01k8rhncp4jt1\/2026\/02\/img_1200x721uu2026-02-02-22-58-15-2419189-3.jpg","width":796,"height":448,"caption":"William Gomes viu o castigo suspenso e foi a jogo com o Nacional: conhe\u00e7a a defesa do extremo"},{"@type":"BreadcrumbList","@id":"https:\/\/portaltela.pt\/noticias\/2026\/02\/16\/william-gomes-conta-com-defesa-apos-castigo-suspenso-e-joga-pelo-nacional\/#breadcrumb","itemListElement":[{"@type":"ListItem","position":1,"name":"In\u00edcio","item":"https:\/\/portaltela.pt\/"},{"@type":"ListItem","position":2,"name":"William Gomes conta com defesa ap\u00f3s castigo suspenso e joga pelo Nacional"}]},{"@type":"WebSite","@id":"https:\/\/portaltela.pt\/#website","url":"https:\/\/portaltela.pt\/","name":"Portal Tela Portugal","description":"","potentialAction":[{"@type":"SearchAction","target":{"@type":"EntryPoint","urlTemplate":"https:\/\/portaltela.pt\/?s={search_term_string}"},"query-input":{"@type":"PropertyValueSpecification","valueRequired":true,"valueName":"search_term_string"}}],"inLanguage":"pt-PT"},{"@type":"Person","@id":"https:\/\/portaltela.pt\/#\/schema\/person\/c4278d4a6028830caff9ee44b42d32ed","name":"Telinha","image":{"@type":"ImageObject","inLanguage":"pt-PT","@id":"https:\/\/portaltela.pt\/s.01k8rhncp4jt1\/2025\/11\/talking-bot-125x125.png","url":"https:\/\/portaltela.pt\/s.01k8rhncp4jt1\/2025\/11\/talking-bot-125x125.png","contentUrl":"https:\/\/portaltela.pt\/s.01k8rhncp4jt1\/2025\/11\/talking-bot-125x125.png","caption":"Telinha"},"sameAs":["https:\/\/portaltela.pt\/"],"url":"https:\/\/portaltela.pt\/por\/367410592786\/"}]}},"_links":{"self":[{"href":"https:\/\/portaltela.pt\/api\/wp\/v2\/posts\/215040","targetHints":{"allow":["GET"]}}],"collection":[{"href":"https:\/\/portaltela.pt\/api\/wp\/v2\/posts"}],"about":[{"href":"https:\/\/portaltela.pt\/api\/wp\/v2\/types\/post"}],"author":[{"embeddable":true,"href":"https:\/\/portaltela.pt\/api\/wp\/v2\/users\/2"}],"replies":[{"embeddable":true,"href":"https:\/\/portaltela.pt\/api\/wp\/v2\/comments?post=215040"}],"version-history":[{"count":0,"href":"https:\/\/portaltela.pt\/api\/wp\/v2\/posts\/215040\/revisions"}],"wp:featuredmedia":[{"embeddable":true,"href":"https:\/\/portaltela.pt\/api\/wp\/v2\/media\/215042"}],"wp:attachment":[{"href":"https:\/\/portaltela.pt\/api\/wp\/v2\/media?parent=215040"}],"wp:term":[{"taxonomy":"category","embeddable":true,"href":"https:\/\/portaltela.pt\/api\/wp\/v2\/categories?post=215040"},{"taxonomy":"post_tag","embeddable":true,"href":"https:\/\/portaltela.pt\/api\/wp\/v2\/tags?post=215040"}],"curies":[{"name":"wp","href":"https:\/\/api.w.org\/{rel}","templated":true}]}}