{"id":215014,"date":"2026-02-16T16:07:00","date_gmt":"2026-02-16T19:07:00","guid":{"rendered":"https:\/\/portaltela.pt\/noticias\/2026\/02\/16\/dgartes-prorroga-concursos-de-apoio-a-projectos-devido-ao-mau-tempo\/"},"modified":"2026-02-16T16:07:00","modified_gmt":"2026-02-16T19:07:00","slug":"dgartes-prorroga-concursos-de-apoio-a-projectos-devido-ao-mau-tempo","status":"publish","type":"post","link":"https:\/\/portaltela.pt\/noticias\/2026\/02\/16\/dgartes-prorroga-concursos-de-apoio-a-projectos-devido-ao-mau-tempo\/","title":{"rendered":"DGArtes prorroga concursos de apoio a projectos devido ao mau tempo"},"content":{"rendered":"<p>A DGArtes decidiu prorrogar os prazos de entrega dos concursos do Programa de Apoio a Projectos 2025, na sequ\u00eancia do mau tempo que afetou v\u00e1rias regi\u00f5es, sobretudo a zona centro. A medida surge ap\u00f3s um pedido de mais de 200 artistas, agentes culturais e estruturas, em carta aberta dirigida ao diretor-geral Am\u00e9rico Rodrigues.<\/p>\n<p>A altera\u00e7\u00e3o visa responder \u00e0s dificuldades criadas pela instability das \u00faltimas semanas, incluindo danos em habita\u00e7\u00f5es, infraestruturas, bem como obst\u00e1culos de acesso a eletricidade, internet e mobilidade. Mant\u00e9m-se, contudo, o objetivo de n\u00e3o atrasar o calend\u00e1rio global dos projetos apoiados.<\/p>\n<p>Os novos prazos variam conforme o tipo de concurso: Cria\u00e7\u00e3o \u2013 Artes de Rua, Circo, Dan\u00e7a, Teatro; Cria\u00e7\u00e3o \u2013 M\u00fasica e \u00d3pera; Cria\u00e7\u00e3o e Programa\u00e7\u00e3o \u2013 Cruzamento Disciplinar; Cria\u00e7\u00e3o e Programa\u00e7\u00e3o \u2013 Artes Visuais passam a 31 de mar\u00e7o. J\u00e1 os concursos de Edi\u00e7\u00e3o, Internacionaliza\u00e7\u00e3o e Procedimento Simplificado v\u00e3o at\u00e9 2 de abril.<\/p>\n<h3>Extens\u00e3o de prazos e custos de execu\u00e7\u00e3o<\/h3>\n<p>A DGArtes esclarece que a prorroga\u00e7\u00e3o abrange as tr\u00eas frentes de candidatura, mantendo a dota\u00e7\u00e3o total de 13,35 milh\u00f5es de euros para o programa. Os projetos devem ser executados num intervalo entre 1 de setembro deste ano e 28 de fevereiro de 2028, sem estreia anterior ao per\u00edodo previsto.<\/p>\n<p>A carta aberta destaca que a extens\u00e3o \u00e9 necess\u00e1ria para assegurar igualdade de acesso aos concursos, sem implicar atrasos no calend\u00e1rio de implementa\u00e7\u00e3o. Os profissionais sublinham ainda que estruturas de menor dimens\u00e3o e entidades fora dos grandes centros enfrentam maiores obst\u00e1culos.<\/p>\n","protected":false},"excerpt":{"rendered":"<ul>\n<li>A DGArtes prorrogou os prazos dos concursos do Programa de Apoio a Projectos 2025 devido aos impactos do mau tempo, especialmente na regi\u00e3o Centro.<\/li>\n<li>O prazo passou de 10 de mar\u00e7o para 31 de mar\u00e7o para as candidaturas de cria\u00e7\u00e3o em Artes de Rua, Circo, Dan\u00e7a, Teatro; M\u00fasica e \u00d3pera; Cruzamento Disciplinar; Artes Visuais.<\/li>\n<li>Para os concursos de Edi\u00e7\u00e3o \u2013 Artes Visuais, Artes Performativas, Artes de Rua e Cruzamento Disciplinar; Programa\u00e7\u00e3o \u2013 Artes de Rua, Circo, Dan\u00e7a, M\u00fasica, \u00d3pera e Teatro; Internacionaliza\u00e7\u00e3o e Procedimento Simplificado, o prazo foi estendido at\u00e9 2 de abril.<\/li>\n<li>A medida responde a pedidos de mais de 200 artistas, agentes culturais e estruturas num carta aberta dirigida a Am\u00e9rico Rodrigues, enfatizando a necessidade de equidade face \u00e0s perturba\u00e7\u00f5es nas condi\u00e7\u00f5es de trabalho.<\/li>\n<li>A DGArtes destaca que o objetivo \u00e9 manter o calend\u00e1rio de concretiza\u00e7\u00e3o dos projetos, sem atrasos, considerando danos em habita\u00e7\u00f5es, infraestruturas e equipamentos p\u00fablicos e privados.<\/li>\n<\/ul>\n","protected":false},"author":2,"featured_media":215021,"comment_status":"closed","ping_status":"closed","sticky":false,"template":"","format":"standard","meta":{"footnotes":""},"categories":[1],"tags":[168,3017,145,6009,136,5545],"class_list":["post-215014","post","type-post","status-publish","format-standard","has-post-thumbnail","hentry","category-noticias","tag-administracao-publica","tag-apoio-a-atividade-de-formacao-artistica-e-musical","tag-cultura","tag-dgartes","tag-organizacoes","tag-zona-centro"],"yoast_head":"<!-- This site is optimized with the Yoast SEO plugin v27.2 - https:\/\/yoast.com\/product\/yoast-seo-wordpress\/ -->\n<title>DGArtes prorroga concursos de apoio a projectos devido ao mau tempo - Portal Tela Portugal<\/title>\n<meta name=\"robots\" content=\"index, follow, max-snippet:-1, max-image-preview:large, max-video-preview:-1\" \/>\n<meta property=\"og:locale\" content=\"pt_PT\" \/>\n<meta property=\"og:type\" content=\"article\" \/>\n<meta property=\"og:title\" content=\"DGArtes prorroga concursos de apoio a projectos devido ao mau tempo - Portal Tela Portugal\" \/>\n<meta property=\"og:description\" content=\"A DGArtes prorrogou os prazos dos concursos do Programa de Apoio a Projectos 2025 devido aos impactos do mau tempo, especialmente na regi\u00e3o Centro. O prazo passou de 10 de mar\u00e7o para 31 de mar\u00e7o para as candidaturas de cria\u00e7\u00e3o em Artes de Rua, Circo, Dan\u00e7a, Teatro; M\u00fasica e \u00d3pera; Cruzamento Disciplinar; Artes Visuais. Para os concursos de Edi\u00e7\u00e3o \u2013 Artes Visuais, Artes Performativas, Artes de Rua e Cruzamento Disciplinar; Programa\u00e7\u00e3o \u2013 Artes de Rua, Circo, Dan\u00e7a, M\u00fasica, \u00d3pera e Teatro; Internacionaliza\u00e7\u00e3o e Procedimento Simplificado, o prazo foi estendido at\u00e9 2 de abril. A medida responde a pedidos de mais de 200 artistas, agentes culturais e estruturas num carta aberta dirigida a Am\u00e9rico Rodrigues, enfatizando a necessidade de equidade face \u00e0s perturba\u00e7\u00f5es nas condi\u00e7\u00f5es de trabalho. A DGArtes destaca que o objetivo \u00e9 manter o calend\u00e1rio de concretiza\u00e7\u00e3o dos projetos, sem atrasos, considerando danos em habita\u00e7\u00f5es, infraestruturas e equipamentos p\u00fablicos e privados.\" \/>\n<meta property=\"og:url\" content=\"https:\/\/portaltela.pt\/noticias\/2026\/02\/16\/dgartes-prorroga-concursos-de-apoio-a-projectos-devido-ao-mau-tempo\/\" \/>\n<meta property=\"og:site_name\" content=\"Portal Tela Portugal\" \/>\n<meta property=\"article:published_time\" content=\"2026-02-16T19:07:00+00:00\" \/>\n<meta name=\"author\" content=\"Telinha\" \/>\n<meta name=\"twitter:card\" content=\"summary_large_image\" \/>\n<meta name=\"twitter:label1\" content=\"Escrito por\" \/>\n\t<meta name=\"twitter:data1\" content=\"Telinha\" \/>\n\t<meta name=\"twitter:label2\" content=\"Tempo estimado de leitura\" \/>\n\t<meta name=\"twitter:data2\" content=\"1 minuto\" \/>\n<script type=\"application\/ld+json\" class=\"yoast-schema-graph\">{\"@context\":\"https:\/\/schema.org\",\"@graph\":[{\"@type\":\"Article\",\"@id\":\"https:\/\/portaltela.pt\/noticias\/2026\/02\/16\/dgartes-prorroga-concursos-de-apoio-a-projectos-devido-ao-mau-tempo\/#article\",\"isPartOf\":{\"@id\":\"https:\/\/portaltela.pt\/noticias\/2026\/02\/16\/dgartes-prorroga-concursos-de-apoio-a-projectos-devido-ao-mau-tempo\/\"},\"author\":{\"name\":\"Telinha\",\"@id\":\"https:\/\/portaltela.pt\/#\/schema\/person\/c4278d4a6028830caff9ee44b42d32ed\"},\"headline\":\"DGArtes prorroga concursos de apoio a projectos devido ao mau tempo\",\"datePublished\":\"2026-02-16T19:07:00+00:00\",\"mainEntityOfPage\":{\"@id\":\"https:\/\/portaltela.pt\/noticias\/2026\/02\/16\/dgartes-prorroga-concursos-de-apoio-a-projectos-devido-ao-mau-tempo\/\"},\"wordCount\":277,\"image\":{\"@id\":\"https:\/\/portaltela.pt\/noticias\/2026\/02\/16\/dgartes-prorroga-concursos-de-apoio-a-projectos-devido-ao-mau-tempo\/#primaryimage\"},\"thumbnailUrl\":\"https:\/\/portaltela.pt\/s.01k8rhncp4jt1\/2026\/02\/2067733.jpg\",\"keywords\":[\"administra\u00e7\u00e3o p\u00fablica\",\"Apoio \u00e0 Atividade de Forma\u00e7\u00e3o Art\u00edstica e Musical\",\"cultura\",\"DGArtes\",\"organiza\u00e7\u00f5es\",\"Zona Centro\"],\"articleSection\":[\"Not\u00edcias\"],\"inLanguage\":\"pt-PT\"},{\"@type\":\"WebPage\",\"@id\":\"https:\/\/portaltela.pt\/noticias\/2026\/02\/16\/dgartes-prorroga-concursos-de-apoio-a-projectos-devido-ao-mau-tempo\/\",\"url\":\"https:\/\/portaltela.pt\/noticias\/2026\/02\/16\/dgartes-prorroga-concursos-de-apoio-a-projectos-devido-ao-mau-tempo\/\",\"name\":\"DGArtes prorroga concursos de apoio a projectos devido ao mau tempo - Portal Tela Portugal\",\"isPartOf\":{\"@id\":\"https:\/\/portaltela.pt\/#website\"},\"primaryImageOfPage\":{\"@id\":\"https:\/\/portaltela.pt\/noticias\/2026\/02\/16\/dgartes-prorroga-concursos-de-apoio-a-projectos-devido-ao-mau-tempo\/#primaryimage\"},\"image\":{\"@id\":\"https:\/\/portaltela.pt\/noticias\/2026\/02\/16\/dgartes-prorroga-concursos-de-apoio-a-projectos-devido-ao-mau-tempo\/#primaryimage\"},\"thumbnailUrl\":\"https:\/\/portaltela.pt\/s.01k8rhncp4jt1\/2026\/02\/2067733.jpg\",\"datePublished\":\"2026-02-16T19:07:00+00:00\",\"author\":{\"@id\":\"https:\/\/portaltela.pt\/#\/schema\/person\/c4278d4a6028830caff9ee44b42d32ed\"},\"breadcrumb\":{\"@id\":\"https:\/\/portaltela.pt\/noticias\/2026\/02\/16\/dgartes-prorroga-concursos-de-apoio-a-projectos-devido-ao-mau-tempo\/#breadcrumb\"},\"inLanguage\":\"pt-PT\",\"potentialAction\":[{\"@type\":\"ReadAction\",\"target\":[\"https:\/\/portaltela.pt\/noticias\/2026\/02\/16\/dgartes-prorroga-concursos-de-apoio-a-projectos-devido-ao-mau-tempo\/\"]}]},{\"@type\":\"ImageObject\",\"inLanguage\":\"pt-PT\",\"@id\":\"https:\/\/portaltela.pt\/noticias\/2026\/02\/16\/dgartes-prorroga-concursos-de-apoio-a-projectos-devido-ao-mau-tempo\/#primaryimage\",\"url\":\"https:\/\/portaltela.pt\/s.01k8rhncp4jt1\/2026\/02\/2067733.jpg\",\"contentUrl\":\"https:\/\/portaltela.pt\/s.01k8rhncp4jt1\/2026\/02\/2067733.jpg\",\"width\":796,\"height\":448,\"caption\":\"Am\u00e9rico Rodrigues, director-geral das Artes\"},{\"@type\":\"BreadcrumbList\",\"@id\":\"https:\/\/portaltela.pt\/noticias\/2026\/02\/16\/dgartes-prorroga-concursos-de-apoio-a-projectos-devido-ao-mau-tempo\/#breadcrumb\",\"itemListElement\":[{\"@type\":\"ListItem\",\"position\":1,\"name\":\"In\u00edcio\",\"item\":\"https:\/\/portaltela.pt\/\"},{\"@type\":\"ListItem\",\"position\":2,\"name\":\"DGArtes prorroga concursos de apoio a projectos devido ao mau tempo\"}]},{\"@type\":\"WebSite\",\"@id\":\"https:\/\/portaltela.pt\/#website\",\"url\":\"https:\/\/portaltela.pt\/\",\"name\":\"Portal Tela Portugal\",\"description\":\"\",\"potentialAction\":[{\"@type\":\"SearchAction\",\"target\":{\"@type\":\"EntryPoint\",\"urlTemplate\":\"https:\/\/portaltela.pt\/?s={search_term_string}\"},\"query-input\":{\"@type\":\"PropertyValueSpecification\",\"valueRequired\":true,\"valueName\":\"search_term_string\"}}],\"inLanguage\":\"pt-PT\"},{\"@type\":\"Person\",\"@id\":\"https:\/\/portaltela.pt\/#\/schema\/person\/c4278d4a6028830caff9ee44b42d32ed\",\"name\":\"Telinha\",\"image\":{\"@type\":\"ImageObject\",\"inLanguage\":\"pt-PT\",\"@id\":\"https:\/\/portaltela.pt\/s.01k8rhncp4jt1\/2025\/11\/talking-bot-125x125.png\",\"url\":\"https:\/\/portaltela.pt\/s.01k8rhncp4jt1\/2025\/11\/talking-bot-125x125.png\",\"contentUrl\":\"https:\/\/portaltela.pt\/s.01k8rhncp4jt1\/2025\/11\/talking-bot-125x125.png\",\"caption\":\"Telinha\"},\"sameAs\":[\"https:\/\/portaltela.pt\/\"],\"url\":\"https:\/\/portaltela.pt\/por\/367410592786\/\"}]}<\/script>\n<!-- \/ Yoast SEO plugin. -->","yoast_head_json":{"title":"DGArtes prorroga concursos de apoio a projectos devido ao mau tempo - Portal Tela Portugal","robots":{"index":"index","follow":"follow","max-snippet":"max-snippet:-1","max-image-preview":"max-image-preview:large","max-video-preview":"max-video-preview:-1"},"og_locale":"pt_PT","og_type":"article","og_title":"DGArtes prorroga concursos de apoio a projectos devido ao mau tempo - Portal Tela Portugal","og_description":"A DGArtes prorrogou os prazos dos concursos do Programa de Apoio a Projectos 2025 devido aos impactos do mau tempo, especialmente na regi\u00e3o Centro. O prazo passou de 10 de mar\u00e7o para 31 de mar\u00e7o para as candidaturas de cria\u00e7\u00e3o em Artes de Rua, Circo, Dan\u00e7a, Teatro; M\u00fasica e \u00d3pera; Cruzamento Disciplinar; Artes Visuais. Para os concursos de Edi\u00e7\u00e3o \u2013 Artes Visuais, Artes Performativas, Artes de Rua e Cruzamento Disciplinar; Programa\u00e7\u00e3o \u2013 Artes de Rua, Circo, Dan\u00e7a, M\u00fasica, \u00d3pera e Teatro; Internacionaliza\u00e7\u00e3o e Procedimento Simplificado, o prazo foi estendido at\u00e9 2 de abril. A medida responde a pedidos de mais de 200 artistas, agentes culturais e estruturas num carta aberta dirigida a Am\u00e9rico Rodrigues, enfatizando a necessidade de equidade face \u00e0s perturba\u00e7\u00f5es nas condi\u00e7\u00f5es de trabalho. A DGArtes destaca que o objetivo \u00e9 manter o calend\u00e1rio de concretiza\u00e7\u00e3o dos projetos, sem atrasos, considerando danos em habita\u00e7\u00f5es, infraestruturas e equipamentos p\u00fablicos e privados.","og_url":"https:\/\/portaltela.pt\/noticias\/2026\/02\/16\/dgartes-prorroga-concursos-de-apoio-a-projectos-devido-ao-mau-tempo\/","og_site_name":"Portal Tela Portugal","article_published_time":"2026-02-16T19:07:00+00:00","author":"Telinha","twitter_card":"summary_large_image","twitter_misc":{"Escrito por":"Telinha","Tempo estimado de leitura":"1 minuto"},"schema":{"@context":"https:\/\/schema.org","@graph":[{"@type":"Article","@id":"https:\/\/portaltela.pt\/noticias\/2026\/02\/16\/dgartes-prorroga-concursos-de-apoio-a-projectos-devido-ao-mau-tempo\/#article","isPartOf":{"@id":"https:\/\/portaltela.pt\/noticias\/2026\/02\/16\/dgartes-prorroga-concursos-de-apoio-a-projectos-devido-ao-mau-tempo\/"},"author":{"name":"Telinha","@id":"https:\/\/portaltela.pt\/#\/schema\/person\/c4278d4a6028830caff9ee44b42d32ed"},"headline":"DGArtes prorroga concursos de apoio a projectos devido ao mau tempo","datePublished":"2026-02-16T19:07:00+00:00","mainEntityOfPage":{"@id":"https:\/\/portaltela.pt\/noticias\/2026\/02\/16\/dgartes-prorroga-concursos-de-apoio-a-projectos-devido-ao-mau-tempo\/"},"wordCount":277,"image":{"@id":"https:\/\/portaltela.pt\/noticias\/2026\/02\/16\/dgartes-prorroga-concursos-de-apoio-a-projectos-devido-ao-mau-tempo\/#primaryimage"},"thumbnailUrl":"https:\/\/portaltela.pt\/s.01k8rhncp4jt1\/2026\/02\/2067733.jpg","keywords":["administra\u00e7\u00e3o p\u00fablica","Apoio \u00e0 Atividade de Forma\u00e7\u00e3o Art\u00edstica e Musical","cultura","DGArtes","organiza\u00e7\u00f5es","Zona Centro"],"articleSection":["Not\u00edcias"],"inLanguage":"pt-PT"},{"@type":"WebPage","@id":"https:\/\/portaltela.pt\/noticias\/2026\/02\/16\/dgartes-prorroga-concursos-de-apoio-a-projectos-devido-ao-mau-tempo\/","url":"https:\/\/portaltela.pt\/noticias\/2026\/02\/16\/dgartes-prorroga-concursos-de-apoio-a-projectos-devido-ao-mau-tempo\/","name":"DGArtes prorroga concursos de apoio a projectos devido ao mau tempo - Portal Tela Portugal","isPartOf":{"@id":"https:\/\/portaltela.pt\/#website"},"primaryImageOfPage":{"@id":"https:\/\/portaltela.pt\/noticias\/2026\/02\/16\/dgartes-prorroga-concursos-de-apoio-a-projectos-devido-ao-mau-tempo\/#primaryimage"},"image":{"@id":"https:\/\/portaltela.pt\/noticias\/2026\/02\/16\/dgartes-prorroga-concursos-de-apoio-a-projectos-devido-ao-mau-tempo\/#primaryimage"},"thumbnailUrl":"https:\/\/portaltela.pt\/s.01k8rhncp4jt1\/2026\/02\/2067733.jpg","datePublished":"2026-02-16T19:07:00+00:00","author":{"@id":"https:\/\/portaltela.pt\/#\/schema\/person\/c4278d4a6028830caff9ee44b42d32ed"},"breadcrumb":{"@id":"https:\/\/portaltela.pt\/noticias\/2026\/02\/16\/dgartes-prorroga-concursos-de-apoio-a-projectos-devido-ao-mau-tempo\/#breadcrumb"},"inLanguage":"pt-PT","potentialAction":[{"@type":"ReadAction","target":["https:\/\/portaltela.pt\/noticias\/2026\/02\/16\/dgartes-prorroga-concursos-de-apoio-a-projectos-devido-ao-mau-tempo\/"]}]},{"@type":"ImageObject","inLanguage":"pt-PT","@id":"https:\/\/portaltela.pt\/noticias\/2026\/02\/16\/dgartes-prorroga-concursos-de-apoio-a-projectos-devido-ao-mau-tempo\/#primaryimage","url":"https:\/\/portaltela.pt\/s.01k8rhncp4jt1\/2026\/02\/2067733.jpg","contentUrl":"https:\/\/portaltela.pt\/s.01k8rhncp4jt1\/2026\/02\/2067733.jpg","width":796,"height":448,"caption":"Am\u00e9rico Rodrigues, director-geral das Artes"},{"@type":"BreadcrumbList","@id":"https:\/\/portaltela.pt\/noticias\/2026\/02\/16\/dgartes-prorroga-concursos-de-apoio-a-projectos-devido-ao-mau-tempo\/#breadcrumb","itemListElement":[{"@type":"ListItem","position":1,"name":"In\u00edcio","item":"https:\/\/portaltela.pt\/"},{"@type":"ListItem","position":2,"name":"DGArtes prorroga concursos de apoio a projectos devido ao mau tempo"}]},{"@type":"WebSite","@id":"https:\/\/portaltela.pt\/#website","url":"https:\/\/portaltela.pt\/","name":"Portal Tela Portugal","description":"","potentialAction":[{"@type":"SearchAction","target":{"@type":"EntryPoint","urlTemplate":"https:\/\/portaltela.pt\/?s={search_term_string}"},"query-input":{"@type":"PropertyValueSpecification","valueRequired":true,"valueName":"search_term_string"}}],"inLanguage":"pt-PT"},{"@type":"Person","@id":"https:\/\/portaltela.pt\/#\/schema\/person\/c4278d4a6028830caff9ee44b42d32ed","name":"Telinha","image":{"@type":"ImageObject","inLanguage":"pt-PT","@id":"https:\/\/portaltela.pt\/s.01k8rhncp4jt1\/2025\/11\/talking-bot-125x125.png","url":"https:\/\/portaltela.pt\/s.01k8rhncp4jt1\/2025\/11\/talking-bot-125x125.png","contentUrl":"https:\/\/portaltela.pt\/s.01k8rhncp4jt1\/2025\/11\/talking-bot-125x125.png","caption":"Telinha"},"sameAs":["https:\/\/portaltela.pt\/"],"url":"https:\/\/portaltela.pt\/por\/367410592786\/"}]}},"_links":{"self":[{"href":"https:\/\/portaltela.pt\/api\/wp\/v2\/posts\/215014","targetHints":{"allow":["GET"]}}],"collection":[{"href":"https:\/\/portaltela.pt\/api\/wp\/v2\/posts"}],"about":[{"href":"https:\/\/portaltela.pt\/api\/wp\/v2\/types\/post"}],"author":[{"embeddable":true,"href":"https:\/\/portaltela.pt\/api\/wp\/v2\/users\/2"}],"replies":[{"embeddable":true,"href":"https:\/\/portaltela.pt\/api\/wp\/v2\/comments?post=215014"}],"version-history":[{"count":0,"href":"https:\/\/portaltela.pt\/api\/wp\/v2\/posts\/215014\/revisions"}],"wp:featuredmedia":[{"embeddable":true,"href":"https:\/\/portaltela.pt\/api\/wp\/v2\/media\/215021"}],"wp:attachment":[{"href":"https:\/\/portaltela.pt\/api\/wp\/v2\/media?parent=215014"}],"wp:term":[{"taxonomy":"category","embeddable":true,"href":"https:\/\/portaltela.pt\/api\/wp\/v2\/categories?post=215014"},{"taxonomy":"post_tag","embeddable":true,"href":"https:\/\/portaltela.pt\/api\/wp\/v2\/tags?post=215014"}],"curies":[{"name":"wp","href":"https:\/\/api.w.org\/{rel}","templated":true}]}}