{"id":215005,"date":"2026-02-16T16:06:00","date_gmt":"2026-02-16T19:06:00","guid":{"rendered":"https:\/\/portaltela.pt\/noticias\/2026\/02\/16\/costa-da-caparica-com-acesso-as-praias-interrompido-ate-abril\/"},"modified":"2026-02-16T16:06:00","modified_gmt":"2026-02-16T19:06:00","slug":"costa-da-caparica-com-acesso-as-praias-interrompido-ate-abril","status":"publish","type":"post","link":"https:\/\/portaltela.pt\/noticias\/2026\/02\/16\/costa-da-caparica-com-acesso-as-praias-interrompido-ate-abril\/","title":{"rendered":"Costa da Caparica com acesso \u00e0s praias interrompido at\u00e9 abril"},"content":{"rendered":"<p>A circula\u00e7\u00e3o autom\u00f3vel e pedonal fica interditada, na via principal de acesso \u00e0s praias da Costa da Caparica, entre a Praia do Rei e a Praia da Bela Vista, por dois meses. A medida visa a conclus\u00e3o de uma fase da empreitada.<\/p>\n<p>A interdi\u00e7\u00e3o decorre da conclus\u00e3o da 1.\u00aa fase da melhoria dos acessos \u00e0s praias, que inclui trabalhos de pavimenta\u00e7\u00e3o. A \u00e1rea fica abrangida pela interven\u00e7\u00e3o administrativa.<\/p>\n<p>A passagem de ve\u00edculos de emerg\u00eancia est\u00e1 apenas sujeita a exce\u00e7\u00f5es, enquanto a interven\u00e7\u00e3o decorre. A C\u00e2mara Municipal de Almada agradece a compreens\u00e3o de utilizadores e concession\u00e1rios.<\/p>\n<p>A autarquia esclarece que a interven\u00e7\u00e3o \u00e9 necess\u00e1ria para qualificar e melhorar os acessos a esta frente atl\u00e2ntica do concelho. O encerramento ser\u00e1 mantido at\u00e9 16 de abril.<\/p>\n","protected":false},"excerpt":{"rendered":"<ul>\n<li>A circula\u00e7\u00e3o autom\u00f3vel e pedonal fica interditada na principal via de acesso \u00e0s praias da Costa da Caparica entre a Praia do Rei e a Praia da Bela Vista, por dois meses.<\/li>\n<li>A interdi\u00e7\u00e3o come\u00e7a na segunda-feira e prolonga-se at\u00e9 ao dezoito de abril, sendo apenas permitido o passagem de ve\u00edculos de emerg\u00eancia.<\/li>\n<li>A medida resulta da conclus\u00e3o da primeira fase da empreitada de melhoria dos acessos \u00e0s praias, que inclui trabalhos de pavimenta\u00e7\u00e3o.<\/li>\n<li>A C\u00e2mara Municipal de Almada agradece a compreens\u00e3o de utilizadores e concession\u00e1rios, dizendo que a interven\u00e7\u00e3o \u00e9 necess\u00e1ria para qualificar e melhorar os acessos \u00e0 frente atl\u00e2ntica do concelho.<\/li>\n<\/ul>\n","protected":false},"author":2,"featured_media":215016,"comment_status":"closed","ping_status":"closed","sticky":false,"template":"","format":"standard","meta":{"footnotes":""},"categories":[1],"tags":[1860,1373,144,5691,2972,2891],"class_list":["post-215005","post","type-post","status-publish","format-standard","has-post-thumbnail","hentry","category-noticias","tag-acessos","tag-almada","tag-concelho","tag-obras","tag-pavimentacao","tag-via-publica"],"yoast_head":"<!-- This site is optimized with the Yoast SEO plugin v27.2 - https:\/\/yoast.com\/product\/yoast-seo-wordpress\/ -->\n<title>Costa da Caparica com acesso \u00e0s praias interrompido at\u00e9 abril - Portal Tela Portugal<\/title>\n<meta name=\"robots\" content=\"index, follow, max-snippet:-1, max-image-preview:large, max-video-preview:-1\" \/>\n<meta property=\"og:locale\" content=\"pt_PT\" \/>\n<meta property=\"og:type\" content=\"article\" \/>\n<meta property=\"og:title\" content=\"Costa da Caparica com acesso \u00e0s praias interrompido at\u00e9 abril - Portal Tela Portugal\" \/>\n<meta property=\"og:description\" content=\"A circula\u00e7\u00e3o autom\u00f3vel e pedonal fica interditada na principal via de acesso \u00e0s praias da Costa da Caparica entre a Praia do Rei e a Praia da Bela Vista, por dois meses. A interdi\u00e7\u00e3o come\u00e7a na segunda-feira e prolonga-se at\u00e9 ao dezoito de abril, sendo apenas permitido o passagem de ve\u00edculos de emerg\u00eancia. A medida resulta da conclus\u00e3o da primeira fase da empreitada de melhoria dos acessos \u00e0s praias, que inclui trabalhos de pavimenta\u00e7\u00e3o. A C\u00e2mara Municipal de Almada agradece a compreens\u00e3o de utilizadores e concession\u00e1rios, dizendo que a interven\u00e7\u00e3o \u00e9 necess\u00e1ria para qualificar e melhorar os acessos \u00e0 frente atl\u00e2ntica do concelho.\" \/>\n<meta property=\"og:url\" content=\"https:\/\/portaltela.pt\/noticias\/2026\/02\/16\/costa-da-caparica-com-acesso-as-praias-interrompido-ate-abril\/\" \/>\n<meta property=\"og:site_name\" content=\"Portal Tela Portugal\" \/>\n<meta property=\"article:published_time\" content=\"2026-02-16T19:06:00+00:00\" \/>\n<meta name=\"author\" content=\"Telinha\" \/>\n<meta name=\"twitter:card\" content=\"summary_large_image\" \/>\n<meta name=\"twitter:label1\" content=\"Escrito por\" \/>\n\t<meta name=\"twitter:data1\" content=\"Telinha\" \/>\n\t<meta name=\"twitter:label2\" content=\"Tempo estimado de leitura\" \/>\n\t<meta name=\"twitter:data2\" content=\"1 minuto\" \/>\n<script type=\"application\/ld+json\" class=\"yoast-schema-graph\">{\"@context\":\"https:\/\/schema.org\",\"@graph\":[{\"@type\":\"Article\",\"@id\":\"https:\/\/portaltela.pt\/noticias\/2026\/02\/16\/costa-da-caparica-com-acesso-as-praias-interrompido-ate-abril\/#article\",\"isPartOf\":{\"@id\":\"https:\/\/portaltela.pt\/noticias\/2026\/02\/16\/costa-da-caparica-com-acesso-as-praias-interrompido-ate-abril\/\"},\"author\":{\"name\":\"Telinha\",\"@id\":\"https:\/\/portaltela.pt\/#\/schema\/person\/c4278d4a6028830caff9ee44b42d32ed\"},\"headline\":\"Costa da Caparica com acesso \u00e0s praias interrompido at\u00e9 abril\",\"datePublished\":\"2026-02-16T19:06:00+00:00\",\"mainEntityOfPage\":{\"@id\":\"https:\/\/portaltela.pt\/noticias\/2026\/02\/16\/costa-da-caparica-com-acesso-as-praias-interrompido-ate-abril\/\"},\"wordCount\":147,\"image\":{\"@id\":\"https:\/\/portaltela.pt\/noticias\/2026\/02\/16\/costa-da-caparica-com-acesso-as-praias-interrompido-ate-abril\/#primaryimage\"},\"thumbnailUrl\":\"https:\/\/portaltela.pt\/s.01k8rhncp4jt1\/2026\/02\/img_1500x1000uu2013-07-17-23-15-00-362957.jpg\",\"keywords\":[\"acessos\",\"Almada\",\"concelho\",\"obras\",\"pavimenta\u00e7\u00e3o\",\"via p\u00fablica\"],\"articleSection\":[\"Not\u00edcias\"],\"inLanguage\":\"pt-PT\"},{\"@type\":\"WebPage\",\"@id\":\"https:\/\/portaltela.pt\/noticias\/2026\/02\/16\/costa-da-caparica-com-acesso-as-praias-interrompido-ate-abril\/\",\"url\":\"https:\/\/portaltela.pt\/noticias\/2026\/02\/16\/costa-da-caparica-com-acesso-as-praias-interrompido-ate-abril\/\",\"name\":\"Costa da Caparica com acesso \u00e0s praias interrompido at\u00e9 abril - Portal Tela Portugal\",\"isPartOf\":{\"@id\":\"https:\/\/portaltela.pt\/#website\"},\"primaryImageOfPage\":{\"@id\":\"https:\/\/portaltela.pt\/noticias\/2026\/02\/16\/costa-da-caparica-com-acesso-as-praias-interrompido-ate-abril\/#primaryimage\"},\"image\":{\"@id\":\"https:\/\/portaltela.pt\/noticias\/2026\/02\/16\/costa-da-caparica-com-acesso-as-praias-interrompido-ate-abril\/#primaryimage\"},\"thumbnailUrl\":\"https:\/\/portaltela.pt\/s.01k8rhncp4jt1\/2026\/02\/img_1500x1000uu2013-07-17-23-15-00-362957.jpg\",\"datePublished\":\"2026-02-16T19:06:00+00:00\",\"author\":{\"@id\":\"https:\/\/portaltela.pt\/#\/schema\/person\/c4278d4a6028830caff9ee44b42d32ed\"},\"breadcrumb\":{\"@id\":\"https:\/\/portaltela.pt\/noticias\/2026\/02\/16\/costa-da-caparica-com-acesso-as-praias-interrompido-ate-abril\/#breadcrumb\"},\"inLanguage\":\"pt-PT\",\"potentialAction\":[{\"@type\":\"ReadAction\",\"target\":[\"https:\/\/portaltela.pt\/noticias\/2026\/02\/16\/costa-da-caparica-com-acesso-as-praias-interrompido-ate-abril\/\"]}]},{\"@type\":\"ImageObject\",\"inLanguage\":\"pt-PT\",\"@id\":\"https:\/\/portaltela.pt\/noticias\/2026\/02\/16\/costa-da-caparica-com-acesso-as-praias-interrompido-ate-abril\/#primaryimage\",\"url\":\"https:\/\/portaltela.pt\/s.01k8rhncp4jt1\/2026\/02\/img_1500x1000uu2013-07-17-23-15-00-362957.jpg\",\"contentUrl\":\"https:\/\/portaltela.pt\/s.01k8rhncp4jt1\/2026\/02\/img_1500x1000uu2013-07-17-23-15-00-362957.jpg\",\"width\":796,\"height\":448,\"caption\":\"Circula\u00e7\u00e3o autom\u00f3vel e pedonal na principal via de acesso \u00e0s praias da Costa da Caparica interdita at\u00e9 abril\"},{\"@type\":\"BreadcrumbList\",\"@id\":\"https:\/\/portaltela.pt\/noticias\/2026\/02\/16\/costa-da-caparica-com-acesso-as-praias-interrompido-ate-abril\/#breadcrumb\",\"itemListElement\":[{\"@type\":\"ListItem\",\"position\":1,\"name\":\"In\u00edcio\",\"item\":\"https:\/\/portaltela.pt\/\"},{\"@type\":\"ListItem\",\"position\":2,\"name\":\"Costa da Caparica com acesso \u00e0s praias interrompido at\u00e9 abril\"}]},{\"@type\":\"WebSite\",\"@id\":\"https:\/\/portaltela.pt\/#website\",\"url\":\"https:\/\/portaltela.pt\/\",\"name\":\"Portal Tela Portugal\",\"description\":\"\",\"potentialAction\":[{\"@type\":\"SearchAction\",\"target\":{\"@type\":\"EntryPoint\",\"urlTemplate\":\"https:\/\/portaltela.pt\/?s={search_term_string}\"},\"query-input\":{\"@type\":\"PropertyValueSpecification\",\"valueRequired\":true,\"valueName\":\"search_term_string\"}}],\"inLanguage\":\"pt-PT\"},{\"@type\":\"Person\",\"@id\":\"https:\/\/portaltela.pt\/#\/schema\/person\/c4278d4a6028830caff9ee44b42d32ed\",\"name\":\"Telinha\",\"image\":{\"@type\":\"ImageObject\",\"inLanguage\":\"pt-PT\",\"@id\":\"https:\/\/portaltela.pt\/s.01k8rhncp4jt1\/2025\/11\/talking-bot-125x125.png\",\"url\":\"https:\/\/portaltela.pt\/s.01k8rhncp4jt1\/2025\/11\/talking-bot-125x125.png\",\"contentUrl\":\"https:\/\/portaltela.pt\/s.01k8rhncp4jt1\/2025\/11\/talking-bot-125x125.png\",\"caption\":\"Telinha\"},\"sameAs\":[\"https:\/\/portaltela.pt\/\"],\"url\":\"https:\/\/portaltela.pt\/por\/367410592786\/\"}]}<\/script>\n<!-- \/ Yoast SEO plugin. -->","yoast_head_json":{"title":"Costa da Caparica com acesso \u00e0s praias interrompido at\u00e9 abril - Portal Tela Portugal","robots":{"index":"index","follow":"follow","max-snippet":"max-snippet:-1","max-image-preview":"max-image-preview:large","max-video-preview":"max-video-preview:-1"},"og_locale":"pt_PT","og_type":"article","og_title":"Costa da Caparica com acesso \u00e0s praias interrompido at\u00e9 abril - Portal Tela Portugal","og_description":"A circula\u00e7\u00e3o autom\u00f3vel e pedonal fica interditada na principal via de acesso \u00e0s praias da Costa da Caparica entre a Praia do Rei e a Praia da Bela Vista, por dois meses. A interdi\u00e7\u00e3o come\u00e7a na segunda-feira e prolonga-se at\u00e9 ao dezoito de abril, sendo apenas permitido o passagem de ve\u00edculos de emerg\u00eancia. A medida resulta da conclus\u00e3o da primeira fase da empreitada de melhoria dos acessos \u00e0s praias, que inclui trabalhos de pavimenta\u00e7\u00e3o. A C\u00e2mara Municipal de Almada agradece a compreens\u00e3o de utilizadores e concession\u00e1rios, dizendo que a interven\u00e7\u00e3o \u00e9 necess\u00e1ria para qualificar e melhorar os acessos \u00e0 frente atl\u00e2ntica do concelho.","og_url":"https:\/\/portaltela.pt\/noticias\/2026\/02\/16\/costa-da-caparica-com-acesso-as-praias-interrompido-ate-abril\/","og_site_name":"Portal Tela Portugal","article_published_time":"2026-02-16T19:06:00+00:00","author":"Telinha","twitter_card":"summary_large_image","twitter_misc":{"Escrito por":"Telinha","Tempo estimado de leitura":"1 minuto"},"schema":{"@context":"https:\/\/schema.org","@graph":[{"@type":"Article","@id":"https:\/\/portaltela.pt\/noticias\/2026\/02\/16\/costa-da-caparica-com-acesso-as-praias-interrompido-ate-abril\/#article","isPartOf":{"@id":"https:\/\/portaltela.pt\/noticias\/2026\/02\/16\/costa-da-caparica-com-acesso-as-praias-interrompido-ate-abril\/"},"author":{"name":"Telinha","@id":"https:\/\/portaltela.pt\/#\/schema\/person\/c4278d4a6028830caff9ee44b42d32ed"},"headline":"Costa da Caparica com acesso \u00e0s praias interrompido at\u00e9 abril","datePublished":"2026-02-16T19:06:00+00:00","mainEntityOfPage":{"@id":"https:\/\/portaltela.pt\/noticias\/2026\/02\/16\/costa-da-caparica-com-acesso-as-praias-interrompido-ate-abril\/"},"wordCount":147,"image":{"@id":"https:\/\/portaltela.pt\/noticias\/2026\/02\/16\/costa-da-caparica-com-acesso-as-praias-interrompido-ate-abril\/#primaryimage"},"thumbnailUrl":"https:\/\/portaltela.pt\/s.01k8rhncp4jt1\/2026\/02\/img_1500x1000uu2013-07-17-23-15-00-362957.jpg","keywords":["acessos","Almada","concelho","obras","pavimenta\u00e7\u00e3o","via p\u00fablica"],"articleSection":["Not\u00edcias"],"inLanguage":"pt-PT"},{"@type":"WebPage","@id":"https:\/\/portaltela.pt\/noticias\/2026\/02\/16\/costa-da-caparica-com-acesso-as-praias-interrompido-ate-abril\/","url":"https:\/\/portaltela.pt\/noticias\/2026\/02\/16\/costa-da-caparica-com-acesso-as-praias-interrompido-ate-abril\/","name":"Costa da Caparica com acesso \u00e0s praias interrompido at\u00e9 abril - Portal Tela Portugal","isPartOf":{"@id":"https:\/\/portaltela.pt\/#website"},"primaryImageOfPage":{"@id":"https:\/\/portaltela.pt\/noticias\/2026\/02\/16\/costa-da-caparica-com-acesso-as-praias-interrompido-ate-abril\/#primaryimage"},"image":{"@id":"https:\/\/portaltela.pt\/noticias\/2026\/02\/16\/costa-da-caparica-com-acesso-as-praias-interrompido-ate-abril\/#primaryimage"},"thumbnailUrl":"https:\/\/portaltela.pt\/s.01k8rhncp4jt1\/2026\/02\/img_1500x1000uu2013-07-17-23-15-00-362957.jpg","datePublished":"2026-02-16T19:06:00+00:00","author":{"@id":"https:\/\/portaltela.pt\/#\/schema\/person\/c4278d4a6028830caff9ee44b42d32ed"},"breadcrumb":{"@id":"https:\/\/portaltela.pt\/noticias\/2026\/02\/16\/costa-da-caparica-com-acesso-as-praias-interrompido-ate-abril\/#breadcrumb"},"inLanguage":"pt-PT","potentialAction":[{"@type":"ReadAction","target":["https:\/\/portaltela.pt\/noticias\/2026\/02\/16\/costa-da-caparica-com-acesso-as-praias-interrompido-ate-abril\/"]}]},{"@type":"ImageObject","inLanguage":"pt-PT","@id":"https:\/\/portaltela.pt\/noticias\/2026\/02\/16\/costa-da-caparica-com-acesso-as-praias-interrompido-ate-abril\/#primaryimage","url":"https:\/\/portaltela.pt\/s.01k8rhncp4jt1\/2026\/02\/img_1500x1000uu2013-07-17-23-15-00-362957.jpg","contentUrl":"https:\/\/portaltela.pt\/s.01k8rhncp4jt1\/2026\/02\/img_1500x1000uu2013-07-17-23-15-00-362957.jpg","width":796,"height":448,"caption":"Circula\u00e7\u00e3o autom\u00f3vel e pedonal na principal via de acesso \u00e0s praias da Costa da Caparica interdita at\u00e9 abril"},{"@type":"BreadcrumbList","@id":"https:\/\/portaltela.pt\/noticias\/2026\/02\/16\/costa-da-caparica-com-acesso-as-praias-interrompido-ate-abril\/#breadcrumb","itemListElement":[{"@type":"ListItem","position":1,"name":"In\u00edcio","item":"https:\/\/portaltela.pt\/"},{"@type":"ListItem","position":2,"name":"Costa da Caparica com acesso \u00e0s praias interrompido at\u00e9 abril"}]},{"@type":"WebSite","@id":"https:\/\/portaltela.pt\/#website","url":"https:\/\/portaltela.pt\/","name":"Portal Tela Portugal","description":"","potentialAction":[{"@type":"SearchAction","target":{"@type":"EntryPoint","urlTemplate":"https:\/\/portaltela.pt\/?s={search_term_string}"},"query-input":{"@type":"PropertyValueSpecification","valueRequired":true,"valueName":"search_term_string"}}],"inLanguage":"pt-PT"},{"@type":"Person","@id":"https:\/\/portaltela.pt\/#\/schema\/person\/c4278d4a6028830caff9ee44b42d32ed","name":"Telinha","image":{"@type":"ImageObject","inLanguage":"pt-PT","@id":"https:\/\/portaltela.pt\/s.01k8rhncp4jt1\/2025\/11\/talking-bot-125x125.png","url":"https:\/\/portaltela.pt\/s.01k8rhncp4jt1\/2025\/11\/talking-bot-125x125.png","contentUrl":"https:\/\/portaltela.pt\/s.01k8rhncp4jt1\/2025\/11\/talking-bot-125x125.png","caption":"Telinha"},"sameAs":["https:\/\/portaltela.pt\/"],"url":"https:\/\/portaltela.pt\/por\/367410592786\/"}]}},"_links":{"self":[{"href":"https:\/\/portaltela.pt\/api\/wp\/v2\/posts\/215005","targetHints":{"allow":["GET"]}}],"collection":[{"href":"https:\/\/portaltela.pt\/api\/wp\/v2\/posts"}],"about":[{"href":"https:\/\/portaltela.pt\/api\/wp\/v2\/types\/post"}],"author":[{"embeddable":true,"href":"https:\/\/portaltela.pt\/api\/wp\/v2\/users\/2"}],"replies":[{"embeddable":true,"href":"https:\/\/portaltela.pt\/api\/wp\/v2\/comments?post=215005"}],"version-history":[{"count":0,"href":"https:\/\/portaltela.pt\/api\/wp\/v2\/posts\/215005\/revisions"}],"wp:featuredmedia":[{"embeddable":true,"href":"https:\/\/portaltela.pt\/api\/wp\/v2\/media\/215016"}],"wp:attachment":[{"href":"https:\/\/portaltela.pt\/api\/wp\/v2\/media?parent=215005"}],"wp:term":[{"taxonomy":"category","embeddable":true,"href":"https:\/\/portaltela.pt\/api\/wp\/v2\/categories?post=215005"},{"taxonomy":"post_tag","embeddable":true,"href":"https:\/\/portaltela.pt\/api\/wp\/v2\/tags?post=215005"}],"curies":[{"name":"wp","href":"https:\/\/api.w.org\/{rel}","templated":true}]}}