{"id":214984,"date":"2026-02-16T15:48:23","date_gmt":"2026-02-16T18:48:23","guid":{"rendered":"https:\/\/portaltela.pt\/noticias\/2026\/02\/16\/carnaval-de-veneza-mascaras-exuberantes-e-fatos-elaborados-marcam-a-edicao\/"},"modified":"2026-02-16T15:48:23","modified_gmt":"2026-02-16T18:48:23","slug":"carnaval-de-veneza-mascaras-exuberantes-e-fatos-elaborados-marcam-a-edicao","status":"publish","type":"post","link":"https:\/\/portaltela.pt\/noticias\/2026\/02\/16\/carnaval-de-veneza-mascaras-exuberantes-e-fatos-elaborados-marcam-a-edicao\/","title":{"rendered":"Carnaval de Veneza: m\u00e1scaras exuberantes e fatos elaborados marcam a edi\u00e7\u00e3o"},"content":{"rendered":"<p>O Carnaval de Veneza de 2026 decorreu este domingo na Pra\u00e7a de S\u00e3o Marcos, com centenas de participantes a exibir m\u00e1scaras exuberantes e fatos elaborados, competindo pelo pr\u00e9mio de melhor mascarado do ano. A edi\u00e7\u00e3o foi marcada pela inspira\u00e7\u00e3o nos Jogos Ol\u00edmpicos de Inverno.<\/p>\n<p>A atmosfera colorida atraiu turistas e residentes, que acompanharam desfiles e performances ao longo do dia. As m\u00e1scaras, pe\u00e7as centrais da tradi\u00e7\u00e3o veneziana, combinaram arte, hist\u00f3ria e criatividade.<\/p>\n<p>A tradi\u00e7\u00e3o de m\u00e1scaras e trajes elaborados tem ra\u00edzes em s\u00e9culos passados, quando Veneza era uma cidade mercantil de grande express\u00e3o cultural. A edi\u00e7\u00e3o atual refor\u00e7ou a liga\u00e7\u00e3o entre costume e celebra\u00e7\u00e3o comunit\u00e1ria.<\/p>\n<h3>Atividades culturais e desdobramentos<\/h3>\n<p>Al\u00e9m do concurso de mascarados, o evento contou com desfiles, apresenta\u00e7\u00f5es musicais e demonstra\u00e7\u00f5es de artesanato, refor\u00e7ando o apelo tur\u00edstico da cidade. Veneza posicionou-se como palco de cultura, arte e tradi\u00e7\u00e3o durante o Carnaval 2026.<\/p>\n","protected":false},"excerpt":{"rendered":"<ul>\n<li>Centenas de participantes encheram a Pra\u00e7a de S\u00e3o Marcos no Carnaval de Veneza, com fatos e m\u00e1scaras elaborados, competindo pelo pr\u00e9mio de melhor mascarado.<\/li>\n<li>A edi\u00e7\u00e3o de 2026 foi inspirada nos Jogos Ol\u00edmpicos de Inverno, trazendo uma atmosfera colorida e festiva \u00e0 cidade.<\/li>\n<li>As m\u00e1scaras exuberantes e os fatos elaborados marcaram presen\u00e7a, atraindo turistas e moradores locais.<\/li>\n<li>A celebra\u00e7\u00e3o incluiu diversas atividades culturais, desfiles e apresenta\u00e7\u00f5es musicais ao longo dos dias de festa.<\/li>\n<li>Veneza utiliza o Carnaval para mostrar a sua hist\u00f3ria, cultura e tradi\u00e7\u00e3o, refor\u00e7ando a import\u00e2ncia tur\u00edstica da cidade.<\/li>\n<\/ul>\n","protected":false},"author":2,"featured_media":214989,"comment_status":"closed","ping_status":"closed","sticky":false,"template":"","format":"standard","meta":{"footnotes":""},"categories":[1],"tags":[70,145,4919,122,169,2677],"class_list":["post-214984","post","type-post","status-publish","format-standard","has-post-thumbnail","hentry","category-noticias","tag-arte","tag-cultura","tag-festas","tag-musica","tag-turismo","tag-veneza"],"yoast_head":"<!-- This site is optimized with the Yoast SEO plugin v27.2 - https:\/\/yoast.com\/product\/yoast-seo-wordpress\/ -->\n<title>Carnaval de Veneza: m\u00e1scaras exuberantes e fatos elaborados marcam a edi\u00e7\u00e3o - Portal Tela Portugal<\/title>\n<meta name=\"robots\" content=\"index, follow, max-snippet:-1, max-image-preview:large, max-video-preview:-1\" \/>\n<meta property=\"og:locale\" content=\"pt_PT\" \/>\n<meta property=\"og:type\" content=\"article\" \/>\n<meta property=\"og:title\" content=\"Carnaval de Veneza: m\u00e1scaras exuberantes e fatos elaborados marcam a edi\u00e7\u00e3o - Portal Tela Portugal\" \/>\n<meta property=\"og:description\" content=\"Centenas de participantes encheram a Pra\u00e7a de S\u00e3o Marcos no Carnaval de Veneza, com fatos e m\u00e1scaras elaborados, competindo pelo pr\u00e9mio de melhor mascarado. A edi\u00e7\u00e3o de 2026 foi inspirada nos Jogos Ol\u00edmpicos de Inverno, trazendo uma atmosfera colorida e festiva \u00e0 cidade. As m\u00e1scaras exuberantes e os fatos elaborados marcaram presen\u00e7a, atraindo turistas e moradores locais. A celebra\u00e7\u00e3o incluiu diversas atividades culturais, desfiles e apresenta\u00e7\u00f5es musicais ao longo dos dias de festa. Veneza utiliza o Carnaval para mostrar a sua hist\u00f3ria, cultura e tradi\u00e7\u00e3o, refor\u00e7ando a import\u00e2ncia tur\u00edstica da cidade.\" \/>\n<meta property=\"og:url\" content=\"https:\/\/portaltela.pt\/noticias\/2026\/02\/16\/carnaval-de-veneza-mascaras-exuberantes-e-fatos-elaborados-marcam-a-edicao\/\" \/>\n<meta property=\"og:site_name\" content=\"Portal Tela Portugal\" \/>\n<meta property=\"article:published_time\" content=\"2026-02-16T18:48:23+00:00\" \/>\n<meta name=\"author\" content=\"Telinha\" \/>\n<meta name=\"twitter:card\" content=\"summary_large_image\" \/>\n<meta name=\"twitter:label1\" content=\"Escrito por\" \/>\n\t<meta name=\"twitter:data1\" content=\"Telinha\" \/>\n\t<meta name=\"twitter:label2\" content=\"Tempo estimado de leitura\" \/>\n\t<meta name=\"twitter:data2\" content=\"1 minuto\" \/>\n<script type=\"application\/ld+json\" class=\"yoast-schema-graph\">{\"@context\":\"https:\/\/schema.org\",\"@graph\":[{\"@type\":\"Article\",\"@id\":\"https:\/\/portaltela.pt\/noticias\/2026\/02\/16\/carnaval-de-veneza-mascaras-exuberantes-e-fatos-elaborados-marcam-a-edicao\/#article\",\"isPartOf\":{\"@id\":\"https:\/\/portaltela.pt\/noticias\/2026\/02\/16\/carnaval-de-veneza-mascaras-exuberantes-e-fatos-elaborados-marcam-a-edicao\/\"},\"author\":{\"name\":\"Telinha\",\"@id\":\"https:\/\/portaltela.pt\/#\/schema\/person\/c4278d4a6028830caff9ee44b42d32ed\"},\"headline\":\"Carnaval de Veneza: m\u00e1scaras exuberantes e fatos elaborados marcam a edi\u00e7\u00e3o\",\"datePublished\":\"2026-02-16T18:48:23+00:00\",\"mainEntityOfPage\":{\"@id\":\"https:\/\/portaltela.pt\/noticias\/2026\/02\/16\/carnaval-de-veneza-mascaras-exuberantes-e-fatos-elaborados-marcam-a-edicao\/\"},\"wordCount\":182,\"image\":{\"@id\":\"https:\/\/portaltela.pt\/noticias\/2026\/02\/16\/carnaval-de-veneza-mascaras-exuberantes-e-fatos-elaborados-marcam-a-edicao\/#primaryimage\"},\"thumbnailUrl\":\"https:\/\/portaltela.pt\/s.01k8rhncp4jt1\/2026\/02\/img_1280x722uu2026-02-16-18-45-11-2267222.jpg\",\"keywords\":[\"arte\",\"cultura\",\"festas\",\"m\u00fasica\",\"turismo\",\"Veneza\"],\"articleSection\":[\"Not\u00edcias\"],\"inLanguage\":\"pt-PT\"},{\"@type\":\"WebPage\",\"@id\":\"https:\/\/portaltela.pt\/noticias\/2026\/02\/16\/carnaval-de-veneza-mascaras-exuberantes-e-fatos-elaborados-marcam-a-edicao\/\",\"url\":\"https:\/\/portaltela.pt\/noticias\/2026\/02\/16\/carnaval-de-veneza-mascaras-exuberantes-e-fatos-elaborados-marcam-a-edicao\/\",\"name\":\"Carnaval de Veneza: m\u00e1scaras exuberantes e fatos elaborados marcam a edi\u00e7\u00e3o - Portal Tela Portugal\",\"isPartOf\":{\"@id\":\"https:\/\/portaltela.pt\/#website\"},\"primaryImageOfPage\":{\"@id\":\"https:\/\/portaltela.pt\/noticias\/2026\/02\/16\/carnaval-de-veneza-mascaras-exuberantes-e-fatos-elaborados-marcam-a-edicao\/#primaryimage\"},\"image\":{\"@id\":\"https:\/\/portaltela.pt\/noticias\/2026\/02\/16\/carnaval-de-veneza-mascaras-exuberantes-e-fatos-elaborados-marcam-a-edicao\/#primaryimage\"},\"thumbnailUrl\":\"https:\/\/portaltela.pt\/s.01k8rhncp4jt1\/2026\/02\/img_1280x722uu2026-02-16-18-45-11-2267222.jpg\",\"datePublished\":\"2026-02-16T18:48:23+00:00\",\"author\":{\"@id\":\"https:\/\/portaltela.pt\/#\/schema\/person\/c4278d4a6028830caff9ee44b42d32ed\"},\"breadcrumb\":{\"@id\":\"https:\/\/portaltela.pt\/noticias\/2026\/02\/16\/carnaval-de-veneza-mascaras-exuberantes-e-fatos-elaborados-marcam-a-edicao\/#breadcrumb\"},\"inLanguage\":\"pt-PT\",\"potentialAction\":[{\"@type\":\"ReadAction\",\"target\":[\"https:\/\/portaltela.pt\/noticias\/2026\/02\/16\/carnaval-de-veneza-mascaras-exuberantes-e-fatos-elaborados-marcam-a-edicao\/\"]}]},{\"@type\":\"ImageObject\",\"inLanguage\":\"pt-PT\",\"@id\":\"https:\/\/portaltela.pt\/noticias\/2026\/02\/16\/carnaval-de-veneza-mascaras-exuberantes-e-fatos-elaborados-marcam-a-edicao\/#primaryimage\",\"url\":\"https:\/\/portaltela.pt\/s.01k8rhncp4jt1\/2026\/02\/img_1280x722uu2026-02-16-18-45-11-2267222.jpg\",\"contentUrl\":\"https:\/\/portaltela.pt\/s.01k8rhncp4jt1\/2026\/02\/img_1280x722uu2026-02-16-18-45-11-2267222.jpg\",\"width\":796,\"height\":448,\"caption\":\"Imagem do Carnaval de Veneza com m\u00e1scaras e fatos elaborados\"},{\"@type\":\"BreadcrumbList\",\"@id\":\"https:\/\/portaltela.pt\/noticias\/2026\/02\/16\/carnaval-de-veneza-mascaras-exuberantes-e-fatos-elaborados-marcam-a-edicao\/#breadcrumb\",\"itemListElement\":[{\"@type\":\"ListItem\",\"position\":1,\"name\":\"In\u00edcio\",\"item\":\"https:\/\/portaltela.pt\/\"},{\"@type\":\"ListItem\",\"position\":2,\"name\":\"Carnaval de Veneza: m\u00e1scaras exuberantes e fatos elaborados marcam a edi\u00e7\u00e3o\"}]},{\"@type\":\"WebSite\",\"@id\":\"https:\/\/portaltela.pt\/#website\",\"url\":\"https:\/\/portaltela.pt\/\",\"name\":\"Portal Tela Portugal\",\"description\":\"\",\"potentialAction\":[{\"@type\":\"SearchAction\",\"target\":{\"@type\":\"EntryPoint\",\"urlTemplate\":\"https:\/\/portaltela.pt\/?s={search_term_string}\"},\"query-input\":{\"@type\":\"PropertyValueSpecification\",\"valueRequired\":true,\"valueName\":\"search_term_string\"}}],\"inLanguage\":\"pt-PT\"},{\"@type\":\"Person\",\"@id\":\"https:\/\/portaltela.pt\/#\/schema\/person\/c4278d4a6028830caff9ee44b42d32ed\",\"name\":\"Telinha\",\"image\":{\"@type\":\"ImageObject\",\"inLanguage\":\"pt-PT\",\"@id\":\"https:\/\/portaltela.pt\/s.01k8rhncp4jt1\/2025\/11\/talking-bot-125x125.png\",\"url\":\"https:\/\/portaltela.pt\/s.01k8rhncp4jt1\/2025\/11\/talking-bot-125x125.png\",\"contentUrl\":\"https:\/\/portaltela.pt\/s.01k8rhncp4jt1\/2025\/11\/talking-bot-125x125.png\",\"caption\":\"Telinha\"},\"sameAs\":[\"https:\/\/portaltela.pt\/\"],\"url\":\"https:\/\/portaltela.pt\/por\/367410592786\/\"}]}<\/script>\n<!-- \/ Yoast SEO plugin. -->","yoast_head_json":{"title":"Carnaval de Veneza: m\u00e1scaras exuberantes e fatos elaborados marcam a edi\u00e7\u00e3o - Portal Tela Portugal","robots":{"index":"index","follow":"follow","max-snippet":"max-snippet:-1","max-image-preview":"max-image-preview:large","max-video-preview":"max-video-preview:-1"},"og_locale":"pt_PT","og_type":"article","og_title":"Carnaval de Veneza: m\u00e1scaras exuberantes e fatos elaborados marcam a edi\u00e7\u00e3o - Portal Tela Portugal","og_description":"Centenas de participantes encheram a Pra\u00e7a de S\u00e3o Marcos no Carnaval de Veneza, com fatos e m\u00e1scaras elaborados, competindo pelo pr\u00e9mio de melhor mascarado. A edi\u00e7\u00e3o de 2026 foi inspirada nos Jogos Ol\u00edmpicos de Inverno, trazendo uma atmosfera colorida e festiva \u00e0 cidade. As m\u00e1scaras exuberantes e os fatos elaborados marcaram presen\u00e7a, atraindo turistas e moradores locais. A celebra\u00e7\u00e3o incluiu diversas atividades culturais, desfiles e apresenta\u00e7\u00f5es musicais ao longo dos dias de festa. Veneza utiliza o Carnaval para mostrar a sua hist\u00f3ria, cultura e tradi\u00e7\u00e3o, refor\u00e7ando a import\u00e2ncia tur\u00edstica da cidade.","og_url":"https:\/\/portaltela.pt\/noticias\/2026\/02\/16\/carnaval-de-veneza-mascaras-exuberantes-e-fatos-elaborados-marcam-a-edicao\/","og_site_name":"Portal Tela Portugal","article_published_time":"2026-02-16T18:48:23+00:00","author":"Telinha","twitter_card":"summary_large_image","twitter_misc":{"Escrito por":"Telinha","Tempo estimado de leitura":"1 minuto"},"schema":{"@context":"https:\/\/schema.org","@graph":[{"@type":"Article","@id":"https:\/\/portaltela.pt\/noticias\/2026\/02\/16\/carnaval-de-veneza-mascaras-exuberantes-e-fatos-elaborados-marcam-a-edicao\/#article","isPartOf":{"@id":"https:\/\/portaltela.pt\/noticias\/2026\/02\/16\/carnaval-de-veneza-mascaras-exuberantes-e-fatos-elaborados-marcam-a-edicao\/"},"author":{"name":"Telinha","@id":"https:\/\/portaltela.pt\/#\/schema\/person\/c4278d4a6028830caff9ee44b42d32ed"},"headline":"Carnaval de Veneza: m\u00e1scaras exuberantes e fatos elaborados marcam a edi\u00e7\u00e3o","datePublished":"2026-02-16T18:48:23+00:00","mainEntityOfPage":{"@id":"https:\/\/portaltela.pt\/noticias\/2026\/02\/16\/carnaval-de-veneza-mascaras-exuberantes-e-fatos-elaborados-marcam-a-edicao\/"},"wordCount":182,"image":{"@id":"https:\/\/portaltela.pt\/noticias\/2026\/02\/16\/carnaval-de-veneza-mascaras-exuberantes-e-fatos-elaborados-marcam-a-edicao\/#primaryimage"},"thumbnailUrl":"https:\/\/portaltela.pt\/s.01k8rhncp4jt1\/2026\/02\/img_1280x722uu2026-02-16-18-45-11-2267222.jpg","keywords":["arte","cultura","festas","m\u00fasica","turismo","Veneza"],"articleSection":["Not\u00edcias"],"inLanguage":"pt-PT"},{"@type":"WebPage","@id":"https:\/\/portaltela.pt\/noticias\/2026\/02\/16\/carnaval-de-veneza-mascaras-exuberantes-e-fatos-elaborados-marcam-a-edicao\/","url":"https:\/\/portaltela.pt\/noticias\/2026\/02\/16\/carnaval-de-veneza-mascaras-exuberantes-e-fatos-elaborados-marcam-a-edicao\/","name":"Carnaval de Veneza: m\u00e1scaras exuberantes e fatos elaborados marcam a edi\u00e7\u00e3o - Portal Tela Portugal","isPartOf":{"@id":"https:\/\/portaltela.pt\/#website"},"primaryImageOfPage":{"@id":"https:\/\/portaltela.pt\/noticias\/2026\/02\/16\/carnaval-de-veneza-mascaras-exuberantes-e-fatos-elaborados-marcam-a-edicao\/#primaryimage"},"image":{"@id":"https:\/\/portaltela.pt\/noticias\/2026\/02\/16\/carnaval-de-veneza-mascaras-exuberantes-e-fatos-elaborados-marcam-a-edicao\/#primaryimage"},"thumbnailUrl":"https:\/\/portaltela.pt\/s.01k8rhncp4jt1\/2026\/02\/img_1280x722uu2026-02-16-18-45-11-2267222.jpg","datePublished":"2026-02-16T18:48:23+00:00","author":{"@id":"https:\/\/portaltela.pt\/#\/schema\/person\/c4278d4a6028830caff9ee44b42d32ed"},"breadcrumb":{"@id":"https:\/\/portaltela.pt\/noticias\/2026\/02\/16\/carnaval-de-veneza-mascaras-exuberantes-e-fatos-elaborados-marcam-a-edicao\/#breadcrumb"},"inLanguage":"pt-PT","potentialAction":[{"@type":"ReadAction","target":["https:\/\/portaltela.pt\/noticias\/2026\/02\/16\/carnaval-de-veneza-mascaras-exuberantes-e-fatos-elaborados-marcam-a-edicao\/"]}]},{"@type":"ImageObject","inLanguage":"pt-PT","@id":"https:\/\/portaltela.pt\/noticias\/2026\/02\/16\/carnaval-de-veneza-mascaras-exuberantes-e-fatos-elaborados-marcam-a-edicao\/#primaryimage","url":"https:\/\/portaltela.pt\/s.01k8rhncp4jt1\/2026\/02\/img_1280x722uu2026-02-16-18-45-11-2267222.jpg","contentUrl":"https:\/\/portaltela.pt\/s.01k8rhncp4jt1\/2026\/02\/img_1280x722uu2026-02-16-18-45-11-2267222.jpg","width":796,"height":448,"caption":"Imagem do Carnaval de Veneza com m\u00e1scaras e fatos elaborados"},{"@type":"BreadcrumbList","@id":"https:\/\/portaltela.pt\/noticias\/2026\/02\/16\/carnaval-de-veneza-mascaras-exuberantes-e-fatos-elaborados-marcam-a-edicao\/#breadcrumb","itemListElement":[{"@type":"ListItem","position":1,"name":"In\u00edcio","item":"https:\/\/portaltela.pt\/"},{"@type":"ListItem","position":2,"name":"Carnaval de Veneza: m\u00e1scaras exuberantes e fatos elaborados marcam a edi\u00e7\u00e3o"}]},{"@type":"WebSite","@id":"https:\/\/portaltela.pt\/#website","url":"https:\/\/portaltela.pt\/","name":"Portal Tela Portugal","description":"","potentialAction":[{"@type":"SearchAction","target":{"@type":"EntryPoint","urlTemplate":"https:\/\/portaltela.pt\/?s={search_term_string}"},"query-input":{"@type":"PropertyValueSpecification","valueRequired":true,"valueName":"search_term_string"}}],"inLanguage":"pt-PT"},{"@type":"Person","@id":"https:\/\/portaltela.pt\/#\/schema\/person\/c4278d4a6028830caff9ee44b42d32ed","name":"Telinha","image":{"@type":"ImageObject","inLanguage":"pt-PT","@id":"https:\/\/portaltela.pt\/s.01k8rhncp4jt1\/2025\/11\/talking-bot-125x125.png","url":"https:\/\/portaltela.pt\/s.01k8rhncp4jt1\/2025\/11\/talking-bot-125x125.png","contentUrl":"https:\/\/portaltela.pt\/s.01k8rhncp4jt1\/2025\/11\/talking-bot-125x125.png","caption":"Telinha"},"sameAs":["https:\/\/portaltela.pt\/"],"url":"https:\/\/portaltela.pt\/por\/367410592786\/"}]}},"_links":{"self":[{"href":"https:\/\/portaltela.pt\/api\/wp\/v2\/posts\/214984","targetHints":{"allow":["GET"]}}],"collection":[{"href":"https:\/\/portaltela.pt\/api\/wp\/v2\/posts"}],"about":[{"href":"https:\/\/portaltela.pt\/api\/wp\/v2\/types\/post"}],"author":[{"embeddable":true,"href":"https:\/\/portaltela.pt\/api\/wp\/v2\/users\/2"}],"replies":[{"embeddable":true,"href":"https:\/\/portaltela.pt\/api\/wp\/v2\/comments?post=214984"}],"version-history":[{"count":0,"href":"https:\/\/portaltela.pt\/api\/wp\/v2\/posts\/214984\/revisions"}],"wp:featuredmedia":[{"embeddable":true,"href":"https:\/\/portaltela.pt\/api\/wp\/v2\/media\/214989"}],"wp:attachment":[{"href":"https:\/\/portaltela.pt\/api\/wp\/v2\/media?parent=214984"}],"wp:term":[{"taxonomy":"category","embeddable":true,"href":"https:\/\/portaltela.pt\/api\/wp\/v2\/categories?post=214984"},{"taxonomy":"post_tag","embeddable":true,"href":"https:\/\/portaltela.pt\/api\/wp\/v2\/tags?post=214984"}],"curies":[{"name":"wp","href":"https:\/\/api.w.org\/{rel}","templated":true}]}}