{"id":214936,"date":"2026-02-16T15:36:26","date_gmt":"2026-02-16T18:36:26","guid":{"rendered":"https:\/\/portaltela.pt\/noticias\/2026\/02\/16\/autarca-de-almada-admite-que-muitos-nao-poderao-regressar-as-habitacoes\/"},"modified":"2026-02-16T15:36:26","modified_gmt":"2026-02-16T18:36:26","slug":"autarca-de-almada-admite-que-muitos-nao-poderao-regressar-as-habitacoes","status":"publish","type":"post","link":"https:\/\/portaltela.pt\/noticias\/2026\/02\/16\/autarca-de-almada-admite-que-muitos-nao-poderao-regressar-as-habitacoes\/","title":{"rendered":"Autarca de Almada admite que muitos n\u00e3o poder\u00e3o regressar \u00e0s habita\u00e7\u00f5es"},"content":{"rendered":"<p>A presidente da C\u00e2mara Municipal de Almada, In\u00eas de Medeiros, afirmou que muitos moradores afetados pelo deslizamento de terras n\u00e3o v\u00e3o conseguir regressar \u00e0s suas habita\u00e7\u00f5es. O munic\u00edpio j\u00e1 alojou de emerg\u00eancia 230 pessoas.<\/p>\n<p>Entre os desalojados, muitas fam\u00edlias ficaram acolhidas por familiares, mas othen ainda precisam de habita\u00e7\u00e3o est\u00e1vel. A autarca destacou que h\u00e1 casos em que o regresso \u00e0s casas n\u00e3o ser\u00e1 poss\u00edvel.<\/p>\n<p>A situa\u00e7\u00e3o mais cr\u00edtica concentra-se em Porto Brand\u00e3o e na Azinhaga dos Formozinhos, com v\u00e1rios deslizamentos tamb\u00e9m registados na Costa da Caparica. Cerca de 500 pessoas est\u00e3o deslocadas em Porto Brand\u00e3o.<\/p>\n<h3>Medidas e apoio externo<\/h3>\n<p>Esta segunda-feira, \u00e9 criada uma for\u00e7a-tarefa municipal para responder \u00e0s situa\u00e7\u00f5es atuais, planear a reabilita\u00e7\u00e3o e definir o futuro. Equipas da FCT\/Nova de Lisboa v\u00e3o monitorizar arribas e a costa ribeirinha nos pr\u00f3ximos dois anos.<\/p>\n<p>O munic\u00edpio pediu ainda apoio ao LNEC para avalia\u00e7\u00e3o t\u00e9cnica de movimenta\u00e7\u00f5es de massa. O pedido visa clarificar se houve provoca\u00e7\u00f5es de quedas ou se h\u00e1 necessidade de preven\u00e7\u00e3o cont\u00ednua, com partilha de dados confidenciais.<\/p>\n","protected":false},"excerpt":{"rendered":"<ul>\n<li>A presidente da C\u00e2mara de Almada, In\u00eas de Medeiros, afirmou que, ap\u00f3s os deslizamentos, muitas pessoas n\u00e3o v\u00e3o conseguir regressar \u00e0s habita\u00e7\u00f5es e que 230 foram alojadas de emerg\u00eancia pelo munic\u00edpio.<\/li>\n<li>Al\u00e9m disso, v\u00e1rias pessoas foram acolhidas por familiares, mas ser\u00e3o consideradas para a necessidade de habita\u00e7\u00e3o.<\/li>\n<li>As \u00e1reas mais cr\u00edticas s\u00e3o Porto Brand\u00e3o e Azinhaga dos Formozinhos; tamb\u00e9m houve deslizamentos na Costa da Caparica.<\/li>\n<li>Cerca de 500 pessoas da zona de Porto Brand\u00e3o est\u00e3o deslocadas; o munic\u00edpio vai criar uma task force para responder \u00e0s situa\u00e7\u00f5es atuais e planear a reabilita\u00e7\u00e3o.<\/li>\n<li>Foi pedido apoio do Laborat\u00f3rio Nacional de Engenharia Civil (LNEC) para avalia\u00e7\u00e3o e acompanhamento, com t\u00e9cnicos a monitorizar a zona de Porto Brand\u00e3o, Azinhaga dos Formozinhos e a linha ribeirinha.<\/li>\n<\/ul>\n","protected":false},"author":2,"featured_media":214938,"comment_status":"closed","ping_status":"closed","sticky":false,"template":"","format":"standard","meta":{"footnotes":""},"categories":[1],"tags":[5950,5442,3004,2843,4519,150],"class_list":["post-214936","post","type-post","status-publish","format-standard","has-post-thumbnail","hentry","category-noticias","tag-a-almada","tag-costa-da-caparica","tag-desalojados","tag-desalojamentos","tag-evacuacoes","tag-habitacao"],"yoast_head":"<!-- This site is optimized with the Yoast SEO plugin v27.2 - https:\/\/yoast.com\/product\/yoast-seo-wordpress\/ -->\n<title>Autarca de Almada admite que muitos n\u00e3o poder\u00e3o regressar \u00e0s habita\u00e7\u00f5es - Portal Tela Portugal<\/title>\n<meta name=\"robots\" content=\"index, follow, max-snippet:-1, max-image-preview:large, max-video-preview:-1\" \/>\n<meta property=\"og:locale\" content=\"pt_PT\" \/>\n<meta property=\"og:type\" content=\"article\" \/>\n<meta property=\"og:title\" content=\"Autarca de Almada admite que muitos n\u00e3o poder\u00e3o regressar \u00e0s habita\u00e7\u00f5es - Portal Tela Portugal\" \/>\n<meta property=\"og:description\" content=\"A presidente da C\u00e2mara de Almada, In\u00eas de Medeiros, afirmou que, ap\u00f3s os deslizamentos, muitas pessoas n\u00e3o v\u00e3o conseguir regressar \u00e0s habita\u00e7\u00f5es e que 230 foram alojadas de emerg\u00eancia pelo munic\u00edpio. Al\u00e9m disso, v\u00e1rias pessoas foram acolhidas por familiares, mas ser\u00e3o consideradas para a necessidade de habita\u00e7\u00e3o. As \u00e1reas mais cr\u00edticas s\u00e3o Porto Brand\u00e3o e Azinhaga dos Formozinhos; tamb\u00e9m houve deslizamentos na Costa da Caparica. Cerca de 500 pessoas da zona de Porto Brand\u00e3o est\u00e3o deslocadas; o munic\u00edpio vai criar uma task force para responder \u00e0s situa\u00e7\u00f5es atuais e planear a reabilita\u00e7\u00e3o. Foi pedido apoio do Laborat\u00f3rio Nacional de Engenharia Civil (LNEC) para avalia\u00e7\u00e3o e acompanhamento, com t\u00e9cnicos a monitorizar a zona de Porto Brand\u00e3o, Azinhaga dos Formozinhos e a linha ribeirinha.\" \/>\n<meta property=\"og:url\" content=\"https:\/\/portaltela.pt\/noticias\/2026\/02\/16\/autarca-de-almada-admite-que-muitos-nao-poderao-regressar-as-habitacoes\/\" \/>\n<meta property=\"og:site_name\" content=\"Portal Tela Portugal\" \/>\n<meta property=\"article:published_time\" content=\"2026-02-16T18:36:26+00:00\" \/>\n<meta name=\"author\" content=\"Telinha\" \/>\n<meta name=\"twitter:card\" content=\"summary_large_image\" \/>\n<meta name=\"twitter:label1\" content=\"Escrito por\" \/>\n\t<meta name=\"twitter:data1\" content=\"Telinha\" \/>\n\t<meta name=\"twitter:label2\" content=\"Tempo estimado de leitura\" \/>\n\t<meta name=\"twitter:data2\" content=\"1 minuto\" \/>\n<script type=\"application\/ld+json\" class=\"yoast-schema-graph\">{\"@context\":\"https:\/\/schema.org\",\"@graph\":[{\"@type\":\"Article\",\"@id\":\"https:\/\/portaltela.pt\/noticias\/2026\/02\/16\/autarca-de-almada-admite-que-muitos-nao-poderao-regressar-as-habitacoes\/#article\",\"isPartOf\":{\"@id\":\"https:\/\/portaltela.pt\/noticias\/2026\/02\/16\/autarca-de-almada-admite-que-muitos-nao-poderao-regressar-as-habitacoes\/\"},\"author\":{\"name\":\"Telinha\",\"@id\":\"https:\/\/portaltela.pt\/#\/schema\/person\/c4278d4a6028830caff9ee44b42d32ed\"},\"headline\":\"Autarca de Almada admite que muitos n\u00e3o poder\u00e3o regressar \u00e0s habita\u00e7\u00f5es\",\"datePublished\":\"2026-02-16T18:36:26+00:00\",\"mainEntityOfPage\":{\"@id\":\"https:\/\/portaltela.pt\/noticias\/2026\/02\/16\/autarca-de-almada-admite-que-muitos-nao-poderao-regressar-as-habitacoes\/\"},\"wordCount\":213,\"image\":{\"@id\":\"https:\/\/portaltela.pt\/noticias\/2026\/02\/16\/autarca-de-almada-admite-que-muitos-nao-poderao-regressar-as-habitacoes\/#primaryimage\"},\"thumbnailUrl\":\"https:\/\/portaltela.pt\/s.01k8rhncp4jt1\/2026\/02\/img_1280x721uu2026-02-03-22-48-41-2264599.jpg\",\"keywords\":[\"A Almada\",\"Costa da Caparica\",\"desalojados\",\"desalojamentos\",\"evacua\u00e7\u00f5es\",\"habita\u00e7\u00e3o\"],\"articleSection\":[\"Not\u00edcias\"],\"inLanguage\":\"pt-PT\"},{\"@type\":\"WebPage\",\"@id\":\"https:\/\/portaltela.pt\/noticias\/2026\/02\/16\/autarca-de-almada-admite-que-muitos-nao-poderao-regressar-as-habitacoes\/\",\"url\":\"https:\/\/portaltela.pt\/noticias\/2026\/02\/16\/autarca-de-almada-admite-que-muitos-nao-poderao-regressar-as-habitacoes\/\",\"name\":\"Autarca de Almada admite que muitos n\u00e3o poder\u00e3o regressar \u00e0s habita\u00e7\u00f5es - Portal Tela Portugal\",\"isPartOf\":{\"@id\":\"https:\/\/portaltela.pt\/#website\"},\"primaryImageOfPage\":{\"@id\":\"https:\/\/portaltela.pt\/noticias\/2026\/02\/16\/autarca-de-almada-admite-que-muitos-nao-poderao-regressar-as-habitacoes\/#primaryimage\"},\"image\":{\"@id\":\"https:\/\/portaltela.pt\/noticias\/2026\/02\/16\/autarca-de-almada-admite-que-muitos-nao-poderao-regressar-as-habitacoes\/#primaryimage\"},\"thumbnailUrl\":\"https:\/\/portaltela.pt\/s.01k8rhncp4jt1\/2026\/02\/img_1280x721uu2026-02-03-22-48-41-2264599.jpg\",\"datePublished\":\"2026-02-16T18:36:26+00:00\",\"author\":{\"@id\":\"https:\/\/portaltela.pt\/#\/schema\/person\/c4278d4a6028830caff9ee44b42d32ed\"},\"breadcrumb\":{\"@id\":\"https:\/\/portaltela.pt\/noticias\/2026\/02\/16\/autarca-de-almada-admite-que-muitos-nao-poderao-regressar-as-habitacoes\/#breadcrumb\"},\"inLanguage\":\"pt-PT\",\"potentialAction\":[{\"@type\":\"ReadAction\",\"target\":[\"https:\/\/portaltela.pt\/noticias\/2026\/02\/16\/autarca-de-almada-admite-que-muitos-nao-poderao-regressar-as-habitacoes\/\"]}]},{\"@type\":\"ImageObject\",\"inLanguage\":\"pt-PT\",\"@id\":\"https:\/\/portaltela.pt\/noticias\/2026\/02\/16\/autarca-de-almada-admite-que-muitos-nao-poderao-regressar-as-habitacoes\/#primaryimage\",\"url\":\"https:\/\/portaltela.pt\/s.01k8rhncp4jt1\/2026\/02\/img_1280x721uu2026-02-03-22-48-41-2264599.jpg\",\"contentUrl\":\"https:\/\/portaltela.pt\/s.01k8rhncp4jt1\/2026\/02\/img_1280x721uu2026-02-03-22-48-41-2264599.jpg\",\"width\":796,\"height\":448,\"caption\":\"Muro desaba em Almada\"},{\"@type\":\"BreadcrumbList\",\"@id\":\"https:\/\/portaltela.pt\/noticias\/2026\/02\/16\/autarca-de-almada-admite-que-muitos-nao-poderao-regressar-as-habitacoes\/#breadcrumb\",\"itemListElement\":[{\"@type\":\"ListItem\",\"position\":1,\"name\":\"In\u00edcio\",\"item\":\"https:\/\/portaltela.pt\/\"},{\"@type\":\"ListItem\",\"position\":2,\"name\":\"Autarca de Almada admite que muitos n\u00e3o poder\u00e3o regressar \u00e0s habita\u00e7\u00f5es\"}]},{\"@type\":\"WebSite\",\"@id\":\"https:\/\/portaltela.pt\/#website\",\"url\":\"https:\/\/portaltela.pt\/\",\"name\":\"Portal Tela Portugal\",\"description\":\"\",\"potentialAction\":[{\"@type\":\"SearchAction\",\"target\":{\"@type\":\"EntryPoint\",\"urlTemplate\":\"https:\/\/portaltela.pt\/?s={search_term_string}\"},\"query-input\":{\"@type\":\"PropertyValueSpecification\",\"valueRequired\":true,\"valueName\":\"search_term_string\"}}],\"inLanguage\":\"pt-PT\"},{\"@type\":\"Person\",\"@id\":\"https:\/\/portaltela.pt\/#\/schema\/person\/c4278d4a6028830caff9ee44b42d32ed\",\"name\":\"Telinha\",\"image\":{\"@type\":\"ImageObject\",\"inLanguage\":\"pt-PT\",\"@id\":\"https:\/\/portaltela.pt\/s.01k8rhncp4jt1\/2025\/11\/talking-bot-125x125.png\",\"url\":\"https:\/\/portaltela.pt\/s.01k8rhncp4jt1\/2025\/11\/talking-bot-125x125.png\",\"contentUrl\":\"https:\/\/portaltela.pt\/s.01k8rhncp4jt1\/2025\/11\/talking-bot-125x125.png\",\"caption\":\"Telinha\"},\"sameAs\":[\"https:\/\/portaltela.pt\/\"],\"url\":\"https:\/\/portaltela.pt\/por\/367410592786\/\"}]}<\/script>\n<!-- \/ Yoast SEO plugin. -->","yoast_head_json":{"title":"Autarca de Almada admite que muitos n\u00e3o poder\u00e3o regressar \u00e0s habita\u00e7\u00f5es - Portal Tela Portugal","robots":{"index":"index","follow":"follow","max-snippet":"max-snippet:-1","max-image-preview":"max-image-preview:large","max-video-preview":"max-video-preview:-1"},"og_locale":"pt_PT","og_type":"article","og_title":"Autarca de Almada admite que muitos n\u00e3o poder\u00e3o regressar \u00e0s habita\u00e7\u00f5es - Portal Tela Portugal","og_description":"A presidente da C\u00e2mara de Almada, In\u00eas de Medeiros, afirmou que, ap\u00f3s os deslizamentos, muitas pessoas n\u00e3o v\u00e3o conseguir regressar \u00e0s habita\u00e7\u00f5es e que 230 foram alojadas de emerg\u00eancia pelo munic\u00edpio. Al\u00e9m disso, v\u00e1rias pessoas foram acolhidas por familiares, mas ser\u00e3o consideradas para a necessidade de habita\u00e7\u00e3o. As \u00e1reas mais cr\u00edticas s\u00e3o Porto Brand\u00e3o e Azinhaga dos Formozinhos; tamb\u00e9m houve deslizamentos na Costa da Caparica. Cerca de 500 pessoas da zona de Porto Brand\u00e3o est\u00e3o deslocadas; o munic\u00edpio vai criar uma task force para responder \u00e0s situa\u00e7\u00f5es atuais e planear a reabilita\u00e7\u00e3o. Foi pedido apoio do Laborat\u00f3rio Nacional de Engenharia Civil (LNEC) para avalia\u00e7\u00e3o e acompanhamento, com t\u00e9cnicos a monitorizar a zona de Porto Brand\u00e3o, Azinhaga dos Formozinhos e a linha ribeirinha.","og_url":"https:\/\/portaltela.pt\/noticias\/2026\/02\/16\/autarca-de-almada-admite-que-muitos-nao-poderao-regressar-as-habitacoes\/","og_site_name":"Portal Tela Portugal","article_published_time":"2026-02-16T18:36:26+00:00","author":"Telinha","twitter_card":"summary_large_image","twitter_misc":{"Escrito por":"Telinha","Tempo estimado de leitura":"1 minuto"},"schema":{"@context":"https:\/\/schema.org","@graph":[{"@type":"Article","@id":"https:\/\/portaltela.pt\/noticias\/2026\/02\/16\/autarca-de-almada-admite-que-muitos-nao-poderao-regressar-as-habitacoes\/#article","isPartOf":{"@id":"https:\/\/portaltela.pt\/noticias\/2026\/02\/16\/autarca-de-almada-admite-que-muitos-nao-poderao-regressar-as-habitacoes\/"},"author":{"name":"Telinha","@id":"https:\/\/portaltela.pt\/#\/schema\/person\/c4278d4a6028830caff9ee44b42d32ed"},"headline":"Autarca de Almada admite que muitos n\u00e3o poder\u00e3o regressar \u00e0s habita\u00e7\u00f5es","datePublished":"2026-02-16T18:36:26+00:00","mainEntityOfPage":{"@id":"https:\/\/portaltela.pt\/noticias\/2026\/02\/16\/autarca-de-almada-admite-que-muitos-nao-poderao-regressar-as-habitacoes\/"},"wordCount":213,"image":{"@id":"https:\/\/portaltela.pt\/noticias\/2026\/02\/16\/autarca-de-almada-admite-que-muitos-nao-poderao-regressar-as-habitacoes\/#primaryimage"},"thumbnailUrl":"https:\/\/portaltela.pt\/s.01k8rhncp4jt1\/2026\/02\/img_1280x721uu2026-02-03-22-48-41-2264599.jpg","keywords":["A Almada","Costa da Caparica","desalojados","desalojamentos","evacua\u00e7\u00f5es","habita\u00e7\u00e3o"],"articleSection":["Not\u00edcias"],"inLanguage":"pt-PT"},{"@type":"WebPage","@id":"https:\/\/portaltela.pt\/noticias\/2026\/02\/16\/autarca-de-almada-admite-que-muitos-nao-poderao-regressar-as-habitacoes\/","url":"https:\/\/portaltela.pt\/noticias\/2026\/02\/16\/autarca-de-almada-admite-que-muitos-nao-poderao-regressar-as-habitacoes\/","name":"Autarca de Almada admite que muitos n\u00e3o poder\u00e3o regressar \u00e0s habita\u00e7\u00f5es - Portal Tela Portugal","isPartOf":{"@id":"https:\/\/portaltela.pt\/#website"},"primaryImageOfPage":{"@id":"https:\/\/portaltela.pt\/noticias\/2026\/02\/16\/autarca-de-almada-admite-que-muitos-nao-poderao-regressar-as-habitacoes\/#primaryimage"},"image":{"@id":"https:\/\/portaltela.pt\/noticias\/2026\/02\/16\/autarca-de-almada-admite-que-muitos-nao-poderao-regressar-as-habitacoes\/#primaryimage"},"thumbnailUrl":"https:\/\/portaltela.pt\/s.01k8rhncp4jt1\/2026\/02\/img_1280x721uu2026-02-03-22-48-41-2264599.jpg","datePublished":"2026-02-16T18:36:26+00:00","author":{"@id":"https:\/\/portaltela.pt\/#\/schema\/person\/c4278d4a6028830caff9ee44b42d32ed"},"breadcrumb":{"@id":"https:\/\/portaltela.pt\/noticias\/2026\/02\/16\/autarca-de-almada-admite-que-muitos-nao-poderao-regressar-as-habitacoes\/#breadcrumb"},"inLanguage":"pt-PT","potentialAction":[{"@type":"ReadAction","target":["https:\/\/portaltela.pt\/noticias\/2026\/02\/16\/autarca-de-almada-admite-que-muitos-nao-poderao-regressar-as-habitacoes\/"]}]},{"@type":"ImageObject","inLanguage":"pt-PT","@id":"https:\/\/portaltela.pt\/noticias\/2026\/02\/16\/autarca-de-almada-admite-que-muitos-nao-poderao-regressar-as-habitacoes\/#primaryimage","url":"https:\/\/portaltela.pt\/s.01k8rhncp4jt1\/2026\/02\/img_1280x721uu2026-02-03-22-48-41-2264599.jpg","contentUrl":"https:\/\/portaltela.pt\/s.01k8rhncp4jt1\/2026\/02\/img_1280x721uu2026-02-03-22-48-41-2264599.jpg","width":796,"height":448,"caption":"Muro desaba em Almada"},{"@type":"BreadcrumbList","@id":"https:\/\/portaltela.pt\/noticias\/2026\/02\/16\/autarca-de-almada-admite-que-muitos-nao-poderao-regressar-as-habitacoes\/#breadcrumb","itemListElement":[{"@type":"ListItem","position":1,"name":"In\u00edcio","item":"https:\/\/portaltela.pt\/"},{"@type":"ListItem","position":2,"name":"Autarca de Almada admite que muitos n\u00e3o poder\u00e3o regressar \u00e0s habita\u00e7\u00f5es"}]},{"@type":"WebSite","@id":"https:\/\/portaltela.pt\/#website","url":"https:\/\/portaltela.pt\/","name":"Portal Tela Portugal","description":"","potentialAction":[{"@type":"SearchAction","target":{"@type":"EntryPoint","urlTemplate":"https:\/\/portaltela.pt\/?s={search_term_string}"},"query-input":{"@type":"PropertyValueSpecification","valueRequired":true,"valueName":"search_term_string"}}],"inLanguage":"pt-PT"},{"@type":"Person","@id":"https:\/\/portaltela.pt\/#\/schema\/person\/c4278d4a6028830caff9ee44b42d32ed","name":"Telinha","image":{"@type":"ImageObject","inLanguage":"pt-PT","@id":"https:\/\/portaltela.pt\/s.01k8rhncp4jt1\/2025\/11\/talking-bot-125x125.png","url":"https:\/\/portaltela.pt\/s.01k8rhncp4jt1\/2025\/11\/talking-bot-125x125.png","contentUrl":"https:\/\/portaltela.pt\/s.01k8rhncp4jt1\/2025\/11\/talking-bot-125x125.png","caption":"Telinha"},"sameAs":["https:\/\/portaltela.pt\/"],"url":"https:\/\/portaltela.pt\/por\/367410592786\/"}]}},"_links":{"self":[{"href":"https:\/\/portaltela.pt\/api\/wp\/v2\/posts\/214936","targetHints":{"allow":["GET"]}}],"collection":[{"href":"https:\/\/portaltela.pt\/api\/wp\/v2\/posts"}],"about":[{"href":"https:\/\/portaltela.pt\/api\/wp\/v2\/types\/post"}],"author":[{"embeddable":true,"href":"https:\/\/portaltela.pt\/api\/wp\/v2\/users\/2"}],"replies":[{"embeddable":true,"href":"https:\/\/portaltela.pt\/api\/wp\/v2\/comments?post=214936"}],"version-history":[{"count":0,"href":"https:\/\/portaltela.pt\/api\/wp\/v2\/posts\/214936\/revisions"}],"wp:featuredmedia":[{"embeddable":true,"href":"https:\/\/portaltela.pt\/api\/wp\/v2\/media\/214938"}],"wp:attachment":[{"href":"https:\/\/portaltela.pt\/api\/wp\/v2\/media?parent=214936"}],"wp:term":[{"taxonomy":"category","embeddable":true,"href":"https:\/\/portaltela.pt\/api\/wp\/v2\/categories?post=214936"},{"taxonomy":"post_tag","embeddable":true,"href":"https:\/\/portaltela.pt\/api\/wp\/v2\/tags?post=214936"}],"curies":[{"name":"wp","href":"https:\/\/api.w.org\/{rel}","templated":true}]}}