{"id":214924,"date":"2026-02-16T15:17:00","date_gmt":"2026-02-16T18:17:00","guid":{"rendered":"https:\/\/portaltela.pt\/noticias\/2026\/02\/16\/diogo-carmona-representa-portugal-nos-jogos-paralimpicos-de-inverno-pela-1a-vez\/"},"modified":"2026-02-16T15:17:00","modified_gmt":"2026-02-16T18:17:00","slug":"diogo-carmona-representa-portugal-nos-jogos-paralimpicos-de-inverno-pela-1a-vez","status":"publish","type":"post","link":"https:\/\/portaltela.pt\/desporto\/2026\/02\/16\/diogo-carmona-representa-portugal-nos-jogos-paralimpicos-de-inverno-pela-1a-vez\/","title":{"rendered":"Diogo Carmona representa Portugal nos Jogos Paral\u00edmpicos de Inverno pela 1\u00aa vez"},"content":{"rendered":"<p>Diogo Carmona recebeu na segunda-feira a confirma\u00e7\u00e3o oficial de que ir\u00e1 representar Portugal nos Jogos Paral\u00edmpicos de Inverno Milano Cortina 2026, na disciplina de snowboard. O feito marca a primeira participa\u00e7\u00e3o de um atleta portugu\u00eas numa edi\u00e7\u00e3o dos Jogos Paral\u00edmpicos de Inverno.<\/p>\n<p>A comitiva nacional ser\u00e1 chefiada por Pedro Fl\u00e1vio, presidente da Federa\u00e7\u00e3o Portuguesa de Desportos de Inverno. Carmona torna-se no primeiro portugu\u00eas a assegurar presen\u00e7a na competi\u00e7\u00e3o de Inverno, um marco para o desporto paral\u00edmpico nacional.<\/p>\n<p>Os Jogos decorrem em It\u00e1lia, entre 6 e 15 de mar\u00e7o de 2026, nas cidades de Mil\u00e3o e Cortina d\u2019Ampezzo. A participa\u00e7\u00e3o de Carmona tamb\u00e9m destaca o impulso do snowboard paral\u00edmpico em Portugal.<\/p>\n<h3>Miss\u00e3o portuguesa e datas<\/h3>\n<p>A comitiva ficar-se-\u00e1 pelo conjunto de provas previstas nas modalidades de Inverno. O foco \u00e9 representar Portugal com desempenho competitivo, refor\u00e7ando o perfil do pa\u00eds neste escal\u00e3o desportivo internacional.<\/p>\n","protected":false},"excerpt":{"rendered":"<ul>\n<li>Diogo Carmona foi confirmado oficialmente como representante de Portugal nos Jogos Paral\u00edmpicos de Inverno Milano Cortina 2026, na disciplina de snowboard.<\/li>\n<li>O atleta torna-se o primeiro portugu\u00eas a obter presen\u00e7a numa edi\u00e7\u00e3o dos Jogos Paral\u00edmpicos de Inverno.<\/li>\n<li>A Miss\u00e3o portuguesa ser\u00e1 chefiada por Pedro Fl\u00e1vio, presidente da Federa\u00e7\u00e3o Portuguesa de Desportos de Inverno.<\/li>\n<li>Os Jogos decorrem em It\u00e1lia entre seis e quinze de mar\u00e7o, nas cidades de Mil\u00e3o e Cortina d\u2019Ampezzo.<\/li>\n<\/ul>\n","protected":false},"author":2,"featured_media":214926,"comment_status":"closed","ping_status":"closed","sticky":false,"template":"","format":"standard","meta":{"footnotes":""},"categories":[21],"tags":[2463,152,4458,2681,1857,1014],"class_list":["post-214924","post","type-post","status-publish","format-standard","has-post-thumbnail","hentry","category-desporto","tag-competicao-internacional","tag-desporto","tag-desporto-federado-adaptado","tag-desporto-internacional","tag-italia","tag-portugal"],"yoast_head":"<!-- This site is optimized with the Yoast SEO plugin v27.2 - https:\/\/yoast.com\/product\/yoast-seo-wordpress\/ -->\n<title>Diogo Carmona representa Portugal nos Jogos Paral\u00edmpicos de Inverno pela 1\u00aa vez - Portal Tela Portugal<\/title>\n<meta name=\"robots\" content=\"index, follow, max-snippet:-1, max-image-preview:large, max-video-preview:-1\" \/>\n<meta property=\"og:locale\" content=\"pt_PT\" \/>\n<meta property=\"og:type\" content=\"article\" \/>\n<meta property=\"og:title\" content=\"Diogo Carmona representa Portugal nos Jogos Paral\u00edmpicos de Inverno pela 1\u00aa vez - Portal Tela Portugal\" \/>\n<meta property=\"og:description\" content=\"Diogo Carmona foi confirmado oficialmente como representante de Portugal nos Jogos Paral\u00edmpicos de Inverno Milano Cortina 2026, na disciplina de snowboard. O atleta torna-se o primeiro portugu\u00eas a obter presen\u00e7a numa edi\u00e7\u00e3o dos Jogos Paral\u00edmpicos de Inverno. A Miss\u00e3o portuguesa ser\u00e1 chefiada por Pedro Fl\u00e1vio, presidente da Federa\u00e7\u00e3o Portuguesa de Desportos de Inverno. Os Jogos decorrem em It\u00e1lia entre seis e quinze de mar\u00e7o, nas cidades de Mil\u00e3o e Cortina d\u2019Ampezzo.\" \/>\n<meta property=\"og:url\" content=\"https:\/\/portaltela.pt\/noticias\/2026\/02\/16\/diogo-carmona-representa-portugal-nos-jogos-paralimpicos-de-inverno-pela-1a-vez\/\" \/>\n<meta property=\"og:site_name\" content=\"Portal Tela Portugal\" \/>\n<meta property=\"article:published_time\" content=\"2026-02-16T18:17:00+00:00\" \/>\n<meta name=\"author\" content=\"Telinha\" \/>\n<meta name=\"twitter:card\" content=\"summary_large_image\" \/>\n<meta name=\"twitter:label1\" content=\"Escrito por\" \/>\n\t<meta name=\"twitter:data1\" content=\"Telinha\" \/>\n\t<meta name=\"twitter:label2\" content=\"Tempo estimado de leitura\" \/>\n\t<meta name=\"twitter:data2\" content=\"1 minuto\" \/>\n<script type=\"application\/ld+json\" class=\"yoast-schema-graph\">{\"@context\":\"https:\/\/schema.org\",\"@graph\":[{\"@type\":\"Article\",\"@id\":\"https:\/\/portaltela.pt\/noticias\/2026\/02\/16\/diogo-carmona-representa-portugal-nos-jogos-paralimpicos-de-inverno-pela-1a-vez\/#article\",\"isPartOf\":{\"@id\":\"https:\/\/portaltela.pt\/noticias\/2026\/02\/16\/diogo-carmona-representa-portugal-nos-jogos-paralimpicos-de-inverno-pela-1a-vez\/\"},\"author\":{\"name\":\"Telinha\",\"@id\":\"https:\/\/portaltela.pt\/#\/schema\/person\/c4278d4a6028830caff9ee44b42d32ed\"},\"headline\":\"Diogo Carmona representa Portugal nos Jogos Paral\u00edmpicos de Inverno pela 1\u00aa vez\",\"datePublished\":\"2026-02-16T18:17:00+00:00\",\"mainEntityOfPage\":{\"@id\":\"https:\/\/portaltela.pt\/noticias\/2026\/02\/16\/diogo-carmona-representa-portugal-nos-jogos-paralimpicos-de-inverno-pela-1a-vez\/\"},\"wordCount\":173,\"image\":{\"@id\":\"https:\/\/portaltela.pt\/noticias\/2026\/02\/16\/diogo-carmona-representa-portugal-nos-jogos-paralimpicos-de-inverno-pela-1a-vez\/#primaryimage\"},\"thumbnailUrl\":\"https:\/\/portaltela.pt\/s.01k8rhncp4jt1\/2026\/02\/img_920x518uu2026-02-16-18-14-24-2422013.jpg\",\"keywords\":[\"competi\u00e7\u00e3o internacional\",\"desporto\",\"Desporto Federado Adaptado\",\"desporto internacional\",\"It\u00e1lia\",\"Portugal\"],\"articleSection\":[\"Desporto\"],\"inLanguage\":\"pt-PT\"},{\"@type\":\"WebPage\",\"@id\":\"https:\/\/portaltela.pt\/noticias\/2026\/02\/16\/diogo-carmona-representa-portugal-nos-jogos-paralimpicos-de-inverno-pela-1a-vez\/\",\"url\":\"https:\/\/portaltela.pt\/noticias\/2026\/02\/16\/diogo-carmona-representa-portugal-nos-jogos-paralimpicos-de-inverno-pela-1a-vez\/\",\"name\":\"Diogo Carmona representa Portugal nos Jogos Paral\u00edmpicos de Inverno pela 1\u00aa vez - Portal Tela Portugal\",\"isPartOf\":{\"@id\":\"https:\/\/portaltela.pt\/#website\"},\"primaryImageOfPage\":{\"@id\":\"https:\/\/portaltela.pt\/noticias\/2026\/02\/16\/diogo-carmona-representa-portugal-nos-jogos-paralimpicos-de-inverno-pela-1a-vez\/#primaryimage\"},\"image\":{\"@id\":\"https:\/\/portaltela.pt\/noticias\/2026\/02\/16\/diogo-carmona-representa-portugal-nos-jogos-paralimpicos-de-inverno-pela-1a-vez\/#primaryimage\"},\"thumbnailUrl\":\"https:\/\/portaltela.pt\/s.01k8rhncp4jt1\/2026\/02\/img_920x518uu2026-02-16-18-14-24-2422013.jpg\",\"datePublished\":\"2026-02-16T18:17:00+00:00\",\"author\":{\"@id\":\"https:\/\/portaltela.pt\/#\/schema\/person\/c4278d4a6028830caff9ee44b42d32ed\"},\"breadcrumb\":{\"@id\":\"https:\/\/portaltela.pt\/noticias\/2026\/02\/16\/diogo-carmona-representa-portugal-nos-jogos-paralimpicos-de-inverno-pela-1a-vez\/#breadcrumb\"},\"inLanguage\":\"pt-PT\",\"potentialAction\":[{\"@type\":\"ReadAction\",\"target\":[\"https:\/\/portaltela.pt\/noticias\/2026\/02\/16\/diogo-carmona-representa-portugal-nos-jogos-paralimpicos-de-inverno-pela-1a-vez\/\"]}]},{\"@type\":\"ImageObject\",\"inLanguage\":\"pt-PT\",\"@id\":\"https:\/\/portaltela.pt\/noticias\/2026\/02\/16\/diogo-carmona-representa-portugal-nos-jogos-paralimpicos-de-inverno-pela-1a-vez\/#primaryimage\",\"url\":\"https:\/\/portaltela.pt\/s.01k8rhncp4jt1\/2026\/02\/img_920x518uu2026-02-16-18-14-24-2422013.jpg\",\"contentUrl\":\"https:\/\/portaltela.pt\/s.01k8rhncp4jt1\/2026\/02\/img_920x518uu2026-02-16-18-14-24-2422013.jpg\",\"width\":796,\"height\":448,\"caption\":\"Diogo Carmona representar\u00e1 Portugal nos Jogos Paral\u00edmpicos de Inverno\"},{\"@type\":\"BreadcrumbList\",\"@id\":\"https:\/\/portaltela.pt\/noticias\/2026\/02\/16\/diogo-carmona-representa-portugal-nos-jogos-paralimpicos-de-inverno-pela-1a-vez\/#breadcrumb\",\"itemListElement\":[{\"@type\":\"ListItem\",\"position\":1,\"name\":\"In\u00edcio\",\"item\":\"https:\/\/portaltela.pt\/\"},{\"@type\":\"ListItem\",\"position\":2,\"name\":\"Diogo Carmona representa Portugal nos Jogos Paral\u00edmpicos de Inverno pela 1\u00aa vez\"}]},{\"@type\":\"WebSite\",\"@id\":\"https:\/\/portaltela.pt\/#website\",\"url\":\"https:\/\/portaltela.pt\/\",\"name\":\"Portal Tela Portugal\",\"description\":\"\",\"potentialAction\":[{\"@type\":\"SearchAction\",\"target\":{\"@type\":\"EntryPoint\",\"urlTemplate\":\"https:\/\/portaltela.pt\/?s={search_term_string}\"},\"query-input\":{\"@type\":\"PropertyValueSpecification\",\"valueRequired\":true,\"valueName\":\"search_term_string\"}}],\"inLanguage\":\"pt-PT\"},{\"@type\":\"Person\",\"@id\":\"https:\/\/portaltela.pt\/#\/schema\/person\/c4278d4a6028830caff9ee44b42d32ed\",\"name\":\"Telinha\",\"image\":{\"@type\":\"ImageObject\",\"inLanguage\":\"pt-PT\",\"@id\":\"https:\/\/portaltela.pt\/s.01k8rhncp4jt1\/2025\/11\/talking-bot-125x125.png\",\"url\":\"https:\/\/portaltela.pt\/s.01k8rhncp4jt1\/2025\/11\/talking-bot-125x125.png\",\"contentUrl\":\"https:\/\/portaltela.pt\/s.01k8rhncp4jt1\/2025\/11\/talking-bot-125x125.png\",\"caption\":\"Telinha\"},\"sameAs\":[\"https:\/\/portaltela.pt\/\"],\"url\":\"https:\/\/portaltela.pt\/por\/367410592786\/\"}]}<\/script>\n<!-- \/ Yoast SEO plugin. -->","yoast_head_json":{"title":"Diogo Carmona representa Portugal nos Jogos Paral\u00edmpicos de Inverno pela 1\u00aa vez - Portal Tela Portugal","robots":{"index":"index","follow":"follow","max-snippet":"max-snippet:-1","max-image-preview":"max-image-preview:large","max-video-preview":"max-video-preview:-1"},"og_locale":"pt_PT","og_type":"article","og_title":"Diogo Carmona representa Portugal nos Jogos Paral\u00edmpicos de Inverno pela 1\u00aa vez - Portal Tela Portugal","og_description":"Diogo Carmona foi confirmado oficialmente como representante de Portugal nos Jogos Paral\u00edmpicos de Inverno Milano Cortina 2026, na disciplina de snowboard. O atleta torna-se o primeiro portugu\u00eas a obter presen\u00e7a numa edi\u00e7\u00e3o dos Jogos Paral\u00edmpicos de Inverno. A Miss\u00e3o portuguesa ser\u00e1 chefiada por Pedro Fl\u00e1vio, presidente da Federa\u00e7\u00e3o Portuguesa de Desportos de Inverno. Os Jogos decorrem em It\u00e1lia entre seis e quinze de mar\u00e7o, nas cidades de Mil\u00e3o e Cortina d\u2019Ampezzo.","og_url":"https:\/\/portaltela.pt\/noticias\/2026\/02\/16\/diogo-carmona-representa-portugal-nos-jogos-paralimpicos-de-inverno-pela-1a-vez\/","og_site_name":"Portal Tela Portugal","article_published_time":"2026-02-16T18:17:00+00:00","author":"Telinha","twitter_card":"summary_large_image","twitter_misc":{"Escrito por":"Telinha","Tempo estimado de leitura":"1 minuto"},"schema":{"@context":"https:\/\/schema.org","@graph":[{"@type":"Article","@id":"https:\/\/portaltela.pt\/noticias\/2026\/02\/16\/diogo-carmona-representa-portugal-nos-jogos-paralimpicos-de-inverno-pela-1a-vez\/#article","isPartOf":{"@id":"https:\/\/portaltela.pt\/noticias\/2026\/02\/16\/diogo-carmona-representa-portugal-nos-jogos-paralimpicos-de-inverno-pela-1a-vez\/"},"author":{"name":"Telinha","@id":"https:\/\/portaltela.pt\/#\/schema\/person\/c4278d4a6028830caff9ee44b42d32ed"},"headline":"Diogo Carmona representa Portugal nos Jogos Paral\u00edmpicos de Inverno pela 1\u00aa vez","datePublished":"2026-02-16T18:17:00+00:00","mainEntityOfPage":{"@id":"https:\/\/portaltela.pt\/noticias\/2026\/02\/16\/diogo-carmona-representa-portugal-nos-jogos-paralimpicos-de-inverno-pela-1a-vez\/"},"wordCount":173,"image":{"@id":"https:\/\/portaltela.pt\/noticias\/2026\/02\/16\/diogo-carmona-representa-portugal-nos-jogos-paralimpicos-de-inverno-pela-1a-vez\/#primaryimage"},"thumbnailUrl":"https:\/\/portaltela.pt\/s.01k8rhncp4jt1\/2026\/02\/img_920x518uu2026-02-16-18-14-24-2422013.jpg","keywords":["competi\u00e7\u00e3o internacional","desporto","Desporto Federado Adaptado","desporto internacional","It\u00e1lia","Portugal"],"articleSection":["Desporto"],"inLanguage":"pt-PT"},{"@type":"WebPage","@id":"https:\/\/portaltela.pt\/noticias\/2026\/02\/16\/diogo-carmona-representa-portugal-nos-jogos-paralimpicos-de-inverno-pela-1a-vez\/","url":"https:\/\/portaltela.pt\/noticias\/2026\/02\/16\/diogo-carmona-representa-portugal-nos-jogos-paralimpicos-de-inverno-pela-1a-vez\/","name":"Diogo Carmona representa Portugal nos Jogos Paral\u00edmpicos de Inverno pela 1\u00aa vez - Portal Tela Portugal","isPartOf":{"@id":"https:\/\/portaltela.pt\/#website"},"primaryImageOfPage":{"@id":"https:\/\/portaltela.pt\/noticias\/2026\/02\/16\/diogo-carmona-representa-portugal-nos-jogos-paralimpicos-de-inverno-pela-1a-vez\/#primaryimage"},"image":{"@id":"https:\/\/portaltela.pt\/noticias\/2026\/02\/16\/diogo-carmona-representa-portugal-nos-jogos-paralimpicos-de-inverno-pela-1a-vez\/#primaryimage"},"thumbnailUrl":"https:\/\/portaltela.pt\/s.01k8rhncp4jt1\/2026\/02\/img_920x518uu2026-02-16-18-14-24-2422013.jpg","datePublished":"2026-02-16T18:17:00+00:00","author":{"@id":"https:\/\/portaltela.pt\/#\/schema\/person\/c4278d4a6028830caff9ee44b42d32ed"},"breadcrumb":{"@id":"https:\/\/portaltela.pt\/noticias\/2026\/02\/16\/diogo-carmona-representa-portugal-nos-jogos-paralimpicos-de-inverno-pela-1a-vez\/#breadcrumb"},"inLanguage":"pt-PT","potentialAction":[{"@type":"ReadAction","target":["https:\/\/portaltela.pt\/noticias\/2026\/02\/16\/diogo-carmona-representa-portugal-nos-jogos-paralimpicos-de-inverno-pela-1a-vez\/"]}]},{"@type":"ImageObject","inLanguage":"pt-PT","@id":"https:\/\/portaltela.pt\/noticias\/2026\/02\/16\/diogo-carmona-representa-portugal-nos-jogos-paralimpicos-de-inverno-pela-1a-vez\/#primaryimage","url":"https:\/\/portaltela.pt\/s.01k8rhncp4jt1\/2026\/02\/img_920x518uu2026-02-16-18-14-24-2422013.jpg","contentUrl":"https:\/\/portaltela.pt\/s.01k8rhncp4jt1\/2026\/02\/img_920x518uu2026-02-16-18-14-24-2422013.jpg","width":796,"height":448,"caption":"Diogo Carmona representar\u00e1 Portugal nos Jogos Paral\u00edmpicos de Inverno"},{"@type":"BreadcrumbList","@id":"https:\/\/portaltela.pt\/noticias\/2026\/02\/16\/diogo-carmona-representa-portugal-nos-jogos-paralimpicos-de-inverno-pela-1a-vez\/#breadcrumb","itemListElement":[{"@type":"ListItem","position":1,"name":"In\u00edcio","item":"https:\/\/portaltela.pt\/"},{"@type":"ListItem","position":2,"name":"Diogo Carmona representa Portugal nos Jogos Paral\u00edmpicos de Inverno pela 1\u00aa vez"}]},{"@type":"WebSite","@id":"https:\/\/portaltela.pt\/#website","url":"https:\/\/portaltela.pt\/","name":"Portal Tela Portugal","description":"","potentialAction":[{"@type":"SearchAction","target":{"@type":"EntryPoint","urlTemplate":"https:\/\/portaltela.pt\/?s={search_term_string}"},"query-input":{"@type":"PropertyValueSpecification","valueRequired":true,"valueName":"search_term_string"}}],"inLanguage":"pt-PT"},{"@type":"Person","@id":"https:\/\/portaltela.pt\/#\/schema\/person\/c4278d4a6028830caff9ee44b42d32ed","name":"Telinha","image":{"@type":"ImageObject","inLanguage":"pt-PT","@id":"https:\/\/portaltela.pt\/s.01k8rhncp4jt1\/2025\/11\/talking-bot-125x125.png","url":"https:\/\/portaltela.pt\/s.01k8rhncp4jt1\/2025\/11\/talking-bot-125x125.png","contentUrl":"https:\/\/portaltela.pt\/s.01k8rhncp4jt1\/2025\/11\/talking-bot-125x125.png","caption":"Telinha"},"sameAs":["https:\/\/portaltela.pt\/"],"url":"https:\/\/portaltela.pt\/por\/367410592786\/"}]}},"_links":{"self":[{"href":"https:\/\/portaltela.pt\/api\/wp\/v2\/posts\/214924","targetHints":{"allow":["GET"]}}],"collection":[{"href":"https:\/\/portaltela.pt\/api\/wp\/v2\/posts"}],"about":[{"href":"https:\/\/portaltela.pt\/api\/wp\/v2\/types\/post"}],"author":[{"embeddable":true,"href":"https:\/\/portaltela.pt\/api\/wp\/v2\/users\/2"}],"replies":[{"embeddable":true,"href":"https:\/\/portaltela.pt\/api\/wp\/v2\/comments?post=214924"}],"version-history":[{"count":0,"href":"https:\/\/portaltela.pt\/api\/wp\/v2\/posts\/214924\/revisions"}],"wp:featuredmedia":[{"embeddable":true,"href":"https:\/\/portaltela.pt\/api\/wp\/v2\/media\/214926"}],"wp:attachment":[{"href":"https:\/\/portaltela.pt\/api\/wp\/v2\/media?parent=214924"}],"wp:term":[{"taxonomy":"category","embeddable":true,"href":"https:\/\/portaltela.pt\/api\/wp\/v2\/categories?post=214924"},{"taxonomy":"post_tag","embeddable":true,"href":"https:\/\/portaltela.pt\/api\/wp\/v2\/tags?post=214924"}],"curies":[{"name":"wp","href":"https:\/\/api.w.org\/{rel}","templated":true}]}}