{"id":214921,"date":"2026-02-16T15:24:00","date_gmt":"2026-02-16T18:24:00","guid":{"rendered":"https:\/\/portaltela.pt\/noticias\/2026\/02\/16\/cerco-tera-nova-unidade-de-saude-no-proximo-ano\/"},"modified":"2026-02-16T15:24:00","modified_gmt":"2026-02-16T18:24:00","slug":"cerco-tera-nova-unidade-de-saude-no-proximo-ano","status":"publish","type":"post","link":"https:\/\/portaltela.pt\/noticias\/2026\/02\/16\/cerco-tera-nova-unidade-de-saude-no-proximo-ano\/","title":{"rendered":"Cerco ter\u00e1 nova unidade de sa\u00fade no pr\u00f3ximo ano"},"content":{"rendered":"<p>O terceiro pavilh\u00e3o da antiga Escola do Cerco, no Porto, vai ser reabilitado para acolher uma nova unidade de sa\u00fade local. A empreitada arranca na pr\u00f3xima quarta-feira e tem valor de adjudica\u00e7\u00e3o superior a 1,2 milh\u00f5es de euros, com conclus\u00e3o prevista em 12 meses.<\/p>\n<p>A C\u00e2mara do Porto confirmou que a nova val\u00eancia albergar\u00e1 a Unidade de Recursos Assistenciais Partilhados (URAP) e o Centro de Diagn\u00f3stico Integrado (CDI). Isto permitir\u00e1 acesso a exames de radiologia, sa\u00fade oral, podologia e espirometria num \u00fanico local.<\/p>\n<h3>Estrutura e acessibilidade<\/h3>\n<p>O projeto cria uma \u00e1rea de implanta\u00e7\u00e3o de 660 m\u00b2, mantendo a estrutura de bet\u00e3o e redesenhando o interior em torno de um p\u00e1tio central, para entrada de luz natural e circula\u00e7\u00e3o entre gabinetes. A unidade ser\u00e1 inclusiva, com elimina\u00e7\u00e3o de barreiras existentes e estacionamento adaptado, al\u00e9m de postos de carregamento para carros el\u00e9tricos perto das rampas.<\/p>\n","protected":false},"excerpt":{"rendered":"<ul>\n<li>A reabilita\u00e7\u00e3o do terceiro pavilh\u00e3o da antiga Escola do Cerco, no Porto, arranca na quarta-feira, com investimento superior a 1,2 milh\u00f5es de euros, e est\u00e1 prevista terminar num ano.<\/li>\n<li>A nova val\u00eancia vai acolher a Unidade de Recursos Assistenciais Partilhados (URAP) e o Centro de Diagn\u00f3stico Integrado (CDI), disponibilizando exames de radiologia, sa\u00fade oral, podologia e espirometria num \u00fanico local.<\/li>\n<li>A unidade de sa\u00fade passa a integrar o complexo onde j\u00e1 funcionam a Unidade de Sa\u00fade Familiar Novo Sentido e a Unidade de Cuidados na Comunidade, tamb\u00e9m em pavil\u00f5es requalificados.<\/li>\n<li>O projeto tem uma \u00e1rea de implanta\u00e7\u00e3o de 660 metros quadrados e mant\u00e9m a estrutura original de bet\u00e3o, com interior redesenhado em torno de um p\u00e1tio central que facilita a entrada de luz natural e a circula\u00e7\u00e3o entre gabinetes.<\/li>\n<li>O centro ser\u00e1 inclusivo, eliminando barreiras internas, com estacionamento para mobilidade reduzida e pontos de carregamento para carros el\u00e9tricos junto \u00e0s rampas.<\/li>\n<\/ul>\n","protected":false},"author":2,"featured_media":214932,"comment_status":"closed","ping_status":"closed","sticky":false,"template":"","format":"standard","meta":{"footnotes":""},"categories":[1],"tags":[6018,6017,982,1554,172,2022],"class_list":["post-214921","post","type-post","status-publish","format-standard","has-post-thumbnail","hentry","category-noticias","tag-espirometria","tag-podologia","tag-porto","tag-radiologia","tag-saude","tag-saude-oral"],"yoast_head":"<!-- This site is optimized with the Yoast SEO plugin v27.2 - https:\/\/yoast.com\/product\/yoast-seo-wordpress\/ -->\n<title>Cerco ter\u00e1 nova unidade de sa\u00fade no pr\u00f3ximo ano - Portal Tela Portugal<\/title>\n<meta name=\"robots\" content=\"index, follow, max-snippet:-1, max-image-preview:large, max-video-preview:-1\" \/>\n<meta property=\"og:locale\" content=\"pt_PT\" \/>\n<meta property=\"og:type\" content=\"article\" \/>\n<meta property=\"og:title\" content=\"Cerco ter\u00e1 nova unidade de sa\u00fade no pr\u00f3ximo ano - Portal Tela Portugal\" \/>\n<meta property=\"og:description\" content=\"A reabilita\u00e7\u00e3o do terceiro pavilh\u00e3o da antiga Escola do Cerco, no Porto, arranca na quarta-feira, com investimento superior a 1,2 milh\u00f5es de euros, e est\u00e1 prevista terminar num ano. A nova val\u00eancia vai acolher a Unidade de Recursos Assistenciais Partilhados (URAP) e o Centro de Diagn\u00f3stico Integrado (CDI), disponibilizando exames de radiologia, sa\u00fade oral, podologia e espirometria num \u00fanico local. A unidade de sa\u00fade passa a integrar o complexo onde j\u00e1 funcionam a Unidade de Sa\u00fade Familiar Novo Sentido e a Unidade de Cuidados na Comunidade, tamb\u00e9m em pavil\u00f5es requalificados. O projeto tem uma \u00e1rea de implanta\u00e7\u00e3o de 660 metros quadrados e mant\u00e9m a estrutura original de bet\u00e3o, com interior redesenhado em torno de um p\u00e1tio central que facilita a entrada de luz natural e a circula\u00e7\u00e3o entre gabinetes. O centro ser\u00e1 inclusivo, eliminando barreiras internas, com estacionamento para mobilidade reduzida e pontos de carregamento para carros el\u00e9tricos junto \u00e0s rampas.\" \/>\n<meta property=\"og:url\" content=\"https:\/\/portaltela.pt\/noticias\/2026\/02\/16\/cerco-tera-nova-unidade-de-saude-no-proximo-ano\/\" \/>\n<meta property=\"og:site_name\" content=\"Portal Tela Portugal\" \/>\n<meta property=\"article:published_time\" content=\"2026-02-16T18:24:00+00:00\" \/>\n<meta name=\"author\" content=\"Telinha\" \/>\n<meta name=\"twitter:card\" content=\"summary_large_image\" \/>\n<meta name=\"twitter:label1\" content=\"Escrito por\" \/>\n\t<meta name=\"twitter:data1\" content=\"Telinha\" \/>\n\t<meta name=\"twitter:label2\" content=\"Tempo estimado de leitura\" \/>\n\t<meta name=\"twitter:data2\" content=\"1 minuto\" \/>\n<script type=\"application\/ld+json\" class=\"yoast-schema-graph\">{\"@context\":\"https:\/\/schema.org\",\"@graph\":[{\"@type\":\"Article\",\"@id\":\"https:\/\/portaltela.pt\/noticias\/2026\/02\/16\/cerco-tera-nova-unidade-de-saude-no-proximo-ano\/#article\",\"isPartOf\":{\"@id\":\"https:\/\/portaltela.pt\/noticias\/2026\/02\/16\/cerco-tera-nova-unidade-de-saude-no-proximo-ano\/\"},\"author\":{\"name\":\"Telinha\",\"@id\":\"https:\/\/portaltela.pt\/#\/schema\/person\/c4278d4a6028830caff9ee44b42d32ed\"},\"headline\":\"Cerco ter\u00e1 nova unidade de sa\u00fade no pr\u00f3ximo ano\",\"datePublished\":\"2026-02-16T18:24:00+00:00\",\"mainEntityOfPage\":{\"@id\":\"https:\/\/portaltela.pt\/noticias\/2026\/02\/16\/cerco-tera-nova-unidade-de-saude-no-proximo-ano\/\"},\"wordCount\":168,\"image\":{\"@id\":\"https:\/\/portaltela.pt\/noticias\/2026\/02\/16\/cerco-tera-nova-unidade-de-saude-no-proximo-ano\/#primaryimage\"},\"thumbnailUrl\":\"https:\/\/portaltela.pt\/s.01k8rhncp4jt1\/2026\/02\/image-1267.jpg\",\"keywords\":[\"espirometria\",\"podologia\",\"Porto\",\"radiologia\",\"sa\u00fade\",\"Sa\u00fade Oral\"],\"articleSection\":[\"Not\u00edcias\"],\"inLanguage\":\"pt-PT\"},{\"@type\":\"WebPage\",\"@id\":\"https:\/\/portaltela.pt\/noticias\/2026\/02\/16\/cerco-tera-nova-unidade-de-saude-no-proximo-ano\/\",\"url\":\"https:\/\/portaltela.pt\/noticias\/2026\/02\/16\/cerco-tera-nova-unidade-de-saude-no-proximo-ano\/\",\"name\":\"Cerco ter\u00e1 nova unidade de sa\u00fade no pr\u00f3ximo ano - Portal Tela Portugal\",\"isPartOf\":{\"@id\":\"https:\/\/portaltela.pt\/#website\"},\"primaryImageOfPage\":{\"@id\":\"https:\/\/portaltela.pt\/noticias\/2026\/02\/16\/cerco-tera-nova-unidade-de-saude-no-proximo-ano\/#primaryimage\"},\"image\":{\"@id\":\"https:\/\/portaltela.pt\/noticias\/2026\/02\/16\/cerco-tera-nova-unidade-de-saude-no-proximo-ano\/#primaryimage\"},\"thumbnailUrl\":\"https:\/\/portaltela.pt\/s.01k8rhncp4jt1\/2026\/02\/image-1267.jpg\",\"datePublished\":\"2026-02-16T18:24:00+00:00\",\"author\":{\"@id\":\"https:\/\/portaltela.pt\/#\/schema\/person\/c4278d4a6028830caff9ee44b42d32ed\"},\"breadcrumb\":{\"@id\":\"https:\/\/portaltela.pt\/noticias\/2026\/02\/16\/cerco-tera-nova-unidade-de-saude-no-proximo-ano\/#breadcrumb\"},\"inLanguage\":\"pt-PT\",\"potentialAction\":[{\"@type\":\"ReadAction\",\"target\":[\"https:\/\/portaltela.pt\/noticias\/2026\/02\/16\/cerco-tera-nova-unidade-de-saude-no-proximo-ano\/\"]}]},{\"@type\":\"ImageObject\",\"inLanguage\":\"pt-PT\",\"@id\":\"https:\/\/portaltela.pt\/noticias\/2026\/02\/16\/cerco-tera-nova-unidade-de-saude-no-proximo-ano\/#primaryimage\",\"url\":\"https:\/\/portaltela.pt\/s.01k8rhncp4jt1\/2026\/02\/image-1267.jpg\",\"contentUrl\":\"https:\/\/portaltela.pt\/s.01k8rhncp4jt1\/2026\/02\/image-1267.jpg\",\"width\":796,\"height\":448,\"caption\":\"A nova val\u00eancia vai garantir acesso a exames de radiologia, sa\u00fade oral, podologia e espirometria num \u00fanico local\"},{\"@type\":\"BreadcrumbList\",\"@id\":\"https:\/\/portaltela.pt\/noticias\/2026\/02\/16\/cerco-tera-nova-unidade-de-saude-no-proximo-ano\/#breadcrumb\",\"itemListElement\":[{\"@type\":\"ListItem\",\"position\":1,\"name\":\"In\u00edcio\",\"item\":\"https:\/\/portaltela.pt\/\"},{\"@type\":\"ListItem\",\"position\":2,\"name\":\"Cerco ter\u00e1 nova unidade de sa\u00fade no pr\u00f3ximo ano\"}]},{\"@type\":\"WebSite\",\"@id\":\"https:\/\/portaltela.pt\/#website\",\"url\":\"https:\/\/portaltela.pt\/\",\"name\":\"Portal Tela Portugal\",\"description\":\"\",\"potentialAction\":[{\"@type\":\"SearchAction\",\"target\":{\"@type\":\"EntryPoint\",\"urlTemplate\":\"https:\/\/portaltela.pt\/?s={search_term_string}\"},\"query-input\":{\"@type\":\"PropertyValueSpecification\",\"valueRequired\":true,\"valueName\":\"search_term_string\"}}],\"inLanguage\":\"pt-PT\"},{\"@type\":\"Person\",\"@id\":\"https:\/\/portaltela.pt\/#\/schema\/person\/c4278d4a6028830caff9ee44b42d32ed\",\"name\":\"Telinha\",\"image\":{\"@type\":\"ImageObject\",\"inLanguage\":\"pt-PT\",\"@id\":\"https:\/\/portaltela.pt\/s.01k8rhncp4jt1\/2025\/11\/talking-bot-125x125.png\",\"url\":\"https:\/\/portaltela.pt\/s.01k8rhncp4jt1\/2025\/11\/talking-bot-125x125.png\",\"contentUrl\":\"https:\/\/portaltela.pt\/s.01k8rhncp4jt1\/2025\/11\/talking-bot-125x125.png\",\"caption\":\"Telinha\"},\"sameAs\":[\"https:\/\/portaltela.pt\/\"],\"url\":\"https:\/\/portaltela.pt\/por\/367410592786\/\"}]}<\/script>\n<!-- \/ Yoast SEO plugin. -->","yoast_head_json":{"title":"Cerco ter\u00e1 nova unidade de sa\u00fade no pr\u00f3ximo ano - Portal Tela Portugal","robots":{"index":"index","follow":"follow","max-snippet":"max-snippet:-1","max-image-preview":"max-image-preview:large","max-video-preview":"max-video-preview:-1"},"og_locale":"pt_PT","og_type":"article","og_title":"Cerco ter\u00e1 nova unidade de sa\u00fade no pr\u00f3ximo ano - Portal Tela Portugal","og_description":"A reabilita\u00e7\u00e3o do terceiro pavilh\u00e3o da antiga Escola do Cerco, no Porto, arranca na quarta-feira, com investimento superior a 1,2 milh\u00f5es de euros, e est\u00e1 prevista terminar num ano. A nova val\u00eancia vai acolher a Unidade de Recursos Assistenciais Partilhados (URAP) e o Centro de Diagn\u00f3stico Integrado (CDI), disponibilizando exames de radiologia, sa\u00fade oral, podologia e espirometria num \u00fanico local. A unidade de sa\u00fade passa a integrar o complexo onde j\u00e1 funcionam a Unidade de Sa\u00fade Familiar Novo Sentido e a Unidade de Cuidados na Comunidade, tamb\u00e9m em pavil\u00f5es requalificados. O projeto tem uma \u00e1rea de implanta\u00e7\u00e3o de 660 metros quadrados e mant\u00e9m a estrutura original de bet\u00e3o, com interior redesenhado em torno de um p\u00e1tio central que facilita a entrada de luz natural e a circula\u00e7\u00e3o entre gabinetes. O centro ser\u00e1 inclusivo, eliminando barreiras internas, com estacionamento para mobilidade reduzida e pontos de carregamento para carros el\u00e9tricos junto \u00e0s rampas.","og_url":"https:\/\/portaltela.pt\/noticias\/2026\/02\/16\/cerco-tera-nova-unidade-de-saude-no-proximo-ano\/","og_site_name":"Portal Tela Portugal","article_published_time":"2026-02-16T18:24:00+00:00","author":"Telinha","twitter_card":"summary_large_image","twitter_misc":{"Escrito por":"Telinha","Tempo estimado de leitura":"1 minuto"},"schema":{"@context":"https:\/\/schema.org","@graph":[{"@type":"Article","@id":"https:\/\/portaltela.pt\/noticias\/2026\/02\/16\/cerco-tera-nova-unidade-de-saude-no-proximo-ano\/#article","isPartOf":{"@id":"https:\/\/portaltela.pt\/noticias\/2026\/02\/16\/cerco-tera-nova-unidade-de-saude-no-proximo-ano\/"},"author":{"name":"Telinha","@id":"https:\/\/portaltela.pt\/#\/schema\/person\/c4278d4a6028830caff9ee44b42d32ed"},"headline":"Cerco ter\u00e1 nova unidade de sa\u00fade no pr\u00f3ximo ano","datePublished":"2026-02-16T18:24:00+00:00","mainEntityOfPage":{"@id":"https:\/\/portaltela.pt\/noticias\/2026\/02\/16\/cerco-tera-nova-unidade-de-saude-no-proximo-ano\/"},"wordCount":168,"image":{"@id":"https:\/\/portaltela.pt\/noticias\/2026\/02\/16\/cerco-tera-nova-unidade-de-saude-no-proximo-ano\/#primaryimage"},"thumbnailUrl":"https:\/\/portaltela.pt\/s.01k8rhncp4jt1\/2026\/02\/image-1267.jpg","keywords":["espirometria","podologia","Porto","radiologia","sa\u00fade","Sa\u00fade Oral"],"articleSection":["Not\u00edcias"],"inLanguage":"pt-PT"},{"@type":"WebPage","@id":"https:\/\/portaltela.pt\/noticias\/2026\/02\/16\/cerco-tera-nova-unidade-de-saude-no-proximo-ano\/","url":"https:\/\/portaltela.pt\/noticias\/2026\/02\/16\/cerco-tera-nova-unidade-de-saude-no-proximo-ano\/","name":"Cerco ter\u00e1 nova unidade de sa\u00fade no pr\u00f3ximo ano - Portal Tela Portugal","isPartOf":{"@id":"https:\/\/portaltela.pt\/#website"},"primaryImageOfPage":{"@id":"https:\/\/portaltela.pt\/noticias\/2026\/02\/16\/cerco-tera-nova-unidade-de-saude-no-proximo-ano\/#primaryimage"},"image":{"@id":"https:\/\/portaltela.pt\/noticias\/2026\/02\/16\/cerco-tera-nova-unidade-de-saude-no-proximo-ano\/#primaryimage"},"thumbnailUrl":"https:\/\/portaltela.pt\/s.01k8rhncp4jt1\/2026\/02\/image-1267.jpg","datePublished":"2026-02-16T18:24:00+00:00","author":{"@id":"https:\/\/portaltela.pt\/#\/schema\/person\/c4278d4a6028830caff9ee44b42d32ed"},"breadcrumb":{"@id":"https:\/\/portaltela.pt\/noticias\/2026\/02\/16\/cerco-tera-nova-unidade-de-saude-no-proximo-ano\/#breadcrumb"},"inLanguage":"pt-PT","potentialAction":[{"@type":"ReadAction","target":["https:\/\/portaltela.pt\/noticias\/2026\/02\/16\/cerco-tera-nova-unidade-de-saude-no-proximo-ano\/"]}]},{"@type":"ImageObject","inLanguage":"pt-PT","@id":"https:\/\/portaltela.pt\/noticias\/2026\/02\/16\/cerco-tera-nova-unidade-de-saude-no-proximo-ano\/#primaryimage","url":"https:\/\/portaltela.pt\/s.01k8rhncp4jt1\/2026\/02\/image-1267.jpg","contentUrl":"https:\/\/portaltela.pt\/s.01k8rhncp4jt1\/2026\/02\/image-1267.jpg","width":796,"height":448,"caption":"A nova val\u00eancia vai garantir acesso a exames de radiologia, sa\u00fade oral, podologia e espirometria num \u00fanico local"},{"@type":"BreadcrumbList","@id":"https:\/\/portaltela.pt\/noticias\/2026\/02\/16\/cerco-tera-nova-unidade-de-saude-no-proximo-ano\/#breadcrumb","itemListElement":[{"@type":"ListItem","position":1,"name":"In\u00edcio","item":"https:\/\/portaltela.pt\/"},{"@type":"ListItem","position":2,"name":"Cerco ter\u00e1 nova unidade de sa\u00fade no pr\u00f3ximo ano"}]},{"@type":"WebSite","@id":"https:\/\/portaltela.pt\/#website","url":"https:\/\/portaltela.pt\/","name":"Portal Tela Portugal","description":"","potentialAction":[{"@type":"SearchAction","target":{"@type":"EntryPoint","urlTemplate":"https:\/\/portaltela.pt\/?s={search_term_string}"},"query-input":{"@type":"PropertyValueSpecification","valueRequired":true,"valueName":"search_term_string"}}],"inLanguage":"pt-PT"},{"@type":"Person","@id":"https:\/\/portaltela.pt\/#\/schema\/person\/c4278d4a6028830caff9ee44b42d32ed","name":"Telinha","image":{"@type":"ImageObject","inLanguage":"pt-PT","@id":"https:\/\/portaltela.pt\/s.01k8rhncp4jt1\/2025\/11\/talking-bot-125x125.png","url":"https:\/\/portaltela.pt\/s.01k8rhncp4jt1\/2025\/11\/talking-bot-125x125.png","contentUrl":"https:\/\/portaltela.pt\/s.01k8rhncp4jt1\/2025\/11\/talking-bot-125x125.png","caption":"Telinha"},"sameAs":["https:\/\/portaltela.pt\/"],"url":"https:\/\/portaltela.pt\/por\/367410592786\/"}]}},"_links":{"self":[{"href":"https:\/\/portaltela.pt\/api\/wp\/v2\/posts\/214921","targetHints":{"allow":["GET"]}}],"collection":[{"href":"https:\/\/portaltela.pt\/api\/wp\/v2\/posts"}],"about":[{"href":"https:\/\/portaltela.pt\/api\/wp\/v2\/types\/post"}],"author":[{"embeddable":true,"href":"https:\/\/portaltela.pt\/api\/wp\/v2\/users\/2"}],"replies":[{"embeddable":true,"href":"https:\/\/portaltela.pt\/api\/wp\/v2\/comments?post=214921"}],"version-history":[{"count":0,"href":"https:\/\/portaltela.pt\/api\/wp\/v2\/posts\/214921\/revisions"}],"wp:featuredmedia":[{"embeddable":true,"href":"https:\/\/portaltela.pt\/api\/wp\/v2\/media\/214932"}],"wp:attachment":[{"href":"https:\/\/portaltela.pt\/api\/wp\/v2\/media?parent=214921"}],"wp:term":[{"taxonomy":"category","embeddable":true,"href":"https:\/\/portaltela.pt\/api\/wp\/v2\/categories?post=214921"},{"taxonomy":"post_tag","embeddable":true,"href":"https:\/\/portaltela.pt\/api\/wp\/v2\/tags?post=214921"}],"curies":[{"name":"wp","href":"https:\/\/api.w.org\/{rel}","templated":true}]}}