{"id":214894,"date":"2026-02-16T15:05:28","date_gmt":"2026-02-16T18:05:28","guid":{"rendered":"https:\/\/portaltela.pt\/noticias\/2026\/02\/16\/conceicao-nao-consegue-regressar-a-casa-devido-a-alagamento-continuo\/"},"modified":"2026-02-16T15:05:28","modified_gmt":"2026-02-16T18:05:28","slug":"conceicao-nao-consegue-regressar-a-casa-devido-a-alagamento-continuo","status":"publish","type":"post","link":"https:\/\/portaltela.pt\/noticias\/2026\/02\/16\/conceicao-nao-consegue-regressar-a-casa-devido-a-alagamento-continuo\/","title":{"rendered":"Concei\u00e7\u00e3o n\u00e3o consegue regressar a casa devido a alagamento cont\u00ednuo"},"content":{"rendered":"<p>A moradora Concei\u00e7\u00e3o n\u00e3o consegue regressar \u00e0 habita\u00e7\u00e3o situada na Ereira devido a um novo alagamento que deixou a casa parcialmente inundada e destru\u00edda. O epis\u00f3dio aconteceu recentemente, impedindo a entrada no domic\u00edlio pela \u00e1gua e pela degrada\u00e7\u00e3o visible do interior. A situa\u00e7\u00e3o mant\u00e9m-se enquanto as autoridades avaliam os danos.<\/p>\n<p>Concei\u00e7\u00e3o relata que ao tentar entrar, deparou-se com destrui\u00e7\u00e3o e com o espa\u00e7o tomado pela \u00e1gua acumulada. O contexto do alagamento atual ainda n\u00e3o inclui detalhes sobre causas espec\u00edficas ou a extens\u00e3o total dos danos, mas confirma o impedimento de retorno tempor\u00e1rio.<\/p>\n<p>At\u00e9 ao momento n\u00e3o foram anunciadas medidas de despejo ou realojamento, apenas a necessidade de avalia\u00e7\u00e3o t\u00e9cnica. A moradora mant\u00e9m o acesso bloqueado por quest\u00f5es de seguran\u00e7a e integridade estrutural do im\u00f3vel.<\/p>\n<h3>Hist\u00f3rico de inunda\u00e7\u00f5es na Ereira<\/h3>\n<p>A casa na Ereira j\u00e1 tinha ficado inundada at\u00e9 ao teto em 2001, segundo informa\u00e7\u00f5es dispon\u00edveis. Este hist\u00f3rico sugere uma vulnerabilidade recorrente da habita\u00e7\u00e3o \u00e0s cheias, que pode influenciar futuras interven\u00e7\u00f5es de prote\u00e7\u00e3o e reinstala\u00e7\u00e3o.<\/p>\n<p>A situa\u00e7\u00e3o atual refor\u00e7a a import\u00e2ncia de planos de mitiga\u00e7\u00e3o para a zona, com monitoriza\u00e7\u00e3o de cheias, obras de drenagem e apoio \u00e0s fam\u00edlias afetadas. As autoridades continuam a acompanhar o evoluir do caso.<\/p>\n","protected":false},"excerpt":{"rendered":"<ul>\n<li>Concei\u00e7\u00e3o n\u00e3o consegue regressar \u00e0 habita\u00e7\u00e3o na Ereira porque a casa continua alagada.<\/li>\n<li>A casa na Ereira permanece inacess\u00edvel devido \u00e0 \u00e1gua alta.<\/li>\n<li>Em 2001, a mesma casa j\u00e1 tinha ficado inundada at\u00e9 ao teto.<\/li>\n<li>A not\u00edcia n\u00e3o fornece estimativas de tempo para a normaliza\u00e7\u00e3o da situa\u00e7\u00e3o.<\/li>\n<\/ul>\n","protected":false},"author":2,"featured_media":214898,"comment_status":"closed","ping_status":"closed","sticky":false,"template":"","format":"standard","meta":{"footnotes":""},"categories":[1],"tags":[1331,3701,3004,150,2051,5099],"class_list":["post-214894","post","type-post","status-publish","format-standard","has-post-thumbnail","hentry","category-noticias","tag-alagamento","tag-cheias","tag-desalojados","tag-habitacao","tag-inundacao","tag-protecao-civil-municipal"],"yoast_head":"<!-- This site is optimized with the Yoast SEO plugin v27.2 - https:\/\/yoast.com\/product\/yoast-seo-wordpress\/ -->\n<title>Concei\u00e7\u00e3o n\u00e3o consegue regressar a casa devido a alagamento cont\u00ednuo - Portal Tela Portugal<\/title>\n<meta name=\"robots\" content=\"index, follow, max-snippet:-1, max-image-preview:large, max-video-preview:-1\" \/>\n<meta property=\"og:locale\" content=\"pt_PT\" \/>\n<meta property=\"og:type\" content=\"article\" \/>\n<meta property=\"og:title\" content=\"Concei\u00e7\u00e3o n\u00e3o consegue regressar a casa devido a alagamento cont\u00ednuo - Portal Tela Portugal\" \/>\n<meta property=\"og:description\" content=\"Concei\u00e7\u00e3o n\u00e3o consegue regressar \u00e0 habita\u00e7\u00e3o na Ereira porque a casa continua alagada. A casa na Ereira permanece inacess\u00edvel devido \u00e0 \u00e1gua alta. Em 2001, a mesma casa j\u00e1 tinha ficado inundada at\u00e9 ao teto. A not\u00edcia n\u00e3o fornece estimativas de tempo para a normaliza\u00e7\u00e3o da situa\u00e7\u00e3o.\" \/>\n<meta property=\"og:url\" content=\"https:\/\/portaltela.pt\/noticias\/2026\/02\/16\/conceicao-nao-consegue-regressar-a-casa-devido-a-alagamento-continuo\/\" \/>\n<meta property=\"og:site_name\" content=\"Portal Tela Portugal\" \/>\n<meta property=\"article:published_time\" content=\"2026-02-16T18:05:28+00:00\" \/>\n<meta name=\"author\" content=\"Telinha\" \/>\n<meta name=\"twitter:card\" content=\"summary_large_image\" \/>\n<meta name=\"twitter:label1\" content=\"Escrito por\" \/>\n\t<meta name=\"twitter:data1\" content=\"Telinha\" \/>\n\t<meta name=\"twitter:label2\" content=\"Tempo estimado de leitura\" \/>\n\t<meta name=\"twitter:data2\" content=\"1 minuto\" \/>\n<script type=\"application\/ld+json\" class=\"yoast-schema-graph\">{\"@context\":\"https:\/\/schema.org\",\"@graph\":[{\"@type\":\"Article\",\"@id\":\"https:\/\/portaltela.pt\/noticias\/2026\/02\/16\/conceicao-nao-consegue-regressar-a-casa-devido-a-alagamento-continuo\/#article\",\"isPartOf\":{\"@id\":\"https:\/\/portaltela.pt\/noticias\/2026\/02\/16\/conceicao-nao-consegue-regressar-a-casa-devido-a-alagamento-continuo\/\"},\"author\":{\"name\":\"Telinha\",\"@id\":\"https:\/\/portaltela.pt\/#\/schema\/person\/c4278d4a6028830caff9ee44b42d32ed\"},\"headline\":\"Concei\u00e7\u00e3o n\u00e3o consegue regressar a casa devido a alagamento cont\u00ednuo\",\"datePublished\":\"2026-02-16T18:05:28+00:00\",\"mainEntityOfPage\":{\"@id\":\"https:\/\/portaltela.pt\/noticias\/2026\/02\/16\/conceicao-nao-consegue-regressar-a-casa-devido-a-alagamento-continuo\/\"},\"wordCount\":247,\"image\":{\"@id\":\"https:\/\/portaltela.pt\/noticias\/2026\/02\/16\/conceicao-nao-consegue-regressar-a-casa-devido-a-alagamento-continuo\/#primaryimage\"},\"thumbnailUrl\":\"https:\/\/portaltela.pt\/s.01k8rhncp4jt1\/2026\/02\/img_1280x722uu2026-02-16-11-50-43-2267163.jpg\",\"keywords\":[\"alagamento\",\"cheias\",\"desalojados\",\"habita\u00e7\u00e3o\",\"inunda\u00e7\u00e3o\",\"Prote\u00e7\u00e3o Civil Municipal\"],\"articleSection\":[\"Not\u00edcias\"],\"inLanguage\":\"pt-PT\"},{\"@type\":\"WebPage\",\"@id\":\"https:\/\/portaltela.pt\/noticias\/2026\/02\/16\/conceicao-nao-consegue-regressar-a-casa-devido-a-alagamento-continuo\/\",\"url\":\"https:\/\/portaltela.pt\/noticias\/2026\/02\/16\/conceicao-nao-consegue-regressar-a-casa-devido-a-alagamento-continuo\/\",\"name\":\"Concei\u00e7\u00e3o n\u00e3o consegue regressar a casa devido a alagamento cont\u00ednuo - Portal Tela Portugal\",\"isPartOf\":{\"@id\":\"https:\/\/portaltela.pt\/#website\"},\"primaryImageOfPage\":{\"@id\":\"https:\/\/portaltela.pt\/noticias\/2026\/02\/16\/conceicao-nao-consegue-regressar-a-casa-devido-a-alagamento-continuo\/#primaryimage\"},\"image\":{\"@id\":\"https:\/\/portaltela.pt\/noticias\/2026\/02\/16\/conceicao-nao-consegue-regressar-a-casa-devido-a-alagamento-continuo\/#primaryimage\"},\"thumbnailUrl\":\"https:\/\/portaltela.pt\/s.01k8rhncp4jt1\/2026\/02\/img_1280x722uu2026-02-16-11-50-43-2267163.jpg\",\"datePublished\":\"2026-02-16T18:05:28+00:00\",\"author\":{\"@id\":\"https:\/\/portaltela.pt\/#\/schema\/person\/c4278d4a6028830caff9ee44b42d32ed\"},\"breadcrumb\":{\"@id\":\"https:\/\/portaltela.pt\/noticias\/2026\/02\/16\/conceicao-nao-consegue-regressar-a-casa-devido-a-alagamento-continuo\/#breadcrumb\"},\"inLanguage\":\"pt-PT\",\"potentialAction\":[{\"@type\":\"ReadAction\",\"target\":[\"https:\/\/portaltela.pt\/noticias\/2026\/02\/16\/conceicao-nao-consegue-regressar-a-casa-devido-a-alagamento-continuo\/\"]}]},{\"@type\":\"ImageObject\",\"inLanguage\":\"pt-PT\",\"@id\":\"https:\/\/portaltela.pt\/noticias\/2026\/02\/16\/conceicao-nao-consegue-regressar-a-casa-devido-a-alagamento-continuo\/#primaryimage\",\"url\":\"https:\/\/portaltela.pt\/s.01k8rhncp4jt1\/2026\/02\/img_1280x722uu2026-02-16-11-50-43-2267163.jpg\",\"contentUrl\":\"https:\/\/portaltela.pt\/s.01k8rhncp4jt1\/2026\/02\/img_1280x722uu2026-02-16-11-50-43-2267163.jpg\",\"width\":796,\"height\":448,\"caption\":\"Photo\"},{\"@type\":\"BreadcrumbList\",\"@id\":\"https:\/\/portaltela.pt\/noticias\/2026\/02\/16\/conceicao-nao-consegue-regressar-a-casa-devido-a-alagamento-continuo\/#breadcrumb\",\"itemListElement\":[{\"@type\":\"ListItem\",\"position\":1,\"name\":\"In\u00edcio\",\"item\":\"https:\/\/portaltela.pt\/\"},{\"@type\":\"ListItem\",\"position\":2,\"name\":\"Concei\u00e7\u00e3o n\u00e3o consegue regressar a casa devido a alagamento cont\u00ednuo\"}]},{\"@type\":\"WebSite\",\"@id\":\"https:\/\/portaltela.pt\/#website\",\"url\":\"https:\/\/portaltela.pt\/\",\"name\":\"Portal Tela Portugal\",\"description\":\"\",\"potentialAction\":[{\"@type\":\"SearchAction\",\"target\":{\"@type\":\"EntryPoint\",\"urlTemplate\":\"https:\/\/portaltela.pt\/?s={search_term_string}\"},\"query-input\":{\"@type\":\"PropertyValueSpecification\",\"valueRequired\":true,\"valueName\":\"search_term_string\"}}],\"inLanguage\":\"pt-PT\"},{\"@type\":\"Person\",\"@id\":\"https:\/\/portaltela.pt\/#\/schema\/person\/c4278d4a6028830caff9ee44b42d32ed\",\"name\":\"Telinha\",\"image\":{\"@type\":\"ImageObject\",\"inLanguage\":\"pt-PT\",\"@id\":\"https:\/\/portaltela.pt\/s.01k8rhncp4jt1\/2025\/11\/talking-bot-125x125.png\",\"url\":\"https:\/\/portaltela.pt\/s.01k8rhncp4jt1\/2025\/11\/talking-bot-125x125.png\",\"contentUrl\":\"https:\/\/portaltela.pt\/s.01k8rhncp4jt1\/2025\/11\/talking-bot-125x125.png\",\"caption\":\"Telinha\"},\"sameAs\":[\"https:\/\/portaltela.pt\/\"],\"url\":\"https:\/\/portaltela.pt\/por\/367410592786\/\"}]}<\/script>\n<!-- \/ Yoast SEO plugin. -->","yoast_head_json":{"title":"Concei\u00e7\u00e3o n\u00e3o consegue regressar a casa devido a alagamento cont\u00ednuo - Portal Tela Portugal","robots":{"index":"index","follow":"follow","max-snippet":"max-snippet:-1","max-image-preview":"max-image-preview:large","max-video-preview":"max-video-preview:-1"},"og_locale":"pt_PT","og_type":"article","og_title":"Concei\u00e7\u00e3o n\u00e3o consegue regressar a casa devido a alagamento cont\u00ednuo - Portal Tela Portugal","og_description":"Concei\u00e7\u00e3o n\u00e3o consegue regressar \u00e0 habita\u00e7\u00e3o na Ereira porque a casa continua alagada. A casa na Ereira permanece inacess\u00edvel devido \u00e0 \u00e1gua alta. Em 2001, a mesma casa j\u00e1 tinha ficado inundada at\u00e9 ao teto. A not\u00edcia n\u00e3o fornece estimativas de tempo para a normaliza\u00e7\u00e3o da situa\u00e7\u00e3o.","og_url":"https:\/\/portaltela.pt\/noticias\/2026\/02\/16\/conceicao-nao-consegue-regressar-a-casa-devido-a-alagamento-continuo\/","og_site_name":"Portal Tela Portugal","article_published_time":"2026-02-16T18:05:28+00:00","author":"Telinha","twitter_card":"summary_large_image","twitter_misc":{"Escrito por":"Telinha","Tempo estimado de leitura":"1 minuto"},"schema":{"@context":"https:\/\/schema.org","@graph":[{"@type":"Article","@id":"https:\/\/portaltela.pt\/noticias\/2026\/02\/16\/conceicao-nao-consegue-regressar-a-casa-devido-a-alagamento-continuo\/#article","isPartOf":{"@id":"https:\/\/portaltela.pt\/noticias\/2026\/02\/16\/conceicao-nao-consegue-regressar-a-casa-devido-a-alagamento-continuo\/"},"author":{"name":"Telinha","@id":"https:\/\/portaltela.pt\/#\/schema\/person\/c4278d4a6028830caff9ee44b42d32ed"},"headline":"Concei\u00e7\u00e3o n\u00e3o consegue regressar a casa devido a alagamento cont\u00ednuo","datePublished":"2026-02-16T18:05:28+00:00","mainEntityOfPage":{"@id":"https:\/\/portaltela.pt\/noticias\/2026\/02\/16\/conceicao-nao-consegue-regressar-a-casa-devido-a-alagamento-continuo\/"},"wordCount":247,"image":{"@id":"https:\/\/portaltela.pt\/noticias\/2026\/02\/16\/conceicao-nao-consegue-regressar-a-casa-devido-a-alagamento-continuo\/#primaryimage"},"thumbnailUrl":"https:\/\/portaltela.pt\/s.01k8rhncp4jt1\/2026\/02\/img_1280x722uu2026-02-16-11-50-43-2267163.jpg","keywords":["alagamento","cheias","desalojados","habita\u00e7\u00e3o","inunda\u00e7\u00e3o","Prote\u00e7\u00e3o Civil Municipal"],"articleSection":["Not\u00edcias"],"inLanguage":"pt-PT"},{"@type":"WebPage","@id":"https:\/\/portaltela.pt\/noticias\/2026\/02\/16\/conceicao-nao-consegue-regressar-a-casa-devido-a-alagamento-continuo\/","url":"https:\/\/portaltela.pt\/noticias\/2026\/02\/16\/conceicao-nao-consegue-regressar-a-casa-devido-a-alagamento-continuo\/","name":"Concei\u00e7\u00e3o n\u00e3o consegue regressar a casa devido a alagamento cont\u00ednuo - Portal Tela Portugal","isPartOf":{"@id":"https:\/\/portaltela.pt\/#website"},"primaryImageOfPage":{"@id":"https:\/\/portaltela.pt\/noticias\/2026\/02\/16\/conceicao-nao-consegue-regressar-a-casa-devido-a-alagamento-continuo\/#primaryimage"},"image":{"@id":"https:\/\/portaltela.pt\/noticias\/2026\/02\/16\/conceicao-nao-consegue-regressar-a-casa-devido-a-alagamento-continuo\/#primaryimage"},"thumbnailUrl":"https:\/\/portaltela.pt\/s.01k8rhncp4jt1\/2026\/02\/img_1280x722uu2026-02-16-11-50-43-2267163.jpg","datePublished":"2026-02-16T18:05:28+00:00","author":{"@id":"https:\/\/portaltela.pt\/#\/schema\/person\/c4278d4a6028830caff9ee44b42d32ed"},"breadcrumb":{"@id":"https:\/\/portaltela.pt\/noticias\/2026\/02\/16\/conceicao-nao-consegue-regressar-a-casa-devido-a-alagamento-continuo\/#breadcrumb"},"inLanguage":"pt-PT","potentialAction":[{"@type":"ReadAction","target":["https:\/\/portaltela.pt\/noticias\/2026\/02\/16\/conceicao-nao-consegue-regressar-a-casa-devido-a-alagamento-continuo\/"]}]},{"@type":"ImageObject","inLanguage":"pt-PT","@id":"https:\/\/portaltela.pt\/noticias\/2026\/02\/16\/conceicao-nao-consegue-regressar-a-casa-devido-a-alagamento-continuo\/#primaryimage","url":"https:\/\/portaltela.pt\/s.01k8rhncp4jt1\/2026\/02\/img_1280x722uu2026-02-16-11-50-43-2267163.jpg","contentUrl":"https:\/\/portaltela.pt\/s.01k8rhncp4jt1\/2026\/02\/img_1280x722uu2026-02-16-11-50-43-2267163.jpg","width":796,"height":448,"caption":"Photo"},{"@type":"BreadcrumbList","@id":"https:\/\/portaltela.pt\/noticias\/2026\/02\/16\/conceicao-nao-consegue-regressar-a-casa-devido-a-alagamento-continuo\/#breadcrumb","itemListElement":[{"@type":"ListItem","position":1,"name":"In\u00edcio","item":"https:\/\/portaltela.pt\/"},{"@type":"ListItem","position":2,"name":"Concei\u00e7\u00e3o n\u00e3o consegue regressar a casa devido a alagamento cont\u00ednuo"}]},{"@type":"WebSite","@id":"https:\/\/portaltela.pt\/#website","url":"https:\/\/portaltela.pt\/","name":"Portal Tela Portugal","description":"","potentialAction":[{"@type":"SearchAction","target":{"@type":"EntryPoint","urlTemplate":"https:\/\/portaltela.pt\/?s={search_term_string}"},"query-input":{"@type":"PropertyValueSpecification","valueRequired":true,"valueName":"search_term_string"}}],"inLanguage":"pt-PT"},{"@type":"Person","@id":"https:\/\/portaltela.pt\/#\/schema\/person\/c4278d4a6028830caff9ee44b42d32ed","name":"Telinha","image":{"@type":"ImageObject","inLanguage":"pt-PT","@id":"https:\/\/portaltela.pt\/s.01k8rhncp4jt1\/2025\/11\/talking-bot-125x125.png","url":"https:\/\/portaltela.pt\/s.01k8rhncp4jt1\/2025\/11\/talking-bot-125x125.png","contentUrl":"https:\/\/portaltela.pt\/s.01k8rhncp4jt1\/2025\/11\/talking-bot-125x125.png","caption":"Telinha"},"sameAs":["https:\/\/portaltela.pt\/"],"url":"https:\/\/portaltela.pt\/por\/367410592786\/"}]}},"_links":{"self":[{"href":"https:\/\/portaltela.pt\/api\/wp\/v2\/posts\/214894","targetHints":{"allow":["GET"]}}],"collection":[{"href":"https:\/\/portaltela.pt\/api\/wp\/v2\/posts"}],"about":[{"href":"https:\/\/portaltela.pt\/api\/wp\/v2\/types\/post"}],"author":[{"embeddable":true,"href":"https:\/\/portaltela.pt\/api\/wp\/v2\/users\/2"}],"replies":[{"embeddable":true,"href":"https:\/\/portaltela.pt\/api\/wp\/v2\/comments?post=214894"}],"version-history":[{"count":0,"href":"https:\/\/portaltela.pt\/api\/wp\/v2\/posts\/214894\/revisions"}],"wp:featuredmedia":[{"embeddable":true,"href":"https:\/\/portaltela.pt\/api\/wp\/v2\/media\/214898"}],"wp:attachment":[{"href":"https:\/\/portaltela.pt\/api\/wp\/v2\/media?parent=214894"}],"wp:term":[{"taxonomy":"category","embeddable":true,"href":"https:\/\/portaltela.pt\/api\/wp\/v2\/categories?post=214894"},{"taxonomy":"post_tag","embeddable":true,"href":"https:\/\/portaltela.pt\/api\/wp\/v2\/tags?post=214894"}],"curies":[{"name":"wp","href":"https:\/\/api.w.org\/{rel}","templated":true}]}}