{"id":214872,"date":"2026-02-16T14:54:00","date_gmt":"2026-02-16T17:54:00","guid":{"rendered":"https:\/\/portaltela.pt\/noticias\/2026\/02\/16\/milhares-de-folioes-em-tras-os-montes-para-ver-os-caretos-de-podence\/"},"modified":"2026-02-16T14:54:00","modified_gmt":"2026-02-16T17:54:00","slug":"milhares-de-folioes-em-tras-os-montes-para-ver-os-caretos-de-podence","status":"publish","type":"post","link":"https:\/\/portaltela.pt\/noticias\/2026\/02\/16\/milhares-de-folioes-em-tras-os-montes-para-ver-os-caretos-de-podence\/","title":{"rendered":"Milhares de foli\u00f5es em Tr\u00e1s-os-Montes para ver os Caretos de Podence"},"content":{"rendered":"<p>Milhares de foli\u00f5es reuniram-se em Podence, no concelho de Macedo de Cavaleiros, para acompanhar os Caretos, tradi\u00e7\u00e3o popular da regi\u00e3o. O desfile acontece anualmente no \u00e2mbito das celebra\u00e7\u00f5es de inverno e atrai visitantes de v\u00e1rias partes do pa\u00eds.<\/p>\n<p>Os Caretos de Podence s\u00e3o reconhecidos pela UNESCO como patrim\u00f3nio imaterial da humanidade, destacando-se pela sua expressividade, m\u00e1scaras e vestu\u00e1rio tradicionais. O evento combina dan\u00e7a, m\u00fasica e rituais que remontam a gera\u00e7\u00f5es passadas.<\/p>\n<p>O encontro decorre em Tr\u00e1s-os-Montes e envolve habitantes locais, int\u00e9rpretes e participantes de fora, que chegam para observar o figurino colorido e os s\u00edmbolos associados \u00e0 festividade. A dura\u00e7\u00e3o e o calend\u00e1rio exacto variam conforme o programa anual.<\/p>\n<h3>Caracteriza\u00e7\u00e3o e impacto tur\u00edstico<\/h3>\n<p>Acompanhando o desfile, h\u00e1 iniciativas de promo\u00e7\u00e3o cultural e gastron\u00f3mica da regi\u00e3o, que ampliam o fluxo de visitantes. Os organizadores enfatizam a preserva\u00e7\u00e3o das t\u00e9cnicas e do saber-fazer passados entre comunidades.<\/p>\n<p>O interesse tur\u00edstico, aliado ao estatuto de patrim\u00f3nio, coloca Podence no mapa de roteiros culturais do norte de Portugal. Autoridades locais ressaltam a import\u00e2ncia da continuidade geracional para a preserva\u00e7\u00e3o da tradi\u00e7\u00e3o.<\/p>\n","protected":false},"excerpt":{"rendered":"<ul>\n<li>Milhares de foli\u00f5es em Tr\u00e1s-os-Montes para assistir aos Caretos de Podence.<\/li>\n<li>Os Caretos s\u00e3o uma tradi\u00e7\u00e3o da regi\u00e3o de Podence, reconhecida pela UNESCO como patrim\u00f3nio mundial imaterial.<\/li>\n<li>O evento ocorreu a 16 de fevereiro de 2026, \u00e0s 17:54.<\/li>\n<li>A cerim\u00f3nia celebra a express\u00e3o cultural \u00fanica associada aos caretos durante as festividades locais.<\/li>\n<\/ul>\n","protected":false},"author":2,"featured_media":214884,"comment_status":"closed","ping_status":"closed","sticky":false,"template":"","format":"standard","meta":{"footnotes":""},"categories":[1],"tags":[145,1175,3295,146,1811,169],"class_list":["post-214872","post","type-post","status-publish","format-standard","has-post-thumbnail","hentry","category-noticias","tag-cultura","tag-patrimonio-cultural","tag-patrimonio-imaterial","tag-tradicoes","tag-tras-os-montes","tag-turismo"],"yoast_head":"<!-- This site is optimized with the Yoast SEO plugin v27.2 - https:\/\/yoast.com\/product\/yoast-seo-wordpress\/ -->\n<title>Milhares de foli\u00f5es em Tr\u00e1s-os-Montes para ver os Caretos de Podence - Portal Tela Portugal<\/title>\n<meta name=\"robots\" content=\"index, follow, max-snippet:-1, max-image-preview:large, max-video-preview:-1\" \/>\n<meta property=\"og:locale\" content=\"pt_PT\" \/>\n<meta property=\"og:type\" content=\"article\" \/>\n<meta property=\"og:title\" content=\"Milhares de foli\u00f5es em Tr\u00e1s-os-Montes para ver os Caretos de Podence - Portal Tela Portugal\" \/>\n<meta property=\"og:description\" content=\"Milhares de foli\u00f5es em Tr\u00e1s-os-Montes para assistir aos Caretos de Podence. Os Caretos s\u00e3o uma tradi\u00e7\u00e3o da regi\u00e3o de Podence, reconhecida pela UNESCO como patrim\u00f3nio mundial imaterial. O evento ocorreu a 16 de fevereiro de 2026, \u00e0s 17:54. A cerim\u00f3nia celebra a express\u00e3o cultural \u00fanica associada aos caretos durante as festividades locais.\" \/>\n<meta property=\"og:url\" content=\"https:\/\/portaltela.pt\/noticias\/2026\/02\/16\/milhares-de-folioes-em-tras-os-montes-para-ver-os-caretos-de-podence\/\" \/>\n<meta property=\"og:site_name\" content=\"Portal Tela Portugal\" \/>\n<meta property=\"article:published_time\" content=\"2026-02-16T17:54:00+00:00\" \/>\n<meta name=\"author\" content=\"Telinha\" \/>\n<meta name=\"twitter:card\" content=\"summary_large_image\" \/>\n<meta name=\"twitter:label1\" content=\"Escrito por\" \/>\n\t<meta name=\"twitter:data1\" content=\"Telinha\" \/>\n\t<meta name=\"twitter:label2\" content=\"Tempo estimado de leitura\" \/>\n\t<meta name=\"twitter:data2\" content=\"1 minuto\" \/>\n<script type=\"application\/ld+json\" class=\"yoast-schema-graph\">{\"@context\":\"https:\/\/schema.org\",\"@graph\":[{\"@type\":\"Article\",\"@id\":\"https:\/\/portaltela.pt\/noticias\/2026\/02\/16\/milhares-de-folioes-em-tras-os-montes-para-ver-os-caretos-de-podence\/#article\",\"isPartOf\":{\"@id\":\"https:\/\/portaltela.pt\/noticias\/2026\/02\/16\/milhares-de-folioes-em-tras-os-montes-para-ver-os-caretos-de-podence\/\"},\"author\":{\"name\":\"Telinha\",\"@id\":\"https:\/\/portaltela.pt\/#\/schema\/person\/c4278d4a6028830caff9ee44b42d32ed\"},\"headline\":\"Milhares de foli\u00f5es em Tr\u00e1s-os-Montes para ver os Caretos de Podence\",\"datePublished\":\"2026-02-16T17:54:00+00:00\",\"mainEntityOfPage\":{\"@id\":\"https:\/\/portaltela.pt\/noticias\/2026\/02\/16\/milhares-de-folioes-em-tras-os-montes-para-ver-os-caretos-de-podence\/\"},\"wordCount\":218,\"image\":{\"@id\":\"https:\/\/portaltela.pt\/noticias\/2026\/02\/16\/milhares-de-folioes-em-tras-os-montes-para-ver-os-caretos-de-podence\/#primaryimage\"},\"thumbnailUrl\":\"https:\/\/portaltela.pt\/s.01k8rhncp4jt1\/2026\/02\/img_1280x722uu2026-02-16-13-40-00-2267184.jpg\",\"keywords\":[\"cultura\",\"Patrim\u00f3nio Cultural\",\"patrim\u00f3nio imaterial\",\"tradi\u00e7\u00f5es\",\"Tr\u00e1s-os-Montes\",\"turismo\"],\"articleSection\":[\"Not\u00edcias\"],\"inLanguage\":\"pt-PT\"},{\"@type\":\"WebPage\",\"@id\":\"https:\/\/portaltela.pt\/noticias\/2026\/02\/16\/milhares-de-folioes-em-tras-os-montes-para-ver-os-caretos-de-podence\/\",\"url\":\"https:\/\/portaltela.pt\/noticias\/2026\/02\/16\/milhares-de-folioes-em-tras-os-montes-para-ver-os-caretos-de-podence\/\",\"name\":\"Milhares de foli\u00f5es em Tr\u00e1s-os-Montes para ver os Caretos de Podence - Portal Tela Portugal\",\"isPartOf\":{\"@id\":\"https:\/\/portaltela.pt\/#website\"},\"primaryImageOfPage\":{\"@id\":\"https:\/\/portaltela.pt\/noticias\/2026\/02\/16\/milhares-de-folioes-em-tras-os-montes-para-ver-os-caretos-de-podence\/#primaryimage\"},\"image\":{\"@id\":\"https:\/\/portaltela.pt\/noticias\/2026\/02\/16\/milhares-de-folioes-em-tras-os-montes-para-ver-os-caretos-de-podence\/#primaryimage\"},\"thumbnailUrl\":\"https:\/\/portaltela.pt\/s.01k8rhncp4jt1\/2026\/02\/img_1280x722uu2026-02-16-13-40-00-2267184.jpg\",\"datePublished\":\"2026-02-16T17:54:00+00:00\",\"author\":{\"@id\":\"https:\/\/portaltela.pt\/#\/schema\/person\/c4278d4a6028830caff9ee44b42d32ed\"},\"breadcrumb\":{\"@id\":\"https:\/\/portaltela.pt\/noticias\/2026\/02\/16\/milhares-de-folioes-em-tras-os-montes-para-ver-os-caretos-de-podence\/#breadcrumb\"},\"inLanguage\":\"pt-PT\",\"potentialAction\":[{\"@type\":\"ReadAction\",\"target\":[\"https:\/\/portaltela.pt\/noticias\/2026\/02\/16\/milhares-de-folioes-em-tras-os-montes-para-ver-os-caretos-de-podence\/\"]}]},{\"@type\":\"ImageObject\",\"inLanguage\":\"pt-PT\",\"@id\":\"https:\/\/portaltela.pt\/noticias\/2026\/02\/16\/milhares-de-folioes-em-tras-os-montes-para-ver-os-caretos-de-podence\/#primaryimage\",\"url\":\"https:\/\/portaltela.pt\/s.01k8rhncp4jt1\/2026\/02\/img_1280x722uu2026-02-16-13-40-00-2267184.jpg\",\"contentUrl\":\"https:\/\/portaltela.pt\/s.01k8rhncp4jt1\/2026\/02\/img_1280x722uu2026-02-16-13-40-00-2267184.jpg\",\"width\":796,\"height\":448,\"caption\":\"Photo\"},{\"@type\":\"BreadcrumbList\",\"@id\":\"https:\/\/portaltela.pt\/noticias\/2026\/02\/16\/milhares-de-folioes-em-tras-os-montes-para-ver-os-caretos-de-podence\/#breadcrumb\",\"itemListElement\":[{\"@type\":\"ListItem\",\"position\":1,\"name\":\"In\u00edcio\",\"item\":\"https:\/\/portaltela.pt\/\"},{\"@type\":\"ListItem\",\"position\":2,\"name\":\"Milhares de foli\u00f5es em Tr\u00e1s-os-Montes para ver os Caretos de Podence\"}]},{\"@type\":\"WebSite\",\"@id\":\"https:\/\/portaltela.pt\/#website\",\"url\":\"https:\/\/portaltela.pt\/\",\"name\":\"Portal Tela Portugal\",\"description\":\"\",\"potentialAction\":[{\"@type\":\"SearchAction\",\"target\":{\"@type\":\"EntryPoint\",\"urlTemplate\":\"https:\/\/portaltela.pt\/?s={search_term_string}\"},\"query-input\":{\"@type\":\"PropertyValueSpecification\",\"valueRequired\":true,\"valueName\":\"search_term_string\"}}],\"inLanguage\":\"pt-PT\"},{\"@type\":\"Person\",\"@id\":\"https:\/\/portaltela.pt\/#\/schema\/person\/c4278d4a6028830caff9ee44b42d32ed\",\"name\":\"Telinha\",\"image\":{\"@type\":\"ImageObject\",\"inLanguage\":\"pt-PT\",\"@id\":\"https:\/\/portaltela.pt\/s.01k8rhncp4jt1\/2025\/11\/talking-bot-125x125.png\",\"url\":\"https:\/\/portaltela.pt\/s.01k8rhncp4jt1\/2025\/11\/talking-bot-125x125.png\",\"contentUrl\":\"https:\/\/portaltela.pt\/s.01k8rhncp4jt1\/2025\/11\/talking-bot-125x125.png\",\"caption\":\"Telinha\"},\"sameAs\":[\"https:\/\/portaltela.pt\/\"],\"url\":\"https:\/\/portaltela.pt\/por\/367410592786\/\"}]}<\/script>\n<!-- \/ Yoast SEO plugin. -->","yoast_head_json":{"title":"Milhares de foli\u00f5es em Tr\u00e1s-os-Montes para ver os Caretos de Podence - Portal Tela Portugal","robots":{"index":"index","follow":"follow","max-snippet":"max-snippet:-1","max-image-preview":"max-image-preview:large","max-video-preview":"max-video-preview:-1"},"og_locale":"pt_PT","og_type":"article","og_title":"Milhares de foli\u00f5es em Tr\u00e1s-os-Montes para ver os Caretos de Podence - Portal Tela Portugal","og_description":"Milhares de foli\u00f5es em Tr\u00e1s-os-Montes para assistir aos Caretos de Podence. Os Caretos s\u00e3o uma tradi\u00e7\u00e3o da regi\u00e3o de Podence, reconhecida pela UNESCO como patrim\u00f3nio mundial imaterial. O evento ocorreu a 16 de fevereiro de 2026, \u00e0s 17:54. A cerim\u00f3nia celebra a express\u00e3o cultural \u00fanica associada aos caretos durante as festividades locais.","og_url":"https:\/\/portaltela.pt\/noticias\/2026\/02\/16\/milhares-de-folioes-em-tras-os-montes-para-ver-os-caretos-de-podence\/","og_site_name":"Portal Tela Portugal","article_published_time":"2026-02-16T17:54:00+00:00","author":"Telinha","twitter_card":"summary_large_image","twitter_misc":{"Escrito por":"Telinha","Tempo estimado de leitura":"1 minuto"},"schema":{"@context":"https:\/\/schema.org","@graph":[{"@type":"Article","@id":"https:\/\/portaltela.pt\/noticias\/2026\/02\/16\/milhares-de-folioes-em-tras-os-montes-para-ver-os-caretos-de-podence\/#article","isPartOf":{"@id":"https:\/\/portaltela.pt\/noticias\/2026\/02\/16\/milhares-de-folioes-em-tras-os-montes-para-ver-os-caretos-de-podence\/"},"author":{"name":"Telinha","@id":"https:\/\/portaltela.pt\/#\/schema\/person\/c4278d4a6028830caff9ee44b42d32ed"},"headline":"Milhares de foli\u00f5es em Tr\u00e1s-os-Montes para ver os Caretos de Podence","datePublished":"2026-02-16T17:54:00+00:00","mainEntityOfPage":{"@id":"https:\/\/portaltela.pt\/noticias\/2026\/02\/16\/milhares-de-folioes-em-tras-os-montes-para-ver-os-caretos-de-podence\/"},"wordCount":218,"image":{"@id":"https:\/\/portaltela.pt\/noticias\/2026\/02\/16\/milhares-de-folioes-em-tras-os-montes-para-ver-os-caretos-de-podence\/#primaryimage"},"thumbnailUrl":"https:\/\/portaltela.pt\/s.01k8rhncp4jt1\/2026\/02\/img_1280x722uu2026-02-16-13-40-00-2267184.jpg","keywords":["cultura","Patrim\u00f3nio Cultural","patrim\u00f3nio imaterial","tradi\u00e7\u00f5es","Tr\u00e1s-os-Montes","turismo"],"articleSection":["Not\u00edcias"],"inLanguage":"pt-PT"},{"@type":"WebPage","@id":"https:\/\/portaltela.pt\/noticias\/2026\/02\/16\/milhares-de-folioes-em-tras-os-montes-para-ver-os-caretos-de-podence\/","url":"https:\/\/portaltela.pt\/noticias\/2026\/02\/16\/milhares-de-folioes-em-tras-os-montes-para-ver-os-caretos-de-podence\/","name":"Milhares de foli\u00f5es em Tr\u00e1s-os-Montes para ver os Caretos de Podence - Portal Tela Portugal","isPartOf":{"@id":"https:\/\/portaltela.pt\/#website"},"primaryImageOfPage":{"@id":"https:\/\/portaltela.pt\/noticias\/2026\/02\/16\/milhares-de-folioes-em-tras-os-montes-para-ver-os-caretos-de-podence\/#primaryimage"},"image":{"@id":"https:\/\/portaltela.pt\/noticias\/2026\/02\/16\/milhares-de-folioes-em-tras-os-montes-para-ver-os-caretos-de-podence\/#primaryimage"},"thumbnailUrl":"https:\/\/portaltela.pt\/s.01k8rhncp4jt1\/2026\/02\/img_1280x722uu2026-02-16-13-40-00-2267184.jpg","datePublished":"2026-02-16T17:54:00+00:00","author":{"@id":"https:\/\/portaltela.pt\/#\/schema\/person\/c4278d4a6028830caff9ee44b42d32ed"},"breadcrumb":{"@id":"https:\/\/portaltela.pt\/noticias\/2026\/02\/16\/milhares-de-folioes-em-tras-os-montes-para-ver-os-caretos-de-podence\/#breadcrumb"},"inLanguage":"pt-PT","potentialAction":[{"@type":"ReadAction","target":["https:\/\/portaltela.pt\/noticias\/2026\/02\/16\/milhares-de-folioes-em-tras-os-montes-para-ver-os-caretos-de-podence\/"]}]},{"@type":"ImageObject","inLanguage":"pt-PT","@id":"https:\/\/portaltela.pt\/noticias\/2026\/02\/16\/milhares-de-folioes-em-tras-os-montes-para-ver-os-caretos-de-podence\/#primaryimage","url":"https:\/\/portaltela.pt\/s.01k8rhncp4jt1\/2026\/02\/img_1280x722uu2026-02-16-13-40-00-2267184.jpg","contentUrl":"https:\/\/portaltela.pt\/s.01k8rhncp4jt1\/2026\/02\/img_1280x722uu2026-02-16-13-40-00-2267184.jpg","width":796,"height":448,"caption":"Photo"},{"@type":"BreadcrumbList","@id":"https:\/\/portaltela.pt\/noticias\/2026\/02\/16\/milhares-de-folioes-em-tras-os-montes-para-ver-os-caretos-de-podence\/#breadcrumb","itemListElement":[{"@type":"ListItem","position":1,"name":"In\u00edcio","item":"https:\/\/portaltela.pt\/"},{"@type":"ListItem","position":2,"name":"Milhares de foli\u00f5es em Tr\u00e1s-os-Montes para ver os Caretos de Podence"}]},{"@type":"WebSite","@id":"https:\/\/portaltela.pt\/#website","url":"https:\/\/portaltela.pt\/","name":"Portal Tela Portugal","description":"","potentialAction":[{"@type":"SearchAction","target":{"@type":"EntryPoint","urlTemplate":"https:\/\/portaltela.pt\/?s={search_term_string}"},"query-input":{"@type":"PropertyValueSpecification","valueRequired":true,"valueName":"search_term_string"}}],"inLanguage":"pt-PT"},{"@type":"Person","@id":"https:\/\/portaltela.pt\/#\/schema\/person\/c4278d4a6028830caff9ee44b42d32ed","name":"Telinha","image":{"@type":"ImageObject","inLanguage":"pt-PT","@id":"https:\/\/portaltela.pt\/s.01k8rhncp4jt1\/2025\/11\/talking-bot-125x125.png","url":"https:\/\/portaltela.pt\/s.01k8rhncp4jt1\/2025\/11\/talking-bot-125x125.png","contentUrl":"https:\/\/portaltela.pt\/s.01k8rhncp4jt1\/2025\/11\/talking-bot-125x125.png","caption":"Telinha"},"sameAs":["https:\/\/portaltela.pt\/"],"url":"https:\/\/portaltela.pt\/por\/367410592786\/"}]}},"_links":{"self":[{"href":"https:\/\/portaltela.pt\/api\/wp\/v2\/posts\/214872","targetHints":{"allow":["GET"]}}],"collection":[{"href":"https:\/\/portaltela.pt\/api\/wp\/v2\/posts"}],"about":[{"href":"https:\/\/portaltela.pt\/api\/wp\/v2\/types\/post"}],"author":[{"embeddable":true,"href":"https:\/\/portaltela.pt\/api\/wp\/v2\/users\/2"}],"replies":[{"embeddable":true,"href":"https:\/\/portaltela.pt\/api\/wp\/v2\/comments?post=214872"}],"version-history":[{"count":0,"href":"https:\/\/portaltela.pt\/api\/wp\/v2\/posts\/214872\/revisions"}],"wp:featuredmedia":[{"embeddable":true,"href":"https:\/\/portaltela.pt\/api\/wp\/v2\/media\/214884"}],"wp:attachment":[{"href":"https:\/\/portaltela.pt\/api\/wp\/v2\/media?parent=214872"}],"wp:term":[{"taxonomy":"category","embeddable":true,"href":"https:\/\/portaltela.pt\/api\/wp\/v2\/categories?post=214872"},{"taxonomy":"post_tag","embeddable":true,"href":"https:\/\/portaltela.pt\/api\/wp\/v2\/tags?post=214872"}],"curies":[{"name":"wp","href":"https:\/\/api.w.org\/{rel}","templated":true}]}}