{"id":214837,"date":"2026-02-16T14:41:00","date_gmt":"2026-02-16T17:41:00","guid":{"rendered":"https:\/\/portaltela.pt\/noticias\/2026\/02\/16\/prazo-para-validar-faturas-do-irs-2025-termina-em-2-de-marco\/"},"modified":"2026-02-16T14:41:00","modified_gmt":"2026-02-16T17:41:00","slug":"prazo-para-validar-faturas-do-irs-2025-termina-em-2-de-marco","status":"publish","type":"post","link":"https:\/\/portaltela.pt\/noticias\/2026\/02\/16\/prazo-para-validar-faturas-do-irs-2025-termina-em-2-de-marco\/","title":{"rendered":"Prazo para validar faturas do IRS 2025 termina em 2 de mar\u00e7o"},"content":{"rendered":"<p>O prazo para validar as faturas do IRS de 2025 terminou a 2 de mar\u00e7o, anunciou a Autoridade Tribut\u00e1ria e Aduaneira (AT). A valida\u00e7\u00e3o deve ser feita via Portal das Finan\u00e7as, em vez da data habitual de 28 de fevereiro.<\/p>\n<p>A AT explicou que a extens\u00e3o facilita o registo de faturas pelos contribuintes, mantendo as regras de fatura\u00e7\u00e3o inalteradas. O an\u00fancio aborda apenas o novo limite para a valida\u00e7\u00e3o no portal.<\/p>\n","protected":false},"excerpt":{"rendered":"<ul>\n<li>O prazo para validar as faturas do IRS de 2025 no Portal \u00e9 at\u00e9 02 de mar\u00e7o.<\/li>\n<li>A data Alduz regular seria 28 de fevereiro, conforme informa\u00e7\u00e3o da Autoridade Tribut\u00e1ria e Aduaneira.<\/li>\n<li>A atualiza\u00e7\u00e3o foi anunciada pela Autoridade Tribut\u00e1ria e Aduaneira.<\/li>\n<li>Conte\u00fado completo dispon\u00edvel apenas para Subscritores.<\/li>\n<\/ul>\n","protected":false},"author":2,"featured_media":214843,"comment_status":"closed","ping_status":"closed","sticky":false,"template":"","format":"standard","meta":{"footnotes":""},"categories":[1],"tags":[2850,695,34,3613,5563,5708],"class_list":["post-214837","post","type-post","status-publish","format-standard","has-post-thumbnail","hentry","category-noticias","tag-autoridade-tributaria","tag-fiscalizacao","tag-governo","tag-impostos","tag-informacao-publica","tag-transparencia-publica"],"yoast_head":"<!-- This site is optimized with the Yoast SEO plugin v27.2 - https:\/\/yoast.com\/product\/yoast-seo-wordpress\/ -->\n<title>Prazo para validar faturas do IRS 2025 termina em 2 de mar\u00e7o - Portal Tela Portugal<\/title>\n<meta name=\"robots\" content=\"index, follow, max-snippet:-1, max-image-preview:large, max-video-preview:-1\" \/>\n<meta property=\"og:locale\" content=\"pt_PT\" \/>\n<meta property=\"og:type\" content=\"article\" \/>\n<meta property=\"og:title\" content=\"Prazo para validar faturas do IRS 2025 termina em 2 de mar\u00e7o - Portal Tela Portugal\" \/>\n<meta property=\"og:description\" content=\"O prazo para validar as faturas do IRS de 2025 no Portal \u00e9 at\u00e9 02 de mar\u00e7o. A data Alduz regular seria 28 de fevereiro, conforme informa\u00e7\u00e3o da Autoridade Tribut\u00e1ria e Aduaneira. A atualiza\u00e7\u00e3o foi anunciada pela Autoridade Tribut\u00e1ria e Aduaneira. Conte\u00fado completo dispon\u00edvel apenas para Subscritores.\" \/>\n<meta property=\"og:url\" content=\"https:\/\/portaltela.pt\/noticias\/2026\/02\/16\/prazo-para-validar-faturas-do-irs-2025-termina-em-2-de-marco\/\" \/>\n<meta property=\"og:site_name\" content=\"Portal Tela Portugal\" \/>\n<meta property=\"article:published_time\" content=\"2026-02-16T17:41:00+00:00\" \/>\n<meta name=\"author\" content=\"Telinha\" \/>\n<meta name=\"twitter:card\" content=\"summary_large_image\" \/>\n<meta name=\"twitter:label1\" content=\"Escrito por\" \/>\n\t<meta name=\"twitter:data1\" content=\"Telinha\" \/>\n<script type=\"application\/ld+json\" class=\"yoast-schema-graph\">{\"@context\":\"https:\/\/schema.org\",\"@graph\":[{\"@type\":\"Article\",\"@id\":\"https:\/\/portaltela.pt\/noticias\/2026\/02\/16\/prazo-para-validar-faturas-do-irs-2025-termina-em-2-de-marco\/#article\",\"isPartOf\":{\"@id\":\"https:\/\/portaltela.pt\/noticias\/2026\/02\/16\/prazo-para-validar-faturas-do-irs-2025-termina-em-2-de-marco\/\"},\"author\":{\"name\":\"Telinha\",\"@id\":\"https:\/\/portaltela.pt\/#\/schema\/person\/c4278d4a6028830caff9ee44b42d32ed\"},\"headline\":\"Prazo para validar faturas do IRS 2025 termina em 2 de mar\u00e7o\",\"datePublished\":\"2026-02-16T17:41:00+00:00\",\"mainEntityOfPage\":{\"@id\":\"https:\/\/portaltela.pt\/noticias\/2026\/02\/16\/prazo-para-validar-faturas-do-irs-2025-termina-em-2-de-marco\/\"},\"wordCount\":87,\"image\":{\"@id\":\"https:\/\/portaltela.pt\/noticias\/2026\/02\/16\/prazo-para-validar-faturas-do-irs-2025-termina-em-2-de-marco\/#primaryimage\"},\"thumbnailUrl\":\"https:\/\/portaltela.pt\/s.01k8rhncp4jt1\/2026\/02\/CACHE_780X1200_ANALOG_WATERMARKED_44480565_1539009_25022025074317.jpg\",\"keywords\":[\"Autoridade Tribut\u00e1ria\",\"fiscaliza\u00e7\u00e3o\",\"governo\",\"impostos\",\"informa\u00e7\u00e3o p\u00fablica\",\"transpar\u00eancia p\u00fablica\"],\"articleSection\":[\"Not\u00edcias\"],\"inLanguage\":\"pt-PT\"},{\"@type\":\"WebPage\",\"@id\":\"https:\/\/portaltela.pt\/noticias\/2026\/02\/16\/prazo-para-validar-faturas-do-irs-2025-termina-em-2-de-marco\/\",\"url\":\"https:\/\/portaltela.pt\/noticias\/2026\/02\/16\/prazo-para-validar-faturas-do-irs-2025-termina-em-2-de-marco\/\",\"name\":\"Prazo para validar faturas do IRS 2025 termina em 2 de mar\u00e7o - Portal Tela Portugal\",\"isPartOf\":{\"@id\":\"https:\/\/portaltela.pt\/#website\"},\"primaryImageOfPage\":{\"@id\":\"https:\/\/portaltela.pt\/noticias\/2026\/02\/16\/prazo-para-validar-faturas-do-irs-2025-termina-em-2-de-marco\/#primaryimage\"},\"image\":{\"@id\":\"https:\/\/portaltela.pt\/noticias\/2026\/02\/16\/prazo-para-validar-faturas-do-irs-2025-termina-em-2-de-marco\/#primaryimage\"},\"thumbnailUrl\":\"https:\/\/portaltela.pt\/s.01k8rhncp4jt1\/2026\/02\/CACHE_780X1200_ANALOG_WATERMARKED_44480565_1539009_25022025074317.jpg\",\"datePublished\":\"2026-02-16T17:41:00+00:00\",\"author\":{\"@id\":\"https:\/\/portaltela.pt\/#\/schema\/person\/c4278d4a6028830caff9ee44b42d32ed\"},\"breadcrumb\":{\"@id\":\"https:\/\/portaltela.pt\/noticias\/2026\/02\/16\/prazo-para-validar-faturas-do-irs-2025-termina-em-2-de-marco\/#breadcrumb\"},\"inLanguage\":\"pt-PT\",\"potentialAction\":[{\"@type\":\"ReadAction\",\"target\":[\"https:\/\/portaltela.pt\/noticias\/2026\/02\/16\/prazo-para-validar-faturas-do-irs-2025-termina-em-2-de-marco\/\"]}]},{\"@type\":\"ImageObject\",\"inLanguage\":\"pt-PT\",\"@id\":\"https:\/\/portaltela.pt\/noticias\/2026\/02\/16\/prazo-para-validar-faturas-do-irs-2025-termina-em-2-de-marco\/#primaryimage\",\"url\":\"https:\/\/portaltela.pt\/s.01k8rhncp4jt1\/2026\/02\/CACHE_780X1200_ANALOG_WATERMARKED_44480565_1539009_25022025074317.jpg\",\"contentUrl\":\"https:\/\/portaltela.pt\/s.01k8rhncp4jt1\/2026\/02\/CACHE_780X1200_ANALOG_WATERMARKED_44480565_1539009_25022025074317.jpg\",\"width\":796,\"height\":448,\"caption\":\"Prazo para validar as faturas do IRS de 2025 termina em 02 de mar\u00e7o\"},{\"@type\":\"BreadcrumbList\",\"@id\":\"https:\/\/portaltela.pt\/noticias\/2026\/02\/16\/prazo-para-validar-faturas-do-irs-2025-termina-em-2-de-marco\/#breadcrumb\",\"itemListElement\":[{\"@type\":\"ListItem\",\"position\":1,\"name\":\"In\u00edcio\",\"item\":\"https:\/\/portaltela.pt\/\"},{\"@type\":\"ListItem\",\"position\":2,\"name\":\"Prazo para validar faturas do IRS 2025 termina em 2 de mar\u00e7o\"}]},{\"@type\":\"WebSite\",\"@id\":\"https:\/\/portaltela.pt\/#website\",\"url\":\"https:\/\/portaltela.pt\/\",\"name\":\"Portal Tela Portugal\",\"description\":\"\",\"potentialAction\":[{\"@type\":\"SearchAction\",\"target\":{\"@type\":\"EntryPoint\",\"urlTemplate\":\"https:\/\/portaltela.pt\/?s={search_term_string}\"},\"query-input\":{\"@type\":\"PropertyValueSpecification\",\"valueRequired\":true,\"valueName\":\"search_term_string\"}}],\"inLanguage\":\"pt-PT\"},{\"@type\":\"Person\",\"@id\":\"https:\/\/portaltela.pt\/#\/schema\/person\/c4278d4a6028830caff9ee44b42d32ed\",\"name\":\"Telinha\",\"image\":{\"@type\":\"ImageObject\",\"inLanguage\":\"pt-PT\",\"@id\":\"https:\/\/portaltela.pt\/s.01k8rhncp4jt1\/2025\/11\/talking-bot-125x125.png\",\"url\":\"https:\/\/portaltela.pt\/s.01k8rhncp4jt1\/2025\/11\/talking-bot-125x125.png\",\"contentUrl\":\"https:\/\/portaltela.pt\/s.01k8rhncp4jt1\/2025\/11\/talking-bot-125x125.png\",\"caption\":\"Telinha\"},\"sameAs\":[\"https:\/\/portaltela.pt\/\"],\"url\":\"https:\/\/portaltela.pt\/por\/367410592786\/\"}]}<\/script>\n<!-- \/ Yoast SEO plugin. -->","yoast_head_json":{"title":"Prazo para validar faturas do IRS 2025 termina em 2 de mar\u00e7o - Portal Tela Portugal","robots":{"index":"index","follow":"follow","max-snippet":"max-snippet:-1","max-image-preview":"max-image-preview:large","max-video-preview":"max-video-preview:-1"},"og_locale":"pt_PT","og_type":"article","og_title":"Prazo para validar faturas do IRS 2025 termina em 2 de mar\u00e7o - Portal Tela Portugal","og_description":"O prazo para validar as faturas do IRS de 2025 no Portal \u00e9 at\u00e9 02 de mar\u00e7o. A data Alduz regular seria 28 de fevereiro, conforme informa\u00e7\u00e3o da Autoridade Tribut\u00e1ria e Aduaneira. A atualiza\u00e7\u00e3o foi anunciada pela Autoridade Tribut\u00e1ria e Aduaneira. Conte\u00fado completo dispon\u00edvel apenas para Subscritores.","og_url":"https:\/\/portaltela.pt\/noticias\/2026\/02\/16\/prazo-para-validar-faturas-do-irs-2025-termina-em-2-de-marco\/","og_site_name":"Portal Tela Portugal","article_published_time":"2026-02-16T17:41:00+00:00","author":"Telinha","twitter_card":"summary_large_image","twitter_misc":{"Escrito por":"Telinha"},"schema":{"@context":"https:\/\/schema.org","@graph":[{"@type":"Article","@id":"https:\/\/portaltela.pt\/noticias\/2026\/02\/16\/prazo-para-validar-faturas-do-irs-2025-termina-em-2-de-marco\/#article","isPartOf":{"@id":"https:\/\/portaltela.pt\/noticias\/2026\/02\/16\/prazo-para-validar-faturas-do-irs-2025-termina-em-2-de-marco\/"},"author":{"name":"Telinha","@id":"https:\/\/portaltela.pt\/#\/schema\/person\/c4278d4a6028830caff9ee44b42d32ed"},"headline":"Prazo para validar faturas do IRS 2025 termina em 2 de mar\u00e7o","datePublished":"2026-02-16T17:41:00+00:00","mainEntityOfPage":{"@id":"https:\/\/portaltela.pt\/noticias\/2026\/02\/16\/prazo-para-validar-faturas-do-irs-2025-termina-em-2-de-marco\/"},"wordCount":87,"image":{"@id":"https:\/\/portaltela.pt\/noticias\/2026\/02\/16\/prazo-para-validar-faturas-do-irs-2025-termina-em-2-de-marco\/#primaryimage"},"thumbnailUrl":"https:\/\/portaltela.pt\/s.01k8rhncp4jt1\/2026\/02\/CACHE_780X1200_ANALOG_WATERMARKED_44480565_1539009_25022025074317.jpg","keywords":["Autoridade Tribut\u00e1ria","fiscaliza\u00e7\u00e3o","governo","impostos","informa\u00e7\u00e3o p\u00fablica","transpar\u00eancia p\u00fablica"],"articleSection":["Not\u00edcias"],"inLanguage":"pt-PT"},{"@type":"WebPage","@id":"https:\/\/portaltela.pt\/noticias\/2026\/02\/16\/prazo-para-validar-faturas-do-irs-2025-termina-em-2-de-marco\/","url":"https:\/\/portaltela.pt\/noticias\/2026\/02\/16\/prazo-para-validar-faturas-do-irs-2025-termina-em-2-de-marco\/","name":"Prazo para validar faturas do IRS 2025 termina em 2 de mar\u00e7o - Portal Tela Portugal","isPartOf":{"@id":"https:\/\/portaltela.pt\/#website"},"primaryImageOfPage":{"@id":"https:\/\/portaltela.pt\/noticias\/2026\/02\/16\/prazo-para-validar-faturas-do-irs-2025-termina-em-2-de-marco\/#primaryimage"},"image":{"@id":"https:\/\/portaltela.pt\/noticias\/2026\/02\/16\/prazo-para-validar-faturas-do-irs-2025-termina-em-2-de-marco\/#primaryimage"},"thumbnailUrl":"https:\/\/portaltela.pt\/s.01k8rhncp4jt1\/2026\/02\/CACHE_780X1200_ANALOG_WATERMARKED_44480565_1539009_25022025074317.jpg","datePublished":"2026-02-16T17:41:00+00:00","author":{"@id":"https:\/\/portaltela.pt\/#\/schema\/person\/c4278d4a6028830caff9ee44b42d32ed"},"breadcrumb":{"@id":"https:\/\/portaltela.pt\/noticias\/2026\/02\/16\/prazo-para-validar-faturas-do-irs-2025-termina-em-2-de-marco\/#breadcrumb"},"inLanguage":"pt-PT","potentialAction":[{"@type":"ReadAction","target":["https:\/\/portaltela.pt\/noticias\/2026\/02\/16\/prazo-para-validar-faturas-do-irs-2025-termina-em-2-de-marco\/"]}]},{"@type":"ImageObject","inLanguage":"pt-PT","@id":"https:\/\/portaltela.pt\/noticias\/2026\/02\/16\/prazo-para-validar-faturas-do-irs-2025-termina-em-2-de-marco\/#primaryimage","url":"https:\/\/portaltela.pt\/s.01k8rhncp4jt1\/2026\/02\/CACHE_780X1200_ANALOG_WATERMARKED_44480565_1539009_25022025074317.jpg","contentUrl":"https:\/\/portaltela.pt\/s.01k8rhncp4jt1\/2026\/02\/CACHE_780X1200_ANALOG_WATERMARKED_44480565_1539009_25022025074317.jpg","width":796,"height":448,"caption":"Prazo para validar as faturas do IRS de 2025 termina em 02 de mar\u00e7o"},{"@type":"BreadcrumbList","@id":"https:\/\/portaltela.pt\/noticias\/2026\/02\/16\/prazo-para-validar-faturas-do-irs-2025-termina-em-2-de-marco\/#breadcrumb","itemListElement":[{"@type":"ListItem","position":1,"name":"In\u00edcio","item":"https:\/\/portaltela.pt\/"},{"@type":"ListItem","position":2,"name":"Prazo para validar faturas do IRS 2025 termina em 2 de mar\u00e7o"}]},{"@type":"WebSite","@id":"https:\/\/portaltela.pt\/#website","url":"https:\/\/portaltela.pt\/","name":"Portal Tela Portugal","description":"","potentialAction":[{"@type":"SearchAction","target":{"@type":"EntryPoint","urlTemplate":"https:\/\/portaltela.pt\/?s={search_term_string}"},"query-input":{"@type":"PropertyValueSpecification","valueRequired":true,"valueName":"search_term_string"}}],"inLanguage":"pt-PT"},{"@type":"Person","@id":"https:\/\/portaltela.pt\/#\/schema\/person\/c4278d4a6028830caff9ee44b42d32ed","name":"Telinha","image":{"@type":"ImageObject","inLanguage":"pt-PT","@id":"https:\/\/portaltela.pt\/s.01k8rhncp4jt1\/2025\/11\/talking-bot-125x125.png","url":"https:\/\/portaltela.pt\/s.01k8rhncp4jt1\/2025\/11\/talking-bot-125x125.png","contentUrl":"https:\/\/portaltela.pt\/s.01k8rhncp4jt1\/2025\/11\/talking-bot-125x125.png","caption":"Telinha"},"sameAs":["https:\/\/portaltela.pt\/"],"url":"https:\/\/portaltela.pt\/por\/367410592786\/"}]}},"_links":{"self":[{"href":"https:\/\/portaltela.pt\/api\/wp\/v2\/posts\/214837","targetHints":{"allow":["GET"]}}],"collection":[{"href":"https:\/\/portaltela.pt\/api\/wp\/v2\/posts"}],"about":[{"href":"https:\/\/portaltela.pt\/api\/wp\/v2\/types\/post"}],"author":[{"embeddable":true,"href":"https:\/\/portaltela.pt\/api\/wp\/v2\/users\/2"}],"replies":[{"embeddable":true,"href":"https:\/\/portaltela.pt\/api\/wp\/v2\/comments?post=214837"}],"version-history":[{"count":0,"href":"https:\/\/portaltela.pt\/api\/wp\/v2\/posts\/214837\/revisions"}],"wp:featuredmedia":[{"embeddable":true,"href":"https:\/\/portaltela.pt\/api\/wp\/v2\/media\/214843"}],"wp:attachment":[{"href":"https:\/\/portaltela.pt\/api\/wp\/v2\/media?parent=214837"}],"wp:term":[{"taxonomy":"category","embeddable":true,"href":"https:\/\/portaltela.pt\/api\/wp\/v2\/categories?post=214837"},{"taxonomy":"post_tag","embeddable":true,"href":"https:\/\/portaltela.pt\/api\/wp\/v2\/tags?post=214837"}],"curies":[{"name":"wp","href":"https:\/\/api.w.org\/{rel}","templated":true}]}}