{"id":214829,"date":"2026-02-16T14:21:00","date_gmt":"2026-02-16T17:21:00","guid":{"rendered":"https:\/\/portaltela.pt\/noticias\/2026\/02\/16\/ps-solicita-ao-governo-ampliar-situacao-de-calamidade-para-mais-concelhos\/"},"modified":"2026-02-16T14:21:00","modified_gmt":"2026-02-16T17:21:00","slug":"ps-solicita-ao-governo-ampliar-situacao-de-calamidade-para-mais-concelhos","status":"publish","type":"post","link":"https:\/\/portaltela.pt\/noticias\/politica\/2026\/02\/16\/ps-solicita-ao-governo-ampliar-situacao-de-calamidade-para-mais-concelhos\/","title":{"rendered":"PS solicita ao Governo ampliar situa\u00e7\u00e3o de calamidade para mais concelhos"},"content":{"rendered":"<p>O PS apresentou no parlamento um projeto de resolu\u00e7\u00e3o para alargar a calamidade a novos concelhos. A proposta abrange Alenquer, Arruda dos Vinhos, Azambuja, Sobral de Monte Agra\u00e7o e os munic\u00edpios da Lez\u00edria do Tejo. A ideia \u00e9 que a extens\u00e3o seja r\u00e1pida, com efeitos retroativos.<\/p>\n<p>Os socialistas defendem a prorroga\u00e7\u00e3o temporal da calamidade, j\u00e1 ap\u00f3s o terminar deste domingo, e a inclus\u00e3o de mais territ\u00f3rios face aos danos verificados. O texto sustenta que a cat\u00e1strofe atual justifica medidas robustas para reposi\u00e7\u00e3o c\u00e9lere da normalidade.<\/p>\n<p>O grupo parlamentar l\u00ea que o territ\u00f3rio foi amplamente afectado pelo conjunto de tempestades que atingiu Portugal continental. H\u00e1 convic\u00e7\u00e3o de que ainda n\u00e3o existe um crit\u00e9rio claro do Governo para a declara\u00e7\u00e3o de calamidade e que muitos munic\u00edpios foram afetados sem essa designa\u00e7\u00e3o.<\/p>\n<p>A bancada destaca a necessidade de um Estado presente e de um Governo pr\u00f3ximo, capaz de responder \u00e0s dificuldades do choque de tempestades. O primeiro signat\u00e1rio \u00e9 o secret\u00e1rio-geral do PS, Jos\u00e9 Lu\u00eds Carneiro.<\/p>\n<h3>Medidas propostas<\/h3>\n<p>O PS solicita uma avalia\u00e7\u00e3o r\u00e1pida do impacto nas juntas de freguesia e nos munic\u00edpios em conting\u00eancia, com relat\u00f3rio pluridisciplinar e sum\u00e1rio. O objetivo \u00e9 igualar, com efeitos retroativos, esses concelhos \u00e0 calamidade.<\/p>\n<p>A comiss\u00e3o parlamentar tamb\u00e9m pretende um relat\u00f3rio espec\u00edfico sobre os efeitos da tempestade nos locais n\u00e3o abrangidos pela calamidade nem pela conting\u00eancia. O grupo recomenda o mapeamento e a prioriza\u00e7\u00e3o de infraestruturas p\u00fablicas afetadas pela tempestade.<\/p>\n<p>Al\u00e9m disso, a bancada pede a ativa\u00e7\u00e3o imediata de mecanismos de aux\u00edlio financeiro aos munic\u00edpios e o refor\u00e7o extraordin\u00e1rio do fundo de emerg\u00eancia. A medida visa acelerar a resposta aos danos e facilitar interven\u00e7\u00f5es urgentes.<\/p>\n","protected":false},"excerpt":{"rendered":"<ul>\n<li>O PS pediu ao Governo que alargue a situa\u00e7\u00e3o de calamidade aos concelhos de Alenquer, Arruda dos Vinhos, Azambuja, Sobral de Monte Agra\u00e7o e aos munic\u00edpios da Lez\u00edria do Tejo, com efeitos retroativos.<\/li>\n<li>Prop\u00f5e a extens\u00e3o temporal da calamidade, que terminou no domingo, e uma avalia\u00e7\u00e3o r\u00e1pida do impacto das tempestades nesses munic\u00edpios em conting\u00eancia.<\/li>\n<li>A bancada socialista sustenta que a cat\u00e1strofe \u00e9 excecional e exige medidas robustas para reposi\u00e7\u00e3o r\u00e1pida da normalidade, criticando a aus\u00eancia de crit\u00e9rio claro do Governo para a declara\u00e7\u00e3o de calamidade.<\/li>\n<li>Requer uma avalia\u00e7\u00e3o pluridisciplinar e sum\u00e1ria do impacto das tempestades nos concelhos em conting\u00eancia, com efeitos retroativos ao enquadramento na calamidade, e um relat\u00f3rio sobre os efeitos nos concelhos n\u00e3o abrangidos.<\/li>\n<li>Pede ainda ativa\u00e7\u00e3o imediata de mecanismos de apoio financeiro aos munic\u00edpios e refor\u00e7o urgente do fundo de emerg\u00eancia, bem como mapear infraestruturas p\u00fablicas afetadas pela tempestade para interven\u00e7\u00e3o priorit\u00e1ria.<\/li>\n<\/ul>\n","protected":false},"author":2,"featured_media":214830,"comment_status":"closed","ping_status":"closed","sticky":false,"template":"","format":"standard","meta":{"footnotes":""},"categories":[1,5],"tags":[4180,4770,1133,4687,3623,5648],"class_list":["post-214829","post","type-post","status-publish","format-standard","has-post-thumbnail","hentry","category-noticias","category-politica","tag-alenquer","tag-arruda-dos-vinhos","tag-azambuja","tag-calamidade-publica","tag-leziria-do-tejo","tag-sobral-de-monte-agraco"],"yoast_head":"<!-- This site is optimized with the Yoast SEO plugin v27.2 - https:\/\/yoast.com\/product\/yoast-seo-wordpress\/ -->\n<title>PS solicita ao Governo ampliar situa\u00e7\u00e3o de calamidade para mais concelhos - Portal Tela Portugal<\/title>\n<meta name=\"robots\" content=\"index, follow, max-snippet:-1, max-image-preview:large, max-video-preview:-1\" \/>\n<meta property=\"og:locale\" content=\"pt_PT\" \/>\n<meta property=\"og:type\" content=\"article\" \/>\n<meta property=\"og:title\" content=\"PS solicita ao Governo ampliar situa\u00e7\u00e3o de calamidade para mais concelhos - Portal Tela Portugal\" \/>\n<meta property=\"og:description\" content=\"O PS pediu ao Governo que alargue a situa\u00e7\u00e3o de calamidade aos concelhos de Alenquer, Arruda dos Vinhos, Azambuja, Sobral de Monte Agra\u00e7o e aos munic\u00edpios da Lez\u00edria do Tejo, com efeitos retroativos. Prop\u00f5e a extens\u00e3o temporal da calamidade, que terminou no domingo, e uma avalia\u00e7\u00e3o r\u00e1pida do impacto das tempestades nesses munic\u00edpios em conting\u00eancia. A bancada socialista sustenta que a cat\u00e1strofe \u00e9 excecional e exige medidas robustas para reposi\u00e7\u00e3o r\u00e1pida da normalidade, criticando a aus\u00eancia de crit\u00e9rio claro do Governo para a declara\u00e7\u00e3o de calamidade. Requer uma avalia\u00e7\u00e3o pluridisciplinar e sum\u00e1ria do impacto das tempestades nos concelhos em conting\u00eancia, com efeitos retroativos ao enquadramento na calamidade, e um relat\u00f3rio sobre os efeitos nos concelhos n\u00e3o abrangidos. Pede ainda ativa\u00e7\u00e3o imediata de mecanismos de apoio financeiro aos munic\u00edpios e refor\u00e7o urgente do fundo de emerg\u00eancia, bem como mapear infraestruturas p\u00fablicas afetadas pela tempestade para interven\u00e7\u00e3o priorit\u00e1ria.\" \/>\n<meta property=\"og:url\" content=\"https:\/\/portaltela.pt\/noticias\/2026\/02\/16\/ps-solicita-ao-governo-ampliar-situacao-de-calamidade-para-mais-concelhos\/\" \/>\n<meta property=\"og:site_name\" content=\"Portal Tela Portugal\" \/>\n<meta property=\"article:published_time\" content=\"2026-02-16T17:21:00+00:00\" \/>\n<meta name=\"author\" content=\"Telinha\" \/>\n<meta name=\"twitter:card\" content=\"summary_large_image\" \/>\n<meta name=\"twitter:label1\" content=\"Escrito por\" \/>\n\t<meta name=\"twitter:data1\" content=\"Telinha\" \/>\n\t<meta name=\"twitter:label2\" content=\"Tempo estimado de leitura\" \/>\n\t<meta name=\"twitter:data2\" content=\"2 minutos\" \/>\n<script type=\"application\/ld+json\" class=\"yoast-schema-graph\">{\"@context\":\"https:\/\/schema.org\",\"@graph\":[{\"@type\":\"Article\",\"@id\":\"https:\/\/portaltela.pt\/noticias\/2026\/02\/16\/ps-solicita-ao-governo-ampliar-situacao-de-calamidade-para-mais-concelhos\/#article\",\"isPartOf\":{\"@id\":\"https:\/\/portaltela.pt\/noticias\/2026\/02\/16\/ps-solicita-ao-governo-ampliar-situacao-de-calamidade-para-mais-concelhos\/\"},\"author\":{\"name\":\"Telinha\",\"@id\":\"https:\/\/portaltela.pt\/#\/schema\/person\/c4278d4a6028830caff9ee44b42d32ed\"},\"headline\":\"PS solicita ao Governo ampliar situa\u00e7\u00e3o de calamidade para mais concelhos\",\"datePublished\":\"2026-02-16T17:21:00+00:00\",\"mainEntityOfPage\":{\"@id\":\"https:\/\/portaltela.pt\/noticias\/2026\/02\/16\/ps-solicita-ao-governo-ampliar-situacao-de-calamidade-para-mais-concelhos\/\"},\"wordCount\":323,\"image\":{\"@id\":\"https:\/\/portaltela.pt\/noticias\/2026\/02\/16\/ps-solicita-ao-governo-ampliar-situacao-de-calamidade-para-mais-concelhos\/#primaryimage\"},\"thumbnailUrl\":\"https:\/\/portaltela.pt\/s.01k8rhncp4jt1\/2026\/02\/img_1500x1000uu2026-02-08-21-41-04-2265732-2.jpg\",\"keywords\":[\"Alenquer\",\"Arruda dos Vinhos\",\"Azambuja\",\"calamidade p\u00fablica\",\"Lez\u00edria do Tejo\",\"Sobral de Monte Agra\u00e7o\"],\"articleSection\":[\"Not\u00edcias\",\"Pol\u00edtica\"],\"inLanguage\":\"pt-PT\"},{\"@type\":\"WebPage\",\"@id\":\"https:\/\/portaltela.pt\/noticias\/2026\/02\/16\/ps-solicita-ao-governo-ampliar-situacao-de-calamidade-para-mais-concelhos\/\",\"url\":\"https:\/\/portaltela.pt\/noticias\/2026\/02\/16\/ps-solicita-ao-governo-ampliar-situacao-de-calamidade-para-mais-concelhos\/\",\"name\":\"PS solicita ao Governo ampliar situa\u00e7\u00e3o de calamidade para mais concelhos - Portal Tela Portugal\",\"isPartOf\":{\"@id\":\"https:\/\/portaltela.pt\/#website\"},\"primaryImageOfPage\":{\"@id\":\"https:\/\/portaltela.pt\/noticias\/2026\/02\/16\/ps-solicita-ao-governo-ampliar-situacao-de-calamidade-para-mais-concelhos\/#primaryimage\"},\"image\":{\"@id\":\"https:\/\/portaltela.pt\/noticias\/2026\/02\/16\/ps-solicita-ao-governo-ampliar-situacao-de-calamidade-para-mais-concelhos\/#primaryimage\"},\"thumbnailUrl\":\"https:\/\/portaltela.pt\/s.01k8rhncp4jt1\/2026\/02\/img_1500x1000uu2026-02-08-21-41-04-2265732-2.jpg\",\"datePublished\":\"2026-02-16T17:21:00+00:00\",\"author\":{\"@id\":\"https:\/\/portaltela.pt\/#\/schema\/person\/c4278d4a6028830caff9ee44b42d32ed\"},\"breadcrumb\":{\"@id\":\"https:\/\/portaltela.pt\/noticias\/2026\/02\/16\/ps-solicita-ao-governo-ampliar-situacao-de-calamidade-para-mais-concelhos\/#breadcrumb\"},\"inLanguage\":\"pt-PT\",\"potentialAction\":[{\"@type\":\"ReadAction\",\"target\":[\"https:\/\/portaltela.pt\/noticias\/2026\/02\/16\/ps-solicita-ao-governo-ampliar-situacao-de-calamidade-para-mais-concelhos\/\"]}]},{\"@type\":\"ImageObject\",\"inLanguage\":\"pt-PT\",\"@id\":\"https:\/\/portaltela.pt\/noticias\/2026\/02\/16\/ps-solicita-ao-governo-ampliar-situacao-de-calamidade-para-mais-concelhos\/#primaryimage\",\"url\":\"https:\/\/portaltela.pt\/s.01k8rhncp4jt1\/2026\/02\/img_1500x1000uu2026-02-08-21-41-04-2265732-2.jpg\",\"contentUrl\":\"https:\/\/portaltela.pt\/s.01k8rhncp4jt1\/2026\/02\/img_1500x1000uu2026-02-08-21-41-04-2265732-2.jpg\",\"width\":796,\"height\":448,\"caption\":\"Arruda dos Vinhos \u00e9 um dos concelhos com mais estradas colapsadas\"},{\"@type\":\"BreadcrumbList\",\"@id\":\"https:\/\/portaltela.pt\/noticias\/2026\/02\/16\/ps-solicita-ao-governo-ampliar-situacao-de-calamidade-para-mais-concelhos\/#breadcrumb\",\"itemListElement\":[{\"@type\":\"ListItem\",\"position\":1,\"name\":\"In\u00edcio\",\"item\":\"https:\/\/portaltela.pt\/\"},{\"@type\":\"ListItem\",\"position\":2,\"name\":\"PS solicita ao Governo ampliar situa\u00e7\u00e3o de calamidade para mais concelhos\"}]},{\"@type\":\"WebSite\",\"@id\":\"https:\/\/portaltela.pt\/#website\",\"url\":\"https:\/\/portaltela.pt\/\",\"name\":\"Portal Tela Portugal\",\"description\":\"\",\"potentialAction\":[{\"@type\":\"SearchAction\",\"target\":{\"@type\":\"EntryPoint\",\"urlTemplate\":\"https:\/\/portaltela.pt\/?s={search_term_string}\"},\"query-input\":{\"@type\":\"PropertyValueSpecification\",\"valueRequired\":true,\"valueName\":\"search_term_string\"}}],\"inLanguage\":\"pt-PT\"},{\"@type\":\"Person\",\"@id\":\"https:\/\/portaltela.pt\/#\/schema\/person\/c4278d4a6028830caff9ee44b42d32ed\",\"name\":\"Telinha\",\"image\":{\"@type\":\"ImageObject\",\"inLanguage\":\"pt-PT\",\"@id\":\"https:\/\/portaltela.pt\/s.01k8rhncp4jt1\/2025\/11\/talking-bot-125x125.png\",\"url\":\"https:\/\/portaltela.pt\/s.01k8rhncp4jt1\/2025\/11\/talking-bot-125x125.png\",\"contentUrl\":\"https:\/\/portaltela.pt\/s.01k8rhncp4jt1\/2025\/11\/talking-bot-125x125.png\",\"caption\":\"Telinha\"},\"sameAs\":[\"https:\/\/portaltela.pt\/\"],\"url\":\"https:\/\/portaltela.pt\/por\/367410592786\/\"}]}<\/script>\n<!-- \/ Yoast SEO plugin. -->","yoast_head_json":{"title":"PS solicita ao Governo ampliar situa\u00e7\u00e3o de calamidade para mais concelhos - Portal Tela Portugal","robots":{"index":"index","follow":"follow","max-snippet":"max-snippet:-1","max-image-preview":"max-image-preview:large","max-video-preview":"max-video-preview:-1"},"og_locale":"pt_PT","og_type":"article","og_title":"PS solicita ao Governo ampliar situa\u00e7\u00e3o de calamidade para mais concelhos - Portal Tela Portugal","og_description":"O PS pediu ao Governo que alargue a situa\u00e7\u00e3o de calamidade aos concelhos de Alenquer, Arruda dos Vinhos, Azambuja, Sobral de Monte Agra\u00e7o e aos munic\u00edpios da Lez\u00edria do Tejo, com efeitos retroativos. Prop\u00f5e a extens\u00e3o temporal da calamidade, que terminou no domingo, e uma avalia\u00e7\u00e3o r\u00e1pida do impacto das tempestades nesses munic\u00edpios em conting\u00eancia. A bancada socialista sustenta que a cat\u00e1strofe \u00e9 excecional e exige medidas robustas para reposi\u00e7\u00e3o r\u00e1pida da normalidade, criticando a aus\u00eancia de crit\u00e9rio claro do Governo para a declara\u00e7\u00e3o de calamidade. Requer uma avalia\u00e7\u00e3o pluridisciplinar e sum\u00e1ria do impacto das tempestades nos concelhos em conting\u00eancia, com efeitos retroativos ao enquadramento na calamidade, e um relat\u00f3rio sobre os efeitos nos concelhos n\u00e3o abrangidos. Pede ainda ativa\u00e7\u00e3o imediata de mecanismos de apoio financeiro aos munic\u00edpios e refor\u00e7o urgente do fundo de emerg\u00eancia, bem como mapear infraestruturas p\u00fablicas afetadas pela tempestade para interven\u00e7\u00e3o priorit\u00e1ria.","og_url":"https:\/\/portaltela.pt\/noticias\/2026\/02\/16\/ps-solicita-ao-governo-ampliar-situacao-de-calamidade-para-mais-concelhos\/","og_site_name":"Portal Tela Portugal","article_published_time":"2026-02-16T17:21:00+00:00","author":"Telinha","twitter_card":"summary_large_image","twitter_misc":{"Escrito por":"Telinha","Tempo estimado de leitura":"2 minutos"},"schema":{"@context":"https:\/\/schema.org","@graph":[{"@type":"Article","@id":"https:\/\/portaltela.pt\/noticias\/2026\/02\/16\/ps-solicita-ao-governo-ampliar-situacao-de-calamidade-para-mais-concelhos\/#article","isPartOf":{"@id":"https:\/\/portaltela.pt\/noticias\/2026\/02\/16\/ps-solicita-ao-governo-ampliar-situacao-de-calamidade-para-mais-concelhos\/"},"author":{"name":"Telinha","@id":"https:\/\/portaltela.pt\/#\/schema\/person\/c4278d4a6028830caff9ee44b42d32ed"},"headline":"PS solicita ao Governo ampliar situa\u00e7\u00e3o de calamidade para mais concelhos","datePublished":"2026-02-16T17:21:00+00:00","mainEntityOfPage":{"@id":"https:\/\/portaltela.pt\/noticias\/2026\/02\/16\/ps-solicita-ao-governo-ampliar-situacao-de-calamidade-para-mais-concelhos\/"},"wordCount":323,"image":{"@id":"https:\/\/portaltela.pt\/noticias\/2026\/02\/16\/ps-solicita-ao-governo-ampliar-situacao-de-calamidade-para-mais-concelhos\/#primaryimage"},"thumbnailUrl":"https:\/\/portaltela.pt\/s.01k8rhncp4jt1\/2026\/02\/img_1500x1000uu2026-02-08-21-41-04-2265732-2.jpg","keywords":["Alenquer","Arruda dos Vinhos","Azambuja","calamidade p\u00fablica","Lez\u00edria do Tejo","Sobral de Monte Agra\u00e7o"],"articleSection":["Not\u00edcias","Pol\u00edtica"],"inLanguage":"pt-PT"},{"@type":"WebPage","@id":"https:\/\/portaltela.pt\/noticias\/2026\/02\/16\/ps-solicita-ao-governo-ampliar-situacao-de-calamidade-para-mais-concelhos\/","url":"https:\/\/portaltela.pt\/noticias\/2026\/02\/16\/ps-solicita-ao-governo-ampliar-situacao-de-calamidade-para-mais-concelhos\/","name":"PS solicita ao Governo ampliar situa\u00e7\u00e3o de calamidade para mais concelhos - Portal Tela Portugal","isPartOf":{"@id":"https:\/\/portaltela.pt\/#website"},"primaryImageOfPage":{"@id":"https:\/\/portaltela.pt\/noticias\/2026\/02\/16\/ps-solicita-ao-governo-ampliar-situacao-de-calamidade-para-mais-concelhos\/#primaryimage"},"image":{"@id":"https:\/\/portaltela.pt\/noticias\/2026\/02\/16\/ps-solicita-ao-governo-ampliar-situacao-de-calamidade-para-mais-concelhos\/#primaryimage"},"thumbnailUrl":"https:\/\/portaltela.pt\/s.01k8rhncp4jt1\/2026\/02\/img_1500x1000uu2026-02-08-21-41-04-2265732-2.jpg","datePublished":"2026-02-16T17:21:00+00:00","author":{"@id":"https:\/\/portaltela.pt\/#\/schema\/person\/c4278d4a6028830caff9ee44b42d32ed"},"breadcrumb":{"@id":"https:\/\/portaltela.pt\/noticias\/2026\/02\/16\/ps-solicita-ao-governo-ampliar-situacao-de-calamidade-para-mais-concelhos\/#breadcrumb"},"inLanguage":"pt-PT","potentialAction":[{"@type":"ReadAction","target":["https:\/\/portaltela.pt\/noticias\/2026\/02\/16\/ps-solicita-ao-governo-ampliar-situacao-de-calamidade-para-mais-concelhos\/"]}]},{"@type":"ImageObject","inLanguage":"pt-PT","@id":"https:\/\/portaltela.pt\/noticias\/2026\/02\/16\/ps-solicita-ao-governo-ampliar-situacao-de-calamidade-para-mais-concelhos\/#primaryimage","url":"https:\/\/portaltela.pt\/s.01k8rhncp4jt1\/2026\/02\/img_1500x1000uu2026-02-08-21-41-04-2265732-2.jpg","contentUrl":"https:\/\/portaltela.pt\/s.01k8rhncp4jt1\/2026\/02\/img_1500x1000uu2026-02-08-21-41-04-2265732-2.jpg","width":796,"height":448,"caption":"Arruda dos Vinhos \u00e9 um dos concelhos com mais estradas colapsadas"},{"@type":"BreadcrumbList","@id":"https:\/\/portaltela.pt\/noticias\/2026\/02\/16\/ps-solicita-ao-governo-ampliar-situacao-de-calamidade-para-mais-concelhos\/#breadcrumb","itemListElement":[{"@type":"ListItem","position":1,"name":"In\u00edcio","item":"https:\/\/portaltela.pt\/"},{"@type":"ListItem","position":2,"name":"PS solicita ao Governo ampliar situa\u00e7\u00e3o de calamidade para mais concelhos"}]},{"@type":"WebSite","@id":"https:\/\/portaltela.pt\/#website","url":"https:\/\/portaltela.pt\/","name":"Portal Tela Portugal","description":"","potentialAction":[{"@type":"SearchAction","target":{"@type":"EntryPoint","urlTemplate":"https:\/\/portaltela.pt\/?s={search_term_string}"},"query-input":{"@type":"PropertyValueSpecification","valueRequired":true,"valueName":"search_term_string"}}],"inLanguage":"pt-PT"},{"@type":"Person","@id":"https:\/\/portaltela.pt\/#\/schema\/person\/c4278d4a6028830caff9ee44b42d32ed","name":"Telinha","image":{"@type":"ImageObject","inLanguage":"pt-PT","@id":"https:\/\/portaltela.pt\/s.01k8rhncp4jt1\/2025\/11\/talking-bot-125x125.png","url":"https:\/\/portaltela.pt\/s.01k8rhncp4jt1\/2025\/11\/talking-bot-125x125.png","contentUrl":"https:\/\/portaltela.pt\/s.01k8rhncp4jt1\/2025\/11\/talking-bot-125x125.png","caption":"Telinha"},"sameAs":["https:\/\/portaltela.pt\/"],"url":"https:\/\/portaltela.pt\/por\/367410592786\/"}]}},"_links":{"self":[{"href":"https:\/\/portaltela.pt\/api\/wp\/v2\/posts\/214829","targetHints":{"allow":["GET"]}}],"collection":[{"href":"https:\/\/portaltela.pt\/api\/wp\/v2\/posts"}],"about":[{"href":"https:\/\/portaltela.pt\/api\/wp\/v2\/types\/post"}],"author":[{"embeddable":true,"href":"https:\/\/portaltela.pt\/api\/wp\/v2\/users\/2"}],"replies":[{"embeddable":true,"href":"https:\/\/portaltela.pt\/api\/wp\/v2\/comments?post=214829"}],"version-history":[{"count":0,"href":"https:\/\/portaltela.pt\/api\/wp\/v2\/posts\/214829\/revisions"}],"wp:featuredmedia":[{"embeddable":true,"href":"https:\/\/portaltela.pt\/api\/wp\/v2\/media\/214830"}],"wp:attachment":[{"href":"https:\/\/portaltela.pt\/api\/wp\/v2\/media?parent=214829"}],"wp:term":[{"taxonomy":"category","embeddable":true,"href":"https:\/\/portaltela.pt\/api\/wp\/v2\/categories?post=214829"},{"taxonomy":"post_tag","embeddable":true,"href":"https:\/\/portaltela.pt\/api\/wp\/v2\/tags?post=214829"}],"curies":[{"name":"wp","href":"https:\/\/api.w.org\/{rel}","templated":true}]}}