{"id":214793,"date":"2026-02-16T14:14:53","date_gmt":"2026-02-16T17:14:53","guid":{"rendered":"https:\/\/portaltela.pt\/noticias\/2026\/02\/16\/barragem-do-monte-da-rocha-inicia-descarga-para-o-rio-sado\/"},"modified":"2026-02-16T14:14:53","modified_gmt":"2026-02-16T17:14:53","slug":"barragem-do-monte-da-rocha-inicia-descarga-para-o-rio-sado","status":"publish","type":"post","link":"https:\/\/portaltela.pt\/noticias\/2026\/02\/16\/barragem-do-monte-da-rocha-inicia-descarga-para-o-rio-sado\/","title":{"rendered":"Barragem do Monte da Rocha inicia descarga para o rio Sado"},"content":{"rendered":"<p>A barragem do Monte da Rocha come\u00e7ou a descarregar \u00e1gua para o rio Sado no domingo, confirmando, esta segunda-feira, a associa\u00e7\u00e3o de regantes que gere a albufeira no concelho de Ourique, no distrito de Beja. A descarga \u00e9 descrita como leve e poder\u00e1 prolongar-se at\u00e9 ter\u00e7a-feira.<\/p>\n<p>Il\u00eddio Martins, diretor-adjunto da ARBCAS, explicou \u00e0 Lusa que a descarga come\u00e7ou no domingo e dever\u00e1 terminar na ter\u00e7a-feira, com um caudal modesto, j\u00e1 que n\u00e3o h\u00e1 chuva recente que sustente o registo de \u00e1gua.<\/p>\n<p>Segundo a associa\u00e7\u00e3o, a albufeira registava, nesta segunda-feira, um volume de armazenamento de 100,1%, correspondente a cerca de 102,9 milh\u00f5es de metros c\u00fabicos. Tamb\u00e9m as outras quatro barragens sob gest\u00e3o apresentavam volumes de 100%.<\/p>\n<h3>Descarrega na Monte da Rocha<\/h3>\n<p>A ARBCAS indicou ainda que est\u00e1 a coordenar com a Ag\u00eancia Portuguesa do Ambiente a cria\u00e7\u00e3o de condi\u00e7\u00f5es para eventualmente encaixar \u00e1gua nas pr\u00f3ximas jornadas, caso surge oportunidade. A estrat\u00e9gia visa evitar enchimentos adicionais num per\u00edodo de seca.<\/p>\n<p>A Monte da Rocha serve o abastecimento p\u00fablico de Ourique, Almod\u00f4var e Castro Verde, bem como parte de M\u00e9rtola e Odemira, no distrito de Beja. A albufeira tamb\u00e9m rega cerca de 1.800 hectares de terreno agr\u00edcola no Alto Sado.<\/p>\n<p>H\u00e1 cerca de um ano, em janeiro de 2025, a Monte da Rocha apresentava um dos menores volumes armazenados em Portugal, com apenas 13% da capacidade. Paralelamente, decorrem obras de liga\u00e7\u00e3o ao Alqueva, entre Monte da Rocha e Roxo, no \u00e2mbito de um investimento de quase 30 milh\u00f5es de euros.<\/p>\n","protected":false},"excerpt":{"rendered":"<ul>\n<li>A barragem do Monte da Rocha come\u00e7ou a descarregar \u00e1gua para o rio Sado no domingo; hoje continua e deve parar amanh\u00e3.<\/li>\n<li>A descarga ser\u00e1 muito leve, devido \u00e0 aus\u00eancia de chuva e \u00e0 falta de um rio forte que abaste\u00e7a a albufeira.<\/li>\n<li>A albufeira registava esta segunda-feira um volume de armazenamento de 100,1 por cento, equivalente a quase 102,9 milh\u00f5es de metros c\u00fabicos de \u00e1gua.<\/li>\n<li>As outras quatro barragens geridas pela ARBCAS (Campilhas, Fonte Serne, Migueis e Monte Gato) tamb\u00e9m tinham 100 por cento de armazenamento.<\/li>\n<li>A ARBCAS est\u00e1 a coordenar com a Ag\u00eancia Portuguesa do Ambiente para encaixar \u00e1gua nos pr\u00f3ximos dias, mantendo o enxugo dos terrenos e sem previs\u00f5es de novas frentes de chuva at\u00e9 ao fim do m\u00eas.<\/li>\n<\/ul>\n","protected":false},"author":2,"featured_media":214796,"comment_status":"closed","ping_status":"closed","sticky":false,"template":"","format":"standard","meta":{"footnotes":""},"categories":[1],"tags":[1503,883,5080,4924,943,2014],"class_list":["post-214793","post","type-post","status-publish","format-standard","has-post-thumbnail","hentry","category-noticias","tag-abastecimento-de-agua","tag-alentejo","tag-alqueva","tag-barragens","tag-beja","tag-ourique"],"yoast_head":"<!-- This site is optimized with the Yoast SEO plugin v27.2 - https:\/\/yoast.com\/product\/yoast-seo-wordpress\/ -->\n<title>Barragem do Monte da Rocha inicia descarga para o rio Sado - Portal Tela Portugal<\/title>\n<meta name=\"robots\" content=\"index, follow, max-snippet:-1, max-image-preview:large, max-video-preview:-1\" \/>\n<meta property=\"og:locale\" content=\"pt_PT\" \/>\n<meta property=\"og:type\" content=\"article\" \/>\n<meta property=\"og:title\" content=\"Barragem do Monte da Rocha inicia descarga para o rio Sado - Portal Tela Portugal\" \/>\n<meta property=\"og:description\" content=\"A barragem do Monte da Rocha come\u00e7ou a descarregar \u00e1gua para o rio Sado no domingo; hoje continua e deve parar amanh\u00e3. A descarga ser\u00e1 muito leve, devido \u00e0 aus\u00eancia de chuva e \u00e0 falta de um rio forte que abaste\u00e7a a albufeira. A albufeira registava esta segunda-feira um volume de armazenamento de 100,1 por cento, equivalente a quase 102,9 milh\u00f5es de metros c\u00fabicos de \u00e1gua. As outras quatro barragens geridas pela ARBCAS (Campilhas, Fonte Serne, Migueis e Monte Gato) tamb\u00e9m tinham 100 por cento de armazenamento. A ARBCAS est\u00e1 a coordenar com a Ag\u00eancia Portuguesa do Ambiente para encaixar \u00e1gua nos pr\u00f3ximos dias, mantendo o enxugo dos terrenos e sem previs\u00f5es de novas frentes de chuva at\u00e9 ao fim do m\u00eas.\" \/>\n<meta property=\"og:url\" content=\"https:\/\/portaltela.pt\/noticias\/2026\/02\/16\/barragem-do-monte-da-rocha-inicia-descarga-para-o-rio-sado\/\" \/>\n<meta property=\"og:site_name\" content=\"Portal Tela Portugal\" \/>\n<meta property=\"article:published_time\" content=\"2026-02-16T17:14:53+00:00\" \/>\n<meta name=\"author\" content=\"Telinha\" \/>\n<meta name=\"twitter:card\" content=\"summary_large_image\" \/>\n<meta name=\"twitter:label1\" content=\"Escrito por\" \/>\n\t<meta name=\"twitter:data1\" content=\"Telinha\" \/>\n\t<meta name=\"twitter:label2\" content=\"Tempo estimado de leitura\" \/>\n\t<meta name=\"twitter:data2\" content=\"1 minuto\" \/>\n<script type=\"application\/ld+json\" class=\"yoast-schema-graph\">{\"@context\":\"https:\/\/schema.org\",\"@graph\":[{\"@type\":\"Article\",\"@id\":\"https:\/\/portaltela.pt\/noticias\/2026\/02\/16\/barragem-do-monte-da-rocha-inicia-descarga-para-o-rio-sado\/#article\",\"isPartOf\":{\"@id\":\"https:\/\/portaltela.pt\/noticias\/2026\/02\/16\/barragem-do-monte-da-rocha-inicia-descarga-para-o-rio-sado\/\"},\"author\":{\"name\":\"Telinha\",\"@id\":\"https:\/\/portaltela.pt\/#\/schema\/person\/c4278d4a6028830caff9ee44b42d32ed\"},\"headline\":\"Barragem do Monte da Rocha inicia descarga para o rio Sado\",\"datePublished\":\"2026-02-16T17:14:53+00:00\",\"mainEntityOfPage\":{\"@id\":\"https:\/\/portaltela.pt\/noticias\/2026\/02\/16\/barragem-do-monte-da-rocha-inicia-descarga-para-o-rio-sado\/\"},\"wordCount\":274,\"image\":{\"@id\":\"https:\/\/portaltela.pt\/noticias\/2026\/02\/16\/barragem-do-monte-da-rocha-inicia-descarga-para-o-rio-sado\/#primaryimage\"},\"thumbnailUrl\":\"https:\/\/portaltela.pt\/s.01k8rhncp4jt1\/2026\/02\/img_1500x1000uu2015-06-18-20-46-00-468557.jpg\",\"keywords\":[\"abastecimento de \u00e1gua\",\"Alentejo\",\"Alqueva\",\"barragens\",\"Beja\",\"Ourique\"],\"articleSection\":[\"Not\u00edcias\"],\"inLanguage\":\"pt-PT\"},{\"@type\":\"WebPage\",\"@id\":\"https:\/\/portaltela.pt\/noticias\/2026\/02\/16\/barragem-do-monte-da-rocha-inicia-descarga-para-o-rio-sado\/\",\"url\":\"https:\/\/portaltela.pt\/noticias\/2026\/02\/16\/barragem-do-monte-da-rocha-inicia-descarga-para-o-rio-sado\/\",\"name\":\"Barragem do Monte da Rocha inicia descarga para o rio Sado - Portal Tela Portugal\",\"isPartOf\":{\"@id\":\"https:\/\/portaltela.pt\/#website\"},\"primaryImageOfPage\":{\"@id\":\"https:\/\/portaltela.pt\/noticias\/2026\/02\/16\/barragem-do-monte-da-rocha-inicia-descarga-para-o-rio-sado\/#primaryimage\"},\"image\":{\"@id\":\"https:\/\/portaltela.pt\/noticias\/2026\/02\/16\/barragem-do-monte-da-rocha-inicia-descarga-para-o-rio-sado\/#primaryimage\"},\"thumbnailUrl\":\"https:\/\/portaltela.pt\/s.01k8rhncp4jt1\/2026\/02\/img_1500x1000uu2015-06-18-20-46-00-468557.jpg\",\"datePublished\":\"2026-02-16T17:14:53+00:00\",\"author\":{\"@id\":\"https:\/\/portaltela.pt\/#\/schema\/person\/c4278d4a6028830caff9ee44b42d32ed\"},\"breadcrumb\":{\"@id\":\"https:\/\/portaltela.pt\/noticias\/2026\/02\/16\/barragem-do-monte-da-rocha-inicia-descarga-para-o-rio-sado\/#breadcrumb\"},\"inLanguage\":\"pt-PT\",\"potentialAction\":[{\"@type\":\"ReadAction\",\"target\":[\"https:\/\/portaltela.pt\/noticias\/2026\/02\/16\/barragem-do-monte-da-rocha-inicia-descarga-para-o-rio-sado\/\"]}]},{\"@type\":\"ImageObject\",\"inLanguage\":\"pt-PT\",\"@id\":\"https:\/\/portaltela.pt\/noticias\/2026\/02\/16\/barragem-do-monte-da-rocha-inicia-descarga-para-o-rio-sado\/#primaryimage\",\"url\":\"https:\/\/portaltela.pt\/s.01k8rhncp4jt1\/2026\/02\/img_1500x1000uu2015-06-18-20-46-00-468557.jpg\",\"contentUrl\":\"https:\/\/portaltela.pt\/s.01k8rhncp4jt1\/2026\/02\/img_1500x1000uu2015-06-18-20-46-00-468557.jpg\",\"width\":796,\"height\":448,\"caption\":\"Barragem alentejana do Monte da Rocha j\u00e1 iniciou descarga para o rio Sado\"},{\"@type\":\"BreadcrumbList\",\"@id\":\"https:\/\/portaltela.pt\/noticias\/2026\/02\/16\/barragem-do-monte-da-rocha-inicia-descarga-para-o-rio-sado\/#breadcrumb\",\"itemListElement\":[{\"@type\":\"ListItem\",\"position\":1,\"name\":\"In\u00edcio\",\"item\":\"https:\/\/portaltela.pt\/\"},{\"@type\":\"ListItem\",\"position\":2,\"name\":\"Barragem do Monte da Rocha inicia descarga para o rio Sado\"}]},{\"@type\":\"WebSite\",\"@id\":\"https:\/\/portaltela.pt\/#website\",\"url\":\"https:\/\/portaltela.pt\/\",\"name\":\"Portal Tela Portugal\",\"description\":\"\",\"potentialAction\":[{\"@type\":\"SearchAction\",\"target\":{\"@type\":\"EntryPoint\",\"urlTemplate\":\"https:\/\/portaltela.pt\/?s={search_term_string}\"},\"query-input\":{\"@type\":\"PropertyValueSpecification\",\"valueRequired\":true,\"valueName\":\"search_term_string\"}}],\"inLanguage\":\"pt-PT\"},{\"@type\":\"Person\",\"@id\":\"https:\/\/portaltela.pt\/#\/schema\/person\/c4278d4a6028830caff9ee44b42d32ed\",\"name\":\"Telinha\",\"image\":{\"@type\":\"ImageObject\",\"inLanguage\":\"pt-PT\",\"@id\":\"https:\/\/portaltela.pt\/s.01k8rhncp4jt1\/2025\/11\/talking-bot-125x125.png\",\"url\":\"https:\/\/portaltela.pt\/s.01k8rhncp4jt1\/2025\/11\/talking-bot-125x125.png\",\"contentUrl\":\"https:\/\/portaltela.pt\/s.01k8rhncp4jt1\/2025\/11\/talking-bot-125x125.png\",\"caption\":\"Telinha\"},\"sameAs\":[\"https:\/\/portaltela.pt\/\"],\"url\":\"https:\/\/portaltela.pt\/por\/367410592786\/\"}]}<\/script>\n<!-- \/ Yoast SEO plugin. -->","yoast_head_json":{"title":"Barragem do Monte da Rocha inicia descarga para o rio Sado - Portal Tela Portugal","robots":{"index":"index","follow":"follow","max-snippet":"max-snippet:-1","max-image-preview":"max-image-preview:large","max-video-preview":"max-video-preview:-1"},"og_locale":"pt_PT","og_type":"article","og_title":"Barragem do Monte da Rocha inicia descarga para o rio Sado - Portal Tela Portugal","og_description":"A barragem do Monte da Rocha come\u00e7ou a descarregar \u00e1gua para o rio Sado no domingo; hoje continua e deve parar amanh\u00e3. A descarga ser\u00e1 muito leve, devido \u00e0 aus\u00eancia de chuva e \u00e0 falta de um rio forte que abaste\u00e7a a albufeira. A albufeira registava esta segunda-feira um volume de armazenamento de 100,1 por cento, equivalente a quase 102,9 milh\u00f5es de metros c\u00fabicos de \u00e1gua. As outras quatro barragens geridas pela ARBCAS (Campilhas, Fonte Serne, Migueis e Monte Gato) tamb\u00e9m tinham 100 por cento de armazenamento. A ARBCAS est\u00e1 a coordenar com a Ag\u00eancia Portuguesa do Ambiente para encaixar \u00e1gua nos pr\u00f3ximos dias, mantendo o enxugo dos terrenos e sem previs\u00f5es de novas frentes de chuva at\u00e9 ao fim do m\u00eas.","og_url":"https:\/\/portaltela.pt\/noticias\/2026\/02\/16\/barragem-do-monte-da-rocha-inicia-descarga-para-o-rio-sado\/","og_site_name":"Portal Tela Portugal","article_published_time":"2026-02-16T17:14:53+00:00","author":"Telinha","twitter_card":"summary_large_image","twitter_misc":{"Escrito por":"Telinha","Tempo estimado de leitura":"1 minuto"},"schema":{"@context":"https:\/\/schema.org","@graph":[{"@type":"Article","@id":"https:\/\/portaltela.pt\/noticias\/2026\/02\/16\/barragem-do-monte-da-rocha-inicia-descarga-para-o-rio-sado\/#article","isPartOf":{"@id":"https:\/\/portaltela.pt\/noticias\/2026\/02\/16\/barragem-do-monte-da-rocha-inicia-descarga-para-o-rio-sado\/"},"author":{"name":"Telinha","@id":"https:\/\/portaltela.pt\/#\/schema\/person\/c4278d4a6028830caff9ee44b42d32ed"},"headline":"Barragem do Monte da Rocha inicia descarga para o rio Sado","datePublished":"2026-02-16T17:14:53+00:00","mainEntityOfPage":{"@id":"https:\/\/portaltela.pt\/noticias\/2026\/02\/16\/barragem-do-monte-da-rocha-inicia-descarga-para-o-rio-sado\/"},"wordCount":274,"image":{"@id":"https:\/\/portaltela.pt\/noticias\/2026\/02\/16\/barragem-do-monte-da-rocha-inicia-descarga-para-o-rio-sado\/#primaryimage"},"thumbnailUrl":"https:\/\/portaltela.pt\/s.01k8rhncp4jt1\/2026\/02\/img_1500x1000uu2015-06-18-20-46-00-468557.jpg","keywords":["abastecimento de \u00e1gua","Alentejo","Alqueva","barragens","Beja","Ourique"],"articleSection":["Not\u00edcias"],"inLanguage":"pt-PT"},{"@type":"WebPage","@id":"https:\/\/portaltela.pt\/noticias\/2026\/02\/16\/barragem-do-monte-da-rocha-inicia-descarga-para-o-rio-sado\/","url":"https:\/\/portaltela.pt\/noticias\/2026\/02\/16\/barragem-do-monte-da-rocha-inicia-descarga-para-o-rio-sado\/","name":"Barragem do Monte da Rocha inicia descarga para o rio Sado - Portal Tela Portugal","isPartOf":{"@id":"https:\/\/portaltela.pt\/#website"},"primaryImageOfPage":{"@id":"https:\/\/portaltela.pt\/noticias\/2026\/02\/16\/barragem-do-monte-da-rocha-inicia-descarga-para-o-rio-sado\/#primaryimage"},"image":{"@id":"https:\/\/portaltela.pt\/noticias\/2026\/02\/16\/barragem-do-monte-da-rocha-inicia-descarga-para-o-rio-sado\/#primaryimage"},"thumbnailUrl":"https:\/\/portaltela.pt\/s.01k8rhncp4jt1\/2026\/02\/img_1500x1000uu2015-06-18-20-46-00-468557.jpg","datePublished":"2026-02-16T17:14:53+00:00","author":{"@id":"https:\/\/portaltela.pt\/#\/schema\/person\/c4278d4a6028830caff9ee44b42d32ed"},"breadcrumb":{"@id":"https:\/\/portaltela.pt\/noticias\/2026\/02\/16\/barragem-do-monte-da-rocha-inicia-descarga-para-o-rio-sado\/#breadcrumb"},"inLanguage":"pt-PT","potentialAction":[{"@type":"ReadAction","target":["https:\/\/portaltela.pt\/noticias\/2026\/02\/16\/barragem-do-monte-da-rocha-inicia-descarga-para-o-rio-sado\/"]}]},{"@type":"ImageObject","inLanguage":"pt-PT","@id":"https:\/\/portaltela.pt\/noticias\/2026\/02\/16\/barragem-do-monte-da-rocha-inicia-descarga-para-o-rio-sado\/#primaryimage","url":"https:\/\/portaltela.pt\/s.01k8rhncp4jt1\/2026\/02\/img_1500x1000uu2015-06-18-20-46-00-468557.jpg","contentUrl":"https:\/\/portaltela.pt\/s.01k8rhncp4jt1\/2026\/02\/img_1500x1000uu2015-06-18-20-46-00-468557.jpg","width":796,"height":448,"caption":"Barragem alentejana do Monte da Rocha j\u00e1 iniciou descarga para o rio Sado"},{"@type":"BreadcrumbList","@id":"https:\/\/portaltela.pt\/noticias\/2026\/02\/16\/barragem-do-monte-da-rocha-inicia-descarga-para-o-rio-sado\/#breadcrumb","itemListElement":[{"@type":"ListItem","position":1,"name":"In\u00edcio","item":"https:\/\/portaltela.pt\/"},{"@type":"ListItem","position":2,"name":"Barragem do Monte da Rocha inicia descarga para o rio Sado"}]},{"@type":"WebSite","@id":"https:\/\/portaltela.pt\/#website","url":"https:\/\/portaltela.pt\/","name":"Portal Tela Portugal","description":"","potentialAction":[{"@type":"SearchAction","target":{"@type":"EntryPoint","urlTemplate":"https:\/\/portaltela.pt\/?s={search_term_string}"},"query-input":{"@type":"PropertyValueSpecification","valueRequired":true,"valueName":"search_term_string"}}],"inLanguage":"pt-PT"},{"@type":"Person","@id":"https:\/\/portaltela.pt\/#\/schema\/person\/c4278d4a6028830caff9ee44b42d32ed","name":"Telinha","image":{"@type":"ImageObject","inLanguage":"pt-PT","@id":"https:\/\/portaltela.pt\/s.01k8rhncp4jt1\/2025\/11\/talking-bot-125x125.png","url":"https:\/\/portaltela.pt\/s.01k8rhncp4jt1\/2025\/11\/talking-bot-125x125.png","contentUrl":"https:\/\/portaltela.pt\/s.01k8rhncp4jt1\/2025\/11\/talking-bot-125x125.png","caption":"Telinha"},"sameAs":["https:\/\/portaltela.pt\/"],"url":"https:\/\/portaltela.pt\/por\/367410592786\/"}]}},"_links":{"self":[{"href":"https:\/\/portaltela.pt\/api\/wp\/v2\/posts\/214793","targetHints":{"allow":["GET"]}}],"collection":[{"href":"https:\/\/portaltela.pt\/api\/wp\/v2\/posts"}],"about":[{"href":"https:\/\/portaltela.pt\/api\/wp\/v2\/types\/post"}],"author":[{"embeddable":true,"href":"https:\/\/portaltela.pt\/api\/wp\/v2\/users\/2"}],"replies":[{"embeddable":true,"href":"https:\/\/portaltela.pt\/api\/wp\/v2\/comments?post=214793"}],"version-history":[{"count":0,"href":"https:\/\/portaltela.pt\/api\/wp\/v2\/posts\/214793\/revisions"}],"wp:featuredmedia":[{"embeddable":true,"href":"https:\/\/portaltela.pt\/api\/wp\/v2\/media\/214796"}],"wp:attachment":[{"href":"https:\/\/portaltela.pt\/api\/wp\/v2\/media?parent=214793"}],"wp:term":[{"taxonomy":"category","embeddable":true,"href":"https:\/\/portaltela.pt\/api\/wp\/v2\/categories?post=214793"},{"taxonomy":"post_tag","embeddable":true,"href":"https:\/\/portaltela.pt\/api\/wp\/v2\/tags?post=214793"}],"curies":[{"name":"wp","href":"https:\/\/api.w.org\/{rel}","templated":true}]}}