{"id":214770,"date":"2026-02-16T13:59:57","date_gmt":"2026-02-16T16:59:57","guid":{"rendered":"https:\/\/portaltela.pt\/noticias\/2026\/02\/16\/luis-conceicao-quer-tirar-o-maximo-do-estagio-na-selecao-feminina-de-futsal\/"},"modified":"2026-02-16T13:59:57","modified_gmt":"2026-02-16T16:59:57","slug":"luis-conceicao-quer-tirar-o-maximo-do-estagio-na-selecao-feminina-de-futsal","status":"publish","type":"post","link":"https:\/\/portaltela.pt\/desporto\/futebol\/2026\/02\/16\/luis-conceicao-quer-tirar-o-maximo-do-estagio-na-selecao-feminina-de-futsal\/","title":{"rendered":"Lu\u00eds Concei\u00e7\u00e3o quer tirar o m\u00e1ximo do est\u00e1gio na sele\u00e7\u00e3o feminina de futsal"},"content":{"rendered":"<p>O treinador Lu\u00eds Concei\u00e7\u00e3o abriu o est\u00e1gio de prepara\u00e7\u00e3o da sele\u00e7\u00e3o nacional feminina de futsal nesta segunda-feira, com foco nos dois jogos frente \u00e0 Finl\u00e2ndia. A concentra\u00e7\u00e3o acontece ap\u00f3s a derrota na final do Mundial das Filipinas.<\/p>\n<p>Os treinos marcam a primeira concentra\u00e7\u00e3o desde dezembro. Concei\u00e7\u00e3o sublinhou a necessidade de refor\u00e7ar a organiza\u00e7\u00e3o da equipa e de aproveitar ao m\u00e1ximo o tempo conjunto para trabalhar com seriedade.<\/p>\n<h3>Objetivos do est\u00e1gio<\/h3>\n<p>A equipa defronta a Finl\u00e2ndia nesta ter\u00e7a-feira \u00e0s 20h e na quarta-feira \u00e0s 20h30, no Centro Multiusos de Lamegos. Os jogos servem de prepara\u00e7\u00e3o para o pr\u00f3ximo per\u00edodo de qualifica\u00e7\u00e3o.<\/p>\n<p>Concei\u00e7\u00e3o alertou para a evolu\u00e7\u00e3o da Finl\u00e2ndia, reconhecendo o aumento da qualidade do advers\u00e1rio. A equipa espera encontrar um desafio firme, vindo de uma sele\u00e7\u00e3o que j\u00e1 ocupa posi\u00e7\u00f5es altas no panorama europeu.<\/p>\n<h3>Planos e compromisso<\/h3>\n<p>O t\u00e9cnico enfatizou que n\u00e3o basta competir, \u00e9 essencial acrescentar algo a cada sess\u00e3o. A equipa quer manter a imagem de organiza\u00e7\u00e3o e de seriedade constru\u00edda no Mundial, com foco no comprometimento e na dedica\u00e7\u00e3o.<\/p>\n","protected":false},"excerpt":{"rendered":"<ul>\n<li>A sele\u00e7\u00e3o nacional feminina de futsal iniciou, nesta segunda-feira, o est\u00e1gio de prepara\u00e7\u00e3o para dois jogos particulares diante da Finl\u00e2ndia, no Centro Multiusos de Lamegos.<\/li>\n<li>O treinador Lu\u00eds Concei\u00e7\u00e3o pede aproveitar ao m\u00e1ximo o tempo em conjunto, com foco na organiza\u00e7\u00e3o e num trabalho s\u00e9rio.<\/li>\n<li>Esta \u00e9 a primeira concentra\u00e7\u00e3o desde dezembro, depois da derrota na final do Mundial das Filipinas frente ao Brasil.<\/li>\n<li>A Finl\u00e2ndia \u00e9 um advers\u00e1rio de qualidade e pode ficar entre as cinco\/seis primeiras a n\u00edvel europeu nos pr\u00f3ximos anos, segundo o t\u00e9cnico.<\/li>\n<li>Os jogos est\u00e3o agendados para ter\u00e7a-feira \u00e0s 20h00 e quarta-feira \u00e0s 20h30, antes de um novo est\u00e1gio em outubro para o apuramento ao Europeu de 2027.<\/li>\n<\/ul>\n","protected":false},"author":2,"featured_media":214772,"comment_status":"closed","ping_status":"closed","sticky":false,"template":"","format":"standard","meta":{"footnotes":""},"categories":[21,24],"tags":[3484,161,3419,2057,2477],"class_list":["post-214770","post","type-post","status-publish","format-standard","has-post-thumbnail","hentry","category-desporto","category-futebol","tag-finlandia","tag-futsal","tag-lamego","tag-selecao-nacional","tag-treinadores"],"yoast_head":"<!-- This site is optimized with the Yoast SEO plugin v27.2 - https:\/\/yoast.com\/product\/yoast-seo-wordpress\/ -->\n<title>Lu\u00eds Concei\u00e7\u00e3o quer tirar o m\u00e1ximo do est\u00e1gio na sele\u00e7\u00e3o feminina de futsal - Portal Tela Portugal<\/title>\n<meta name=\"robots\" content=\"index, follow, max-snippet:-1, max-image-preview:large, max-video-preview:-1\" \/>\n<meta property=\"og:locale\" content=\"pt_PT\" \/>\n<meta property=\"og:type\" content=\"article\" \/>\n<meta property=\"og:title\" content=\"Lu\u00eds Concei\u00e7\u00e3o quer tirar o m\u00e1ximo do est\u00e1gio na sele\u00e7\u00e3o feminina de futsal - Portal Tela Portugal\" \/>\n<meta property=\"og:description\" content=\"A sele\u00e7\u00e3o nacional feminina de futsal iniciou, nesta segunda-feira, o est\u00e1gio de prepara\u00e7\u00e3o para dois jogos particulares diante da Finl\u00e2ndia, no Centro Multiusos de Lamegos. O treinador Lu\u00eds Concei\u00e7\u00e3o pede aproveitar ao m\u00e1ximo o tempo em conjunto, com foco na organiza\u00e7\u00e3o e num trabalho s\u00e9rio. Esta \u00e9 a primeira concentra\u00e7\u00e3o desde dezembro, depois da derrota na final do Mundial das Filipinas frente ao Brasil. A Finl\u00e2ndia \u00e9 um advers\u00e1rio de qualidade e pode ficar entre as cinco\/seis primeiras a n\u00edvel europeu nos pr\u00f3ximos anos, segundo o t\u00e9cnico. Os jogos est\u00e3o agendados para ter\u00e7a-feira \u00e0s 20h00 e quarta-feira \u00e0s 20h30, antes de um novo est\u00e1gio em outubro para o apuramento ao Europeu de 2027.\" \/>\n<meta property=\"og:url\" content=\"https:\/\/portaltela.pt\/noticias\/2026\/02\/16\/luis-conceicao-quer-tirar-o-maximo-do-estagio-na-selecao-feminina-de-futsal\/\" \/>\n<meta property=\"og:site_name\" content=\"Portal Tela Portugal\" \/>\n<meta property=\"article:published_time\" content=\"2026-02-16T16:59:57+00:00\" \/>\n<meta name=\"author\" content=\"Telinha\" \/>\n<meta name=\"twitter:card\" content=\"summary_large_image\" \/>\n<meta name=\"twitter:label1\" content=\"Escrito por\" \/>\n\t<meta name=\"twitter:data1\" content=\"Telinha\" \/>\n\t<meta name=\"twitter:label2\" content=\"Tempo estimado de leitura\" \/>\n\t<meta name=\"twitter:data2\" content=\"1 minuto\" \/>\n<script type=\"application\/ld+json\" class=\"yoast-schema-graph\">{\"@context\":\"https:\/\/schema.org\",\"@graph\":[{\"@type\":\"Article\",\"@id\":\"https:\/\/portaltela.pt\/noticias\/2026\/02\/16\/luis-conceicao-quer-tirar-o-maximo-do-estagio-na-selecao-feminina-de-futsal\/#article\",\"isPartOf\":{\"@id\":\"https:\/\/portaltela.pt\/noticias\/2026\/02\/16\/luis-conceicao-quer-tirar-o-maximo-do-estagio-na-selecao-feminina-de-futsal\/\"},\"author\":{\"name\":\"Telinha\",\"@id\":\"https:\/\/portaltela.pt\/#\/schema\/person\/c4278d4a6028830caff9ee44b42d32ed\"},\"headline\":\"Lu\u00eds Concei\u00e7\u00e3o quer tirar o m\u00e1ximo do est\u00e1gio na sele\u00e7\u00e3o feminina de futsal\",\"datePublished\":\"2026-02-16T16:59:57+00:00\",\"mainEntityOfPage\":{\"@id\":\"https:\/\/portaltela.pt\/noticias\/2026\/02\/16\/luis-conceicao-quer-tirar-o-maximo-do-estagio-na-selecao-feminina-de-futsal\/\"},\"wordCount\":219,\"image\":{\"@id\":\"https:\/\/portaltela.pt\/noticias\/2026\/02\/16\/luis-conceicao-quer-tirar-o-maximo-do-estagio-na-selecao-feminina-de-futsal\/#primaryimage\"},\"thumbnailUrl\":\"https:\/\/portaltela.pt\/s.01k8rhncp4jt1\/2026\/02\/img_920x518uu2025-11-23-16-03-01-2404461-im-639068577085001742.jpg\",\"keywords\":[\"Finl\u00e2ndia\",\"futsal\",\"Lamego\",\"Sele\u00e7\u00e3o Nacional\",\"treinadores\"],\"articleSection\":[\"Desporto\",\"Futebol\"],\"inLanguage\":\"pt-PT\"},{\"@type\":\"WebPage\",\"@id\":\"https:\/\/portaltela.pt\/noticias\/2026\/02\/16\/luis-conceicao-quer-tirar-o-maximo-do-estagio-na-selecao-feminina-de-futsal\/\",\"url\":\"https:\/\/portaltela.pt\/noticias\/2026\/02\/16\/luis-conceicao-quer-tirar-o-maximo-do-estagio-na-selecao-feminina-de-futsal\/\",\"name\":\"Lu\u00eds Concei\u00e7\u00e3o quer tirar o m\u00e1ximo do est\u00e1gio na sele\u00e7\u00e3o feminina de futsal - Portal Tela Portugal\",\"isPartOf\":{\"@id\":\"https:\/\/portaltela.pt\/#website\"},\"primaryImageOfPage\":{\"@id\":\"https:\/\/portaltela.pt\/noticias\/2026\/02\/16\/luis-conceicao-quer-tirar-o-maximo-do-estagio-na-selecao-feminina-de-futsal\/#primaryimage\"},\"image\":{\"@id\":\"https:\/\/portaltela.pt\/noticias\/2026\/02\/16\/luis-conceicao-quer-tirar-o-maximo-do-estagio-na-selecao-feminina-de-futsal\/#primaryimage\"},\"thumbnailUrl\":\"https:\/\/portaltela.pt\/s.01k8rhncp4jt1\/2026\/02\/img_920x518uu2025-11-23-16-03-01-2404461-im-639068577085001742.jpg\",\"datePublished\":\"2026-02-16T16:59:57+00:00\",\"author\":{\"@id\":\"https:\/\/portaltela.pt\/#\/schema\/person\/c4278d4a6028830caff9ee44b42d32ed\"},\"breadcrumb\":{\"@id\":\"https:\/\/portaltela.pt\/noticias\/2026\/02\/16\/luis-conceicao-quer-tirar-o-maximo-do-estagio-na-selecao-feminina-de-futsal\/#breadcrumb\"},\"inLanguage\":\"pt-PT\",\"potentialAction\":[{\"@type\":\"ReadAction\",\"target\":[\"https:\/\/portaltela.pt\/noticias\/2026\/02\/16\/luis-conceicao-quer-tirar-o-maximo-do-estagio-na-selecao-feminina-de-futsal\/\"]}]},{\"@type\":\"ImageObject\",\"inLanguage\":\"pt-PT\",\"@id\":\"https:\/\/portaltela.pt\/noticias\/2026\/02\/16\/luis-conceicao-quer-tirar-o-maximo-do-estagio-na-selecao-feminina-de-futsal\/#primaryimage\",\"url\":\"https:\/\/portaltela.pt\/s.01k8rhncp4jt1\/2026\/02\/img_920x518uu2025-11-23-16-03-01-2404461-im-639068577085001742.jpg\",\"contentUrl\":\"https:\/\/portaltela.pt\/s.01k8rhncp4jt1\/2026\/02\/img_920x518uu2025-11-23-16-03-01-2404461-im-639068577085001742.jpg\",\"width\":796,\"height\":448,\"caption\":\"Lu\u00eds Concei\u00e7\u00e3o arranca treinos com a sele\u00e7\u00e3o nacional feminina de futsal\"},{\"@type\":\"BreadcrumbList\",\"@id\":\"https:\/\/portaltela.pt\/noticias\/2026\/02\/16\/luis-conceicao-quer-tirar-o-maximo-do-estagio-na-selecao-feminina-de-futsal\/#breadcrumb\",\"itemListElement\":[{\"@type\":\"ListItem\",\"position\":1,\"name\":\"In\u00edcio\",\"item\":\"https:\/\/portaltela.pt\/\"},{\"@type\":\"ListItem\",\"position\":2,\"name\":\"Lu\u00eds Concei\u00e7\u00e3o quer tirar o m\u00e1ximo do est\u00e1gio na sele\u00e7\u00e3o feminina de futsal\"}]},{\"@type\":\"WebSite\",\"@id\":\"https:\/\/portaltela.pt\/#website\",\"url\":\"https:\/\/portaltela.pt\/\",\"name\":\"Portal Tela Portugal\",\"description\":\"\",\"potentialAction\":[{\"@type\":\"SearchAction\",\"target\":{\"@type\":\"EntryPoint\",\"urlTemplate\":\"https:\/\/portaltela.pt\/?s={search_term_string}\"},\"query-input\":{\"@type\":\"PropertyValueSpecification\",\"valueRequired\":true,\"valueName\":\"search_term_string\"}}],\"inLanguage\":\"pt-PT\"},{\"@type\":\"Person\",\"@id\":\"https:\/\/portaltela.pt\/#\/schema\/person\/c4278d4a6028830caff9ee44b42d32ed\",\"name\":\"Telinha\",\"image\":{\"@type\":\"ImageObject\",\"inLanguage\":\"pt-PT\",\"@id\":\"https:\/\/portaltela.pt\/s.01k8rhncp4jt1\/2025\/11\/talking-bot-125x125.png\",\"url\":\"https:\/\/portaltela.pt\/s.01k8rhncp4jt1\/2025\/11\/talking-bot-125x125.png\",\"contentUrl\":\"https:\/\/portaltela.pt\/s.01k8rhncp4jt1\/2025\/11\/talking-bot-125x125.png\",\"caption\":\"Telinha\"},\"sameAs\":[\"https:\/\/portaltela.pt\/\"],\"url\":\"https:\/\/portaltela.pt\/por\/367410592786\/\"}]}<\/script>\n<!-- \/ Yoast SEO plugin. -->","yoast_head_json":{"title":"Lu\u00eds Concei\u00e7\u00e3o quer tirar o m\u00e1ximo do est\u00e1gio na sele\u00e7\u00e3o feminina de futsal - Portal Tela Portugal","robots":{"index":"index","follow":"follow","max-snippet":"max-snippet:-1","max-image-preview":"max-image-preview:large","max-video-preview":"max-video-preview:-1"},"og_locale":"pt_PT","og_type":"article","og_title":"Lu\u00eds Concei\u00e7\u00e3o quer tirar o m\u00e1ximo do est\u00e1gio na sele\u00e7\u00e3o feminina de futsal - Portal Tela Portugal","og_description":"A sele\u00e7\u00e3o nacional feminina de futsal iniciou, nesta segunda-feira, o est\u00e1gio de prepara\u00e7\u00e3o para dois jogos particulares diante da Finl\u00e2ndia, no Centro Multiusos de Lamegos. O treinador Lu\u00eds Concei\u00e7\u00e3o pede aproveitar ao m\u00e1ximo o tempo em conjunto, com foco na organiza\u00e7\u00e3o e num trabalho s\u00e9rio. Esta \u00e9 a primeira concentra\u00e7\u00e3o desde dezembro, depois da derrota na final do Mundial das Filipinas frente ao Brasil. A Finl\u00e2ndia \u00e9 um advers\u00e1rio de qualidade e pode ficar entre as cinco\/seis primeiras a n\u00edvel europeu nos pr\u00f3ximos anos, segundo o t\u00e9cnico. Os jogos est\u00e3o agendados para ter\u00e7a-feira \u00e0s 20h00 e quarta-feira \u00e0s 20h30, antes de um novo est\u00e1gio em outubro para o apuramento ao Europeu de 2027.","og_url":"https:\/\/portaltela.pt\/noticias\/2026\/02\/16\/luis-conceicao-quer-tirar-o-maximo-do-estagio-na-selecao-feminina-de-futsal\/","og_site_name":"Portal Tela Portugal","article_published_time":"2026-02-16T16:59:57+00:00","author":"Telinha","twitter_card":"summary_large_image","twitter_misc":{"Escrito por":"Telinha","Tempo estimado de leitura":"1 minuto"},"schema":{"@context":"https:\/\/schema.org","@graph":[{"@type":"Article","@id":"https:\/\/portaltela.pt\/noticias\/2026\/02\/16\/luis-conceicao-quer-tirar-o-maximo-do-estagio-na-selecao-feminina-de-futsal\/#article","isPartOf":{"@id":"https:\/\/portaltela.pt\/noticias\/2026\/02\/16\/luis-conceicao-quer-tirar-o-maximo-do-estagio-na-selecao-feminina-de-futsal\/"},"author":{"name":"Telinha","@id":"https:\/\/portaltela.pt\/#\/schema\/person\/c4278d4a6028830caff9ee44b42d32ed"},"headline":"Lu\u00eds Concei\u00e7\u00e3o quer tirar o m\u00e1ximo do est\u00e1gio na sele\u00e7\u00e3o feminina de futsal","datePublished":"2026-02-16T16:59:57+00:00","mainEntityOfPage":{"@id":"https:\/\/portaltela.pt\/noticias\/2026\/02\/16\/luis-conceicao-quer-tirar-o-maximo-do-estagio-na-selecao-feminina-de-futsal\/"},"wordCount":219,"image":{"@id":"https:\/\/portaltela.pt\/noticias\/2026\/02\/16\/luis-conceicao-quer-tirar-o-maximo-do-estagio-na-selecao-feminina-de-futsal\/#primaryimage"},"thumbnailUrl":"https:\/\/portaltela.pt\/s.01k8rhncp4jt1\/2026\/02\/img_920x518uu2025-11-23-16-03-01-2404461-im-639068577085001742.jpg","keywords":["Finl\u00e2ndia","futsal","Lamego","Sele\u00e7\u00e3o Nacional","treinadores"],"articleSection":["Desporto","Futebol"],"inLanguage":"pt-PT"},{"@type":"WebPage","@id":"https:\/\/portaltela.pt\/noticias\/2026\/02\/16\/luis-conceicao-quer-tirar-o-maximo-do-estagio-na-selecao-feminina-de-futsal\/","url":"https:\/\/portaltela.pt\/noticias\/2026\/02\/16\/luis-conceicao-quer-tirar-o-maximo-do-estagio-na-selecao-feminina-de-futsal\/","name":"Lu\u00eds Concei\u00e7\u00e3o quer tirar o m\u00e1ximo do est\u00e1gio na sele\u00e7\u00e3o feminina de futsal - Portal Tela Portugal","isPartOf":{"@id":"https:\/\/portaltela.pt\/#website"},"primaryImageOfPage":{"@id":"https:\/\/portaltela.pt\/noticias\/2026\/02\/16\/luis-conceicao-quer-tirar-o-maximo-do-estagio-na-selecao-feminina-de-futsal\/#primaryimage"},"image":{"@id":"https:\/\/portaltela.pt\/noticias\/2026\/02\/16\/luis-conceicao-quer-tirar-o-maximo-do-estagio-na-selecao-feminina-de-futsal\/#primaryimage"},"thumbnailUrl":"https:\/\/portaltela.pt\/s.01k8rhncp4jt1\/2026\/02\/img_920x518uu2025-11-23-16-03-01-2404461-im-639068577085001742.jpg","datePublished":"2026-02-16T16:59:57+00:00","author":{"@id":"https:\/\/portaltela.pt\/#\/schema\/person\/c4278d4a6028830caff9ee44b42d32ed"},"breadcrumb":{"@id":"https:\/\/portaltela.pt\/noticias\/2026\/02\/16\/luis-conceicao-quer-tirar-o-maximo-do-estagio-na-selecao-feminina-de-futsal\/#breadcrumb"},"inLanguage":"pt-PT","potentialAction":[{"@type":"ReadAction","target":["https:\/\/portaltela.pt\/noticias\/2026\/02\/16\/luis-conceicao-quer-tirar-o-maximo-do-estagio-na-selecao-feminina-de-futsal\/"]}]},{"@type":"ImageObject","inLanguage":"pt-PT","@id":"https:\/\/portaltela.pt\/noticias\/2026\/02\/16\/luis-conceicao-quer-tirar-o-maximo-do-estagio-na-selecao-feminina-de-futsal\/#primaryimage","url":"https:\/\/portaltela.pt\/s.01k8rhncp4jt1\/2026\/02\/img_920x518uu2025-11-23-16-03-01-2404461-im-639068577085001742.jpg","contentUrl":"https:\/\/portaltela.pt\/s.01k8rhncp4jt1\/2026\/02\/img_920x518uu2025-11-23-16-03-01-2404461-im-639068577085001742.jpg","width":796,"height":448,"caption":"Lu\u00eds Concei\u00e7\u00e3o arranca treinos com a sele\u00e7\u00e3o nacional feminina de futsal"},{"@type":"BreadcrumbList","@id":"https:\/\/portaltela.pt\/noticias\/2026\/02\/16\/luis-conceicao-quer-tirar-o-maximo-do-estagio-na-selecao-feminina-de-futsal\/#breadcrumb","itemListElement":[{"@type":"ListItem","position":1,"name":"In\u00edcio","item":"https:\/\/portaltela.pt\/"},{"@type":"ListItem","position":2,"name":"Lu\u00eds Concei\u00e7\u00e3o quer tirar o m\u00e1ximo do est\u00e1gio na sele\u00e7\u00e3o feminina de futsal"}]},{"@type":"WebSite","@id":"https:\/\/portaltela.pt\/#website","url":"https:\/\/portaltela.pt\/","name":"Portal Tela Portugal","description":"","potentialAction":[{"@type":"SearchAction","target":{"@type":"EntryPoint","urlTemplate":"https:\/\/portaltela.pt\/?s={search_term_string}"},"query-input":{"@type":"PropertyValueSpecification","valueRequired":true,"valueName":"search_term_string"}}],"inLanguage":"pt-PT"},{"@type":"Person","@id":"https:\/\/portaltela.pt\/#\/schema\/person\/c4278d4a6028830caff9ee44b42d32ed","name":"Telinha","image":{"@type":"ImageObject","inLanguage":"pt-PT","@id":"https:\/\/portaltela.pt\/s.01k8rhncp4jt1\/2025\/11\/talking-bot-125x125.png","url":"https:\/\/portaltela.pt\/s.01k8rhncp4jt1\/2025\/11\/talking-bot-125x125.png","contentUrl":"https:\/\/portaltela.pt\/s.01k8rhncp4jt1\/2025\/11\/talking-bot-125x125.png","caption":"Telinha"},"sameAs":["https:\/\/portaltela.pt\/"],"url":"https:\/\/portaltela.pt\/por\/367410592786\/"}]}},"_links":{"self":[{"href":"https:\/\/portaltela.pt\/api\/wp\/v2\/posts\/214770","targetHints":{"allow":["GET"]}}],"collection":[{"href":"https:\/\/portaltela.pt\/api\/wp\/v2\/posts"}],"about":[{"href":"https:\/\/portaltela.pt\/api\/wp\/v2\/types\/post"}],"author":[{"embeddable":true,"href":"https:\/\/portaltela.pt\/api\/wp\/v2\/users\/2"}],"replies":[{"embeddable":true,"href":"https:\/\/portaltela.pt\/api\/wp\/v2\/comments?post=214770"}],"version-history":[{"count":0,"href":"https:\/\/portaltela.pt\/api\/wp\/v2\/posts\/214770\/revisions"}],"wp:featuredmedia":[{"embeddable":true,"href":"https:\/\/portaltela.pt\/api\/wp\/v2\/media\/214772"}],"wp:attachment":[{"href":"https:\/\/portaltela.pt\/api\/wp\/v2\/media?parent=214770"}],"wp:term":[{"taxonomy":"category","embeddable":true,"href":"https:\/\/portaltela.pt\/api\/wp\/v2\/categories?post=214770"},{"taxonomy":"post_tag","embeddable":true,"href":"https:\/\/portaltela.pt\/api\/wp\/v2\/tags?post=214770"}],"curies":[{"name":"wp","href":"https:\/\/api.w.org\/{rel}","templated":true}]}}