{"id":214755,"date":"2026-02-16T13:29:00","date_gmt":"2026-02-16T16:29:00","guid":{"rendered":"https:\/\/portaltela.pt\/noticias\/2026\/02\/16\/carnaval-de-belo-horizonte-tambores-comecam-cedo\/"},"modified":"2026-02-16T13:29:00","modified_gmt":"2026-02-16T16:29:00","slug":"carnaval-de-belo-horizonte-tambores-comecam-cedo","status":"publish","type":"post","link":"https:\/\/portaltela.pt\/noticias\/2026\/02\/16\/carnaval-de-belo-horizonte-tambores-comecam-cedo\/","title":{"rendered":"Carnaval de Belo Horizonte: tambores come\u00e7am cedo"},"content":{"rendered":"<p>Belo Horizonte vive um Carnaval intenso, com 660 desfiles distribu\u00eddos por 23 dias. A cidade recebe cerca de 6,5 milh\u00f5es de visitantes e promove desfiles diurnos a partir das 5h e noturnos no final da tarde, independentemente do tempo. A festa \u00e9 apresentada como inclusiva e marcada pelo calor do Ver\u00e3o.<\/p>\n<p>A capital mineira tem uma hist\u00f3ria ligada ao surgimento de desfiles ainda antes da sua oficial funda\u00e7\u00e3o, quando oper\u00e1rios que ajudaram a construir a cidade organizaram um desfile de carro\u00e7as em 1897, ligando a Pra\u00e7a da Liberdade \u00e0 Avenida Afonso Pena. A tradi\u00e7\u00e3o atual refor\u00e7a a identidade festiva da cidade.<\/p>\n<p>A crian\u00e7\u00e3o de bebidas com impacto no Carnaval come\u00e7ou com dois estudantes universit\u00e1rios, Gabriel Rocha e Alex Freire, que criaram uma mistura de \u00e1lcool com ch\u00e1 mate, batizada Xeque Mate. A bebida, inicialmente desenvolvida a pedido de um cliente, combinava rum, mate, guaran\u00e1 e lim\u00e3o, com cerca de 8% de \u00e1lcool, evoluindo para venda em lata.<\/p>\n<p>Para os residentes de Belo Horizonte, o Carnaval representa orgulho local, na medida em que a cidade se afirma como refer\u00eancia de festa inclusiva. A designa\u00e7\u00e3o de \u201ccapital do drink pronto em lata\u201d foi atribu\u00edda \u00e0 cidade pela imprensa especializada brasileira, que tamb\u00e9m a apelidou de \u201cSilicon Valley et\u00edlica\u201d.<\/p>\n<p>O evento permanece como um polo de criatividade e inova\u00e7\u00e3o no setor de bebidas, com a evolu\u00e7\u00e3o de produtos prontos para consumo que acompanham as festividades. A programa\u00e7\u00e3o anual continua a atrair turistas nacionais e internacionais, contribuindo para a economia local durante o per\u00edodo festivo.<\/p>\n","protected":false},"excerpt":{"rendered":"<ul>\n<li>No Carnaval de Belo Horizonte, decorre 660 desfiles e o evento estende-se por 23 dias, com desfiles diurnos a come\u00e7ar \u00e0s cinco da manh\u00e3 e nocturnos no final da tarde.<\/li>\n<li>A cidade, com cerca de 2,3 milh\u00f5es de habitantes, recebe cerca de 6,5 milh\u00f5es de pessoas para assistir ao Carnaval inclusivo.<\/li>\n<li>A festa tem ra\u00edzes que remontam a 1897, quando oper\u00e1rios que constru\u00edam a cidade organizaram um desfile entre a Pra\u00e7a da Liberdade e a Afonso Pena, antes de a cidade ter a sua funda\u00e7\u00e3o.<\/li>\n<li>A origem da criatividade et\u00edlica envolve dois estudantes universit\u00e1rios que criaram a bebida Xeque Mate, uma mistura de rum, ch\u00e1 mate, guaran\u00e1 e lim\u00e3o, com 8% de \u00e1lcool, evoluindo para venda em lata.<\/li>\n<li>A cidade \u00e9 por vezes apelidada pela imprensa brasileira de \u201ccapital do drink pronto em lata\u201d e a Forbes brasileira apelidou-a de \u201cSilicon Valley et\u00edlica\u201d.<\/li>\n<\/ul>\n","protected":false},"author":2,"featured_media":214756,"comment_status":"closed","ping_status":"closed","sticky":false,"template":"","format":"standard","meta":{"footnotes":""},"categories":[1],"tags":[3312,28,4919,3730,219,169],"class_list":["post-214755","post","type-post","status-publish","format-standard","has-post-thumbnail","hentry","category-noticias","tag-bebidas-alcoolicas","tag-economia","tag-festas","tag-festejos","tag-gastronomia","tag-turismo"],"yoast_head":"<!-- This site is optimized with the Yoast SEO plugin v27.2 - https:\/\/yoast.com\/product\/yoast-seo-wordpress\/ -->\n<title>Carnaval de Belo Horizonte: tambores come\u00e7am cedo - Portal Tela Portugal<\/title>\n<meta name=\"robots\" content=\"index, follow, max-snippet:-1, max-image-preview:large, max-video-preview:-1\" \/>\n<meta property=\"og:locale\" content=\"pt_PT\" \/>\n<meta property=\"og:type\" content=\"article\" \/>\n<meta property=\"og:title\" content=\"Carnaval de Belo Horizonte: tambores come\u00e7am cedo - Portal Tela Portugal\" \/>\n<meta property=\"og:description\" content=\"No Carnaval de Belo Horizonte, decorre 660 desfiles e o evento estende-se por 23 dias, com desfiles diurnos a come\u00e7ar \u00e0s cinco da manh\u00e3 e nocturnos no final da tarde. A cidade, com cerca de 2,3 milh\u00f5es de habitantes, recebe cerca de 6,5 milh\u00f5es de pessoas para assistir ao Carnaval inclusivo. A festa tem ra\u00edzes que remontam a 1897, quando oper\u00e1rios que constru\u00edam a cidade organizaram um desfile entre a Pra\u00e7a da Liberdade e a Afonso Pena, antes de a cidade ter a sua funda\u00e7\u00e3o. A origem da criatividade et\u00edlica envolve dois estudantes universit\u00e1rios que criaram a bebida Xeque Mate, uma mistura de rum, ch\u00e1 mate, guaran\u00e1 e lim\u00e3o, com 8% de \u00e1lcool, evoluindo para venda em lata. A cidade \u00e9 por vezes apelidada pela imprensa brasileira de \u201ccapital do drink pronto em lata\u201d e a Forbes brasileira apelidou-a de \u201cSilicon Valley et\u00edlica\u201d.\" \/>\n<meta property=\"og:url\" content=\"https:\/\/portaltela.pt\/noticias\/2026\/02\/16\/carnaval-de-belo-horizonte-tambores-comecam-cedo\/\" \/>\n<meta property=\"og:site_name\" content=\"Portal Tela Portugal\" \/>\n<meta property=\"article:published_time\" content=\"2026-02-16T16:29:00+00:00\" \/>\n<meta name=\"author\" content=\"Telinha\" \/>\n<meta name=\"twitter:card\" content=\"summary_large_image\" \/>\n<meta name=\"twitter:label1\" content=\"Escrito por\" \/>\n\t<meta name=\"twitter:data1\" content=\"Telinha\" \/>\n\t<meta name=\"twitter:label2\" content=\"Tempo estimado de leitura\" \/>\n\t<meta name=\"twitter:data2\" content=\"1 minuto\" \/>\n<script type=\"application\/ld+json\" class=\"yoast-schema-graph\">{\"@context\":\"https:\/\/schema.org\",\"@graph\":[{\"@type\":\"Article\",\"@id\":\"https:\/\/portaltela.pt\/noticias\/2026\/02\/16\/carnaval-de-belo-horizonte-tambores-comecam-cedo\/#article\",\"isPartOf\":{\"@id\":\"https:\/\/portaltela.pt\/noticias\/2026\/02\/16\/carnaval-de-belo-horizonte-tambores-comecam-cedo\/\"},\"author\":{\"name\":\"Telinha\",\"@id\":\"https:\/\/portaltela.pt\/#\/schema\/person\/c4278d4a6028830caff9ee44b42d32ed\"},\"headline\":\"Carnaval de Belo Horizonte: tambores come\u00e7am cedo\",\"datePublished\":\"2026-02-16T16:29:00+00:00\",\"mainEntityOfPage\":{\"@id\":\"https:\/\/portaltela.pt\/noticias\/2026\/02\/16\/carnaval-de-belo-horizonte-tambores-comecam-cedo\/\"},\"wordCount\":274,\"image\":{\"@id\":\"https:\/\/portaltela.pt\/noticias\/2026\/02\/16\/carnaval-de-belo-horizonte-tambores-comecam-cedo\/#primaryimage\"},\"thumbnailUrl\":\"https:\/\/portaltela.pt\/s.01k8rhncp4jt1\/2026\/02\/821746.jpg\",\"keywords\":[\"bebidas alco\u00f3licas\",\"economia\",\"festas\",\"festejos\",\"gastronomia\",\"turismo\"],\"articleSection\":[\"Not\u00edcias\"],\"inLanguage\":\"pt-PT\"},{\"@type\":\"WebPage\",\"@id\":\"https:\/\/portaltela.pt\/noticias\/2026\/02\/16\/carnaval-de-belo-horizonte-tambores-comecam-cedo\/\",\"url\":\"https:\/\/portaltela.pt\/noticias\/2026\/02\/16\/carnaval-de-belo-horizonte-tambores-comecam-cedo\/\",\"name\":\"Carnaval de Belo Horizonte: tambores come\u00e7am cedo - Portal Tela Portugal\",\"isPartOf\":{\"@id\":\"https:\/\/portaltela.pt\/#website\"},\"primaryImageOfPage\":{\"@id\":\"https:\/\/portaltela.pt\/noticias\/2026\/02\/16\/carnaval-de-belo-horizonte-tambores-comecam-cedo\/#primaryimage\"},\"image\":{\"@id\":\"https:\/\/portaltela.pt\/noticias\/2026\/02\/16\/carnaval-de-belo-horizonte-tambores-comecam-cedo\/#primaryimage\"},\"thumbnailUrl\":\"https:\/\/portaltela.pt\/s.01k8rhncp4jt1\/2026\/02\/821746.jpg\",\"datePublished\":\"2026-02-16T16:29:00+00:00\",\"author\":{\"@id\":\"https:\/\/portaltela.pt\/#\/schema\/person\/c4278d4a6028830caff9ee44b42d32ed\"},\"breadcrumb\":{\"@id\":\"https:\/\/portaltela.pt\/noticias\/2026\/02\/16\/carnaval-de-belo-horizonte-tambores-comecam-cedo\/#breadcrumb\"},\"inLanguage\":\"pt-PT\",\"potentialAction\":[{\"@type\":\"ReadAction\",\"target\":[\"https:\/\/portaltela.pt\/noticias\/2026\/02\/16\/carnaval-de-belo-horizonte-tambores-comecam-cedo\/\"]}]},{\"@type\":\"ImageObject\",\"inLanguage\":\"pt-PT\",\"@id\":\"https:\/\/portaltela.pt\/noticias\/2026\/02\/16\/carnaval-de-belo-horizonte-tambores-comecam-cedo\/#primaryimage\",\"url\":\"https:\/\/portaltela.pt\/s.01k8rhncp4jt1\/2026\/02\/821746.jpg\",\"contentUrl\":\"https:\/\/portaltela.pt\/s.01k8rhncp4jt1\/2026\/02\/821746.jpg\",\"width\":796,\"height\":448,\"caption\":\"Desfile do bloco \\\"Chama o Sindico\\\", em Belo Horizonte\"},{\"@type\":\"BreadcrumbList\",\"@id\":\"https:\/\/portaltela.pt\/noticias\/2026\/02\/16\/carnaval-de-belo-horizonte-tambores-comecam-cedo\/#breadcrumb\",\"itemListElement\":[{\"@type\":\"ListItem\",\"position\":1,\"name\":\"In\u00edcio\",\"item\":\"https:\/\/portaltela.pt\/\"},{\"@type\":\"ListItem\",\"position\":2,\"name\":\"Carnaval de Belo Horizonte: tambores come\u00e7am cedo\"}]},{\"@type\":\"WebSite\",\"@id\":\"https:\/\/portaltela.pt\/#website\",\"url\":\"https:\/\/portaltela.pt\/\",\"name\":\"Portal Tela Portugal\",\"description\":\"\",\"potentialAction\":[{\"@type\":\"SearchAction\",\"target\":{\"@type\":\"EntryPoint\",\"urlTemplate\":\"https:\/\/portaltela.pt\/?s={search_term_string}\"},\"query-input\":{\"@type\":\"PropertyValueSpecification\",\"valueRequired\":true,\"valueName\":\"search_term_string\"}}],\"inLanguage\":\"pt-PT\"},{\"@type\":\"Person\",\"@id\":\"https:\/\/portaltela.pt\/#\/schema\/person\/c4278d4a6028830caff9ee44b42d32ed\",\"name\":\"Telinha\",\"image\":{\"@type\":\"ImageObject\",\"inLanguage\":\"pt-PT\",\"@id\":\"https:\/\/portaltela.pt\/s.01k8rhncp4jt1\/2025\/11\/talking-bot-125x125.png\",\"url\":\"https:\/\/portaltela.pt\/s.01k8rhncp4jt1\/2025\/11\/talking-bot-125x125.png\",\"contentUrl\":\"https:\/\/portaltela.pt\/s.01k8rhncp4jt1\/2025\/11\/talking-bot-125x125.png\",\"caption\":\"Telinha\"},\"sameAs\":[\"https:\/\/portaltela.pt\/\"],\"url\":\"https:\/\/portaltela.pt\/por\/367410592786\/\"}]}<\/script>\n<!-- \/ Yoast SEO plugin. -->","yoast_head_json":{"title":"Carnaval de Belo Horizonte: tambores come\u00e7am cedo - Portal Tela Portugal","robots":{"index":"index","follow":"follow","max-snippet":"max-snippet:-1","max-image-preview":"max-image-preview:large","max-video-preview":"max-video-preview:-1"},"og_locale":"pt_PT","og_type":"article","og_title":"Carnaval de Belo Horizonte: tambores come\u00e7am cedo - Portal Tela Portugal","og_description":"No Carnaval de Belo Horizonte, decorre 660 desfiles e o evento estende-se por 23 dias, com desfiles diurnos a come\u00e7ar \u00e0s cinco da manh\u00e3 e nocturnos no final da tarde. A cidade, com cerca de 2,3 milh\u00f5es de habitantes, recebe cerca de 6,5 milh\u00f5es de pessoas para assistir ao Carnaval inclusivo. A festa tem ra\u00edzes que remontam a 1897, quando oper\u00e1rios que constru\u00edam a cidade organizaram um desfile entre a Pra\u00e7a da Liberdade e a Afonso Pena, antes de a cidade ter a sua funda\u00e7\u00e3o. A origem da criatividade et\u00edlica envolve dois estudantes universit\u00e1rios que criaram a bebida Xeque Mate, uma mistura de rum, ch\u00e1 mate, guaran\u00e1 e lim\u00e3o, com 8% de \u00e1lcool, evoluindo para venda em lata. A cidade \u00e9 por vezes apelidada pela imprensa brasileira de \u201ccapital do drink pronto em lata\u201d e a Forbes brasileira apelidou-a de \u201cSilicon Valley et\u00edlica\u201d.","og_url":"https:\/\/portaltela.pt\/noticias\/2026\/02\/16\/carnaval-de-belo-horizonte-tambores-comecam-cedo\/","og_site_name":"Portal Tela Portugal","article_published_time":"2026-02-16T16:29:00+00:00","author":"Telinha","twitter_card":"summary_large_image","twitter_misc":{"Escrito por":"Telinha","Tempo estimado de leitura":"1 minuto"},"schema":{"@context":"https:\/\/schema.org","@graph":[{"@type":"Article","@id":"https:\/\/portaltela.pt\/noticias\/2026\/02\/16\/carnaval-de-belo-horizonte-tambores-comecam-cedo\/#article","isPartOf":{"@id":"https:\/\/portaltela.pt\/noticias\/2026\/02\/16\/carnaval-de-belo-horizonte-tambores-comecam-cedo\/"},"author":{"name":"Telinha","@id":"https:\/\/portaltela.pt\/#\/schema\/person\/c4278d4a6028830caff9ee44b42d32ed"},"headline":"Carnaval de Belo Horizonte: tambores come\u00e7am cedo","datePublished":"2026-02-16T16:29:00+00:00","mainEntityOfPage":{"@id":"https:\/\/portaltela.pt\/noticias\/2026\/02\/16\/carnaval-de-belo-horizonte-tambores-comecam-cedo\/"},"wordCount":274,"image":{"@id":"https:\/\/portaltela.pt\/noticias\/2026\/02\/16\/carnaval-de-belo-horizonte-tambores-comecam-cedo\/#primaryimage"},"thumbnailUrl":"https:\/\/portaltela.pt\/s.01k8rhncp4jt1\/2026\/02\/821746.jpg","keywords":["bebidas alco\u00f3licas","economia","festas","festejos","gastronomia","turismo"],"articleSection":["Not\u00edcias"],"inLanguage":"pt-PT"},{"@type":"WebPage","@id":"https:\/\/portaltela.pt\/noticias\/2026\/02\/16\/carnaval-de-belo-horizonte-tambores-comecam-cedo\/","url":"https:\/\/portaltela.pt\/noticias\/2026\/02\/16\/carnaval-de-belo-horizonte-tambores-comecam-cedo\/","name":"Carnaval de Belo Horizonte: tambores come\u00e7am cedo - Portal Tela Portugal","isPartOf":{"@id":"https:\/\/portaltela.pt\/#website"},"primaryImageOfPage":{"@id":"https:\/\/portaltela.pt\/noticias\/2026\/02\/16\/carnaval-de-belo-horizonte-tambores-comecam-cedo\/#primaryimage"},"image":{"@id":"https:\/\/portaltela.pt\/noticias\/2026\/02\/16\/carnaval-de-belo-horizonte-tambores-comecam-cedo\/#primaryimage"},"thumbnailUrl":"https:\/\/portaltela.pt\/s.01k8rhncp4jt1\/2026\/02\/821746.jpg","datePublished":"2026-02-16T16:29:00+00:00","author":{"@id":"https:\/\/portaltela.pt\/#\/schema\/person\/c4278d4a6028830caff9ee44b42d32ed"},"breadcrumb":{"@id":"https:\/\/portaltela.pt\/noticias\/2026\/02\/16\/carnaval-de-belo-horizonte-tambores-comecam-cedo\/#breadcrumb"},"inLanguage":"pt-PT","potentialAction":[{"@type":"ReadAction","target":["https:\/\/portaltela.pt\/noticias\/2026\/02\/16\/carnaval-de-belo-horizonte-tambores-comecam-cedo\/"]}]},{"@type":"ImageObject","inLanguage":"pt-PT","@id":"https:\/\/portaltela.pt\/noticias\/2026\/02\/16\/carnaval-de-belo-horizonte-tambores-comecam-cedo\/#primaryimage","url":"https:\/\/portaltela.pt\/s.01k8rhncp4jt1\/2026\/02\/821746.jpg","contentUrl":"https:\/\/portaltela.pt\/s.01k8rhncp4jt1\/2026\/02\/821746.jpg","width":796,"height":448,"caption":"Desfile do bloco \"Chama o Sindico\", em Belo Horizonte"},{"@type":"BreadcrumbList","@id":"https:\/\/portaltela.pt\/noticias\/2026\/02\/16\/carnaval-de-belo-horizonte-tambores-comecam-cedo\/#breadcrumb","itemListElement":[{"@type":"ListItem","position":1,"name":"In\u00edcio","item":"https:\/\/portaltela.pt\/"},{"@type":"ListItem","position":2,"name":"Carnaval de Belo Horizonte: tambores come\u00e7am cedo"}]},{"@type":"WebSite","@id":"https:\/\/portaltela.pt\/#website","url":"https:\/\/portaltela.pt\/","name":"Portal Tela Portugal","description":"","potentialAction":[{"@type":"SearchAction","target":{"@type":"EntryPoint","urlTemplate":"https:\/\/portaltela.pt\/?s={search_term_string}"},"query-input":{"@type":"PropertyValueSpecification","valueRequired":true,"valueName":"search_term_string"}}],"inLanguage":"pt-PT"},{"@type":"Person","@id":"https:\/\/portaltela.pt\/#\/schema\/person\/c4278d4a6028830caff9ee44b42d32ed","name":"Telinha","image":{"@type":"ImageObject","inLanguage":"pt-PT","@id":"https:\/\/portaltela.pt\/s.01k8rhncp4jt1\/2025\/11\/talking-bot-125x125.png","url":"https:\/\/portaltela.pt\/s.01k8rhncp4jt1\/2025\/11\/talking-bot-125x125.png","contentUrl":"https:\/\/portaltela.pt\/s.01k8rhncp4jt1\/2025\/11\/talking-bot-125x125.png","caption":"Telinha"},"sameAs":["https:\/\/portaltela.pt\/"],"url":"https:\/\/portaltela.pt\/por\/367410592786\/"}]}},"_links":{"self":[{"href":"https:\/\/portaltela.pt\/api\/wp\/v2\/posts\/214755","targetHints":{"allow":["GET"]}}],"collection":[{"href":"https:\/\/portaltela.pt\/api\/wp\/v2\/posts"}],"about":[{"href":"https:\/\/portaltela.pt\/api\/wp\/v2\/types\/post"}],"author":[{"embeddable":true,"href":"https:\/\/portaltela.pt\/api\/wp\/v2\/users\/2"}],"replies":[{"embeddable":true,"href":"https:\/\/portaltela.pt\/api\/wp\/v2\/comments?post=214755"}],"version-history":[{"count":0,"href":"https:\/\/portaltela.pt\/api\/wp\/v2\/posts\/214755\/revisions"}],"wp:featuredmedia":[{"embeddable":true,"href":"https:\/\/portaltela.pt\/api\/wp\/v2\/media\/214756"}],"wp:attachment":[{"href":"https:\/\/portaltela.pt\/api\/wp\/v2\/media?parent=214755"}],"wp:term":[{"taxonomy":"category","embeddable":true,"href":"https:\/\/portaltela.pt\/api\/wp\/v2\/categories?post=214755"},{"taxonomy":"post_tag","embeddable":true,"href":"https:\/\/portaltela.pt\/api\/wp\/v2\/tags?post=214755"}],"curies":[{"name":"wp","href":"https:\/\/api.w.org\/{rel}","templated":true}]}}