{"id":214738,"date":"2026-02-16T13:32:00","date_gmt":"2026-02-16T16:32:00","guid":{"rendered":"https:\/\/portaltela.pt\/noticias\/2026\/02\/16\/sergio-conceicao-sera-avo-pela-primeira-vez-aos-51-anos\/"},"modified":"2026-02-16T13:32:00","modified_gmt":"2026-02-16T16:32:00","slug":"sergio-conceicao-sera-avo-pela-primeira-vez-aos-51-anos","status":"publish","type":"post","link":"https:\/\/portaltela.pt\/desporto\/futebol\/2026\/02\/16\/sergio-conceicao-sera-avo-pela-primeira-vez-aos-51-anos\/","title":{"rendered":"S\u00e9rgio Concei\u00e7\u00e3o ser\u00e1 av\u00f4 pela primeira vez aos 51 anos"},"content":{"rendered":"<p>S\u00e9rgio Concei\u00e7\u00e3o vai ser av\u00f4 pela primeira vez aos 51 anos. A not\u00edcia foi confirmada pelo filho Rodrigo Concei\u00e7\u00e3o e pela companheira, Catarina Reis, numa publica\u00e7\u00e3o conjunta nas redes sociais no domingo, 15 de fevereiro.<\/p>\n<p>No texto partilhado, os dois respons\u00e1veis pela revela\u00e7\u00e3o destacam a chegada de um novo cap\u00edtulo familiar, acompanhada de imagens em que j\u00e1 se vislumbra a barriga da futura mam\u00e3.<\/p>\n<p>A publica\u00e7\u00e3o recebeu centenas de mensagens de felicita\u00e7\u00f5es, com nomes como Pepe, Fernando Daniel e Margarida Corceiro entre os coment\u00e1rios de apoio.<\/p>\n<p>Os futuros tios Mois\u00e9s Concei\u00e7\u00e3o e Francisco Concei\u00e7\u00e3o tamb\u00e9m celebraram a not\u00edcia. Rodrigo atua atualmente pelo CD Tondela, enquanto S\u00e9rgio Concei\u00e7\u00e3o treina o Al-Ittihad FC.<\/p>\n","protected":false},"excerpt":{"rendered":"<ul>\n<li>S\u00e9rgio Concei\u00e7\u00e3o, aos 51 anos, vai ser av\u00f4 pela primeira vez, anunciou o filho Rodrigo Concei\u00e7\u00e3o e a companheira Catarina Reis.<\/li>\n<li>O an\u00fancio foi feito a 15 de fevereiro, nas redes sociais, com uma publica\u00e7\u00e3o conjunta e a legenda: &#8220;H\u00e1 um novo cap\u00edtulo a ser escrito &#8211; e j\u00e1 \u00e9 o mais especial da nossa hist\u00f3ria!&#8221;<\/li>\n<li>As mensagens de felicita\u00e7\u00f5es surgiram rapidamente, com figuras p\u00fablicas como Pepe, Fernando Daniel, Sandra Madureira e Margarida Corceiro a deixarem palavras de carinho.<\/li>\n<li>Os futuros tios, Mois\u00e9s Concei\u00e7\u00e3o e Francisco Concei\u00e7\u00e3o, tamb\u00e9m celebraram a novidade.<\/li>\n<li>Rodrigo Concei\u00e7\u00e3o joga atualmente pelo CD Tondela e \u00e9 o segundo filho mais velho do treinador do Al-Ittihad FC.<\/li>\n<\/ul>\n","protected":false},"author":2,"featured_media":214748,"comment_status":"closed","ping_status":"closed","sticky":false,"template":"","format":"standard","meta":{"footnotes":""},"categories":[21,24],"tags":[5827,64,148,32,5661,5549],"class_list":["post-214738","post","type-post","status-publish","format-standard","has-post-thumbnail","hentry","category-desporto","category-futebol","tag-cd-tondela","tag-familia","tag-familias","tag-futebol","tag-pessoas-publicas","tag-sergio-conceicao"],"yoast_head":"<!-- This site is optimized with the Yoast SEO plugin v27.2 - https:\/\/yoast.com\/product\/yoast-seo-wordpress\/ -->\n<title>S\u00e9rgio Concei\u00e7\u00e3o ser\u00e1 av\u00f4 pela primeira vez aos 51 anos - Portal Tela Portugal<\/title>\n<meta name=\"robots\" content=\"index, follow, max-snippet:-1, max-image-preview:large, max-video-preview:-1\" \/>\n<meta property=\"og:locale\" content=\"pt_PT\" \/>\n<meta property=\"og:type\" content=\"article\" \/>\n<meta property=\"og:title\" content=\"S\u00e9rgio Concei\u00e7\u00e3o ser\u00e1 av\u00f4 pela primeira vez aos 51 anos - Portal Tela Portugal\" \/>\n<meta property=\"og:description\" content=\"S\u00e9rgio Concei\u00e7\u00e3o, aos 51 anos, vai ser av\u00f4 pela primeira vez, anunciou o filho Rodrigo Concei\u00e7\u00e3o e a companheira Catarina Reis. O an\u00fancio foi feito a 15 de fevereiro, nas redes sociais, com uma publica\u00e7\u00e3o conjunta e a legenda: &quot;H\u00e1 um novo cap\u00edtulo a ser escrito - e j\u00e1 \u00e9 o mais especial da nossa hist\u00f3ria!&quot; As mensagens de felicita\u00e7\u00f5es surgiram rapidamente, com figuras p\u00fablicas como Pepe, Fernando Daniel, Sandra Madureira e Margarida Corceiro a deixarem palavras de carinho. Os futuros tios, Mois\u00e9s Concei\u00e7\u00e3o e Francisco Concei\u00e7\u00e3o, tamb\u00e9m celebraram a novidade. Rodrigo Concei\u00e7\u00e3o joga atualmente pelo CD Tondela e \u00e9 o segundo filho mais velho do treinador do Al-Ittihad FC.\" \/>\n<meta property=\"og:url\" content=\"https:\/\/portaltela.pt\/noticias\/2026\/02\/16\/sergio-conceicao-sera-avo-pela-primeira-vez-aos-51-anos\/\" \/>\n<meta property=\"og:site_name\" content=\"Portal Tela Portugal\" \/>\n<meta property=\"article:published_time\" content=\"2026-02-16T16:32:00+00:00\" \/>\n<meta name=\"author\" content=\"Telinha\" \/>\n<meta name=\"twitter:card\" content=\"summary_large_image\" \/>\n<meta name=\"twitter:label1\" content=\"Escrito por\" \/>\n\t<meta name=\"twitter:data1\" content=\"Telinha\" \/>\n\t<meta name=\"twitter:label2\" content=\"Tempo estimado de leitura\" \/>\n\t<meta name=\"twitter:data2\" content=\"1 minuto\" \/>\n<script type=\"application\/ld+json\" class=\"yoast-schema-graph\">{\"@context\":\"https:\/\/schema.org\",\"@graph\":[{\"@type\":\"Article\",\"@id\":\"https:\/\/portaltela.pt\/noticias\/2026\/02\/16\/sergio-conceicao-sera-avo-pela-primeira-vez-aos-51-anos\/#article\",\"isPartOf\":{\"@id\":\"https:\/\/portaltela.pt\/noticias\/2026\/02\/16\/sergio-conceicao-sera-avo-pela-primeira-vez-aos-51-anos\/\"},\"author\":{\"name\":\"Telinha\",\"@id\":\"https:\/\/portaltela.pt\/#\/schema\/person\/c4278d4a6028830caff9ee44b42d32ed\"},\"headline\":\"S\u00e9rgio Concei\u00e7\u00e3o ser\u00e1 av\u00f4 pela primeira vez aos 51 anos\",\"datePublished\":\"2026-02-16T16:32:00+00:00\",\"mainEntityOfPage\":{\"@id\":\"https:\/\/portaltela.pt\/noticias\/2026\/02\/16\/sergio-conceicao-sera-avo-pela-primeira-vez-aos-51-anos\/\"},\"wordCount\":138,\"image\":{\"@id\":\"https:\/\/portaltela.pt\/noticias\/2026\/02\/16\/sergio-conceicao-sera-avo-pela-primeira-vez-aos-51-anos\/#primaryimage\"},\"thumbnailUrl\":\"https:\/\/portaltela.pt\/s.01k8rhncp4jt1\/2026\/02\/img_1280x718uu2026-02-16-12-52-19-2267178-im-639068431583752096.jpg\",\"keywords\":[\"CD Tondela\",\"fam\u00edlia\",\"fam\u00edlias\",\"futebol\",\"pessoas p\u00fablicas\",\"S\u00e9rgio Concei\u00e7\u00e3o\"],\"articleSection\":[\"Desporto\",\"Futebol\"],\"inLanguage\":\"pt-PT\"},{\"@type\":\"WebPage\",\"@id\":\"https:\/\/portaltela.pt\/noticias\/2026\/02\/16\/sergio-conceicao-sera-avo-pela-primeira-vez-aos-51-anos\/\",\"url\":\"https:\/\/portaltela.pt\/noticias\/2026\/02\/16\/sergio-conceicao-sera-avo-pela-primeira-vez-aos-51-anos\/\",\"name\":\"S\u00e9rgio Concei\u00e7\u00e3o ser\u00e1 av\u00f4 pela primeira vez aos 51 anos - Portal Tela Portugal\",\"isPartOf\":{\"@id\":\"https:\/\/portaltela.pt\/#website\"},\"primaryImageOfPage\":{\"@id\":\"https:\/\/portaltela.pt\/noticias\/2026\/02\/16\/sergio-conceicao-sera-avo-pela-primeira-vez-aos-51-anos\/#primaryimage\"},\"image\":{\"@id\":\"https:\/\/portaltela.pt\/noticias\/2026\/02\/16\/sergio-conceicao-sera-avo-pela-primeira-vez-aos-51-anos\/#primaryimage\"},\"thumbnailUrl\":\"https:\/\/portaltela.pt\/s.01k8rhncp4jt1\/2026\/02\/img_1280x718uu2026-02-16-12-52-19-2267178-im-639068431583752096.jpg\",\"datePublished\":\"2026-02-16T16:32:00+00:00\",\"author\":{\"@id\":\"https:\/\/portaltela.pt\/#\/schema\/person\/c4278d4a6028830caff9ee44b42d32ed\"},\"breadcrumb\":{\"@id\":\"https:\/\/portaltela.pt\/noticias\/2026\/02\/16\/sergio-conceicao-sera-avo-pela-primeira-vez-aos-51-anos\/#breadcrumb\"},\"inLanguage\":\"pt-PT\",\"potentialAction\":[{\"@type\":\"ReadAction\",\"target\":[\"https:\/\/portaltela.pt\/noticias\/2026\/02\/16\/sergio-conceicao-sera-avo-pela-primeira-vez-aos-51-anos\/\"]}]},{\"@type\":\"ImageObject\",\"inLanguage\":\"pt-PT\",\"@id\":\"https:\/\/portaltela.pt\/noticias\/2026\/02\/16\/sergio-conceicao-sera-avo-pela-primeira-vez-aos-51-anos\/#primaryimage\",\"url\":\"https:\/\/portaltela.pt\/s.01k8rhncp4jt1\/2026\/02\/img_1280x718uu2026-02-16-12-52-19-2267178-im-639068431583752096.jpg\",\"contentUrl\":\"https:\/\/portaltela.pt\/s.01k8rhncp4jt1\/2026\/02\/img_1280x718uu2026-02-16-12-52-19-2267178-im-639068431583752096.jpg\",\"width\":796,\"height\":448,\"caption\":\"S\u00e9rgio e Rodrigo Concei\u00e7\u00e3o\"},{\"@type\":\"BreadcrumbList\",\"@id\":\"https:\/\/portaltela.pt\/noticias\/2026\/02\/16\/sergio-conceicao-sera-avo-pela-primeira-vez-aos-51-anos\/#breadcrumb\",\"itemListElement\":[{\"@type\":\"ListItem\",\"position\":1,\"name\":\"In\u00edcio\",\"item\":\"https:\/\/portaltela.pt\/\"},{\"@type\":\"ListItem\",\"position\":2,\"name\":\"S\u00e9rgio Concei\u00e7\u00e3o ser\u00e1 av\u00f4 pela primeira vez aos 51 anos\"}]},{\"@type\":\"WebSite\",\"@id\":\"https:\/\/portaltela.pt\/#website\",\"url\":\"https:\/\/portaltela.pt\/\",\"name\":\"Portal Tela Portugal\",\"description\":\"\",\"potentialAction\":[{\"@type\":\"SearchAction\",\"target\":{\"@type\":\"EntryPoint\",\"urlTemplate\":\"https:\/\/portaltela.pt\/?s={search_term_string}\"},\"query-input\":{\"@type\":\"PropertyValueSpecification\",\"valueRequired\":true,\"valueName\":\"search_term_string\"}}],\"inLanguage\":\"pt-PT\"},{\"@type\":\"Person\",\"@id\":\"https:\/\/portaltela.pt\/#\/schema\/person\/c4278d4a6028830caff9ee44b42d32ed\",\"name\":\"Telinha\",\"image\":{\"@type\":\"ImageObject\",\"inLanguage\":\"pt-PT\",\"@id\":\"https:\/\/portaltela.pt\/s.01k8rhncp4jt1\/2025\/11\/talking-bot-125x125.png\",\"url\":\"https:\/\/portaltela.pt\/s.01k8rhncp4jt1\/2025\/11\/talking-bot-125x125.png\",\"contentUrl\":\"https:\/\/portaltela.pt\/s.01k8rhncp4jt1\/2025\/11\/talking-bot-125x125.png\",\"caption\":\"Telinha\"},\"sameAs\":[\"https:\/\/portaltela.pt\/\"],\"url\":\"https:\/\/portaltela.pt\/por\/367410592786\/\"}]}<\/script>\n<!-- \/ Yoast SEO plugin. -->","yoast_head_json":{"title":"S\u00e9rgio Concei\u00e7\u00e3o ser\u00e1 av\u00f4 pela primeira vez aos 51 anos - Portal Tela Portugal","robots":{"index":"index","follow":"follow","max-snippet":"max-snippet:-1","max-image-preview":"max-image-preview:large","max-video-preview":"max-video-preview:-1"},"og_locale":"pt_PT","og_type":"article","og_title":"S\u00e9rgio Concei\u00e7\u00e3o ser\u00e1 av\u00f4 pela primeira vez aos 51 anos - Portal Tela Portugal","og_description":"S\u00e9rgio Concei\u00e7\u00e3o, aos 51 anos, vai ser av\u00f4 pela primeira vez, anunciou o filho Rodrigo Concei\u00e7\u00e3o e a companheira Catarina Reis. O an\u00fancio foi feito a 15 de fevereiro, nas redes sociais, com uma publica\u00e7\u00e3o conjunta e a legenda: \"H\u00e1 um novo cap\u00edtulo a ser escrito - e j\u00e1 \u00e9 o mais especial da nossa hist\u00f3ria!\" As mensagens de felicita\u00e7\u00f5es surgiram rapidamente, com figuras p\u00fablicas como Pepe, Fernando Daniel, Sandra Madureira e Margarida Corceiro a deixarem palavras de carinho. Os futuros tios, Mois\u00e9s Concei\u00e7\u00e3o e Francisco Concei\u00e7\u00e3o, tamb\u00e9m celebraram a novidade. Rodrigo Concei\u00e7\u00e3o joga atualmente pelo CD Tondela e \u00e9 o segundo filho mais velho do treinador do Al-Ittihad FC.","og_url":"https:\/\/portaltela.pt\/noticias\/2026\/02\/16\/sergio-conceicao-sera-avo-pela-primeira-vez-aos-51-anos\/","og_site_name":"Portal Tela Portugal","article_published_time":"2026-02-16T16:32:00+00:00","author":"Telinha","twitter_card":"summary_large_image","twitter_misc":{"Escrito por":"Telinha","Tempo estimado de leitura":"1 minuto"},"schema":{"@context":"https:\/\/schema.org","@graph":[{"@type":"Article","@id":"https:\/\/portaltela.pt\/noticias\/2026\/02\/16\/sergio-conceicao-sera-avo-pela-primeira-vez-aos-51-anos\/#article","isPartOf":{"@id":"https:\/\/portaltela.pt\/noticias\/2026\/02\/16\/sergio-conceicao-sera-avo-pela-primeira-vez-aos-51-anos\/"},"author":{"name":"Telinha","@id":"https:\/\/portaltela.pt\/#\/schema\/person\/c4278d4a6028830caff9ee44b42d32ed"},"headline":"S\u00e9rgio Concei\u00e7\u00e3o ser\u00e1 av\u00f4 pela primeira vez aos 51 anos","datePublished":"2026-02-16T16:32:00+00:00","mainEntityOfPage":{"@id":"https:\/\/portaltela.pt\/noticias\/2026\/02\/16\/sergio-conceicao-sera-avo-pela-primeira-vez-aos-51-anos\/"},"wordCount":138,"image":{"@id":"https:\/\/portaltela.pt\/noticias\/2026\/02\/16\/sergio-conceicao-sera-avo-pela-primeira-vez-aos-51-anos\/#primaryimage"},"thumbnailUrl":"https:\/\/portaltela.pt\/s.01k8rhncp4jt1\/2026\/02\/img_1280x718uu2026-02-16-12-52-19-2267178-im-639068431583752096.jpg","keywords":["CD Tondela","fam\u00edlia","fam\u00edlias","futebol","pessoas p\u00fablicas","S\u00e9rgio Concei\u00e7\u00e3o"],"articleSection":["Desporto","Futebol"],"inLanguage":"pt-PT"},{"@type":"WebPage","@id":"https:\/\/portaltela.pt\/noticias\/2026\/02\/16\/sergio-conceicao-sera-avo-pela-primeira-vez-aos-51-anos\/","url":"https:\/\/portaltela.pt\/noticias\/2026\/02\/16\/sergio-conceicao-sera-avo-pela-primeira-vez-aos-51-anos\/","name":"S\u00e9rgio Concei\u00e7\u00e3o ser\u00e1 av\u00f4 pela primeira vez aos 51 anos - Portal Tela Portugal","isPartOf":{"@id":"https:\/\/portaltela.pt\/#website"},"primaryImageOfPage":{"@id":"https:\/\/portaltela.pt\/noticias\/2026\/02\/16\/sergio-conceicao-sera-avo-pela-primeira-vez-aos-51-anos\/#primaryimage"},"image":{"@id":"https:\/\/portaltela.pt\/noticias\/2026\/02\/16\/sergio-conceicao-sera-avo-pela-primeira-vez-aos-51-anos\/#primaryimage"},"thumbnailUrl":"https:\/\/portaltela.pt\/s.01k8rhncp4jt1\/2026\/02\/img_1280x718uu2026-02-16-12-52-19-2267178-im-639068431583752096.jpg","datePublished":"2026-02-16T16:32:00+00:00","author":{"@id":"https:\/\/portaltela.pt\/#\/schema\/person\/c4278d4a6028830caff9ee44b42d32ed"},"breadcrumb":{"@id":"https:\/\/portaltela.pt\/noticias\/2026\/02\/16\/sergio-conceicao-sera-avo-pela-primeira-vez-aos-51-anos\/#breadcrumb"},"inLanguage":"pt-PT","potentialAction":[{"@type":"ReadAction","target":["https:\/\/portaltela.pt\/noticias\/2026\/02\/16\/sergio-conceicao-sera-avo-pela-primeira-vez-aos-51-anos\/"]}]},{"@type":"ImageObject","inLanguage":"pt-PT","@id":"https:\/\/portaltela.pt\/noticias\/2026\/02\/16\/sergio-conceicao-sera-avo-pela-primeira-vez-aos-51-anos\/#primaryimage","url":"https:\/\/portaltela.pt\/s.01k8rhncp4jt1\/2026\/02\/img_1280x718uu2026-02-16-12-52-19-2267178-im-639068431583752096.jpg","contentUrl":"https:\/\/portaltela.pt\/s.01k8rhncp4jt1\/2026\/02\/img_1280x718uu2026-02-16-12-52-19-2267178-im-639068431583752096.jpg","width":796,"height":448,"caption":"S\u00e9rgio e Rodrigo Concei\u00e7\u00e3o"},{"@type":"BreadcrumbList","@id":"https:\/\/portaltela.pt\/noticias\/2026\/02\/16\/sergio-conceicao-sera-avo-pela-primeira-vez-aos-51-anos\/#breadcrumb","itemListElement":[{"@type":"ListItem","position":1,"name":"In\u00edcio","item":"https:\/\/portaltela.pt\/"},{"@type":"ListItem","position":2,"name":"S\u00e9rgio Concei\u00e7\u00e3o ser\u00e1 av\u00f4 pela primeira vez aos 51 anos"}]},{"@type":"WebSite","@id":"https:\/\/portaltela.pt\/#website","url":"https:\/\/portaltela.pt\/","name":"Portal Tela Portugal","description":"","potentialAction":[{"@type":"SearchAction","target":{"@type":"EntryPoint","urlTemplate":"https:\/\/portaltela.pt\/?s={search_term_string}"},"query-input":{"@type":"PropertyValueSpecification","valueRequired":true,"valueName":"search_term_string"}}],"inLanguage":"pt-PT"},{"@type":"Person","@id":"https:\/\/portaltela.pt\/#\/schema\/person\/c4278d4a6028830caff9ee44b42d32ed","name":"Telinha","image":{"@type":"ImageObject","inLanguage":"pt-PT","@id":"https:\/\/portaltela.pt\/s.01k8rhncp4jt1\/2025\/11\/talking-bot-125x125.png","url":"https:\/\/portaltela.pt\/s.01k8rhncp4jt1\/2025\/11\/talking-bot-125x125.png","contentUrl":"https:\/\/portaltela.pt\/s.01k8rhncp4jt1\/2025\/11\/talking-bot-125x125.png","caption":"Telinha"},"sameAs":["https:\/\/portaltela.pt\/"],"url":"https:\/\/portaltela.pt\/por\/367410592786\/"}]}},"_links":{"self":[{"href":"https:\/\/portaltela.pt\/api\/wp\/v2\/posts\/214738","targetHints":{"allow":["GET"]}}],"collection":[{"href":"https:\/\/portaltela.pt\/api\/wp\/v2\/posts"}],"about":[{"href":"https:\/\/portaltela.pt\/api\/wp\/v2\/types\/post"}],"author":[{"embeddable":true,"href":"https:\/\/portaltela.pt\/api\/wp\/v2\/users\/2"}],"replies":[{"embeddable":true,"href":"https:\/\/portaltela.pt\/api\/wp\/v2\/comments?post=214738"}],"version-history":[{"count":0,"href":"https:\/\/portaltela.pt\/api\/wp\/v2\/posts\/214738\/revisions"}],"wp:featuredmedia":[{"embeddable":true,"href":"https:\/\/portaltela.pt\/api\/wp\/v2\/media\/214748"}],"wp:attachment":[{"href":"https:\/\/portaltela.pt\/api\/wp\/v2\/media?parent=214738"}],"wp:term":[{"taxonomy":"category","embeddable":true,"href":"https:\/\/portaltela.pt\/api\/wp\/v2\/categories?post=214738"},{"taxonomy":"post_tag","embeddable":true,"href":"https:\/\/portaltela.pt\/api\/wp\/v2\/tags?post=214738"}],"curies":[{"name":"wp","href":"https:\/\/api.w.org\/{rel}","templated":true}]}}