{"id":214729,"date":"2026-02-16T13:24:00","date_gmt":"2026-02-16T16:24:00","guid":{"rendered":"https:\/\/portaltela.pt\/noticias\/2026\/02\/16\/associacao-ajuda-mais-de-70-pessoas-com-sindrome-de-asperger-a-conseguir-emprego\/"},"modified":"2026-02-16T13:24:00","modified_gmt":"2026-02-16T16:24:00","slug":"associacao-ajuda-mais-de-70-pessoas-com-sindrome-de-asperger-a-conseguir-emprego","status":"publish","type":"post","link":"https:\/\/portaltela.pt\/noticias\/2026\/02\/16\/associacao-ajuda-mais-de-70-pessoas-com-sindrome-de-asperger-a-conseguir-emprego\/","title":{"rendered":"Associa\u00e7\u00e3o ajuda mais de 70 pessoas com S\u00edndrome de Asperger a conseguir emprego"},"content":{"rendered":"<p>A Associa\u00e7\u00e3o Portuguesa de S\u00edndrome de Asperger (APSA) informou que ajudou mais de 70 jovens a arranjar trabalho ao longo de 10 anos, numa iniciativa comemorativa do Dia Internacional da S\u00edndrome de Asperger, que se celebra na quarta-feira.<\/p>\n<p>O caso de Jo\u00e3o Monteiro, de 36 anos, mostra o caminho percorrido: ap\u00f3s a ajuda da APSA, ficou colocado como t\u00e9cnico administrativo num hospital desde dezembro. Al\u00e9m disso, come\u00e7ou a colaborar como volunt\u00e1rio no museu de Hist\u00f3ria Natural.<\/p>\n<p>A APSA, associa\u00e7\u00e3o sem fins lucrativos criada em 2003 por pais de filhos com Asperger, tem 398 associados e trabalha para apoiar a integra\u00e7\u00e3o na sociedade.<\/p>\n<h3>Programa de Empregabilidade e prepara\u00e7\u00e3o para o mercado<\/h3>\n<p>Jo\u00e3o Monteiro foi diagnosticado com S\u00edndrome de Asperger aos 26 anos, durante a procura de emprego. A associa\u00e7\u00e3o descreve que o trabalho deve ser calmo e repetitivo, permitindo espa\u00e7o para aprender a interagir com pessoas.<\/p>\n<p>O licenciado em Biologia revela que pretende manter o posto no hospital por mais tempo e continuar os estudos. O apoio inclui forma\u00e7\u00e3o cont\u00ednua e aconselhamento para o equil\u00edbrio entre trabalho e vida.<\/p>\n<h3>Apoio a empresas e compet\u00eancias profissionais<\/h3>\n<p>A presidente da APSA, Piedade L\u00edbano Monteiro, afirma que os utentes s\u00e3o preparados para v\u00e1rias \u00e1reas, desde administra\u00e7\u00e3o at\u00e9 artes e inform\u00e1tica. Tamb\u00e9m s\u00e3o treinadas t\u00e9cnicas de entrevistas e de gest\u00e3o de ansiedade.<\/p>\n<p>Antes do in\u00edcio do trabalho, a APSA realiza uma sess\u00e3o de sensibiliza\u00e7\u00e3o junto das empresas para facilitar a integra\u00e7\u00e3o do novo colega.<\/p>\n<p>Segundo a respons\u00e1vel, cada vez mais empresas recorrem a estas pessoas no mercado de trabalho, com a\u00e7\u00f5es de inclus\u00e3o em recursos humanos.<\/p>\n<h3>Dados e alcance da interven\u00e7\u00e3o<\/h3>\n<p>No \u00e2mbito do Programa de Empregabilidade, 38 empresas j\u00e1 acolheram utentes da APSA. A associa\u00e7\u00e3o mant\u00e9m iniciativas como ateliers de inform\u00e1tica e de m\u00fasica para promover a integra\u00e7\u00e3o.<\/p>\n<p>Em Portugal existem mais de 40 000 pessoas com S\u00edndrome de Asperger, segundo dados da APSA, que refor\u00e7am a necessidade de pol\u00edticas de inclus\u00e3o consistentes.<\/p>\n<p>A APSA refor\u00e7a a import\u00e2ncia de abordagens neutras, apoio cont\u00ednuo e sensibiliza\u00e7\u00e3o de ambientes de trabalho para reduzir conflitos.<\/p>\n","protected":false},"excerpt":{"rendered":"<ul>\n<li>A Associa\u00e7\u00e3o Portuguesa de S\u00edndrome de Asperger (APSA) ajudou mais de 70 jovens a arranjar trabalho em 10 anos.<\/li>\n<li>Jo\u00e3o Monteiro, 36 anos, conseguiu emprego como t\u00e9cnico administrativo num hospital desde dezembro e tamb\u00e9m j\u00e1 exerceu voluntariado no museu de hist\u00f3ria natural.<\/li>\n<li>A APSA foi criada em 2003, \u00e9 sem fins lucrativos, tem 398 associados e trabalha para apoiar a inclus\u00e3o de pessoas com S\u00edndrome de Asperger na sociedade.<\/li>\n<li>No \u00e2mbito do Programa de Empregabilidade, 38 empresas receberam utentes da associa\u00e7\u00e3o, com a APSA a preparar para entrevistas e processos de sele\u00e7\u00e3o, al\u00e9m de oferecer sess\u00f5es de sensibiliza\u00e7\u00e3o \u00e0s empresas.<\/li>\n<li>A presidente da APSA refere que cada vez mais empresas incluem pessoas com Asperger nos seus recursos humanos; a associa\u00e7\u00e3o tamb\u00e9m promove iniciativas como ateli\u00eas de inform\u00e1tica e de m\u00fasica.<\/li>\n<\/ul>\n","protected":false},"author":2,"featured_media":214730,"comment_status":"closed","ping_status":"closed","sticky":false,"template":"","format":"standard","meta":{"footnotes":""},"categories":[1],"tags":[1211,1006,4074,5773,2737],"class_list":["post-214729","post","type-post","status-publish","format-standard","has-post-thumbnail","hentry","category-noticias","tag-apoio-social","tag-emprego","tag-inclusao-social","tag-integracao-social","tag-pessoas-com-deficiencia"],"yoast_head":"<!-- This site is optimized with the Yoast SEO plugin v27.2 - https:\/\/yoast.com\/product\/yoast-seo-wordpress\/ -->\n<title>Associa\u00e7\u00e3o ajuda mais de 70 pessoas com S\u00edndrome de Asperger a conseguir emprego - Portal Tela Portugal<\/title>\n<meta name=\"robots\" content=\"index, follow, max-snippet:-1, max-image-preview:large, max-video-preview:-1\" \/>\n<meta property=\"og:locale\" content=\"pt_PT\" \/>\n<meta property=\"og:type\" content=\"article\" \/>\n<meta property=\"og:title\" content=\"Associa\u00e7\u00e3o ajuda mais de 70 pessoas com S\u00edndrome de Asperger a conseguir emprego - Portal Tela Portugal\" \/>\n<meta property=\"og:description\" content=\"A Associa\u00e7\u00e3o Portuguesa de S\u00edndrome de Asperger (APSA) ajudou mais de 70 jovens a arranjar trabalho em 10 anos. Jo\u00e3o Monteiro, 36 anos, conseguiu emprego como t\u00e9cnico administrativo num hospital desde dezembro e tamb\u00e9m j\u00e1 exerceu voluntariado no museu de hist\u00f3ria natural. A APSA foi criada em 2003, \u00e9 sem fins lucrativos, tem 398 associados e trabalha para apoiar a inclus\u00e3o de pessoas com S\u00edndrome de Asperger na sociedade. No \u00e2mbito do Programa de Empregabilidade, 38 empresas receberam utentes da associa\u00e7\u00e3o, com a APSA a preparar para entrevistas e processos de sele\u00e7\u00e3o, al\u00e9m de oferecer sess\u00f5es de sensibiliza\u00e7\u00e3o \u00e0s empresas. A presidente da APSA refere que cada vez mais empresas incluem pessoas com Asperger nos seus recursos humanos; a associa\u00e7\u00e3o tamb\u00e9m promove iniciativas como ateli\u00eas de inform\u00e1tica e de m\u00fasica.\" \/>\n<meta property=\"og:url\" content=\"https:\/\/portaltela.pt\/noticias\/2026\/02\/16\/associacao-ajuda-mais-de-70-pessoas-com-sindrome-de-asperger-a-conseguir-emprego\/\" \/>\n<meta property=\"og:site_name\" content=\"Portal Tela Portugal\" \/>\n<meta property=\"article:published_time\" content=\"2026-02-16T16:24:00+00:00\" \/>\n<meta name=\"author\" content=\"Telinha\" \/>\n<meta name=\"twitter:card\" content=\"summary_large_image\" \/>\n<meta name=\"twitter:label1\" content=\"Escrito por\" \/>\n\t<meta name=\"twitter:data1\" content=\"Telinha\" \/>\n\t<meta name=\"twitter:label2\" content=\"Tempo estimado de leitura\" \/>\n\t<meta name=\"twitter:data2\" content=\"2 minutos\" \/>\n<script type=\"application\/ld+json\" class=\"yoast-schema-graph\">{\"@context\":\"https:\/\/schema.org\",\"@graph\":[{\"@type\":\"Article\",\"@id\":\"https:\/\/portaltela.pt\/noticias\/2026\/02\/16\/associacao-ajuda-mais-de-70-pessoas-com-sindrome-de-asperger-a-conseguir-emprego\/#article\",\"isPartOf\":{\"@id\":\"https:\/\/portaltela.pt\/noticias\/2026\/02\/16\/associacao-ajuda-mais-de-70-pessoas-com-sindrome-de-asperger-a-conseguir-emprego\/\"},\"author\":{\"name\":\"Telinha\",\"@id\":\"https:\/\/portaltela.pt\/#\/schema\/person\/c4278d4a6028830caff9ee44b42d32ed\"},\"headline\":\"Associa\u00e7\u00e3o ajuda mais de 70 pessoas com S\u00edndrome de Asperger a conseguir emprego\",\"datePublished\":\"2026-02-16T16:24:00+00:00\",\"mainEntityOfPage\":{\"@id\":\"https:\/\/portaltela.pt\/noticias\/2026\/02\/16\/associacao-ajuda-mais-de-70-pessoas-com-sindrome-de-asperger-a-conseguir-emprego\/\"},\"wordCount\":394,\"image\":{\"@id\":\"https:\/\/portaltela.pt\/noticias\/2026\/02\/16\/associacao-ajuda-mais-de-70-pessoas-com-sindrome-de-asperger-a-conseguir-emprego\/#primaryimage\"},\"thumbnailUrl\":\"https:\/\/portaltela.pt\/s.01k8rhncp4jt1\/2026\/02\/img_1500x1000uu2026-02-16-16-24-26-2267203.jpg\",\"keywords\":[\"Apoio Social\",\"emprego\",\"inclus\u00e3o social\",\"integra\u00e7\u00e3o social\",\"pessoas com defici\u00eancia\"],\"articleSection\":[\"Not\u00edcias\"],\"inLanguage\":\"pt-PT\"},{\"@type\":\"WebPage\",\"@id\":\"https:\/\/portaltela.pt\/noticias\/2026\/02\/16\/associacao-ajuda-mais-de-70-pessoas-com-sindrome-de-asperger-a-conseguir-emprego\/\",\"url\":\"https:\/\/portaltela.pt\/noticias\/2026\/02\/16\/associacao-ajuda-mais-de-70-pessoas-com-sindrome-de-asperger-a-conseguir-emprego\/\",\"name\":\"Associa\u00e7\u00e3o ajuda mais de 70 pessoas com S\u00edndrome de Asperger a conseguir emprego - Portal Tela Portugal\",\"isPartOf\":{\"@id\":\"https:\/\/portaltela.pt\/#website\"},\"primaryImageOfPage\":{\"@id\":\"https:\/\/portaltela.pt\/noticias\/2026\/02\/16\/associacao-ajuda-mais-de-70-pessoas-com-sindrome-de-asperger-a-conseguir-emprego\/#primaryimage\"},\"image\":{\"@id\":\"https:\/\/portaltela.pt\/noticias\/2026\/02\/16\/associacao-ajuda-mais-de-70-pessoas-com-sindrome-de-asperger-a-conseguir-emprego\/#primaryimage\"},\"thumbnailUrl\":\"https:\/\/portaltela.pt\/s.01k8rhncp4jt1\/2026\/02\/img_1500x1000uu2026-02-16-16-24-26-2267203.jpg\",\"datePublished\":\"2026-02-16T16:24:00+00:00\",\"author\":{\"@id\":\"https:\/\/portaltela.pt\/#\/schema\/person\/c4278d4a6028830caff9ee44b42d32ed\"},\"breadcrumb\":{\"@id\":\"https:\/\/portaltela.pt\/noticias\/2026\/02\/16\/associacao-ajuda-mais-de-70-pessoas-com-sindrome-de-asperger-a-conseguir-emprego\/#breadcrumb\"},\"inLanguage\":\"pt-PT\",\"potentialAction\":[{\"@type\":\"ReadAction\",\"target\":[\"https:\/\/portaltela.pt\/noticias\/2026\/02\/16\/associacao-ajuda-mais-de-70-pessoas-com-sindrome-de-asperger-a-conseguir-emprego\/\"]}]},{\"@type\":\"ImageObject\",\"inLanguage\":\"pt-PT\",\"@id\":\"https:\/\/portaltela.pt\/noticias\/2026\/02\/16\/associacao-ajuda-mais-de-70-pessoas-com-sindrome-de-asperger-a-conseguir-emprego\/#primaryimage\",\"url\":\"https:\/\/portaltela.pt\/s.01k8rhncp4jt1\/2026\/02\/img_1500x1000uu2026-02-16-16-24-26-2267203.jpg\",\"contentUrl\":\"https:\/\/portaltela.pt\/s.01k8rhncp4jt1\/2026\/02\/img_1500x1000uu2026-02-16-16-24-26-2267203.jpg\",\"width\":796,\"height\":448,\"caption\":\"Associa\u00e7\u00e3o Portuguesa de S\u00edndrome de Asperger (APSA)\"},{\"@type\":\"BreadcrumbList\",\"@id\":\"https:\/\/portaltela.pt\/noticias\/2026\/02\/16\/associacao-ajuda-mais-de-70-pessoas-com-sindrome-de-asperger-a-conseguir-emprego\/#breadcrumb\",\"itemListElement\":[{\"@type\":\"ListItem\",\"position\":1,\"name\":\"In\u00edcio\",\"item\":\"https:\/\/portaltela.pt\/\"},{\"@type\":\"ListItem\",\"position\":2,\"name\":\"Associa\u00e7\u00e3o ajuda mais de 70 pessoas com S\u00edndrome de Asperger a conseguir emprego\"}]},{\"@type\":\"WebSite\",\"@id\":\"https:\/\/portaltela.pt\/#website\",\"url\":\"https:\/\/portaltela.pt\/\",\"name\":\"Portal Tela Portugal\",\"description\":\"\",\"potentialAction\":[{\"@type\":\"SearchAction\",\"target\":{\"@type\":\"EntryPoint\",\"urlTemplate\":\"https:\/\/portaltela.pt\/?s={search_term_string}\"},\"query-input\":{\"@type\":\"PropertyValueSpecification\",\"valueRequired\":true,\"valueName\":\"search_term_string\"}}],\"inLanguage\":\"pt-PT\"},{\"@type\":\"Person\",\"@id\":\"https:\/\/portaltela.pt\/#\/schema\/person\/c4278d4a6028830caff9ee44b42d32ed\",\"name\":\"Telinha\",\"image\":{\"@type\":\"ImageObject\",\"inLanguage\":\"pt-PT\",\"@id\":\"https:\/\/portaltela.pt\/s.01k8rhncp4jt1\/2025\/11\/talking-bot-125x125.png\",\"url\":\"https:\/\/portaltela.pt\/s.01k8rhncp4jt1\/2025\/11\/talking-bot-125x125.png\",\"contentUrl\":\"https:\/\/portaltela.pt\/s.01k8rhncp4jt1\/2025\/11\/talking-bot-125x125.png\",\"caption\":\"Telinha\"},\"sameAs\":[\"https:\/\/portaltela.pt\/\"],\"url\":\"https:\/\/portaltela.pt\/por\/367410592786\/\"}]}<\/script>\n<!-- \/ Yoast SEO plugin. -->","yoast_head_json":{"title":"Associa\u00e7\u00e3o ajuda mais de 70 pessoas com S\u00edndrome de Asperger a conseguir emprego - Portal Tela Portugal","robots":{"index":"index","follow":"follow","max-snippet":"max-snippet:-1","max-image-preview":"max-image-preview:large","max-video-preview":"max-video-preview:-1"},"og_locale":"pt_PT","og_type":"article","og_title":"Associa\u00e7\u00e3o ajuda mais de 70 pessoas com S\u00edndrome de Asperger a conseguir emprego - Portal Tela Portugal","og_description":"A Associa\u00e7\u00e3o Portuguesa de S\u00edndrome de Asperger (APSA) ajudou mais de 70 jovens a arranjar trabalho em 10 anos. Jo\u00e3o Monteiro, 36 anos, conseguiu emprego como t\u00e9cnico administrativo num hospital desde dezembro e tamb\u00e9m j\u00e1 exerceu voluntariado no museu de hist\u00f3ria natural. A APSA foi criada em 2003, \u00e9 sem fins lucrativos, tem 398 associados e trabalha para apoiar a inclus\u00e3o de pessoas com S\u00edndrome de Asperger na sociedade. No \u00e2mbito do Programa de Empregabilidade, 38 empresas receberam utentes da associa\u00e7\u00e3o, com a APSA a preparar para entrevistas e processos de sele\u00e7\u00e3o, al\u00e9m de oferecer sess\u00f5es de sensibiliza\u00e7\u00e3o \u00e0s empresas. A presidente da APSA refere que cada vez mais empresas incluem pessoas com Asperger nos seus recursos humanos; a associa\u00e7\u00e3o tamb\u00e9m promove iniciativas como ateli\u00eas de inform\u00e1tica e de m\u00fasica.","og_url":"https:\/\/portaltela.pt\/noticias\/2026\/02\/16\/associacao-ajuda-mais-de-70-pessoas-com-sindrome-de-asperger-a-conseguir-emprego\/","og_site_name":"Portal Tela Portugal","article_published_time":"2026-02-16T16:24:00+00:00","author":"Telinha","twitter_card":"summary_large_image","twitter_misc":{"Escrito por":"Telinha","Tempo estimado de leitura":"2 minutos"},"schema":{"@context":"https:\/\/schema.org","@graph":[{"@type":"Article","@id":"https:\/\/portaltela.pt\/noticias\/2026\/02\/16\/associacao-ajuda-mais-de-70-pessoas-com-sindrome-de-asperger-a-conseguir-emprego\/#article","isPartOf":{"@id":"https:\/\/portaltela.pt\/noticias\/2026\/02\/16\/associacao-ajuda-mais-de-70-pessoas-com-sindrome-de-asperger-a-conseguir-emprego\/"},"author":{"name":"Telinha","@id":"https:\/\/portaltela.pt\/#\/schema\/person\/c4278d4a6028830caff9ee44b42d32ed"},"headline":"Associa\u00e7\u00e3o ajuda mais de 70 pessoas com S\u00edndrome de Asperger a conseguir emprego","datePublished":"2026-02-16T16:24:00+00:00","mainEntityOfPage":{"@id":"https:\/\/portaltela.pt\/noticias\/2026\/02\/16\/associacao-ajuda-mais-de-70-pessoas-com-sindrome-de-asperger-a-conseguir-emprego\/"},"wordCount":394,"image":{"@id":"https:\/\/portaltela.pt\/noticias\/2026\/02\/16\/associacao-ajuda-mais-de-70-pessoas-com-sindrome-de-asperger-a-conseguir-emprego\/#primaryimage"},"thumbnailUrl":"https:\/\/portaltela.pt\/s.01k8rhncp4jt1\/2026\/02\/img_1500x1000uu2026-02-16-16-24-26-2267203.jpg","keywords":["Apoio Social","emprego","inclus\u00e3o social","integra\u00e7\u00e3o social","pessoas com defici\u00eancia"],"articleSection":["Not\u00edcias"],"inLanguage":"pt-PT"},{"@type":"WebPage","@id":"https:\/\/portaltela.pt\/noticias\/2026\/02\/16\/associacao-ajuda-mais-de-70-pessoas-com-sindrome-de-asperger-a-conseguir-emprego\/","url":"https:\/\/portaltela.pt\/noticias\/2026\/02\/16\/associacao-ajuda-mais-de-70-pessoas-com-sindrome-de-asperger-a-conseguir-emprego\/","name":"Associa\u00e7\u00e3o ajuda mais de 70 pessoas com S\u00edndrome de Asperger a conseguir emprego - Portal Tela Portugal","isPartOf":{"@id":"https:\/\/portaltela.pt\/#website"},"primaryImageOfPage":{"@id":"https:\/\/portaltela.pt\/noticias\/2026\/02\/16\/associacao-ajuda-mais-de-70-pessoas-com-sindrome-de-asperger-a-conseguir-emprego\/#primaryimage"},"image":{"@id":"https:\/\/portaltela.pt\/noticias\/2026\/02\/16\/associacao-ajuda-mais-de-70-pessoas-com-sindrome-de-asperger-a-conseguir-emprego\/#primaryimage"},"thumbnailUrl":"https:\/\/portaltela.pt\/s.01k8rhncp4jt1\/2026\/02\/img_1500x1000uu2026-02-16-16-24-26-2267203.jpg","datePublished":"2026-02-16T16:24:00+00:00","author":{"@id":"https:\/\/portaltela.pt\/#\/schema\/person\/c4278d4a6028830caff9ee44b42d32ed"},"breadcrumb":{"@id":"https:\/\/portaltela.pt\/noticias\/2026\/02\/16\/associacao-ajuda-mais-de-70-pessoas-com-sindrome-de-asperger-a-conseguir-emprego\/#breadcrumb"},"inLanguage":"pt-PT","potentialAction":[{"@type":"ReadAction","target":["https:\/\/portaltela.pt\/noticias\/2026\/02\/16\/associacao-ajuda-mais-de-70-pessoas-com-sindrome-de-asperger-a-conseguir-emprego\/"]}]},{"@type":"ImageObject","inLanguage":"pt-PT","@id":"https:\/\/portaltela.pt\/noticias\/2026\/02\/16\/associacao-ajuda-mais-de-70-pessoas-com-sindrome-de-asperger-a-conseguir-emprego\/#primaryimage","url":"https:\/\/portaltela.pt\/s.01k8rhncp4jt1\/2026\/02\/img_1500x1000uu2026-02-16-16-24-26-2267203.jpg","contentUrl":"https:\/\/portaltela.pt\/s.01k8rhncp4jt1\/2026\/02\/img_1500x1000uu2026-02-16-16-24-26-2267203.jpg","width":796,"height":448,"caption":"Associa\u00e7\u00e3o Portuguesa de S\u00edndrome de Asperger (APSA)"},{"@type":"BreadcrumbList","@id":"https:\/\/portaltela.pt\/noticias\/2026\/02\/16\/associacao-ajuda-mais-de-70-pessoas-com-sindrome-de-asperger-a-conseguir-emprego\/#breadcrumb","itemListElement":[{"@type":"ListItem","position":1,"name":"In\u00edcio","item":"https:\/\/portaltela.pt\/"},{"@type":"ListItem","position":2,"name":"Associa\u00e7\u00e3o ajuda mais de 70 pessoas com S\u00edndrome de Asperger a conseguir emprego"}]},{"@type":"WebSite","@id":"https:\/\/portaltela.pt\/#website","url":"https:\/\/portaltela.pt\/","name":"Portal Tela Portugal","description":"","potentialAction":[{"@type":"SearchAction","target":{"@type":"EntryPoint","urlTemplate":"https:\/\/portaltela.pt\/?s={search_term_string}"},"query-input":{"@type":"PropertyValueSpecification","valueRequired":true,"valueName":"search_term_string"}}],"inLanguage":"pt-PT"},{"@type":"Person","@id":"https:\/\/portaltela.pt\/#\/schema\/person\/c4278d4a6028830caff9ee44b42d32ed","name":"Telinha","image":{"@type":"ImageObject","inLanguage":"pt-PT","@id":"https:\/\/portaltela.pt\/s.01k8rhncp4jt1\/2025\/11\/talking-bot-125x125.png","url":"https:\/\/portaltela.pt\/s.01k8rhncp4jt1\/2025\/11\/talking-bot-125x125.png","contentUrl":"https:\/\/portaltela.pt\/s.01k8rhncp4jt1\/2025\/11\/talking-bot-125x125.png","caption":"Telinha"},"sameAs":["https:\/\/portaltela.pt\/"],"url":"https:\/\/portaltela.pt\/por\/367410592786\/"}]}},"_links":{"self":[{"href":"https:\/\/portaltela.pt\/api\/wp\/v2\/posts\/214729","targetHints":{"allow":["GET"]}}],"collection":[{"href":"https:\/\/portaltela.pt\/api\/wp\/v2\/posts"}],"about":[{"href":"https:\/\/portaltela.pt\/api\/wp\/v2\/types\/post"}],"author":[{"embeddable":true,"href":"https:\/\/portaltela.pt\/api\/wp\/v2\/users\/2"}],"replies":[{"embeddable":true,"href":"https:\/\/portaltela.pt\/api\/wp\/v2\/comments?post=214729"}],"version-history":[{"count":0,"href":"https:\/\/portaltela.pt\/api\/wp\/v2\/posts\/214729\/revisions"}],"wp:featuredmedia":[{"embeddable":true,"href":"https:\/\/portaltela.pt\/api\/wp\/v2\/media\/214730"}],"wp:attachment":[{"href":"https:\/\/portaltela.pt\/api\/wp\/v2\/media?parent=214729"}],"wp:term":[{"taxonomy":"category","embeddable":true,"href":"https:\/\/portaltela.pt\/api\/wp\/v2\/categories?post=214729"},{"taxonomy":"post_tag","embeddable":true,"href":"https:\/\/portaltela.pt\/api\/wp\/v2\/tags?post=214729"}],"curies":[{"name":"wp","href":"https:\/\/api.w.org\/{rel}","templated":true}]}}