{"id":214727,"date":"2026-02-16T13:29:08","date_gmt":"2026-02-16T16:29:08","guid":{"rendered":"https:\/\/portaltela.pt\/noticias\/2026\/02\/16\/arquivos-de-epstein-apontam-para-possiveis-crimes-contra-a-humanidade\/"},"modified":"2026-02-16T13:29:08","modified_gmt":"2026-02-16T16:29:08","slug":"arquivos-de-epstein-apontam-para-possiveis-crimes-contra-a-humanidade","status":"publish","type":"post","link":"https:\/\/portaltela.pt\/noticias\/2026\/02\/16\/arquivos-de-epstein-apontam-para-possiveis-crimes-contra-a-humanidade\/","title":{"rendered":"Arquivos de Epstein apontam para poss\u00edveis crimes contra a humanidade"},"content":{"rendered":"<p>Os arquivos relativos ao consultor financeiro Jeffrey Epstein, condenado em 2008 por crimes sexuais envolvendo uma menor, foram tornados p\u00fablicos. Peritos da Organiza\u00e7\u00e3o das Na\u00e7\u00f5es Unidas (ONU) afirmam que os documentos sugerem a exist\u00eancia de uma empresa criminosa global e revelam implica\u00e7\u00f5es sobre o n\u00edvel de impunidade para estes crimes.<\/p>\n<p>O comunicado conjunto dos peritos aponta que os arquivos descrevem situa\u00e7\u00f5es de escravatura sexual, viol\u00eancia reprodutiva, desaparecimento for\u00e7ado, tortura, tratos desumanos, degradantes e feminic\u00eddio. As informa\u00e7\u00f5es surgem no \u00e2mbito da investiga\u00e7\u00e3o sobre Epstein e as redes que, segundo os especialistas, teriam abrangido diversas \u00e1reas em v\u00e1rias regi\u00f5es do mundo.<\/p>\n<p>Epstein cometeu suic\u00eddio em 2019, numa pris\u00e3o dos Estados Unidos, enquanto aguardava julgamento por acusa\u00e7\u00f5es federais de abuso sexual de dezenas de mulheres, incluindo menores. A ONU pediu uma investiga\u00e7\u00e3o independente para apurar como tais crimes teriam ocorrido ao longo de um per\u00edodo prolongado e apelou aos tribunais nacionais e internacionais para responsabilizarem os presum\u00edveis autores.<\/p>\n<p>Os peritos destacaram falhas na divulga\u00e7\u00e3o dos arquivos, o que exp\u00f4s informa\u00e7\u00f5es sens\u00edveis sobre as v\u00edtimas. O texto enfatiza que a privacidade n\u00e3o foi suficientemente protegida e que isso pode colocar as v\u00edtimas em risco de repres\u00e1lias e estigmatiza\u00e7\u00e3o. Entre os signat\u00e1rios figuram a relatora sobre viol\u00eancia contra mulheres e raparigas, Reem Alsalem, e especialistas em direito \u00e0 privacidade e liberdade de reuni\u00e3o.<\/p>\n<h3>Implica\u00e7\u00f5es e chamadas \u00e0 responsabiliza\u00e7\u00e3o<\/h3>\n<p>A divulga\u00e7\u00e3o parcial dos documentos exp\u00f5e uma rede de liga\u00e7\u00f5es de Epstein com figuras de diversos setores, incluindo pol\u00edtica, finan\u00e7as, empresas e ensino. Entre as pessoas referenciadas pela investiga\u00e7\u00e3o constam o ent\u00e3o Presidente dos EUA, Donald Trump, al\u00e9m de antigos ministros e diplomatas de v\u00e1rios pa\u00edses, sem que, at\u00e9 ao momento, haja consequ\u00eancias para o exerc\u00edcio de fun\u00e7\u00f5es ocupadas.<\/p>\n","protected":false},"excerpt":{"rendered":"<ul>\n<li>Peritos da Organiza\u00e7\u00e3o das Na\u00e7\u00f5es Unidas afirmaram que os documentos divulgados \u201csugerem a exist\u00eancia de uma empresa criminosa global\u201d e alertaram para implica\u00e7\u00f5es graves sobre impunidade.<\/li>\n<li>Os arquivos referem casos de escravatura sexual, viol\u00eancia reprodutiva, desaparecimento for\u00e7ado, tortura, tratos desumanos e degradantes e feminic\u00eddio.<\/li>\n<li>Os documentos resultam da investiga\u00e7\u00e3o ao consultor financeiro Jeffrey Epstein, condenado em 2008 por crimes sexuais envolvendo menor; Epstein cometeu suic\u00eddio em 2019 numa cela de pris\u00e3o.<\/li>\n<li>Os peritos apelaram a investiga\u00e7\u00e3o independente e imparcial e pediram que tribunais nacionais e internacionais processem os presum\u00edveis crimes; afirmaram que ningu\u00e9m \u00e9 demasiado rico ou poderoso para ficar acima da lei.<\/li>\n<li>A divulga\u00e7\u00e3o exp\u00f4s liga\u00e7\u00f5es de Epstein a figuras de v\u00e1rias \u00e1reas, incluindo pol\u00edtica, finan\u00e7as, empresas e ensino; entre as referenciadas est\u00e3o o presidente dos Estados Unidos, Donald Trump, bem como antigos ministros ou diplomatas, por\u00e9m sem consequ\u00eancias at\u00e9 ao momento.<\/li>\n<\/ul>\n","protected":false},"author":2,"featured_media":214728,"comment_status":"closed","ping_status":"closed","sticky":false,"template":"","format":"standard","meta":{"footnotes":""},"categories":[1],"tags":[1796,2820,2633,2221,5123,1574],"class_list":["post-214727","post","type-post","status-publish","format-standard","has-post-thumbnail","hentry","category-noticias","tag-abuso-sexual-de-menor-dependente","tag-crimes-contra-a-humanidade","tag-direitos-humanos","tag-exploracao-de-menores-dependente-ou-em-situacao-vulneravel","tag-onu","tag-violacao-de-privacidade"],"yoast_head":"<!-- This site is optimized with the Yoast SEO plugin v27.2 - https:\/\/yoast.com\/product\/yoast-seo-wordpress\/ -->\n<title>Arquivos de Epstein apontam para poss\u00edveis crimes contra a humanidade - Portal Tela Portugal<\/title>\n<meta name=\"robots\" content=\"index, follow, max-snippet:-1, max-image-preview:large, max-video-preview:-1\" \/>\n<meta property=\"og:locale\" content=\"pt_PT\" \/>\n<meta property=\"og:type\" content=\"article\" \/>\n<meta property=\"og:title\" content=\"Arquivos de Epstein apontam para poss\u00edveis crimes contra a humanidade - Portal Tela Portugal\" \/>\n<meta property=\"og:description\" content=\"Peritos da Organiza\u00e7\u00e3o das Na\u00e7\u00f5es Unidas afirmaram que os documentos divulgados \u201csugerem a exist\u00eancia de uma empresa criminosa global\u201d e alertaram para implica\u00e7\u00f5es graves sobre impunidade. Os arquivos referem casos de escravatura sexual, viol\u00eancia reprodutiva, desaparecimento for\u00e7ado, tortura, tratos desumanos e degradantes e feminic\u00eddio. Os documentos resultam da investiga\u00e7\u00e3o ao consultor financeiro Jeffrey Epstein, condenado em 2008 por crimes sexuais envolvendo menor; Epstein cometeu suic\u00eddio em 2019 numa cela de pris\u00e3o. Os peritos apelaram a investiga\u00e7\u00e3o independente e imparcial e pediram que tribunais nacionais e internacionais processem os presum\u00edveis crimes; afirmaram que ningu\u00e9m \u00e9 demasiado rico ou poderoso para ficar acima da lei. A divulga\u00e7\u00e3o exp\u00f4s liga\u00e7\u00f5es de Epstein a figuras de v\u00e1rias \u00e1reas, incluindo pol\u00edtica, finan\u00e7as, empresas e ensino; entre as referenciadas est\u00e3o o presidente dos Estados Unidos, Donald Trump, bem como antigos ministros ou diplomatas, por\u00e9m sem consequ\u00eancias at\u00e9 ao momento.\" \/>\n<meta property=\"og:url\" content=\"https:\/\/portaltela.pt\/noticias\/2026\/02\/16\/arquivos-de-epstein-apontam-para-possiveis-crimes-contra-a-humanidade\/\" \/>\n<meta property=\"og:site_name\" content=\"Portal Tela Portugal\" \/>\n<meta property=\"article:published_time\" content=\"2026-02-16T16:29:08+00:00\" \/>\n<meta name=\"author\" content=\"Telinha\" \/>\n<meta name=\"twitter:card\" content=\"summary_large_image\" \/>\n<meta name=\"twitter:label1\" content=\"Escrito por\" \/>\n\t<meta name=\"twitter:data1\" content=\"Telinha\" \/>\n\t<meta name=\"twitter:label2\" content=\"Tempo estimado de leitura\" \/>\n\t<meta name=\"twitter:data2\" content=\"2 minutos\" \/>\n<script type=\"application\/ld+json\" class=\"yoast-schema-graph\">{\"@context\":\"https:\/\/schema.org\",\"@graph\":[{\"@type\":\"Article\",\"@id\":\"https:\/\/portaltela.pt\/noticias\/2026\/02\/16\/arquivos-de-epstein-apontam-para-possiveis-crimes-contra-a-humanidade\/#article\",\"isPartOf\":{\"@id\":\"https:\/\/portaltela.pt\/noticias\/2026\/02\/16\/arquivos-de-epstein-apontam-para-possiveis-crimes-contra-a-humanidade\/\"},\"author\":{\"name\":\"Telinha\",\"@id\":\"https:\/\/portaltela.pt\/#\/schema\/person\/c4278d4a6028830caff9ee44b42d32ed\"},\"headline\":\"Arquivos de Epstein apontam para poss\u00edveis crimes contra a humanidade\",\"datePublished\":\"2026-02-16T16:29:08+00:00\",\"mainEntityOfPage\":{\"@id\":\"https:\/\/portaltela.pt\/noticias\/2026\/02\/16\/arquivos-de-epstein-apontam-para-possiveis-crimes-contra-a-humanidade\/\"},\"wordCount\":336,\"image\":{\"@id\":\"https:\/\/portaltela.pt\/noticias\/2026\/02\/16\/arquivos-de-epstein-apontam-para-possiveis-crimes-contra-a-humanidade\/#primaryimage\"},\"thumbnailUrl\":\"https:\/\/portaltela.pt\/s.01k8rhncp4jt1\/2026\/02\/img_1500x1000uu2026-02-12-23-56-10-2266605.jpg\",\"keywords\":[\"abuso sexual de menor dependente\",\"crimes contra a humanidade\",\"direitos humanos\",\"explora\u00e7\u00e3o de menores dependente ou em situa\u00e7\u00e3o vulner\u00e1vel\",\"ONU\",\"viola\u00e7\u00e3o de privacidade\"],\"articleSection\":[\"Not\u00edcias\"],\"inLanguage\":\"pt-PT\"},{\"@type\":\"WebPage\",\"@id\":\"https:\/\/portaltela.pt\/noticias\/2026\/02\/16\/arquivos-de-epstein-apontam-para-possiveis-crimes-contra-a-humanidade\/\",\"url\":\"https:\/\/portaltela.pt\/noticias\/2026\/02\/16\/arquivos-de-epstein-apontam-para-possiveis-crimes-contra-a-humanidade\/\",\"name\":\"Arquivos de Epstein apontam para poss\u00edveis crimes contra a humanidade - Portal Tela Portugal\",\"isPartOf\":{\"@id\":\"https:\/\/portaltela.pt\/#website\"},\"primaryImageOfPage\":{\"@id\":\"https:\/\/portaltela.pt\/noticias\/2026\/02\/16\/arquivos-de-epstein-apontam-para-possiveis-crimes-contra-a-humanidade\/#primaryimage\"},\"image\":{\"@id\":\"https:\/\/portaltela.pt\/noticias\/2026\/02\/16\/arquivos-de-epstein-apontam-para-possiveis-crimes-contra-a-humanidade\/#primaryimage\"},\"thumbnailUrl\":\"https:\/\/portaltela.pt\/s.01k8rhncp4jt1\/2026\/02\/img_1500x1000uu2026-02-12-23-56-10-2266605.jpg\",\"datePublished\":\"2026-02-16T16:29:08+00:00\",\"author\":{\"@id\":\"https:\/\/portaltela.pt\/#\/schema\/person\/c4278d4a6028830caff9ee44b42d32ed\"},\"breadcrumb\":{\"@id\":\"https:\/\/portaltela.pt\/noticias\/2026\/02\/16\/arquivos-de-epstein-apontam-para-possiveis-crimes-contra-a-humanidade\/#breadcrumb\"},\"inLanguage\":\"pt-PT\",\"potentialAction\":[{\"@type\":\"ReadAction\",\"target\":[\"https:\/\/portaltela.pt\/noticias\/2026\/02\/16\/arquivos-de-epstein-apontam-para-possiveis-crimes-contra-a-humanidade\/\"]}]},{\"@type\":\"ImageObject\",\"inLanguage\":\"pt-PT\",\"@id\":\"https:\/\/portaltela.pt\/noticias\/2026\/02\/16\/arquivos-de-epstein-apontam-para-possiveis-crimes-contra-a-humanidade\/#primaryimage\",\"url\":\"https:\/\/portaltela.pt\/s.01k8rhncp4jt1\/2026\/02\/img_1500x1000uu2026-02-12-23-56-10-2266605.jpg\",\"contentUrl\":\"https:\/\/portaltela.pt\/s.01k8rhncp4jt1\/2026\/02\/img_1500x1000uu2026-02-12-23-56-10-2266605.jpg\",\"width\":1500,\"height\":1000,\"caption\":\"Jeffrey Epstein e Ghislaine Maxwell posam com duas mulheres\"},{\"@type\":\"BreadcrumbList\",\"@id\":\"https:\/\/portaltela.pt\/noticias\/2026\/02\/16\/arquivos-de-epstein-apontam-para-possiveis-crimes-contra-a-humanidade\/#breadcrumb\",\"itemListElement\":[{\"@type\":\"ListItem\",\"position\":1,\"name\":\"In\u00edcio\",\"item\":\"https:\/\/portaltela.pt\/\"},{\"@type\":\"ListItem\",\"position\":2,\"name\":\"Arquivos de Epstein apontam para poss\u00edveis crimes contra a humanidade\"}]},{\"@type\":\"WebSite\",\"@id\":\"https:\/\/portaltela.pt\/#website\",\"url\":\"https:\/\/portaltela.pt\/\",\"name\":\"Portal Tela Portugal\",\"description\":\"\",\"potentialAction\":[{\"@type\":\"SearchAction\",\"target\":{\"@type\":\"EntryPoint\",\"urlTemplate\":\"https:\/\/portaltela.pt\/?s={search_term_string}\"},\"query-input\":{\"@type\":\"PropertyValueSpecification\",\"valueRequired\":true,\"valueName\":\"search_term_string\"}}],\"inLanguage\":\"pt-PT\"},{\"@type\":\"Person\",\"@id\":\"https:\/\/portaltela.pt\/#\/schema\/person\/c4278d4a6028830caff9ee44b42d32ed\",\"name\":\"Telinha\",\"image\":{\"@type\":\"ImageObject\",\"inLanguage\":\"pt-PT\",\"@id\":\"https:\/\/portaltela.pt\/s.01k8rhncp4jt1\/2025\/11\/talking-bot-125x125.png\",\"url\":\"https:\/\/portaltela.pt\/s.01k8rhncp4jt1\/2025\/11\/talking-bot-125x125.png\",\"contentUrl\":\"https:\/\/portaltela.pt\/s.01k8rhncp4jt1\/2025\/11\/talking-bot-125x125.png\",\"caption\":\"Telinha\"},\"sameAs\":[\"https:\/\/portaltela.pt\/\"],\"url\":\"https:\/\/portaltela.pt\/por\/367410592786\/\"}]}<\/script>\n<!-- \/ Yoast SEO plugin. -->","yoast_head_json":{"title":"Arquivos de Epstein apontam para poss\u00edveis crimes contra a humanidade - Portal Tela Portugal","robots":{"index":"index","follow":"follow","max-snippet":"max-snippet:-1","max-image-preview":"max-image-preview:large","max-video-preview":"max-video-preview:-1"},"og_locale":"pt_PT","og_type":"article","og_title":"Arquivos de Epstein apontam para poss\u00edveis crimes contra a humanidade - Portal Tela Portugal","og_description":"Peritos da Organiza\u00e7\u00e3o das Na\u00e7\u00f5es Unidas afirmaram que os documentos divulgados \u201csugerem a exist\u00eancia de uma empresa criminosa global\u201d e alertaram para implica\u00e7\u00f5es graves sobre impunidade. Os arquivos referem casos de escravatura sexual, viol\u00eancia reprodutiva, desaparecimento for\u00e7ado, tortura, tratos desumanos e degradantes e feminic\u00eddio. Os documentos resultam da investiga\u00e7\u00e3o ao consultor financeiro Jeffrey Epstein, condenado em 2008 por crimes sexuais envolvendo menor; Epstein cometeu suic\u00eddio em 2019 numa cela de pris\u00e3o. Os peritos apelaram a investiga\u00e7\u00e3o independente e imparcial e pediram que tribunais nacionais e internacionais processem os presum\u00edveis crimes; afirmaram que ningu\u00e9m \u00e9 demasiado rico ou poderoso para ficar acima da lei. A divulga\u00e7\u00e3o exp\u00f4s liga\u00e7\u00f5es de Epstein a figuras de v\u00e1rias \u00e1reas, incluindo pol\u00edtica, finan\u00e7as, empresas e ensino; entre as referenciadas est\u00e3o o presidente dos Estados Unidos, Donald Trump, bem como antigos ministros ou diplomatas, por\u00e9m sem consequ\u00eancias at\u00e9 ao momento.","og_url":"https:\/\/portaltela.pt\/noticias\/2026\/02\/16\/arquivos-de-epstein-apontam-para-possiveis-crimes-contra-a-humanidade\/","og_site_name":"Portal Tela Portugal","article_published_time":"2026-02-16T16:29:08+00:00","author":"Telinha","twitter_card":"summary_large_image","twitter_misc":{"Escrito por":"Telinha","Tempo estimado de leitura":"2 minutos"},"schema":{"@context":"https:\/\/schema.org","@graph":[{"@type":"Article","@id":"https:\/\/portaltela.pt\/noticias\/2026\/02\/16\/arquivos-de-epstein-apontam-para-possiveis-crimes-contra-a-humanidade\/#article","isPartOf":{"@id":"https:\/\/portaltela.pt\/noticias\/2026\/02\/16\/arquivos-de-epstein-apontam-para-possiveis-crimes-contra-a-humanidade\/"},"author":{"name":"Telinha","@id":"https:\/\/portaltela.pt\/#\/schema\/person\/c4278d4a6028830caff9ee44b42d32ed"},"headline":"Arquivos de Epstein apontam para poss\u00edveis crimes contra a humanidade","datePublished":"2026-02-16T16:29:08+00:00","mainEntityOfPage":{"@id":"https:\/\/portaltela.pt\/noticias\/2026\/02\/16\/arquivos-de-epstein-apontam-para-possiveis-crimes-contra-a-humanidade\/"},"wordCount":336,"image":{"@id":"https:\/\/portaltela.pt\/noticias\/2026\/02\/16\/arquivos-de-epstein-apontam-para-possiveis-crimes-contra-a-humanidade\/#primaryimage"},"thumbnailUrl":"https:\/\/portaltela.pt\/s.01k8rhncp4jt1\/2026\/02\/img_1500x1000uu2026-02-12-23-56-10-2266605.jpg","keywords":["abuso sexual de menor dependente","crimes contra a humanidade","direitos humanos","explora\u00e7\u00e3o de menores dependente ou em situa\u00e7\u00e3o vulner\u00e1vel","ONU","viola\u00e7\u00e3o de privacidade"],"articleSection":["Not\u00edcias"],"inLanguage":"pt-PT"},{"@type":"WebPage","@id":"https:\/\/portaltela.pt\/noticias\/2026\/02\/16\/arquivos-de-epstein-apontam-para-possiveis-crimes-contra-a-humanidade\/","url":"https:\/\/portaltela.pt\/noticias\/2026\/02\/16\/arquivos-de-epstein-apontam-para-possiveis-crimes-contra-a-humanidade\/","name":"Arquivos de Epstein apontam para poss\u00edveis crimes contra a humanidade - Portal Tela Portugal","isPartOf":{"@id":"https:\/\/portaltela.pt\/#website"},"primaryImageOfPage":{"@id":"https:\/\/portaltela.pt\/noticias\/2026\/02\/16\/arquivos-de-epstein-apontam-para-possiveis-crimes-contra-a-humanidade\/#primaryimage"},"image":{"@id":"https:\/\/portaltela.pt\/noticias\/2026\/02\/16\/arquivos-de-epstein-apontam-para-possiveis-crimes-contra-a-humanidade\/#primaryimage"},"thumbnailUrl":"https:\/\/portaltela.pt\/s.01k8rhncp4jt1\/2026\/02\/img_1500x1000uu2026-02-12-23-56-10-2266605.jpg","datePublished":"2026-02-16T16:29:08+00:00","author":{"@id":"https:\/\/portaltela.pt\/#\/schema\/person\/c4278d4a6028830caff9ee44b42d32ed"},"breadcrumb":{"@id":"https:\/\/portaltela.pt\/noticias\/2026\/02\/16\/arquivos-de-epstein-apontam-para-possiveis-crimes-contra-a-humanidade\/#breadcrumb"},"inLanguage":"pt-PT","potentialAction":[{"@type":"ReadAction","target":["https:\/\/portaltela.pt\/noticias\/2026\/02\/16\/arquivos-de-epstein-apontam-para-possiveis-crimes-contra-a-humanidade\/"]}]},{"@type":"ImageObject","inLanguage":"pt-PT","@id":"https:\/\/portaltela.pt\/noticias\/2026\/02\/16\/arquivos-de-epstein-apontam-para-possiveis-crimes-contra-a-humanidade\/#primaryimage","url":"https:\/\/portaltela.pt\/s.01k8rhncp4jt1\/2026\/02\/img_1500x1000uu2026-02-12-23-56-10-2266605.jpg","contentUrl":"https:\/\/portaltela.pt\/s.01k8rhncp4jt1\/2026\/02\/img_1500x1000uu2026-02-12-23-56-10-2266605.jpg","width":1500,"height":1000,"caption":"Jeffrey Epstein e Ghislaine Maxwell posam com duas mulheres"},{"@type":"BreadcrumbList","@id":"https:\/\/portaltela.pt\/noticias\/2026\/02\/16\/arquivos-de-epstein-apontam-para-possiveis-crimes-contra-a-humanidade\/#breadcrumb","itemListElement":[{"@type":"ListItem","position":1,"name":"In\u00edcio","item":"https:\/\/portaltela.pt\/"},{"@type":"ListItem","position":2,"name":"Arquivos de Epstein apontam para poss\u00edveis crimes contra a humanidade"}]},{"@type":"WebSite","@id":"https:\/\/portaltela.pt\/#website","url":"https:\/\/portaltela.pt\/","name":"Portal Tela Portugal","description":"","potentialAction":[{"@type":"SearchAction","target":{"@type":"EntryPoint","urlTemplate":"https:\/\/portaltela.pt\/?s={search_term_string}"},"query-input":{"@type":"PropertyValueSpecification","valueRequired":true,"valueName":"search_term_string"}}],"inLanguage":"pt-PT"},{"@type":"Person","@id":"https:\/\/portaltela.pt\/#\/schema\/person\/c4278d4a6028830caff9ee44b42d32ed","name":"Telinha","image":{"@type":"ImageObject","inLanguage":"pt-PT","@id":"https:\/\/portaltela.pt\/s.01k8rhncp4jt1\/2025\/11\/talking-bot-125x125.png","url":"https:\/\/portaltela.pt\/s.01k8rhncp4jt1\/2025\/11\/talking-bot-125x125.png","contentUrl":"https:\/\/portaltela.pt\/s.01k8rhncp4jt1\/2025\/11\/talking-bot-125x125.png","caption":"Telinha"},"sameAs":["https:\/\/portaltela.pt\/"],"url":"https:\/\/portaltela.pt\/por\/367410592786\/"}]}},"_links":{"self":[{"href":"https:\/\/portaltela.pt\/api\/wp\/v2\/posts\/214727","targetHints":{"allow":["GET"]}}],"collection":[{"href":"https:\/\/portaltela.pt\/api\/wp\/v2\/posts"}],"about":[{"href":"https:\/\/portaltela.pt\/api\/wp\/v2\/types\/post"}],"author":[{"embeddable":true,"href":"https:\/\/portaltela.pt\/api\/wp\/v2\/users\/2"}],"replies":[{"embeddable":true,"href":"https:\/\/portaltela.pt\/api\/wp\/v2\/comments?post=214727"}],"version-history":[{"count":0,"href":"https:\/\/portaltela.pt\/api\/wp\/v2\/posts\/214727\/revisions"}],"wp:featuredmedia":[{"embeddable":true,"href":"https:\/\/portaltela.pt\/api\/wp\/v2\/media\/214728"}],"wp:attachment":[{"href":"https:\/\/portaltela.pt\/api\/wp\/v2\/media?parent=214727"}],"wp:term":[{"taxonomy":"category","embeddable":true,"href":"https:\/\/portaltela.pt\/api\/wp\/v2\/categories?post=214727"},{"taxonomy":"post_tag","embeddable":true,"href":"https:\/\/portaltela.pt\/api\/wp\/v2\/tags?post=214727"}],"curies":[{"name":"wp","href":"https:\/\/api.w.org\/{rel}","templated":true}]}}