{"id":214658,"date":"2026-02-16T12:30:04","date_gmt":"2026-02-16T15:30:04","guid":{"rendered":"https:\/\/portaltela.pt\/noticias\/2026\/02\/16\/soure-intensifica-limpezas-para-o-centro-historico-voltar-ao-normal\/"},"modified":"2026-02-16T12:30:04","modified_gmt":"2026-02-16T15:30:04","slug":"soure-intensifica-limpezas-para-o-centro-historico-voltar-ao-normal","status":"publish","type":"post","link":"https:\/\/portaltela.pt\/noticias\/2026\/02\/16\/soure-intensifica-limpezas-para-o-centro-historico-voltar-ao-normal\/","title":{"rendered":"Soure intensifica limpezas para o centro hist\u00f3rico voltar ao normal"},"content":{"rendered":"<p>O presidente da C\u00e2mara de Soure, Rui Fernandes, afirmou que a equipa municipal do ambiente est\u00e1 a intensificar os trabalhos de limpeza para que a normalidade regresse ao centro hist\u00f3rico nos pr\u00f3ximos dias. A declara\u00e7\u00e3o foi feita na segunda-feira.<\/p>\n<p>Acompanhado do Presidente da Rep\u00fablica eleito, Ant\u00f3nio Jos\u00e9 Seguro, o autarca percorreu a p\u00e9 a zona baixa da vila, fortemente afetada pela subida das \u00e1guas, at\u00e9 ao centro urbano. O objetivo \u00e9 devolver rapidez \u00e0 vida comercial.<\/p>\n<p>Rui Fernandes destacou que os comerciantes solicitam celeridade na remo\u00e7\u00e3o de lama, para recuperar a confian\u00e7a na rua e no espa\u00e7o p\u00fablico. Mesmo com a toler\u00e2ncia de ponto para o Carnaval, a limpeza continuar\u00e1 a ser prioridade.<\/p>\n<h3>Limpeza e reabertura do centro hist\u00f3rico<\/h3>\n<p>A preocupa\u00e7\u00e3o inclui a zona da feira semanal, j\u00e1 que parte do recinto teve de ser relocalizada devido \u00e0 lama. O autarca confirmou que a reabertura dos espa\u00e7os \u00e9 uma prioridade para manter a atividade econ\u00f3mica local.<\/p>\n<p>O autarca indicou que as margens dos rios Arunca e An\u00e7os est\u00e3o estabilizadas, a cerca de 80 cent\u00edmetros, o que facilita a mobiliza\u00e7\u00e3o de operacionais e o retorno gradual de residentes e comerciantes. A visita tamb\u00e9m serviu para enquadrar planos futuros.<\/p>\n<p>Ainda durante a visita, ficou combinado receber, na ter\u00e7a-feira, o arquiteto paisagista Jo\u00e3o Nunes da Silva para discutir o aproveitamento da zona ribeirinha. A iniciativa visa consolidar a recupera\u00e7\u00e3o do centro hist\u00f3rico.<\/p>\n","protected":false},"excerpt":{"rendered":"<ul>\n<li>A C\u00e2mara de Soure est\u00e1 a intensificar os trabalhos de limpeza no centro hist\u00f3rico para devolver a normalidade nos pr\u00f3ximos dias, com a equipa municipal do ambiente a concentrar-se nessa tarefa.<\/li>\n<li>O presidente da C\u00e2mara, Rui Fernandes, acompanhou a visita do Presidente da Rep\u00fablica eleito, Ant\u00f3nio Jos\u00e9 Seguro, e afirmou que os comerciantes pedem rapidez na limpeza para reconquistar a confian\u00e7a na rua.<\/li>\n<li>Apesar do Carnaval, a limpeza continua e as margens dos rios Arunca e An\u00e7os permanecem controladas, com os moradores a ganharem confian\u00e7a para ocupar o espa\u00e7o p\u00fablico.<\/li>\n<li>A feira semanal j\u00e1 se realizou, apesar de parte do recinto ter sido afetada pela lama, com feirantes realocados; muitos deles dependem das feiras locais para sustento.<\/li>\n<li>Amanh\u00e3 ser\u00e1 recebida no munic\u00edpio a arquiteta paisagista Jo\u00e3o Nunes da Silva, para abrir perspetivas de planeamento da zona ribeirinha, num contexto de extin\u00e7\u00e3o de calamidade ap\u00f3s o temporal.<\/li>\n<\/ul>\n","protected":false},"author":2,"featured_media":214664,"comment_status":"closed","ping_status":"closed","sticky":false,"template":"","format":"standard","meta":{"footnotes":""},"categories":[1],"tags":[167,244,3724,4107,1831,2643],"class_list":["post-214658","post","type-post","status-publish","format-standard","has-post-thumbnail","hentry","category-noticias","tag-ambiente","tag-comercio","tag-desenvolvimento-urbano-sustentavel","tag-limpeza-de-vias","tag-limpeza-urbana","tag-reabilitacao-urbana"],"yoast_head":"<!-- This site is optimized with the Yoast SEO plugin v27.2 - https:\/\/yoast.com\/product\/yoast-seo-wordpress\/ -->\n<title>Soure intensifica limpezas para o centro hist\u00f3rico voltar ao normal - Portal Tela Portugal<\/title>\n<meta name=\"robots\" content=\"index, follow, max-snippet:-1, max-image-preview:large, max-video-preview:-1\" \/>\n<meta property=\"og:locale\" content=\"pt_PT\" \/>\n<meta property=\"og:type\" content=\"article\" \/>\n<meta property=\"og:title\" content=\"Soure intensifica limpezas para o centro hist\u00f3rico voltar ao normal - Portal Tela Portugal\" \/>\n<meta property=\"og:description\" content=\"A C\u00e2mara de Soure est\u00e1 a intensificar os trabalhos de limpeza no centro hist\u00f3rico para devolver a normalidade nos pr\u00f3ximos dias, com a equipa municipal do ambiente a concentrar-se nessa tarefa. O presidente da C\u00e2mara, Rui Fernandes, acompanhou a visita do Presidente da Rep\u00fablica eleito, Ant\u00f3nio Jos\u00e9 Seguro, e afirmou que os comerciantes pedem rapidez na limpeza para reconquistar a confian\u00e7a na rua. Apesar do Carnaval, a limpeza continua e as margens dos rios Arunca e An\u00e7os permanecem controladas, com os moradores a ganharem confian\u00e7a para ocupar o espa\u00e7o p\u00fablico. A feira semanal j\u00e1 se realizou, apesar de parte do recinto ter sido afetada pela lama, com feirantes realocados; muitos deles dependem das feiras locais para sustento. Amanh\u00e3 ser\u00e1 recebida no munic\u00edpio a arquiteta paisagista Jo\u00e3o Nunes da Silva, para abrir perspetivas de planeamento da zona ribeirinha, num contexto de extin\u00e7\u00e3o de calamidade ap\u00f3s o temporal.\" \/>\n<meta property=\"og:url\" content=\"https:\/\/portaltela.pt\/noticias\/2026\/02\/16\/soure-intensifica-limpezas-para-o-centro-historico-voltar-ao-normal\/\" \/>\n<meta property=\"og:site_name\" content=\"Portal Tela Portugal\" \/>\n<meta property=\"article:published_time\" content=\"2026-02-16T15:30:04+00:00\" \/>\n<meta name=\"author\" content=\"Telinha\" \/>\n<meta name=\"twitter:card\" content=\"summary_large_image\" \/>\n<meta name=\"twitter:label1\" content=\"Escrito por\" \/>\n\t<meta name=\"twitter:data1\" content=\"Telinha\" \/>\n\t<meta name=\"twitter:label2\" content=\"Tempo estimado de leitura\" \/>\n\t<meta name=\"twitter:data2\" content=\"1 minuto\" \/>\n<script type=\"application\/ld+json\" class=\"yoast-schema-graph\">{\"@context\":\"https:\/\/schema.org\",\"@graph\":[{\"@type\":\"Article\",\"@id\":\"https:\/\/portaltela.pt\/noticias\/2026\/02\/16\/soure-intensifica-limpezas-para-o-centro-historico-voltar-ao-normal\/#article\",\"isPartOf\":{\"@id\":\"https:\/\/portaltela.pt\/noticias\/2026\/02\/16\/soure-intensifica-limpezas-para-o-centro-historico-voltar-ao-normal\/\"},\"author\":{\"name\":\"Telinha\",\"@id\":\"https:\/\/portaltela.pt\/#\/schema\/person\/c4278d4a6028830caff9ee44b42d32ed\"},\"headline\":\"Soure intensifica limpezas para o centro hist\u00f3rico voltar ao normal\",\"datePublished\":\"2026-02-16T15:30:04+00:00\",\"mainEntityOfPage\":{\"@id\":\"https:\/\/portaltela.pt\/noticias\/2026\/02\/16\/soure-intensifica-limpezas-para-o-centro-historico-voltar-ao-normal\/\"},\"wordCount\":259,\"image\":{\"@id\":\"https:\/\/portaltela.pt\/noticias\/2026\/02\/16\/soure-intensifica-limpezas-para-o-centro-historico-voltar-ao-normal\/#primaryimage\"},\"thumbnailUrl\":\"https:\/\/portaltela.pt\/s.01k8rhncp4jt1\/2026\/02\/img_1500x1000uu2025-11-13-14-19-56-2247948.jpg\",\"keywords\":[\"ambiente\",\"com\u00e9rcio\",\"desenvolvimento urbano sustent\u00e1vel\",\"limpeza de vias\",\"limpeza urbana\",\"reabilita\u00e7\u00e3o urbana\"],\"articleSection\":[\"Not\u00edcias\"],\"inLanguage\":\"pt-PT\"},{\"@type\":\"WebPage\",\"@id\":\"https:\/\/portaltela.pt\/noticias\/2026\/02\/16\/soure-intensifica-limpezas-para-o-centro-historico-voltar-ao-normal\/\",\"url\":\"https:\/\/portaltela.pt\/noticias\/2026\/02\/16\/soure-intensifica-limpezas-para-o-centro-historico-voltar-ao-normal\/\",\"name\":\"Soure intensifica limpezas para o centro hist\u00f3rico voltar ao normal - Portal Tela Portugal\",\"isPartOf\":{\"@id\":\"https:\/\/portaltela.pt\/#website\"},\"primaryImageOfPage\":{\"@id\":\"https:\/\/portaltela.pt\/noticias\/2026\/02\/16\/soure-intensifica-limpezas-para-o-centro-historico-voltar-ao-normal\/#primaryimage\"},\"image\":{\"@id\":\"https:\/\/portaltela.pt\/noticias\/2026\/02\/16\/soure-intensifica-limpezas-para-o-centro-historico-voltar-ao-normal\/#primaryimage\"},\"thumbnailUrl\":\"https:\/\/portaltela.pt\/s.01k8rhncp4jt1\/2026\/02\/img_1500x1000uu2025-11-13-14-19-56-2247948.jpg\",\"datePublished\":\"2026-02-16T15:30:04+00:00\",\"author\":{\"@id\":\"https:\/\/portaltela.pt\/#\/schema\/person\/c4278d4a6028830caff9ee44b42d32ed\"},\"breadcrumb\":{\"@id\":\"https:\/\/portaltela.pt\/noticias\/2026\/02\/16\/soure-intensifica-limpezas-para-o-centro-historico-voltar-ao-normal\/#breadcrumb\"},\"inLanguage\":\"pt-PT\",\"potentialAction\":[{\"@type\":\"ReadAction\",\"target\":[\"https:\/\/portaltela.pt\/noticias\/2026\/02\/16\/soure-intensifica-limpezas-para-o-centro-historico-voltar-ao-normal\/\"]}]},{\"@type\":\"ImageObject\",\"inLanguage\":\"pt-PT\",\"@id\":\"https:\/\/portaltela.pt\/noticias\/2026\/02\/16\/soure-intensifica-limpezas-para-o-centro-historico-voltar-ao-normal\/#primaryimage\",\"url\":\"https:\/\/portaltela.pt\/s.01k8rhncp4jt1\/2026\/02\/img_1500x1000uu2025-11-13-14-19-56-2247948.jpg\",\"contentUrl\":\"https:\/\/portaltela.pt\/s.01k8rhncp4jt1\/2026\/02\/img_1500x1000uu2025-11-13-14-19-56-2247948.jpg\",\"width\":796,\"height\":448,\"caption\":\"Inunda\u00e7\u00f5es em Coimbra provocam desalojamentos e resgates na Figueira da Foz e Soure\"},{\"@type\":\"BreadcrumbList\",\"@id\":\"https:\/\/portaltela.pt\/noticias\/2026\/02\/16\/soure-intensifica-limpezas-para-o-centro-historico-voltar-ao-normal\/#breadcrumb\",\"itemListElement\":[{\"@type\":\"ListItem\",\"position\":1,\"name\":\"In\u00edcio\",\"item\":\"https:\/\/portaltela.pt\/\"},{\"@type\":\"ListItem\",\"position\":2,\"name\":\"Soure intensifica limpezas para o centro hist\u00f3rico voltar ao normal\"}]},{\"@type\":\"WebSite\",\"@id\":\"https:\/\/portaltela.pt\/#website\",\"url\":\"https:\/\/portaltela.pt\/\",\"name\":\"Portal Tela Portugal\",\"description\":\"\",\"potentialAction\":[{\"@type\":\"SearchAction\",\"target\":{\"@type\":\"EntryPoint\",\"urlTemplate\":\"https:\/\/portaltela.pt\/?s={search_term_string}\"},\"query-input\":{\"@type\":\"PropertyValueSpecification\",\"valueRequired\":true,\"valueName\":\"search_term_string\"}}],\"inLanguage\":\"pt-PT\"},{\"@type\":\"Person\",\"@id\":\"https:\/\/portaltela.pt\/#\/schema\/person\/c4278d4a6028830caff9ee44b42d32ed\",\"name\":\"Telinha\",\"image\":{\"@type\":\"ImageObject\",\"inLanguage\":\"pt-PT\",\"@id\":\"https:\/\/portaltela.pt\/s.01k8rhncp4jt1\/2025\/11\/talking-bot-125x125.png\",\"url\":\"https:\/\/portaltela.pt\/s.01k8rhncp4jt1\/2025\/11\/talking-bot-125x125.png\",\"contentUrl\":\"https:\/\/portaltela.pt\/s.01k8rhncp4jt1\/2025\/11\/talking-bot-125x125.png\",\"caption\":\"Telinha\"},\"sameAs\":[\"https:\/\/portaltela.pt\/\"],\"url\":\"https:\/\/portaltela.pt\/por\/367410592786\/\"}]}<\/script>\n<!-- \/ Yoast SEO plugin. -->","yoast_head_json":{"title":"Soure intensifica limpezas para o centro hist\u00f3rico voltar ao normal - Portal Tela Portugal","robots":{"index":"index","follow":"follow","max-snippet":"max-snippet:-1","max-image-preview":"max-image-preview:large","max-video-preview":"max-video-preview:-1"},"og_locale":"pt_PT","og_type":"article","og_title":"Soure intensifica limpezas para o centro hist\u00f3rico voltar ao normal - Portal Tela Portugal","og_description":"A C\u00e2mara de Soure est\u00e1 a intensificar os trabalhos de limpeza no centro hist\u00f3rico para devolver a normalidade nos pr\u00f3ximos dias, com a equipa municipal do ambiente a concentrar-se nessa tarefa. O presidente da C\u00e2mara, Rui Fernandes, acompanhou a visita do Presidente da Rep\u00fablica eleito, Ant\u00f3nio Jos\u00e9 Seguro, e afirmou que os comerciantes pedem rapidez na limpeza para reconquistar a confian\u00e7a na rua. Apesar do Carnaval, a limpeza continua e as margens dos rios Arunca e An\u00e7os permanecem controladas, com os moradores a ganharem confian\u00e7a para ocupar o espa\u00e7o p\u00fablico. A feira semanal j\u00e1 se realizou, apesar de parte do recinto ter sido afetada pela lama, com feirantes realocados; muitos deles dependem das feiras locais para sustento. Amanh\u00e3 ser\u00e1 recebida no munic\u00edpio a arquiteta paisagista Jo\u00e3o Nunes da Silva, para abrir perspetivas de planeamento da zona ribeirinha, num contexto de extin\u00e7\u00e3o de calamidade ap\u00f3s o temporal.","og_url":"https:\/\/portaltela.pt\/noticias\/2026\/02\/16\/soure-intensifica-limpezas-para-o-centro-historico-voltar-ao-normal\/","og_site_name":"Portal Tela Portugal","article_published_time":"2026-02-16T15:30:04+00:00","author":"Telinha","twitter_card":"summary_large_image","twitter_misc":{"Escrito por":"Telinha","Tempo estimado de leitura":"1 minuto"},"schema":{"@context":"https:\/\/schema.org","@graph":[{"@type":"Article","@id":"https:\/\/portaltela.pt\/noticias\/2026\/02\/16\/soure-intensifica-limpezas-para-o-centro-historico-voltar-ao-normal\/#article","isPartOf":{"@id":"https:\/\/portaltela.pt\/noticias\/2026\/02\/16\/soure-intensifica-limpezas-para-o-centro-historico-voltar-ao-normal\/"},"author":{"name":"Telinha","@id":"https:\/\/portaltela.pt\/#\/schema\/person\/c4278d4a6028830caff9ee44b42d32ed"},"headline":"Soure intensifica limpezas para o centro hist\u00f3rico voltar ao normal","datePublished":"2026-02-16T15:30:04+00:00","mainEntityOfPage":{"@id":"https:\/\/portaltela.pt\/noticias\/2026\/02\/16\/soure-intensifica-limpezas-para-o-centro-historico-voltar-ao-normal\/"},"wordCount":259,"image":{"@id":"https:\/\/portaltela.pt\/noticias\/2026\/02\/16\/soure-intensifica-limpezas-para-o-centro-historico-voltar-ao-normal\/#primaryimage"},"thumbnailUrl":"https:\/\/portaltela.pt\/s.01k8rhncp4jt1\/2026\/02\/img_1500x1000uu2025-11-13-14-19-56-2247948.jpg","keywords":["ambiente","com\u00e9rcio","desenvolvimento urbano sustent\u00e1vel","limpeza de vias","limpeza urbana","reabilita\u00e7\u00e3o urbana"],"articleSection":["Not\u00edcias"],"inLanguage":"pt-PT"},{"@type":"WebPage","@id":"https:\/\/portaltela.pt\/noticias\/2026\/02\/16\/soure-intensifica-limpezas-para-o-centro-historico-voltar-ao-normal\/","url":"https:\/\/portaltela.pt\/noticias\/2026\/02\/16\/soure-intensifica-limpezas-para-o-centro-historico-voltar-ao-normal\/","name":"Soure intensifica limpezas para o centro hist\u00f3rico voltar ao normal - Portal Tela Portugal","isPartOf":{"@id":"https:\/\/portaltela.pt\/#website"},"primaryImageOfPage":{"@id":"https:\/\/portaltela.pt\/noticias\/2026\/02\/16\/soure-intensifica-limpezas-para-o-centro-historico-voltar-ao-normal\/#primaryimage"},"image":{"@id":"https:\/\/portaltela.pt\/noticias\/2026\/02\/16\/soure-intensifica-limpezas-para-o-centro-historico-voltar-ao-normal\/#primaryimage"},"thumbnailUrl":"https:\/\/portaltela.pt\/s.01k8rhncp4jt1\/2026\/02\/img_1500x1000uu2025-11-13-14-19-56-2247948.jpg","datePublished":"2026-02-16T15:30:04+00:00","author":{"@id":"https:\/\/portaltela.pt\/#\/schema\/person\/c4278d4a6028830caff9ee44b42d32ed"},"breadcrumb":{"@id":"https:\/\/portaltela.pt\/noticias\/2026\/02\/16\/soure-intensifica-limpezas-para-o-centro-historico-voltar-ao-normal\/#breadcrumb"},"inLanguage":"pt-PT","potentialAction":[{"@type":"ReadAction","target":["https:\/\/portaltela.pt\/noticias\/2026\/02\/16\/soure-intensifica-limpezas-para-o-centro-historico-voltar-ao-normal\/"]}]},{"@type":"ImageObject","inLanguage":"pt-PT","@id":"https:\/\/portaltela.pt\/noticias\/2026\/02\/16\/soure-intensifica-limpezas-para-o-centro-historico-voltar-ao-normal\/#primaryimage","url":"https:\/\/portaltela.pt\/s.01k8rhncp4jt1\/2026\/02\/img_1500x1000uu2025-11-13-14-19-56-2247948.jpg","contentUrl":"https:\/\/portaltela.pt\/s.01k8rhncp4jt1\/2026\/02\/img_1500x1000uu2025-11-13-14-19-56-2247948.jpg","width":796,"height":448,"caption":"Inunda\u00e7\u00f5es em Coimbra provocam desalojamentos e resgates na Figueira da Foz e Soure"},{"@type":"BreadcrumbList","@id":"https:\/\/portaltela.pt\/noticias\/2026\/02\/16\/soure-intensifica-limpezas-para-o-centro-historico-voltar-ao-normal\/#breadcrumb","itemListElement":[{"@type":"ListItem","position":1,"name":"In\u00edcio","item":"https:\/\/portaltela.pt\/"},{"@type":"ListItem","position":2,"name":"Soure intensifica limpezas para o centro hist\u00f3rico voltar ao normal"}]},{"@type":"WebSite","@id":"https:\/\/portaltela.pt\/#website","url":"https:\/\/portaltela.pt\/","name":"Portal Tela Portugal","description":"","potentialAction":[{"@type":"SearchAction","target":{"@type":"EntryPoint","urlTemplate":"https:\/\/portaltela.pt\/?s={search_term_string}"},"query-input":{"@type":"PropertyValueSpecification","valueRequired":true,"valueName":"search_term_string"}}],"inLanguage":"pt-PT"},{"@type":"Person","@id":"https:\/\/portaltela.pt\/#\/schema\/person\/c4278d4a6028830caff9ee44b42d32ed","name":"Telinha","image":{"@type":"ImageObject","inLanguage":"pt-PT","@id":"https:\/\/portaltela.pt\/s.01k8rhncp4jt1\/2025\/11\/talking-bot-125x125.png","url":"https:\/\/portaltela.pt\/s.01k8rhncp4jt1\/2025\/11\/talking-bot-125x125.png","contentUrl":"https:\/\/portaltela.pt\/s.01k8rhncp4jt1\/2025\/11\/talking-bot-125x125.png","caption":"Telinha"},"sameAs":["https:\/\/portaltela.pt\/"],"url":"https:\/\/portaltela.pt\/por\/367410592786\/"}]}},"_links":{"self":[{"href":"https:\/\/portaltela.pt\/api\/wp\/v2\/posts\/214658","targetHints":{"allow":["GET"]}}],"collection":[{"href":"https:\/\/portaltela.pt\/api\/wp\/v2\/posts"}],"about":[{"href":"https:\/\/portaltela.pt\/api\/wp\/v2\/types\/post"}],"author":[{"embeddable":true,"href":"https:\/\/portaltela.pt\/api\/wp\/v2\/users\/2"}],"replies":[{"embeddable":true,"href":"https:\/\/portaltela.pt\/api\/wp\/v2\/comments?post=214658"}],"version-history":[{"count":0,"href":"https:\/\/portaltela.pt\/api\/wp\/v2\/posts\/214658\/revisions"}],"wp:featuredmedia":[{"embeddable":true,"href":"https:\/\/portaltela.pt\/api\/wp\/v2\/media\/214664"}],"wp:attachment":[{"href":"https:\/\/portaltela.pt\/api\/wp\/v2\/media?parent=214658"}],"wp:term":[{"taxonomy":"category","embeddable":true,"href":"https:\/\/portaltela.pt\/api\/wp\/v2\/categories?post=214658"},{"taxonomy":"post_tag","embeddable":true,"href":"https:\/\/portaltela.pt\/api\/wp\/v2\/tags?post=214658"}],"curies":[{"name":"wp","href":"https:\/\/api.w.org\/{rel}","templated":true}]}}