{"id":214642,"date":"2026-02-16T12:09:26","date_gmt":"2026-02-16T15:09:26","guid":{"rendered":"https:\/\/portaltela.pt\/noticias\/2026\/02\/16\/em-aldeia-de-ourem-ainda-procuram-telhas-luz-e-descanso\/"},"modified":"2026-02-16T12:09:26","modified_gmt":"2026-02-16T15:09:26","slug":"em-aldeia-de-ourem-ainda-procuram-telhas-luz-e-descanso","status":"publish","type":"post","link":"https:\/\/portaltela.pt\/noticias\/2026\/02\/16\/em-aldeia-de-ourem-ainda-procuram-telhas-luz-e-descanso\/","title":{"rendered":"Em aldeia de Our\u00e9m, ainda procuram telhas, luz e descanso"},"content":{"rendered":"<p>Numa aldeia de Our\u00e9m, os efeitos da depress\u00e3o Kristin ainda s\u00e3o vis\u00edveis. O estado de calamidade terminou, mas a normalidade tarda a regressar no Casal dos Bernardos, onde telhados, energia e conforto continuam ausentes para muitos moradores.<\/p>\n<p>Manuel Lopes, 81 anos, ainda trabalha a veda\u00e7\u00e3o junto \u00e0 casa, apesar da chuva mi\u00fada. Foi pedreiro de profiss\u00e3o e queria subir ao telhado, mas n\u00e3o consegue. Perdeu 150 telhas com o vento, que tamb\u00e9m danificou as estruturas da casa.<\/p>\n<p>O reformado recusou abandonar o trabalho: \u201candou a arranjar o telhado com telhas improvisadas\u201d. Procura empreiteiros sem sucesso, descrevendo a situa\u00e7\u00e3o como extremamente dif\u00edcil, ap\u00f3s tr\u00eas AVCs e um enfarte.<\/p>\n<p>Em\u00edlia Marques, de 80 anos, descreve estrondos de traves e o telhado a ceder numa madrugada. A casa ainda est\u00e1 sem condi\u00e7\u00f5es ideais e a falta de luz \u00e9 o principal problema que a impede de ter conforto m\u00ednimo.<\/p>\n<p>A fam\u00edlia manteve-se alerta aos riscos: o filho que tentava retirar a chamin\u00e9 danificada sofreu uma queda, ficando com dois golpes na cabe\u00e7a. A cozinha continua com infiltra\u00e7\u00f5es, utilizando baldes para recolher a \u00e1gua.<\/p>\n<p>Mesmo com o remendo, a falta de energia persiste. Em\u00edlia depende de uma liga\u00e7\u00e3o el\u00e9trica para manter a arca da filha ligada, o que permite apenas funcionamento b\u00e1sico, j\u00e1 que o sistema \u00e9 inst\u00e1vel.<\/p>\n<p>O frio intensificou-se no fim de semana, levando Em\u00edlia a recorrer a m\u00e9todos simples para suportar as noites. O aquecedor el\u00e9trico acende o quadro, obrigando-a a reduzir atividades para evitar novas quedas de energia.<\/p>\n<p>Ainda sem luz, a moradora aguarda o fim da chuva e a chegada de solu\u00e7\u00f5es que permitam resguardar a casa. Conta com o apoio de um gato que n\u00e3o a abandona, mesmo com o medo e o desgaste do momento.<\/p>\n","protected":false},"excerpt":{"rendered":"<ul>\n<li>Mesmo ap\u00f3s o fim do estado de calamidade, a aldeia do Casal dos Bernardos, em Our\u00e9m, continua sem telhas, luz e tranquilidade ap\u00f3s a depress\u00e3o Kristin.<\/li>\n<li>Manuel Lopes, de 81 anos, perdeu cerca de 150 telhas na passagem da depress\u00e3o e, com o corpo fragilizado, tenta arranjar o telhado com ajuda de amigos e sem m\u00e3o de obra est\u00e1vel.<\/li>\n<li>Em\u00edlia Marques, de 80 anos, viu o telhado ceder durante a noite e permanece sem eletricidade est\u00e1vel; a casa sofre infiltra\u00e7\u00f5es e depende de liga\u00e7\u00f5es informais para manter a arca ligada.<\/li>\n<li>O filho de Em\u00edlia caiu ao tentar remover a chamin\u00e9 danificada, ficando com dois golpes na cabe\u00e7a, enquanto a cozinha acumula \u00e1gua e esvazia-se o espa\u00e7o com baldes e alguidares.<\/li>\n<li>A comunidade continua sem respostas, com relatos de falta de pedreiros e dificuldades em obter apoio t\u00e9cnico, agravadas pela chuva e pelo frio intenso.<\/li>\n<\/ul>\n","protected":false},"author":2,"featured_media":214646,"comment_status":"closed","ping_status":"closed","sticky":false,"template":"","format":"standard","meta":{"footnotes":""},"categories":[1],"tags":[4687,4549,150,2293,2357,5168],"class_list":["post-214642","post","type-post","status-publish","format-standard","has-post-thumbnail","hentry","category-noticias","tag-calamidade-publica","tag-energia-eletrica","tag-habitacao","tag-inundacoes","tag-ourem","tag-telhas"],"yoast_head":"<!-- This site is optimized with the Yoast SEO plugin v27.2 - https:\/\/yoast.com\/product\/yoast-seo-wordpress\/ -->\n<title>Em aldeia de Our\u00e9m, ainda procuram telhas, luz e descanso - Portal Tela Portugal<\/title>\n<meta name=\"robots\" content=\"index, follow, max-snippet:-1, max-image-preview:large, max-video-preview:-1\" \/>\n<meta property=\"og:locale\" content=\"pt_PT\" \/>\n<meta property=\"og:type\" content=\"article\" \/>\n<meta property=\"og:title\" content=\"Em aldeia de Our\u00e9m, ainda procuram telhas, luz e descanso - Portal Tela Portugal\" \/>\n<meta property=\"og:description\" content=\"Mesmo ap\u00f3s o fim do estado de calamidade, a aldeia do Casal dos Bernardos, em Our\u00e9m, continua sem telhas, luz e tranquilidade ap\u00f3s a depress\u00e3o Kristin. Manuel Lopes, de 81 anos, perdeu cerca de 150 telhas na passagem da depress\u00e3o e, com o corpo fragilizado, tenta arranjar o telhado com ajuda de amigos e sem m\u00e3o de obra est\u00e1vel. Em\u00edlia Marques, de 80 anos, viu o telhado ceder durante a noite e permanece sem eletricidade est\u00e1vel; a casa sofre infiltra\u00e7\u00f5es e depende de liga\u00e7\u00f5es informais para manter a arca ligada. O filho de Em\u00edlia caiu ao tentar remover a chamin\u00e9 danificada, ficando com dois golpes na cabe\u00e7a, enquanto a cozinha acumula \u00e1gua e esvazia-se o espa\u00e7o com baldes e alguidares. A comunidade continua sem respostas, com relatos de falta de pedreiros e dificuldades em obter apoio t\u00e9cnico, agravadas pela chuva e pelo frio intenso.\" \/>\n<meta property=\"og:url\" content=\"https:\/\/portaltela.pt\/noticias\/2026\/02\/16\/em-aldeia-de-ourem-ainda-procuram-telhas-luz-e-descanso\/\" \/>\n<meta property=\"og:site_name\" content=\"Portal Tela Portugal\" \/>\n<meta property=\"article:published_time\" content=\"2026-02-16T15:09:26+00:00\" \/>\n<meta name=\"author\" content=\"Telinha\" \/>\n<meta name=\"twitter:card\" content=\"summary_large_image\" \/>\n<meta name=\"twitter:label1\" content=\"Escrito por\" \/>\n\t<meta name=\"twitter:data1\" content=\"Telinha\" \/>\n\t<meta name=\"twitter:label2\" content=\"Tempo estimado de leitura\" \/>\n\t<meta name=\"twitter:data2\" content=\"2 minutos\" \/>\n<script type=\"application\/ld+json\" class=\"yoast-schema-graph\">{\"@context\":\"https:\/\/schema.org\",\"@graph\":[{\"@type\":\"Article\",\"@id\":\"https:\/\/portaltela.pt\/noticias\/2026\/02\/16\/em-aldeia-de-ourem-ainda-procuram-telhas-luz-e-descanso\/#article\",\"isPartOf\":{\"@id\":\"https:\/\/portaltela.pt\/noticias\/2026\/02\/16\/em-aldeia-de-ourem-ainda-procuram-telhas-luz-e-descanso\/\"},\"author\":{\"name\":\"Telinha\",\"@id\":\"https:\/\/portaltela.pt\/#\/schema\/person\/c4278d4a6028830caff9ee44b42d32ed\"},\"headline\":\"Em aldeia de Our\u00e9m, ainda procuram telhas, luz e descanso\",\"datePublished\":\"2026-02-16T15:09:26+00:00\",\"mainEntityOfPage\":{\"@id\":\"https:\/\/portaltela.pt\/noticias\/2026\/02\/16\/em-aldeia-de-ourem-ainda-procuram-telhas-luz-e-descanso\/\"},\"wordCount\":322,\"image\":{\"@id\":\"https:\/\/portaltela.pt\/noticias\/2026\/02\/16\/em-aldeia-de-ourem-ainda-procuram-telhas-luz-e-descanso\/#primaryimage\"},\"thumbnailUrl\":\"https:\/\/portaltela.pt\/s.01k8rhncp4jt1\/2026\/02\/img_1500x1000uu2026-02-01-17-46-27-2263999-3.jpg\",\"keywords\":[\"calamidade p\u00fablica\",\"energia el\u00e9trica\",\"habita\u00e7\u00e3o\",\"inunda\u00e7\u00f5es\",\"Our\u00e9m\",\"telhas\"],\"articleSection\":[\"Not\u00edcias\"],\"inLanguage\":\"pt-PT\"},{\"@type\":\"WebPage\",\"@id\":\"https:\/\/portaltela.pt\/noticias\/2026\/02\/16\/em-aldeia-de-ourem-ainda-procuram-telhas-luz-e-descanso\/\",\"url\":\"https:\/\/portaltela.pt\/noticias\/2026\/02\/16\/em-aldeia-de-ourem-ainda-procuram-telhas-luz-e-descanso\/\",\"name\":\"Em aldeia de Our\u00e9m, ainda procuram telhas, luz e descanso - Portal Tela Portugal\",\"isPartOf\":{\"@id\":\"https:\/\/portaltela.pt\/#website\"},\"primaryImageOfPage\":{\"@id\":\"https:\/\/portaltela.pt\/noticias\/2026\/02\/16\/em-aldeia-de-ourem-ainda-procuram-telhas-luz-e-descanso\/#primaryimage\"},\"image\":{\"@id\":\"https:\/\/portaltela.pt\/noticias\/2026\/02\/16\/em-aldeia-de-ourem-ainda-procuram-telhas-luz-e-descanso\/#primaryimage\"},\"thumbnailUrl\":\"https:\/\/portaltela.pt\/s.01k8rhncp4jt1\/2026\/02\/img_1500x1000uu2026-02-01-17-46-27-2263999-3.jpg\",\"datePublished\":\"2026-02-16T15:09:26+00:00\",\"author\":{\"@id\":\"https:\/\/portaltela.pt\/#\/schema\/person\/c4278d4a6028830caff9ee44b42d32ed\"},\"breadcrumb\":{\"@id\":\"https:\/\/portaltela.pt\/noticias\/2026\/02\/16\/em-aldeia-de-ourem-ainda-procuram-telhas-luz-e-descanso\/#breadcrumb\"},\"inLanguage\":\"pt-PT\",\"potentialAction\":[{\"@type\":\"ReadAction\",\"target\":[\"https:\/\/portaltela.pt\/noticias\/2026\/02\/16\/em-aldeia-de-ourem-ainda-procuram-telhas-luz-e-descanso\/\"]}]},{\"@type\":\"ImageObject\",\"inLanguage\":\"pt-PT\",\"@id\":\"https:\/\/portaltela.pt\/noticias\/2026\/02\/16\/em-aldeia-de-ourem-ainda-procuram-telhas-luz-e-descanso\/#primaryimage\",\"url\":\"https:\/\/portaltela.pt\/s.01k8rhncp4jt1\/2026\/02\/img_1500x1000uu2026-02-01-17-46-27-2263999-3.jpg\",\"contentUrl\":\"https:\/\/portaltela.pt\/s.01k8rhncp4jt1\/2026\/02\/img_1500x1000uu2026-02-01-17-46-27-2263999-3.jpg\",\"width\":796,\"height\":448,\"caption\":\"Our\u00e9m foi muito fustigado pelo mau tempo\"},{\"@type\":\"BreadcrumbList\",\"@id\":\"https:\/\/portaltela.pt\/noticias\/2026\/02\/16\/em-aldeia-de-ourem-ainda-procuram-telhas-luz-e-descanso\/#breadcrumb\",\"itemListElement\":[{\"@type\":\"ListItem\",\"position\":1,\"name\":\"In\u00edcio\",\"item\":\"https:\/\/portaltela.pt\/\"},{\"@type\":\"ListItem\",\"position\":2,\"name\":\"Em aldeia de Our\u00e9m, ainda procuram telhas, luz e descanso\"}]},{\"@type\":\"WebSite\",\"@id\":\"https:\/\/portaltela.pt\/#website\",\"url\":\"https:\/\/portaltela.pt\/\",\"name\":\"Portal Tela Portugal\",\"description\":\"\",\"potentialAction\":[{\"@type\":\"SearchAction\",\"target\":{\"@type\":\"EntryPoint\",\"urlTemplate\":\"https:\/\/portaltela.pt\/?s={search_term_string}\"},\"query-input\":{\"@type\":\"PropertyValueSpecification\",\"valueRequired\":true,\"valueName\":\"search_term_string\"}}],\"inLanguage\":\"pt-PT\"},{\"@type\":\"Person\",\"@id\":\"https:\/\/portaltela.pt\/#\/schema\/person\/c4278d4a6028830caff9ee44b42d32ed\",\"name\":\"Telinha\",\"image\":{\"@type\":\"ImageObject\",\"inLanguage\":\"pt-PT\",\"@id\":\"https:\/\/portaltela.pt\/s.01k8rhncp4jt1\/2025\/11\/talking-bot-125x125.png\",\"url\":\"https:\/\/portaltela.pt\/s.01k8rhncp4jt1\/2025\/11\/talking-bot-125x125.png\",\"contentUrl\":\"https:\/\/portaltela.pt\/s.01k8rhncp4jt1\/2025\/11\/talking-bot-125x125.png\",\"caption\":\"Telinha\"},\"sameAs\":[\"https:\/\/portaltela.pt\/\"],\"url\":\"https:\/\/portaltela.pt\/por\/367410592786\/\"}]}<\/script>\n<!-- \/ Yoast SEO plugin. -->","yoast_head_json":{"title":"Em aldeia de Our\u00e9m, ainda procuram telhas, luz e descanso - Portal Tela Portugal","robots":{"index":"index","follow":"follow","max-snippet":"max-snippet:-1","max-image-preview":"max-image-preview:large","max-video-preview":"max-video-preview:-1"},"og_locale":"pt_PT","og_type":"article","og_title":"Em aldeia de Our\u00e9m, ainda procuram telhas, luz e descanso - Portal Tela Portugal","og_description":"Mesmo ap\u00f3s o fim do estado de calamidade, a aldeia do Casal dos Bernardos, em Our\u00e9m, continua sem telhas, luz e tranquilidade ap\u00f3s a depress\u00e3o Kristin. Manuel Lopes, de 81 anos, perdeu cerca de 150 telhas na passagem da depress\u00e3o e, com o corpo fragilizado, tenta arranjar o telhado com ajuda de amigos e sem m\u00e3o de obra est\u00e1vel. Em\u00edlia Marques, de 80 anos, viu o telhado ceder durante a noite e permanece sem eletricidade est\u00e1vel; a casa sofre infiltra\u00e7\u00f5es e depende de liga\u00e7\u00f5es informais para manter a arca ligada. O filho de Em\u00edlia caiu ao tentar remover a chamin\u00e9 danificada, ficando com dois golpes na cabe\u00e7a, enquanto a cozinha acumula \u00e1gua e esvazia-se o espa\u00e7o com baldes e alguidares. A comunidade continua sem respostas, com relatos de falta de pedreiros e dificuldades em obter apoio t\u00e9cnico, agravadas pela chuva e pelo frio intenso.","og_url":"https:\/\/portaltela.pt\/noticias\/2026\/02\/16\/em-aldeia-de-ourem-ainda-procuram-telhas-luz-e-descanso\/","og_site_name":"Portal Tela Portugal","article_published_time":"2026-02-16T15:09:26+00:00","author":"Telinha","twitter_card":"summary_large_image","twitter_misc":{"Escrito por":"Telinha","Tempo estimado de leitura":"2 minutos"},"schema":{"@context":"https:\/\/schema.org","@graph":[{"@type":"Article","@id":"https:\/\/portaltela.pt\/noticias\/2026\/02\/16\/em-aldeia-de-ourem-ainda-procuram-telhas-luz-e-descanso\/#article","isPartOf":{"@id":"https:\/\/portaltela.pt\/noticias\/2026\/02\/16\/em-aldeia-de-ourem-ainda-procuram-telhas-luz-e-descanso\/"},"author":{"name":"Telinha","@id":"https:\/\/portaltela.pt\/#\/schema\/person\/c4278d4a6028830caff9ee44b42d32ed"},"headline":"Em aldeia de Our\u00e9m, ainda procuram telhas, luz e descanso","datePublished":"2026-02-16T15:09:26+00:00","mainEntityOfPage":{"@id":"https:\/\/portaltela.pt\/noticias\/2026\/02\/16\/em-aldeia-de-ourem-ainda-procuram-telhas-luz-e-descanso\/"},"wordCount":322,"image":{"@id":"https:\/\/portaltela.pt\/noticias\/2026\/02\/16\/em-aldeia-de-ourem-ainda-procuram-telhas-luz-e-descanso\/#primaryimage"},"thumbnailUrl":"https:\/\/portaltela.pt\/s.01k8rhncp4jt1\/2026\/02\/img_1500x1000uu2026-02-01-17-46-27-2263999-3.jpg","keywords":["calamidade p\u00fablica","energia el\u00e9trica","habita\u00e7\u00e3o","inunda\u00e7\u00f5es","Our\u00e9m","telhas"],"articleSection":["Not\u00edcias"],"inLanguage":"pt-PT"},{"@type":"WebPage","@id":"https:\/\/portaltela.pt\/noticias\/2026\/02\/16\/em-aldeia-de-ourem-ainda-procuram-telhas-luz-e-descanso\/","url":"https:\/\/portaltela.pt\/noticias\/2026\/02\/16\/em-aldeia-de-ourem-ainda-procuram-telhas-luz-e-descanso\/","name":"Em aldeia de Our\u00e9m, ainda procuram telhas, luz e descanso - Portal Tela Portugal","isPartOf":{"@id":"https:\/\/portaltela.pt\/#website"},"primaryImageOfPage":{"@id":"https:\/\/portaltela.pt\/noticias\/2026\/02\/16\/em-aldeia-de-ourem-ainda-procuram-telhas-luz-e-descanso\/#primaryimage"},"image":{"@id":"https:\/\/portaltela.pt\/noticias\/2026\/02\/16\/em-aldeia-de-ourem-ainda-procuram-telhas-luz-e-descanso\/#primaryimage"},"thumbnailUrl":"https:\/\/portaltela.pt\/s.01k8rhncp4jt1\/2026\/02\/img_1500x1000uu2026-02-01-17-46-27-2263999-3.jpg","datePublished":"2026-02-16T15:09:26+00:00","author":{"@id":"https:\/\/portaltela.pt\/#\/schema\/person\/c4278d4a6028830caff9ee44b42d32ed"},"breadcrumb":{"@id":"https:\/\/portaltela.pt\/noticias\/2026\/02\/16\/em-aldeia-de-ourem-ainda-procuram-telhas-luz-e-descanso\/#breadcrumb"},"inLanguage":"pt-PT","potentialAction":[{"@type":"ReadAction","target":["https:\/\/portaltela.pt\/noticias\/2026\/02\/16\/em-aldeia-de-ourem-ainda-procuram-telhas-luz-e-descanso\/"]}]},{"@type":"ImageObject","inLanguage":"pt-PT","@id":"https:\/\/portaltela.pt\/noticias\/2026\/02\/16\/em-aldeia-de-ourem-ainda-procuram-telhas-luz-e-descanso\/#primaryimage","url":"https:\/\/portaltela.pt\/s.01k8rhncp4jt1\/2026\/02\/img_1500x1000uu2026-02-01-17-46-27-2263999-3.jpg","contentUrl":"https:\/\/portaltela.pt\/s.01k8rhncp4jt1\/2026\/02\/img_1500x1000uu2026-02-01-17-46-27-2263999-3.jpg","width":796,"height":448,"caption":"Our\u00e9m foi muito fustigado pelo mau tempo"},{"@type":"BreadcrumbList","@id":"https:\/\/portaltela.pt\/noticias\/2026\/02\/16\/em-aldeia-de-ourem-ainda-procuram-telhas-luz-e-descanso\/#breadcrumb","itemListElement":[{"@type":"ListItem","position":1,"name":"In\u00edcio","item":"https:\/\/portaltela.pt\/"},{"@type":"ListItem","position":2,"name":"Em aldeia de Our\u00e9m, ainda procuram telhas, luz e descanso"}]},{"@type":"WebSite","@id":"https:\/\/portaltela.pt\/#website","url":"https:\/\/portaltela.pt\/","name":"Portal Tela Portugal","description":"","potentialAction":[{"@type":"SearchAction","target":{"@type":"EntryPoint","urlTemplate":"https:\/\/portaltela.pt\/?s={search_term_string}"},"query-input":{"@type":"PropertyValueSpecification","valueRequired":true,"valueName":"search_term_string"}}],"inLanguage":"pt-PT"},{"@type":"Person","@id":"https:\/\/portaltela.pt\/#\/schema\/person\/c4278d4a6028830caff9ee44b42d32ed","name":"Telinha","image":{"@type":"ImageObject","inLanguage":"pt-PT","@id":"https:\/\/portaltela.pt\/s.01k8rhncp4jt1\/2025\/11\/talking-bot-125x125.png","url":"https:\/\/portaltela.pt\/s.01k8rhncp4jt1\/2025\/11\/talking-bot-125x125.png","contentUrl":"https:\/\/portaltela.pt\/s.01k8rhncp4jt1\/2025\/11\/talking-bot-125x125.png","caption":"Telinha"},"sameAs":["https:\/\/portaltela.pt\/"],"url":"https:\/\/portaltela.pt\/por\/367410592786\/"}]}},"_links":{"self":[{"href":"https:\/\/portaltela.pt\/api\/wp\/v2\/posts\/214642","targetHints":{"allow":["GET"]}}],"collection":[{"href":"https:\/\/portaltela.pt\/api\/wp\/v2\/posts"}],"about":[{"href":"https:\/\/portaltela.pt\/api\/wp\/v2\/types\/post"}],"author":[{"embeddable":true,"href":"https:\/\/portaltela.pt\/api\/wp\/v2\/users\/2"}],"replies":[{"embeddable":true,"href":"https:\/\/portaltela.pt\/api\/wp\/v2\/comments?post=214642"}],"version-history":[{"count":0,"href":"https:\/\/portaltela.pt\/api\/wp\/v2\/posts\/214642\/revisions"}],"wp:featuredmedia":[{"embeddable":true,"href":"https:\/\/portaltela.pt\/api\/wp\/v2\/media\/214646"}],"wp:attachment":[{"href":"https:\/\/portaltela.pt\/api\/wp\/v2\/media?parent=214642"}],"wp:term":[{"taxonomy":"category","embeddable":true,"href":"https:\/\/portaltela.pt\/api\/wp\/v2\/categories?post=214642"},{"taxonomy":"post_tag","embeddable":true,"href":"https:\/\/portaltela.pt\/api\/wp\/v2\/tags?post=214642"}],"curies":[{"name":"wp","href":"https:\/\/api.w.org\/{rel}","templated":true}]}}