{"id":214603,"date":"2026-02-16T11:44:58","date_gmt":"2026-02-16T14:44:58","guid":{"rendered":"https:\/\/portaltela.pt\/noticias\/2026\/02\/16\/incendio-em-habitacao-deixa-quatro-pessoas-desalojadas-em-paredes\/"},"modified":"2026-02-16T11:44:58","modified_gmt":"2026-02-16T14:44:58","slug":"incendio-em-habitacao-deixa-quatro-pessoas-desalojadas-em-paredes","status":"publish","type":"post","link":"https:\/\/portaltela.pt\/noticias\/2026\/02\/16\/incendio-em-habitacao-deixa-quatro-pessoas-desalojadas-em-paredes\/","title":{"rendered":"Inc\u00eandio em habita\u00e7\u00e3o deixa quatro pessoas desalojadas em Paredes"},"content":{"rendered":"<p>O inc\u00eandio habitacional em Rebordosa, no concelho de Paredes, deixou quatro pessoas desalojadas nesta segunda-feira. O alerta foi recebido \u00e0s 12h40, e a casa ficou inabit\u00e1vel, segundo fontes do Comando Sub-Regional da \u00c1rea Metropolitana do Porto e da GNR de Lordelo.<\/p>\n<p>As quatro pessoas afetadas foram desalojadas sem ferimentos relatados at\u00e9 ao momento. Ainda n\u00e3o foi divulgada a causa do fogo pela entidade respons\u00e1vel pela ocorr\u00eancia.<\/p>\n<p>A C\u00e2mara de Paredes informou, pelas 14h30, que est\u00e1 a tratar do realojamento. Elementos da prote\u00e7\u00e3o civil e da a\u00e7\u00e3o social do munic\u00edpio deslocaram-se ao local para avaliar as necessidades imediatas.<\/p>\n","protected":false},"excerpt":{"rendered":"<ul>\n<li>Quatro pessoas ficaram desalojadas ap\u00f3s um inc\u00eandio habitacional em Rebordosa, no concelho de Paredes.<\/li>\n<li>O alerta foi dado \u00e0s 12h40 e a casa ficou inabit\u00e1vel.<\/li>\n<li>A C\u00e2mara de Paredes est\u00e1 a tratar do realojamento das fam\u00edlias afetadas.<\/li>\n<li>Elementos da prote\u00e7\u00e3o civil e da a\u00e7\u00e3o social da autarquia deslocaram-se ao local para avaliar necessidades.<\/li>\n<li>A autarquia confirmou que est\u00e1 a acompanhar o processo de apoio e realojamento.<\/li>\n<\/ul>\n","protected":false},"author":2,"featured_media":214604,"comment_status":"closed","ping_status":"closed","sticky":false,"template":"","format":"standard","meta":{"footnotes":""},"categories":[1],"tags":[3004,150,1438,3059,320,5413],"class_list":["post-214603","post","type-post","status-publish","format-standard","has-post-thumbnail","hentry","category-noticias","tag-desalojados","tag-habitacao","tag-incendio","tag-paredes","tag-protecao-civil","tag-realojamentos"],"yoast_head":"<!-- This site is optimized with the Yoast SEO plugin v27.2 - https:\/\/yoast.com\/product\/yoast-seo-wordpress\/ -->\n<title>Inc\u00eandio em habita\u00e7\u00e3o deixa quatro pessoas desalojadas em Paredes - Portal Tela Portugal<\/title>\n<meta name=\"robots\" content=\"index, follow, max-snippet:-1, max-image-preview:large, max-video-preview:-1\" \/>\n<meta property=\"og:locale\" content=\"pt_PT\" \/>\n<meta property=\"og:type\" content=\"article\" \/>\n<meta property=\"og:title\" content=\"Inc\u00eandio em habita\u00e7\u00e3o deixa quatro pessoas desalojadas em Paredes - Portal Tela Portugal\" \/>\n<meta property=\"og:description\" content=\"Quatro pessoas ficaram desalojadas ap\u00f3s um inc\u00eandio habitacional em Rebordosa, no concelho de Paredes. O alerta foi dado \u00e0s 12h40 e a casa ficou inabit\u00e1vel. A C\u00e2mara de Paredes est\u00e1 a tratar do realojamento das fam\u00edlias afetadas. Elementos da prote\u00e7\u00e3o civil e da a\u00e7\u00e3o social da autarquia deslocaram-se ao local para avaliar necessidades. A autarquia confirmou que est\u00e1 a acompanhar o processo de apoio e realojamento.\" \/>\n<meta property=\"og:url\" content=\"https:\/\/portaltela.pt\/noticias\/2026\/02\/16\/incendio-em-habitacao-deixa-quatro-pessoas-desalojadas-em-paredes\/\" \/>\n<meta property=\"og:site_name\" content=\"Portal Tela Portugal\" \/>\n<meta property=\"article:published_time\" content=\"2026-02-16T14:44:58+00:00\" \/>\n<meta name=\"author\" content=\"Telinha\" \/>\n<meta name=\"twitter:card\" content=\"summary_large_image\" \/>\n<meta name=\"twitter:label1\" content=\"Escrito por\" \/>\n\t<meta name=\"twitter:data1\" content=\"Telinha\" \/>\n\t<meta name=\"twitter:label2\" content=\"Tempo estimado de leitura\" \/>\n\t<meta name=\"twitter:data2\" content=\"1 minuto\" \/>\n<script type=\"application\/ld+json\" class=\"yoast-schema-graph\">{\"@context\":\"https:\/\/schema.org\",\"@graph\":[{\"@type\":\"Article\",\"@id\":\"https:\/\/portaltela.pt\/noticias\/2026\/02\/16\/incendio-em-habitacao-deixa-quatro-pessoas-desalojadas-em-paredes\/#article\",\"isPartOf\":{\"@id\":\"https:\/\/portaltela.pt\/noticias\/2026\/02\/16\/incendio-em-habitacao-deixa-quatro-pessoas-desalojadas-em-paredes\/\"},\"author\":{\"name\":\"Telinha\",\"@id\":\"https:\/\/portaltela.pt\/#\/schema\/person\/c4278d4a6028830caff9ee44b42d32ed\"},\"headline\":\"Inc\u00eandio em habita\u00e7\u00e3o deixa quatro pessoas desalojadas em Paredes\",\"datePublished\":\"2026-02-16T14:44:58+00:00\",\"mainEntityOfPage\":{\"@id\":\"https:\/\/portaltela.pt\/noticias\/2026\/02\/16\/incendio-em-habitacao-deixa-quatro-pessoas-desalojadas-em-paredes\/\"},\"wordCount\":117,\"image\":{\"@id\":\"https:\/\/portaltela.pt\/noticias\/2026\/02\/16\/incendio-em-habitacao-deixa-quatro-pessoas-desalojadas-em-paredes\/#primaryimage\"},\"thumbnailUrl\":\"https:\/\/portaltela.pt\/s.01k8rhncp4jt1\/2026\/02\/img_1500x1000uu2023-04-11-17-17-34-1322269-14.jpg\",\"keywords\":[\"desalojados\",\"habita\u00e7\u00e3o\",\"inc\u00eandio\",\"Paredes\",\"prote\u00e7\u00e3o civil\",\"realojamentos\"],\"articleSection\":[\"Not\u00edcias\"],\"inLanguage\":\"pt-PT\"},{\"@type\":\"WebPage\",\"@id\":\"https:\/\/portaltela.pt\/noticias\/2026\/02\/16\/incendio-em-habitacao-deixa-quatro-pessoas-desalojadas-em-paredes\/\",\"url\":\"https:\/\/portaltela.pt\/noticias\/2026\/02\/16\/incendio-em-habitacao-deixa-quatro-pessoas-desalojadas-em-paredes\/\",\"name\":\"Inc\u00eandio em habita\u00e7\u00e3o deixa quatro pessoas desalojadas em Paredes - Portal Tela Portugal\",\"isPartOf\":{\"@id\":\"https:\/\/portaltela.pt\/#website\"},\"primaryImageOfPage\":{\"@id\":\"https:\/\/portaltela.pt\/noticias\/2026\/02\/16\/incendio-em-habitacao-deixa-quatro-pessoas-desalojadas-em-paredes\/#primaryimage\"},\"image\":{\"@id\":\"https:\/\/portaltela.pt\/noticias\/2026\/02\/16\/incendio-em-habitacao-deixa-quatro-pessoas-desalojadas-em-paredes\/#primaryimage\"},\"thumbnailUrl\":\"https:\/\/portaltela.pt\/s.01k8rhncp4jt1\/2026\/02\/img_1500x1000uu2023-04-11-17-17-34-1322269-14.jpg\",\"datePublished\":\"2026-02-16T14:44:58+00:00\",\"author\":{\"@id\":\"https:\/\/portaltela.pt\/#\/schema\/person\/c4278d4a6028830caff9ee44b42d32ed\"},\"breadcrumb\":{\"@id\":\"https:\/\/portaltela.pt\/noticias\/2026\/02\/16\/incendio-em-habitacao-deixa-quatro-pessoas-desalojadas-em-paredes\/#breadcrumb\"},\"inLanguage\":\"pt-PT\",\"potentialAction\":[{\"@type\":\"ReadAction\",\"target\":[\"https:\/\/portaltela.pt\/noticias\/2026\/02\/16\/incendio-em-habitacao-deixa-quatro-pessoas-desalojadas-em-paredes\/\"]}]},{\"@type\":\"ImageObject\",\"inLanguage\":\"pt-PT\",\"@id\":\"https:\/\/portaltela.pt\/noticias\/2026\/02\/16\/incendio-em-habitacao-deixa-quatro-pessoas-desalojadas-em-paredes\/#primaryimage\",\"url\":\"https:\/\/portaltela.pt\/s.01k8rhncp4jt1\/2026\/02\/img_1500x1000uu2023-04-11-17-17-34-1322269-14.jpg\",\"contentUrl\":\"https:\/\/portaltela.pt\/s.01k8rhncp4jt1\/2026\/02\/img_1500x1000uu2023-04-11-17-17-34-1322269-14.jpg\",\"width\":796,\"height\":448,\"caption\":\"GNR\"},{\"@type\":\"BreadcrumbList\",\"@id\":\"https:\/\/portaltela.pt\/noticias\/2026\/02\/16\/incendio-em-habitacao-deixa-quatro-pessoas-desalojadas-em-paredes\/#breadcrumb\",\"itemListElement\":[{\"@type\":\"ListItem\",\"position\":1,\"name\":\"In\u00edcio\",\"item\":\"https:\/\/portaltela.pt\/\"},{\"@type\":\"ListItem\",\"position\":2,\"name\":\"Inc\u00eandio em habita\u00e7\u00e3o deixa quatro pessoas desalojadas em Paredes\"}]},{\"@type\":\"WebSite\",\"@id\":\"https:\/\/portaltela.pt\/#website\",\"url\":\"https:\/\/portaltela.pt\/\",\"name\":\"Portal Tela Portugal\",\"description\":\"\",\"potentialAction\":[{\"@type\":\"SearchAction\",\"target\":{\"@type\":\"EntryPoint\",\"urlTemplate\":\"https:\/\/portaltela.pt\/?s={search_term_string}\"},\"query-input\":{\"@type\":\"PropertyValueSpecification\",\"valueRequired\":true,\"valueName\":\"search_term_string\"}}],\"inLanguage\":\"pt-PT\"},{\"@type\":\"Person\",\"@id\":\"https:\/\/portaltela.pt\/#\/schema\/person\/c4278d4a6028830caff9ee44b42d32ed\",\"name\":\"Telinha\",\"image\":{\"@type\":\"ImageObject\",\"inLanguage\":\"pt-PT\",\"@id\":\"https:\/\/portaltela.pt\/s.01k8rhncp4jt1\/2025\/11\/talking-bot-125x125.png\",\"url\":\"https:\/\/portaltela.pt\/s.01k8rhncp4jt1\/2025\/11\/talking-bot-125x125.png\",\"contentUrl\":\"https:\/\/portaltela.pt\/s.01k8rhncp4jt1\/2025\/11\/talking-bot-125x125.png\",\"caption\":\"Telinha\"},\"sameAs\":[\"https:\/\/portaltela.pt\/\"],\"url\":\"https:\/\/portaltela.pt\/por\/367410592786\/\"}]}<\/script>\n<!-- \/ Yoast SEO plugin. -->","yoast_head_json":{"title":"Inc\u00eandio em habita\u00e7\u00e3o deixa quatro pessoas desalojadas em Paredes - Portal Tela Portugal","robots":{"index":"index","follow":"follow","max-snippet":"max-snippet:-1","max-image-preview":"max-image-preview:large","max-video-preview":"max-video-preview:-1"},"og_locale":"pt_PT","og_type":"article","og_title":"Inc\u00eandio em habita\u00e7\u00e3o deixa quatro pessoas desalojadas em Paredes - Portal Tela Portugal","og_description":"Quatro pessoas ficaram desalojadas ap\u00f3s um inc\u00eandio habitacional em Rebordosa, no concelho de Paredes. O alerta foi dado \u00e0s 12h40 e a casa ficou inabit\u00e1vel. A C\u00e2mara de Paredes est\u00e1 a tratar do realojamento das fam\u00edlias afetadas. Elementos da prote\u00e7\u00e3o civil e da a\u00e7\u00e3o social da autarquia deslocaram-se ao local para avaliar necessidades. A autarquia confirmou que est\u00e1 a acompanhar o processo de apoio e realojamento.","og_url":"https:\/\/portaltela.pt\/noticias\/2026\/02\/16\/incendio-em-habitacao-deixa-quatro-pessoas-desalojadas-em-paredes\/","og_site_name":"Portal Tela Portugal","article_published_time":"2026-02-16T14:44:58+00:00","author":"Telinha","twitter_card":"summary_large_image","twitter_misc":{"Escrito por":"Telinha","Tempo estimado de leitura":"1 minuto"},"schema":{"@context":"https:\/\/schema.org","@graph":[{"@type":"Article","@id":"https:\/\/portaltela.pt\/noticias\/2026\/02\/16\/incendio-em-habitacao-deixa-quatro-pessoas-desalojadas-em-paredes\/#article","isPartOf":{"@id":"https:\/\/portaltela.pt\/noticias\/2026\/02\/16\/incendio-em-habitacao-deixa-quatro-pessoas-desalojadas-em-paredes\/"},"author":{"name":"Telinha","@id":"https:\/\/portaltela.pt\/#\/schema\/person\/c4278d4a6028830caff9ee44b42d32ed"},"headline":"Inc\u00eandio em habita\u00e7\u00e3o deixa quatro pessoas desalojadas em Paredes","datePublished":"2026-02-16T14:44:58+00:00","mainEntityOfPage":{"@id":"https:\/\/portaltela.pt\/noticias\/2026\/02\/16\/incendio-em-habitacao-deixa-quatro-pessoas-desalojadas-em-paredes\/"},"wordCount":117,"image":{"@id":"https:\/\/portaltela.pt\/noticias\/2026\/02\/16\/incendio-em-habitacao-deixa-quatro-pessoas-desalojadas-em-paredes\/#primaryimage"},"thumbnailUrl":"https:\/\/portaltela.pt\/s.01k8rhncp4jt1\/2026\/02\/img_1500x1000uu2023-04-11-17-17-34-1322269-14.jpg","keywords":["desalojados","habita\u00e7\u00e3o","inc\u00eandio","Paredes","prote\u00e7\u00e3o civil","realojamentos"],"articleSection":["Not\u00edcias"],"inLanguage":"pt-PT"},{"@type":"WebPage","@id":"https:\/\/portaltela.pt\/noticias\/2026\/02\/16\/incendio-em-habitacao-deixa-quatro-pessoas-desalojadas-em-paredes\/","url":"https:\/\/portaltela.pt\/noticias\/2026\/02\/16\/incendio-em-habitacao-deixa-quatro-pessoas-desalojadas-em-paredes\/","name":"Inc\u00eandio em habita\u00e7\u00e3o deixa quatro pessoas desalojadas em Paredes - Portal Tela Portugal","isPartOf":{"@id":"https:\/\/portaltela.pt\/#website"},"primaryImageOfPage":{"@id":"https:\/\/portaltela.pt\/noticias\/2026\/02\/16\/incendio-em-habitacao-deixa-quatro-pessoas-desalojadas-em-paredes\/#primaryimage"},"image":{"@id":"https:\/\/portaltela.pt\/noticias\/2026\/02\/16\/incendio-em-habitacao-deixa-quatro-pessoas-desalojadas-em-paredes\/#primaryimage"},"thumbnailUrl":"https:\/\/portaltela.pt\/s.01k8rhncp4jt1\/2026\/02\/img_1500x1000uu2023-04-11-17-17-34-1322269-14.jpg","datePublished":"2026-02-16T14:44:58+00:00","author":{"@id":"https:\/\/portaltela.pt\/#\/schema\/person\/c4278d4a6028830caff9ee44b42d32ed"},"breadcrumb":{"@id":"https:\/\/portaltela.pt\/noticias\/2026\/02\/16\/incendio-em-habitacao-deixa-quatro-pessoas-desalojadas-em-paredes\/#breadcrumb"},"inLanguage":"pt-PT","potentialAction":[{"@type":"ReadAction","target":["https:\/\/portaltela.pt\/noticias\/2026\/02\/16\/incendio-em-habitacao-deixa-quatro-pessoas-desalojadas-em-paredes\/"]}]},{"@type":"ImageObject","inLanguage":"pt-PT","@id":"https:\/\/portaltela.pt\/noticias\/2026\/02\/16\/incendio-em-habitacao-deixa-quatro-pessoas-desalojadas-em-paredes\/#primaryimage","url":"https:\/\/portaltela.pt\/s.01k8rhncp4jt1\/2026\/02\/img_1500x1000uu2023-04-11-17-17-34-1322269-14.jpg","contentUrl":"https:\/\/portaltela.pt\/s.01k8rhncp4jt1\/2026\/02\/img_1500x1000uu2023-04-11-17-17-34-1322269-14.jpg","width":796,"height":448,"caption":"GNR"},{"@type":"BreadcrumbList","@id":"https:\/\/portaltela.pt\/noticias\/2026\/02\/16\/incendio-em-habitacao-deixa-quatro-pessoas-desalojadas-em-paredes\/#breadcrumb","itemListElement":[{"@type":"ListItem","position":1,"name":"In\u00edcio","item":"https:\/\/portaltela.pt\/"},{"@type":"ListItem","position":2,"name":"Inc\u00eandio em habita\u00e7\u00e3o deixa quatro pessoas desalojadas em Paredes"}]},{"@type":"WebSite","@id":"https:\/\/portaltela.pt\/#website","url":"https:\/\/portaltela.pt\/","name":"Portal Tela Portugal","description":"","potentialAction":[{"@type":"SearchAction","target":{"@type":"EntryPoint","urlTemplate":"https:\/\/portaltela.pt\/?s={search_term_string}"},"query-input":{"@type":"PropertyValueSpecification","valueRequired":true,"valueName":"search_term_string"}}],"inLanguage":"pt-PT"},{"@type":"Person","@id":"https:\/\/portaltela.pt\/#\/schema\/person\/c4278d4a6028830caff9ee44b42d32ed","name":"Telinha","image":{"@type":"ImageObject","inLanguage":"pt-PT","@id":"https:\/\/portaltela.pt\/s.01k8rhncp4jt1\/2025\/11\/talking-bot-125x125.png","url":"https:\/\/portaltela.pt\/s.01k8rhncp4jt1\/2025\/11\/talking-bot-125x125.png","contentUrl":"https:\/\/portaltela.pt\/s.01k8rhncp4jt1\/2025\/11\/talking-bot-125x125.png","caption":"Telinha"},"sameAs":["https:\/\/portaltela.pt\/"],"url":"https:\/\/portaltela.pt\/por\/367410592786\/"}]}},"_links":{"self":[{"href":"https:\/\/portaltela.pt\/api\/wp\/v2\/posts\/214603","targetHints":{"allow":["GET"]}}],"collection":[{"href":"https:\/\/portaltela.pt\/api\/wp\/v2\/posts"}],"about":[{"href":"https:\/\/portaltela.pt\/api\/wp\/v2\/types\/post"}],"author":[{"embeddable":true,"href":"https:\/\/portaltela.pt\/api\/wp\/v2\/users\/2"}],"replies":[{"embeddable":true,"href":"https:\/\/portaltela.pt\/api\/wp\/v2\/comments?post=214603"}],"version-history":[{"count":0,"href":"https:\/\/portaltela.pt\/api\/wp\/v2\/posts\/214603\/revisions"}],"wp:featuredmedia":[{"embeddable":true,"href":"https:\/\/portaltela.pt\/api\/wp\/v2\/media\/214604"}],"wp:attachment":[{"href":"https:\/\/portaltela.pt\/api\/wp\/v2\/media?parent=214603"}],"wp:term":[{"taxonomy":"category","embeddable":true,"href":"https:\/\/portaltela.pt\/api\/wp\/v2\/categories?post=214603"},{"taxonomy":"post_tag","embeddable":true,"href":"https:\/\/portaltela.pt\/api\/wp\/v2\/tags?post=214603"}],"curies":[{"name":"wp","href":"https:\/\/api.w.org\/{rel}","templated":true}]}}